{"id":87520,"date":"2015-01-05T09:34:31","date_gmt":"2015-01-05T08:34:31","guid":{"rendered":"http:\/\/www.visit-ulcinj.com\/blog\/?p=87520"},"modified":"2015-01-07T08:48:20","modified_gmt":"2015-01-07T07:48:20","slug":"bardhi-ka-paralajmeruar-ngritjen-e-padise-kunder-gjeloshaj","status":"publish","type":"post","link":"https:\/\/www.visit-ulcinj.com\/blog\/2015\/01\/05\/bardhi-ka-paralajmeruar-ngritjen-e-padise-kunder-gjeloshaj\/","title":{"rendered":"Bardhi ka paralajm\u00ebruar ngritjen e padis\u00eb kund\u00ebr Gjeloshaj?"},"content":{"rendered":"<p><a href=\"http:\/\/www.visit-ulcinj.com\/blog\/wp-content\/uploads\/2015\/01\/Mehmet-Bardhi-za-DAN.jpg\"><img loading=\"lazy\" class=\"alignleft wp-image-87511\" src=\"http:\/\/www.visit-ulcinj.com\/blog\/wp-content\/uploads\/2015\/01\/Mehmet-Bardhi-za-DAN.jpg\" alt=\"Mehmet Bardhi za DAN\" width=\"508\" height=\"377\" srcset=\"https:\/\/www.visit-ulcinj.com\/blog\/wp-content\/uploads\/2015\/01\/Mehmet-Bardhi-za-DAN.jpg 407w, https:\/\/www.visit-ulcinj.com\/blog\/wp-content\/uploads\/2015\/01\/Mehmet-Bardhi-za-DAN-300x222.jpg 300w\" sizes=\"(max-width: 508px) 100vw, 508px\" \/><\/a>Lideri i LD n\u00eb MZ Mehmet Bardhi, ka paralajm\u00ebruar ngritjen e padis\u00eb ndaj deputetit Nik\u00eb Gjeloshaj p\u00ebr uzurpim mandati.<\/p>\n<p>Bardhi p\u00ebr \u201cDan\u201d ka b\u00ebr\u00eb t\u00eb ditur se Gjeloshaj tash dy muaj i ka uzurpuar vendin e deputetit p\u00ebrkunder marr\u00ebveshjes s\u00eb koalicionit, raporton Portali Lajm.me.<\/p>\n<p>Ai ka paraqitur edhe marr\u00ebveshjen e n\u00ebnshkruar nga udh\u00ebheqesit e partive t\u00eb koalicionit dhe u ka b\u00ebr\u00eb thirrje partive t\u00eb tjera p\u00ebr respektimin e saj.<\/p>\n<p>Ai shtoi se ka marr\u00eb informata se Gjeloshaj koh\u00ebt e fundit nuk pergjigjet n\u00eb telefon dhe se kjo \u201cnuk \u00ebsht\u00eb vet\u00ebm mashtrim por edhe dicka m\u00eb tep\u00ebr se kaq\u201d.<\/p>\n<p>Gjeloshaj nuk i \u00ebsht\u00eb pergjigjur pyetjes n\u00ebse jan\u00eb t\u00eb v\u00ebrteta shkrimet n\u00eb disa media se shpejt do t\u00eb jap\u00eb dor\u00ebheqjen.<\/p>\n","protected":false},"excerpt":{"rendered":"<p>Lideri i LD n\u00eb MZ Mehmet Bardhi, ka paralajm\u00ebruar ngritjen e padis\u00eb ndaj deputetit Nik\u00eb Gjeloshaj p\u00ebr uzurpim mandati. Bardhi p\u00ebr \u201cDan\u201d ka b\u00ebr\u00eb t\u00eb ditur se Gjeloshaj tash dy muaj i ka uzurpuar vendin e deputetit p\u00ebrkunder marr\u00ebveshjes s\u00eb koalicionit, raporton Portali Lajm.me. Ai ka paraqitur edhe marr\u00ebveshjen e n\u00ebnshkruar nga udh\u00ebheqesit e partive [&hellip;]<\/p>\n","protected":false},"author":1,"featured_media":0,"comment_status":"closed","ping_status":"closed","sticky":false,"template":"","format":"standard","meta":{"spay_email":"","jetpack_publicize_message":"","jetpack_is_tweetstorm":false,"jetpack_publicize_feature_enabled":true},"categories":[1,6950,6],"tags":[],"jetpack_publicize_connections":[],"yoast_head":"<!-- This site is optimized with the Yoast SEO plugin v19.1 - https:\/\/yoast.com\/wordpress\/plugins\/seo\/ -->\n<title>Bardhi ka paralajm\u00ebruar ngritjen e padis\u00eb kund\u00ebr Gjeloshaj? - Lajme nga Ulqini<\/title>\n<meta name=\"description\" content=\"Lideri i LD n\u00eb MZ Mehmet Bardhi, ka paralajm\u00ebruar ngritjen e padis\u00eb ndaj deputetit Nik\u00eb Gjeloshaj p\u00ebr uzurpim mandati. Bardhi p\u00ebr \u201cDan\u201d ka b\u00ebr\u00eb t\u00eb ditur\" \/>\n<meta name=\"robots\" content=\"index, follow, max-snippet:-1, max-image-preview:large, max-video-preview:-1\" \/>\n<link rel=\"canonical\" href=\"https:\/\/www.visit-ulcinj.com\/blog\/2015\/01\/05\/bardhi-ka-paralajmeruar-ngritjen-e-padise-kunder-gjeloshaj\/\" \/>\n<meta property=\"og:locale\" content=\"en_US\" \/>\n<meta property=\"og:type\" content=\"article\" \/>\n<meta property=\"og:title\" content=\"Bardhi ka paralajm\u00ebruar ngritjen e padis\u00eb kund\u00ebr Gjeloshaj? - Lajme nga Ulqini\" \/>\n<meta property=\"og:description\" content=\"Lideri i LD n\u00eb MZ Mehmet Bardhi, ka paralajm\u00ebruar ngritjen e padis\u00eb ndaj deputetit Nik\u00eb Gjeloshaj p\u00ebr uzurpim mandati. Bardhi p\u00ebr \u201cDan\u201d ka b\u00ebr\u00eb t\u00eb ditur\" \/>\n<meta property=\"og:url\" content=\"https:\/\/www.visit-ulcinj.com\/blog\/2015\/01\/05\/bardhi-ka-paralajmeruar-ngritjen-e-padise-kunder-gjeloshaj\/\" \/>\n<meta property=\"og:site_name\" content=\"Lajme nga Ulqini\" \/>\n<meta property=\"article:published_time\" content=\"2015-01-05T08:34:31+00:00\" \/>\n<meta property=\"article:modified_time\" content=\"2015-01-07T07:48:20+00:00\" \/>\n<meta property=\"og:image\" content=\"http:\/\/www.visit-ulcinj.com\/blog\/wp-content\/uploads\/2015\/01\/Mehmet-Bardhi-za-DAN.jpg\" \/>\n<meta name=\"twitter:label1\" content=\"Written by\" \/>\n\t<meta name=\"twitter:data1\" content=\"ulqini\" \/>\n\t<meta name=\"twitter:label2\" content=\"Est. reading time\" \/>\n\t<meta name=\"twitter:data2\" content=\"1 minute\" \/>\n<script type=\"application\/ld+json\" class=\"yoast-schema-graph\">{\"@context\":\"https:\/\/schema.org\",\"@graph\":[{\"@type\":\"WebSite\",\"@id\":\"https:\/\/www.visit-ulcinj.com\/blog\/#website\",\"url\":\"https:\/\/www.visit-ulcinj.com\/blog\/\",\"name\":\"Lajme nga Ulqini\",\"description\":\"Lajme,Vijesti,Ulqini,Ulqin,Crna Gora,Mali i Zi\",\"potentialAction\":[{\"@type\":\"SearchAction\",\"target\":{\"@type\":\"EntryPoint\",\"urlTemplate\":\"https:\/\/www.visit-ulcinj.com\/blog\/?s={search_term_string}\"},\"query-input\":\"required name=search_term_string\"}],\"inLanguage\":\"en-US\"},{\"@type\":\"ImageObject\",\"inLanguage\":\"en-US\",\"@id\":\"https:\/\/www.visit-ulcinj.com\/blog\/2015\/01\/05\/bardhi-ka-paralajmeruar-ngritjen-e-padise-kunder-gjeloshaj\/#primaryimage\",\"url\":\"https:\/\/www.visit-ulcinj.com\/blog\/wp-content\/uploads\/2015\/01\/Mehmet-Bardhi-za-DAN.jpg\",\"contentUrl\":\"https:\/\/www.visit-ulcinj.com\/blog\/wp-content\/uploads\/2015\/01\/Mehmet-Bardhi-za-DAN.jpg\",\"width\":407,\"height\":302},{\"@type\":\"WebPage\",\"@id\":\"https:\/\/www.visit-ulcinj.com\/blog\/2015\/01\/05\/bardhi-ka-paralajmeruar-ngritjen-e-padise-kunder-gjeloshaj\/#webpage\",\"url\":\"https:\/\/www.visit-ulcinj.com\/blog\/2015\/01\/05\/bardhi-ka-paralajmeruar-ngritjen-e-padise-kunder-gjeloshaj\/\",\"name\":\"Bardhi ka paralajm\u00ebruar ngritjen e padis\u00eb kund\u00ebr Gjeloshaj? - Lajme nga Ulqini\",\"isPartOf\":{\"@id\":\"https:\/\/www.visit-ulcinj.com\/blog\/#website\"},\"primaryImageOfPage\":{\"@id\":\"https:\/\/www.visit-ulcinj.com\/blog\/2015\/01\/05\/bardhi-ka-paralajmeruar-ngritjen-e-padise-kunder-gjeloshaj\/#primaryimage\"},\"datePublished\":\"2015-01-05T08:34:31+00:00\",\"dateModified\":\"2015-01-07T07:48:20+00:00\",\"author\":{\"@id\":\"https:\/\/www.visit-ulcinj.com\/blog\/#\/schema\/person\/dcab619c614d3038751c63bc2aadc06d\"},\"description\":\"Lideri i LD n\u00eb MZ Mehmet Bardhi, ka paralajm\u00ebruar ngritjen e padis\u00eb ndaj deputetit Nik\u00eb Gjeloshaj p\u00ebr uzurpim mandati. Bardhi p\u00ebr \u201cDan\u201d ka b\u00ebr\u00eb t\u00eb ditur\",\"breadcrumb\":{\"@id\":\"https:\/\/www.visit-ulcinj.com\/blog\/2015\/01\/05\/bardhi-ka-paralajmeruar-ngritjen-e-padise-kunder-gjeloshaj\/#breadcrumb\"},\"inLanguage\":\"en-US\",\"potentialAction\":[{\"@type\":\"ReadAction\",\"target\":[\"https:\/\/www.visit-ulcinj.com\/blog\/2015\/01\/05\/bardhi-ka-paralajmeruar-ngritjen-e-padise-kunder-gjeloshaj\/\"]}]},{\"@type\":\"BreadcrumbList\",\"@id\":\"https:\/\/www.visit-ulcinj.com\/blog\/2015\/01\/05\/bardhi-ka-paralajmeruar-ngritjen-e-padise-kunder-gjeloshaj\/#breadcrumb\",\"itemListElement\":[{\"@type\":\"ListItem\",\"position\":1,\"name\":\"Bardhi ka paralajm\u00ebruar ngritjen e padis\u00eb kund\u00ebr Gjeloshaj?\"}]},{\"@type\":\"Person\",\"@id\":\"https:\/\/www.visit-ulcinj.com\/blog\/#\/schema\/person\/dcab619c614d3038751c63bc2aadc06d\",\"name\":\"ulqini\",\"sameAs\":[\"http:\/\/www.visit-ulcinj.com\"],\"url\":\"https:\/\/www.visit-ulcinj.com\/blog\/author\/admin\/\"}]}<\/script>\n<!-- \/ Yoast SEO plugin. -->","yoast_head_json":{"title":"Bardhi ka paralajm\u00ebruar ngritjen e padis\u00eb kund\u00ebr Gjeloshaj? - Lajme nga Ulqini","description":"Lideri i LD n\u00eb MZ Mehmet Bardhi, ka paralajm\u00ebruar ngritjen e padis\u00eb ndaj deputetit Nik\u00eb Gjeloshaj p\u00ebr uzurpim mandati. Bardhi p\u00ebr \u201cDan\u201d ka b\u00ebr\u00eb t\u00eb ditur","robots":{"index":"index","follow":"follow","max-snippet":"max-snippet:-1","max-image-preview":"max-image-preview:large","max-video-preview":"max-video-preview:-1"},"canonical":"https:\/\/www.visit-ulcinj.com\/blog\/2015\/01\/05\/bardhi-ka-paralajmeruar-ngritjen-e-padise-kunder-gjeloshaj\/","og_locale":"en_US","og_type":"article","og_title":"Bardhi ka paralajm\u00ebruar ngritjen e padis\u00eb kund\u00ebr Gjeloshaj? - Lajme nga Ulqini","og_description":"Lideri i LD n\u00eb MZ Mehmet Bardhi, ka paralajm\u00ebruar ngritjen e padis\u00eb ndaj deputetit Nik\u00eb Gjeloshaj p\u00ebr uzurpim mandati. Bardhi p\u00ebr \u201cDan\u201d ka b\u00ebr\u00eb t\u00eb ditur","og_url":"https:\/\/www.visit-ulcinj.com\/blog\/2015\/01\/05\/bardhi-ka-paralajmeruar-ngritjen-e-padise-kunder-gjeloshaj\/","og_site_name":"Lajme nga Ulqini","article_published_time":"2015-01-05T08:34:31+00:00","article_modified_time":"2015-01-07T07:48:20+00:00","og_image":[{"url":"http:\/\/www.visit-ulcinj.com\/blog\/wp-content\/uploads\/2015\/01\/Mehmet-Bardhi-za-DAN.jpg"}],"twitter_misc":{"Written by":"ulqini","Est. reading time":"1 minute"},"schema":{"@context":"https:\/\/schema.org","@graph":[{"@type":"WebSite","@id":"https:\/\/www.visit-ulcinj.com\/blog\/#website","url":"https:\/\/www.visit-ulcinj.com\/blog\/","name":"Lajme nga Ulqini","description":"Lajme,Vijesti,Ulqini,Ulqin,Crna Gora,Mali i Zi","potentialAction":[{"@type":"SearchAction","target":{"@type":"EntryPoint","urlTemplate":"https:\/\/www.visit-ulcinj.com\/blog\/?s={search_term_string}"},"query-input":"required name=search_term_string"}],"inLanguage":"en-US"},{"@type":"ImageObject","inLanguage":"en-US","@id":"https:\/\/www.visit-ulcinj.com\/blog\/2015\/01\/05\/bardhi-ka-paralajmeruar-ngritjen-e-padise-kunder-gjeloshaj\/#primaryimage","url":"https:\/\/www.visit-ulcinj.com\/blog\/wp-content\/uploads\/2015\/01\/Mehmet-Bardhi-za-DAN.jpg","contentUrl":"https:\/\/www.visit-ulcinj.com\/blog\/wp-content\/uploads\/2015\/01\/Mehmet-Bardhi-za-DAN.jpg","width":407,"height":302},{"@type":"WebPage","@id":"https:\/\/www.visit-ulcinj.com\/blog\/2015\/01\/05\/bardhi-ka-paralajmeruar-ngritjen-e-padise-kunder-gjeloshaj\/#webpage","url":"https:\/\/www.visit-ulcinj.com\/blog\/2015\/01\/05\/bardhi-ka-paralajmeruar-ngritjen-e-padise-kunder-gjeloshaj\/","name":"Bardhi ka paralajm\u00ebruar ngritjen e padis\u00eb kund\u00ebr Gjeloshaj? - Lajme nga Ulqini","isPartOf":{"@id":"https:\/\/www.visit-ulcinj.com\/blog\/#website"},"primaryImageOfPage":{"@id":"https:\/\/www.visit-ulcinj.com\/blog\/2015\/01\/05\/bardhi-ka-paralajmeruar-ngritjen-e-padise-kunder-gjeloshaj\/#primaryimage"},"datePublished":"2015-01-05T08:34:31+00:00","dateModified":"2015-01-07T07:48:20+00:00","author":{"@id":"https:\/\/www.visit-ulcinj.com\/blog\/#\/schema\/person\/dcab619c614d3038751c63bc2aadc06d"},"description":"Lideri i LD n\u00eb MZ Mehmet Bardhi, ka paralajm\u00ebruar ngritjen e padis\u00eb ndaj deputetit Nik\u00eb Gjeloshaj p\u00ebr uzurpim mandati. Bardhi p\u00ebr \u201cDan\u201d ka b\u00ebr\u00eb t\u00eb ditur","breadcrumb":{"@id":"https:\/\/www.visit-ulcinj.com\/blog\/2015\/01\/05\/bardhi-ka-paralajmeruar-ngritjen-e-padise-kunder-gjeloshaj\/#breadcrumb"},"inLanguage":"en-US","potentialAction":[{"@type":"ReadAction","target":["https:\/\/www.visit-ulcinj.com\/blog\/2015\/01\/05\/bardhi-ka-paralajmeruar-ngritjen-e-padise-kunder-gjeloshaj\/"]}]},{"@type":"BreadcrumbList","@id":"https:\/\/www.visit-ulcinj.com\/blog\/2015\/01\/05\/bardhi-ka-paralajmeruar-ngritjen-e-padise-kunder-gjeloshaj\/#breadcrumb","itemListElement":[{"@type":"ListItem","position":1,"name":"Bardhi ka paralajm\u00ebruar ngritjen e padis\u00eb kund\u00ebr Gjeloshaj?"}]},{"@type":"Person","@id":"https:\/\/www.visit-ulcinj.com\/blog\/#\/schema\/person\/dcab619c614d3038751c63bc2aadc06d","name":"ulqini","sameAs":["http:\/\/www.visit-ulcinj.com"],"url":"https:\/\/www.visit-ulcinj.com\/blog\/author\/admin\/"}]}},"jetpack_featured_media_url":"","jetpack_sharing_enabled":true,"jetpack_shortlink":"https:\/\/wp.me\/pe6lTn-mLC","_links":{"self":[{"href":"https:\/\/www.visit-ulcinj.com\/blog\/wp-json\/wp\/v2\/posts\/87520"}],"collection":[{"href":"https:\/\/www.visit-ulcinj.com\/blog\/wp-json\/wp\/v2\/posts"}],"about":[{"href":"https:\/\/www.visit-ulcinj.com\/blog\/wp-json\/wp\/v2\/types\/post"}],"author":[{"embeddable":true,"href":"https:\/\/www.visit-ulcinj.com\/blog\/wp-json\/wp\/v2\/users\/1"}],"replies":[{"embeddable":true,"href":"https:\/\/www.visit-ulcinj.com\/blog\/wp-json\/wp\/v2\/comments?post=87520"}],"version-history":[{"count":1,"href":"https:\/\/www.visit-ulcinj.com\/blog\/wp-json\/wp\/v2\/posts\/87520\/revisions"}],"predecessor-version":[{"id":87521,"href":"https:\/\/www.visit-ulcinj.com\/blog\/wp-json\/wp\/v2\/posts\/87520\/revisions\/87521"}],"wp:attachment":[{"href":"https:\/\/www.visit-ulcinj.com\/blog\/wp-json\/wp\/v2\/media?parent=87520"}],"wp:term":[{"taxonomy":"category","embeddable":true,"href":"https:\/\/www.visit-ulcinj.com\/blog\/wp-json\/wp\/v2\/categories?post=87520"},{"taxonomy":"post_tag","embeddable":true,"href":"https:\/\/www.visit-ulcinj.com\/blog\/wp-json\/wp\/v2\/tags?post=87520"}],"curies":[{"name":"wp","href":"https:\/\/api.w.org\/{rel}","templated":true}]}}