{"id":87524,"date":"2015-01-05T09:56:58","date_gmt":"2015-01-05T08:56:58","guid":{"rendered":"http:\/\/www.visit-ulcinj.com\/blog\/?p=87524"},"modified":"2015-01-05T09:56:58","modified_gmt":"2015-01-05T08:56:58","slug":"nema-zainteresovanih-za-montenegro-erlajns-ulcinjsku-rivijeru","status":"publish","type":"post","link":"https:\/\/www.visit-ulcinj.com\/blog\/2015\/01\/05\/nema-zainteresovanih-za-montenegro-erlajns-ulcinjsku-rivijeru\/","title":{"rendered":"Nema zainteresovanih za Montenegro Erlajns i Ulcinjsku rivijeru"},"content":{"rendered":"<p><strong> <a href=\"http:\/\/www.visit-ulcinj.com\/blog\/wp-content\/uploads\/2015\/01\/Montenegro-Erlajns.jpg\"><img loading=\"lazy\" class=\"alignleft wp-image-87526\" src=\"http:\/\/www.visit-ulcinj.com\/blog\/wp-content\/uploads\/2015\/01\/Montenegro-Erlajns.jpg\" alt=\"Montenegro Erlajns\" width=\"508\" height=\"299\" \/><\/a>Izvor &#8211; Autor: S<span class=\"author\">eebiz<\/span><\/strong><\/p>\n<p>U pro\u0161loj godini nije privatizovano nijedno od 13 preduze\u0107a koje je Vlada Crne Gore planirala da proda privatnim vlasnicima.<\/p>\n<p>Ponude su dostavljene za \u010detiri preduze\u0107a Institut Simo Milo\u0161evi\u0107 u Igalu, Montenegro Defence Industri Ulcinjsku rivijeru i Polieks iz Berana, ali jo\u0161 nije potpisan privatizacioni ugovor niti formalno zavr\u0161ena prodaja.<\/p>\n<p>Komisija tek treba da utvrdi ispravnost ponude za Polieks, dok je sa kupcima Montenegro Defence Industry i Ulcinjske rivijere u pregovorima.<\/p>\n<p>Tender za prodaju akcija Jadranskog brodogradili\u0161ta je propao, jer je holandska Damen Shipyard grupa ponudila pet miliona evra za imovinu preduze\u0107a umesto za akcije. Zbog toga je Vlada odlu\u010dila da u ovoj godini zatra\u017ei uvo\u0111enje ste\u010daja u Brodogradili\u0161te<\/p>\n","protected":false},"excerpt":{"rendered":"<p>Izvor &#8211; Autor: Seebiz U pro\u0161loj godini nije privatizovano nijedno od 13 preduze\u0107a koje je Vlada Crne Gore planirala da proda privatnim vlasnicima. Ponude su dostavljene za \u010detiri preduze\u0107a Institut Simo Milo\u0161evi\u0107 u Igalu, Montenegro Defence Industri Ulcinjsku rivijeru i Polieks iz Berana, ali jo\u0161 nije potpisan privatizacioni ugovor niti formalno zavr\u0161ena prodaja. Komisija tek [&hellip;]<\/p>\n","protected":false},"author":1,"featured_media":0,"comment_status":"closed","ping_status":"closed","sticky":false,"template":"","format":"standard","meta":{"spay_email":"","jetpack_publicize_message":"","jetpack_is_tweetstorm":false,"jetpack_publicize_feature_enabled":true},"categories":[6950],"tags":[],"jetpack_publicize_connections":[],"yoast_head":"<!-- This site is optimized with the Yoast SEO plugin v19.1 - https:\/\/yoast.com\/wordpress\/plugins\/seo\/ -->\n<title>Nema zainteresovanih za Montenegro Erlajns i Ulcinjsku rivijeru - Lajme nga Ulqini<\/title>\n<meta name=\"description\" content=\"Izvor - Autor: Seebiz U pro\u0161loj godini nije privatizovano nijedno od 13 preduze\u0107a koje je Vlada Crne Gore planirala da proda privatnim vlasnicima. Ponude\" \/>\n<meta name=\"robots\" content=\"index, follow, max-snippet:-1, max-image-preview:large, max-video-preview:-1\" \/>\n<link rel=\"canonical\" href=\"https:\/\/www.visit-ulcinj.com\/blog\/2015\/01\/05\/nema-zainteresovanih-za-montenegro-erlajns-ulcinjsku-rivijeru\/\" \/>\n<meta property=\"og:locale\" content=\"en_US\" \/>\n<meta property=\"og:type\" content=\"article\" \/>\n<meta property=\"og:title\" content=\"Nema zainteresovanih za Montenegro Erlajns i Ulcinjsku rivijeru - Lajme nga Ulqini\" \/>\n<meta property=\"og:description\" content=\"Izvor - Autor: Seebiz U pro\u0161loj godini nije privatizovano nijedno od 13 preduze\u0107a koje je Vlada Crne Gore planirala da proda privatnim vlasnicima. Ponude\" \/>\n<meta property=\"og:url\" content=\"https:\/\/www.visit-ulcinj.com\/blog\/2015\/01\/05\/nema-zainteresovanih-za-montenegro-erlajns-ulcinjsku-rivijeru\/\" \/>\n<meta property=\"og:site_name\" content=\"Lajme nga Ulqini\" \/>\n<meta property=\"article:published_time\" content=\"2015-01-05T08:56:58+00:00\" \/>\n<meta property=\"og:image\" content=\"http:\/\/www.visit-ulcinj.com\/blog\/wp-content\/uploads\/2015\/01\/Montenegro-Erlajns.jpg\" \/>\n<meta name=\"twitter:label1\" content=\"Written by\" \/>\n\t<meta name=\"twitter:data1\" content=\"ulqini\" \/>\n\t<meta name=\"twitter:label2\" content=\"Est. reading time\" \/>\n\t<meta name=\"twitter:data2\" content=\"1 minute\" \/>\n<script type=\"application\/ld+json\" class=\"yoast-schema-graph\">{\"@context\":\"https:\/\/schema.org\",\"@graph\":[{\"@type\":\"WebSite\",\"@id\":\"https:\/\/www.visit-ulcinj.com\/blog\/#website\",\"url\":\"https:\/\/www.visit-ulcinj.com\/blog\/\",\"name\":\"Lajme nga Ulqini\",\"description\":\"Lajme,Vijesti,Ulqini,Ulqin,Crna Gora,Mali i Zi\",\"potentialAction\":[{\"@type\":\"SearchAction\",\"target\":{\"@type\":\"EntryPoint\",\"urlTemplate\":\"https:\/\/www.visit-ulcinj.com\/blog\/?s={search_term_string}\"},\"query-input\":\"required name=search_term_string\"}],\"inLanguage\":\"en-US\"},{\"@type\":\"ImageObject\",\"inLanguage\":\"en-US\",\"@id\":\"https:\/\/www.visit-ulcinj.com\/blog\/2015\/01\/05\/nema-zainteresovanih-za-montenegro-erlajns-ulcinjsku-rivijeru\/#primaryimage\",\"url\":\"http:\/\/www.visit-ulcinj.com\/blog\/wp-content\/uploads\/2015\/01\/Montenegro-Erlajns.jpg\",\"contentUrl\":\"http:\/\/www.visit-ulcinj.com\/blog\/wp-content\/uploads\/2015\/01\/Montenegro-Erlajns.jpg\"},{\"@type\":\"WebPage\",\"@id\":\"https:\/\/www.visit-ulcinj.com\/blog\/2015\/01\/05\/nema-zainteresovanih-za-montenegro-erlajns-ulcinjsku-rivijeru\/#webpage\",\"url\":\"https:\/\/www.visit-ulcinj.com\/blog\/2015\/01\/05\/nema-zainteresovanih-za-montenegro-erlajns-ulcinjsku-rivijeru\/\",\"name\":\"Nema zainteresovanih za Montenegro Erlajns i Ulcinjsku rivijeru - Lajme nga Ulqini\",\"isPartOf\":{\"@id\":\"https:\/\/www.visit-ulcinj.com\/blog\/#website\"},\"primaryImageOfPage\":{\"@id\":\"https:\/\/www.visit-ulcinj.com\/blog\/2015\/01\/05\/nema-zainteresovanih-za-montenegro-erlajns-ulcinjsku-rivijeru\/#primaryimage\"},\"datePublished\":\"2015-01-05T08:56:58+00:00\",\"dateModified\":\"2015-01-05T08:56:58+00:00\",\"author\":{\"@id\":\"https:\/\/www.visit-ulcinj.com\/blog\/#\/schema\/person\/dcab619c614d3038751c63bc2aadc06d\"},\"description\":\"Izvor - Autor: Seebiz U pro\u0161loj godini nije privatizovano nijedno od 13 preduze\u0107a koje je Vlada Crne Gore planirala da proda privatnim vlasnicima. Ponude\",\"breadcrumb\":{\"@id\":\"https:\/\/www.visit-ulcinj.com\/blog\/2015\/01\/05\/nema-zainteresovanih-za-montenegro-erlajns-ulcinjsku-rivijeru\/#breadcrumb\"},\"inLanguage\":\"en-US\",\"potentialAction\":[{\"@type\":\"ReadAction\",\"target\":[\"https:\/\/www.visit-ulcinj.com\/blog\/2015\/01\/05\/nema-zainteresovanih-za-montenegro-erlajns-ulcinjsku-rivijeru\/\"]}]},{\"@type\":\"BreadcrumbList\",\"@id\":\"https:\/\/www.visit-ulcinj.com\/blog\/2015\/01\/05\/nema-zainteresovanih-za-montenegro-erlajns-ulcinjsku-rivijeru\/#breadcrumb\",\"itemListElement\":[{\"@type\":\"ListItem\",\"position\":1,\"name\":\"Nema zainteresovanih za Montenegro Erlajns i Ulcinjsku rivijeru\"}]},{\"@type\":\"Person\",\"@id\":\"https:\/\/www.visit-ulcinj.com\/blog\/#\/schema\/person\/dcab619c614d3038751c63bc2aadc06d\",\"name\":\"ulqini\",\"sameAs\":[\"http:\/\/www.visit-ulcinj.com\"],\"url\":\"https:\/\/www.visit-ulcinj.com\/blog\/author\/admin\/\"}]}<\/script>\n<!-- \/ Yoast SEO plugin. -->","yoast_head_json":{"title":"Nema zainteresovanih za Montenegro Erlajns i Ulcinjsku rivijeru - Lajme nga Ulqini","description":"Izvor - Autor: Seebiz U pro\u0161loj godini nije privatizovano nijedno od 13 preduze\u0107a koje je Vlada Crne Gore planirala da proda privatnim vlasnicima. Ponude","robots":{"index":"index","follow":"follow","max-snippet":"max-snippet:-1","max-image-preview":"max-image-preview:large","max-video-preview":"max-video-preview:-1"},"canonical":"https:\/\/www.visit-ulcinj.com\/blog\/2015\/01\/05\/nema-zainteresovanih-za-montenegro-erlajns-ulcinjsku-rivijeru\/","og_locale":"en_US","og_type":"article","og_title":"Nema zainteresovanih za Montenegro Erlajns i Ulcinjsku rivijeru - Lajme nga Ulqini","og_description":"Izvor - Autor: Seebiz U pro\u0161loj godini nije privatizovano nijedno od 13 preduze\u0107a koje je Vlada Crne Gore planirala da proda privatnim vlasnicima. Ponude","og_url":"https:\/\/www.visit-ulcinj.com\/blog\/2015\/01\/05\/nema-zainteresovanih-za-montenegro-erlajns-ulcinjsku-rivijeru\/","og_site_name":"Lajme nga Ulqini","article_published_time":"2015-01-05T08:56:58+00:00","og_image":[{"url":"http:\/\/www.visit-ulcinj.com\/blog\/wp-content\/uploads\/2015\/01\/Montenegro-Erlajns.jpg"}],"twitter_misc":{"Written by":"ulqini","Est. reading time":"1 minute"},"schema":{"@context":"https:\/\/schema.org","@graph":[{"@type":"WebSite","@id":"https:\/\/www.visit-ulcinj.com\/blog\/#website","url":"https:\/\/www.visit-ulcinj.com\/blog\/","name":"Lajme nga Ulqini","description":"Lajme,Vijesti,Ulqini,Ulqin,Crna Gora,Mali i Zi","potentialAction":[{"@type":"SearchAction","target":{"@type":"EntryPoint","urlTemplate":"https:\/\/www.visit-ulcinj.com\/blog\/?s={search_term_string}"},"query-input":"required name=search_term_string"}],"inLanguage":"en-US"},{"@type":"ImageObject","inLanguage":"en-US","@id":"https:\/\/www.visit-ulcinj.com\/blog\/2015\/01\/05\/nema-zainteresovanih-za-montenegro-erlajns-ulcinjsku-rivijeru\/#primaryimage","url":"http:\/\/www.visit-ulcinj.com\/blog\/wp-content\/uploads\/2015\/01\/Montenegro-Erlajns.jpg","contentUrl":"http:\/\/www.visit-ulcinj.com\/blog\/wp-content\/uploads\/2015\/01\/Montenegro-Erlajns.jpg"},{"@type":"WebPage","@id":"https:\/\/www.visit-ulcinj.com\/blog\/2015\/01\/05\/nema-zainteresovanih-za-montenegro-erlajns-ulcinjsku-rivijeru\/#webpage","url":"https:\/\/www.visit-ulcinj.com\/blog\/2015\/01\/05\/nema-zainteresovanih-za-montenegro-erlajns-ulcinjsku-rivijeru\/","name":"Nema zainteresovanih za Montenegro Erlajns i Ulcinjsku rivijeru - Lajme nga Ulqini","isPartOf":{"@id":"https:\/\/www.visit-ulcinj.com\/blog\/#website"},"primaryImageOfPage":{"@id":"https:\/\/www.visit-ulcinj.com\/blog\/2015\/01\/05\/nema-zainteresovanih-za-montenegro-erlajns-ulcinjsku-rivijeru\/#primaryimage"},"datePublished":"2015-01-05T08:56:58+00:00","dateModified":"2015-01-05T08:56:58+00:00","author":{"@id":"https:\/\/www.visit-ulcinj.com\/blog\/#\/schema\/person\/dcab619c614d3038751c63bc2aadc06d"},"description":"Izvor - Autor: Seebiz U pro\u0161loj godini nije privatizovano nijedno od 13 preduze\u0107a koje je Vlada Crne Gore planirala da proda privatnim vlasnicima. Ponude","breadcrumb":{"@id":"https:\/\/www.visit-ulcinj.com\/blog\/2015\/01\/05\/nema-zainteresovanih-za-montenegro-erlajns-ulcinjsku-rivijeru\/#breadcrumb"},"inLanguage":"en-US","potentialAction":[{"@type":"ReadAction","target":["https:\/\/www.visit-ulcinj.com\/blog\/2015\/01\/05\/nema-zainteresovanih-za-montenegro-erlajns-ulcinjsku-rivijeru\/"]}]},{"@type":"BreadcrumbList","@id":"https:\/\/www.visit-ulcinj.com\/blog\/2015\/01\/05\/nema-zainteresovanih-za-montenegro-erlajns-ulcinjsku-rivijeru\/#breadcrumb","itemListElement":[{"@type":"ListItem","position":1,"name":"Nema zainteresovanih za Montenegro Erlajns i Ulcinjsku rivijeru"}]},{"@type":"Person","@id":"https:\/\/www.visit-ulcinj.com\/blog\/#\/schema\/person\/dcab619c614d3038751c63bc2aadc06d","name":"ulqini","sameAs":["http:\/\/www.visit-ulcinj.com"],"url":"https:\/\/www.visit-ulcinj.com\/blog\/author\/admin\/"}]}},"jetpack_featured_media_url":"","jetpack_sharing_enabled":true,"jetpack_shortlink":"https:\/\/wp.me\/pe6lTn-mLG","_links":{"self":[{"href":"https:\/\/www.visit-ulcinj.com\/blog\/wp-json\/wp\/v2\/posts\/87524"}],"collection":[{"href":"https:\/\/www.visit-ulcinj.com\/blog\/wp-json\/wp\/v2\/posts"}],"about":[{"href":"https:\/\/www.visit-ulcinj.com\/blog\/wp-json\/wp\/v2\/types\/post"}],"author":[{"embeddable":true,"href":"https:\/\/www.visit-ulcinj.com\/blog\/wp-json\/wp\/v2\/users\/1"}],"replies":[{"embeddable":true,"href":"https:\/\/www.visit-ulcinj.com\/blog\/wp-json\/wp\/v2\/comments?post=87524"}],"version-history":[{"count":1,"href":"https:\/\/www.visit-ulcinj.com\/blog\/wp-json\/wp\/v2\/posts\/87524\/revisions"}],"predecessor-version":[{"id":87527,"href":"https:\/\/www.visit-ulcinj.com\/blog\/wp-json\/wp\/v2\/posts\/87524\/revisions\/87527"}],"wp:attachment":[{"href":"https:\/\/www.visit-ulcinj.com\/blog\/wp-json\/wp\/v2\/media?parent=87524"}],"wp:term":[{"taxonomy":"category","embeddable":true,"href":"https:\/\/www.visit-ulcinj.com\/blog\/wp-json\/wp\/v2\/categories?post=87524"},{"taxonomy":"post_tag","embeddable":true,"href":"https:\/\/www.visit-ulcinj.com\/blog\/wp-json\/wp\/v2\/tags?post=87524"}],"curies":[{"name":"wp","href":"https:\/\/api.w.org\/{rel}","templated":true}]}}