{"id":87528,"date":"2015-01-05T10:14:34","date_gmt":"2015-01-05T09:14:34","guid":{"rendered":"http:\/\/www.visit-ulcinj.com\/blog\/?p=87528"},"modified":"2015-01-06T15:57:09","modified_gmt":"2015-01-06T14:57:09","slug":"sfidat-e-politikes-ne-ulqin-per-vitin-2014-video","status":"publish","type":"post","link":"https:\/\/www.visit-ulcinj.com\/blog\/2015\/01\/05\/sfidat-e-politikes-ne-ulqin-per-vitin-2014-video\/","title":{"rendered":"Sfidat e politikes n\u00eb Ulqin per vitin 2014 &#8211; Video"},"content":{"rendered":"<p><a href=\"http:\/\/www.visit-ulcinj.com\/blog\/wp-content\/uploads\/2013\/12\/opstina-ulcinj.jpg\"><img loading=\"lazy\" class=\"alignleft wp-image-77143\" src=\"http:\/\/www.visit-ulcinj.com\/blog\/wp-content\/uploads\/2013\/12\/opstina-ulcinj.jpg\" alt=\"opstina-ulcinj\" width=\"508\" height=\"381\" srcset=\"https:\/\/www.visit-ulcinj.com\/blog\/wp-content\/uploads\/2013\/12\/opstina-ulcinj.jpg 1000w, https:\/\/www.visit-ulcinj.com\/blog\/wp-content\/uploads\/2013\/12\/opstina-ulcinj-300x225.jpg 300w\" sizes=\"(max-width: 508px) 100vw, 508px\" \/><\/a>Viti q\u00eb lam\u00eb pas sipas t\u00eb gjith\u00eb politikan\u00ebve ishte nj\u00eb vit me plot sfida,vit me shum\u00eb peripeti t\u00eb ndryshme.<\/p>\n<p>Si nga pozita ashtu edhe nga opozita jan\u00eb t\u00eb pajtimit q\u00eb \u00ebsht\u00eb mundur shum\u00eb m\u00eb tep\u00ebr t\u00eb arrihet,por n\u00eb t\u00eb nj\u00ebjt\u00ebn koh\u00eb shtojn\u00eb q\u00eb kriza globale ekonomike q\u00eb ka p\u00ebrfshir\u00eb rruzullin tok\u00ebsor,k\u00ebt\u00eb vit \u00ebsht\u00eb ndijer m\u00eb shum\u00eb n\u00eb komun\u00ebn ton\u00eb, raporton Portali TvTeuta<\/p>\n<p>Duhet nj\u00eb harmonizim m\u00eb i mir\u00eb brenda koalicionit qeveris\u00ebs,\u00e7do her\u00eb barra i bije kapitenit t\u00eb anies, por p\u00ebrgjegj\u00ebsia patjet\u00ebr bije mbi t\u00eb gjith\u00eb ata q\u00eb lundrojn\u00eb me anije,andaj \u00ebsht\u00eb koha,\u00ebsht\u00eb momenti ku t\u00eb gjith\u00eb duhet ti qasen relaizimit t\u00eb projekteve\u00a0 q\u00eb premtuan \u00a0n\u00eb fushat\u00ebn parazgjedhore.\u00a0 Jet\u00eb m\u00eb t\u00eb mir\u00eb,paga t\u00eb rregullta,pun\u00ebsim t\u00eb t\u00eb rinjve,nd\u00ebrtim t\u00eb hoteleve,p\u00ebrmirsim t\u00eb infrastruktur\u00ebs,p\u00ebrgjegj\u00ebsi m\u00eb t\u00eb madhe ndaj atyre q\u00eb ju dhan\u00eb voten.<\/p>\n<p>P\u00ebr t\u00eb pasur nj\u00eb paqyrim t\u00eb gjendjes aktuale n\u00eb komun\u00ebn ton\u00eb kemi marr\u00eb opinionin e lider\u00ebve politik ku ju kemi shtruar t\u00eb nj\u00ebjt\u00ebn pyetje ,si e vlersoni vitin 2014, dhe \u00e7far\u00eb pritet n\u00eb vitin 2015 ?P\u00ebrgjigjet nuk lan\u00eb \u00a0shum\u00eb vend p\u00ebr t\u00eb festuar.<\/p>\n<p>Nuk ka optimiz\u00ebm t\u00eb madh,si duket na pret edhe nj\u00eb vit i v\u00ebshtir,dhe duhet sht\u00ebrnguarr rripat edhe m\u00eb shum\u00eb,as nga babadimri nuk mund t\u00eb presim dhurata,sepse rrug\u00ebt jan\u00eb t\u00eb ngrira dhe jemi shum\u00eb larg nga qendra ,ashtu si xhepat e shumic\u00ebs s\u00eb qytetar\u00ebve tan\u00eb.<\/p>\n<p>Thon\u00eb q\u00eb shpresa vdes e fundit,edhe neve do shpresojm\u00eb p\u00ebr nj\u00eb vit t\u00eb mbar\u00eb,vit me shum\u00eb pun\u00eb,dhe me shum\u00eb suksese.Por n\u00ebse bazohemi n\u00eb ate \u00e7far\u00eb deklaruan lider\u00ebt politik nuk jemi t\u00eb sigurt se \u00e7far\u00eb na pret.<\/p>\n<p>N\u00eb fund t\u00eb gjith\u00eb lider\u00ebt uruan qytetar\u00ebt tan\u00eb p\u00ebr\u00a0 nj\u00eb vit m\u00eb t\u00eb mbar\u00eb,m\u00eb me prespektiv dhe m\u00eb t\u00eb bereqetsh\u00ebm.<\/p>\n<!--YouTube Error: bad URL entered-->\n","protected":false},"excerpt":{"rendered":"<p>Viti q\u00eb lam\u00eb pas sipas t\u00eb gjith\u00eb politikan\u00ebve ishte nj\u00eb vit me plot sfida,vit me shum\u00eb peripeti t\u00eb ndryshme. Si nga pozita ashtu edhe nga opozita jan\u00eb t\u00eb pajtimit q\u00eb \u00ebsht\u00eb mundur shum\u00eb m\u00eb tep\u00ebr t\u00eb arrihet,por n\u00eb t\u00eb nj\u00ebjt\u00ebn koh\u00eb shtojn\u00eb q\u00eb kriza globale ekonomike q\u00eb ka p\u00ebrfshir\u00eb rruzullin tok\u00ebsor,k\u00ebt\u00eb vit \u00ebsht\u00eb ndijer m\u00eb [&hellip;]<\/p>\n","protected":false},"author":1,"featured_media":0,"comment_status":"closed","ping_status":"closed","sticky":false,"template":"","format":"standard","meta":{"spay_email":"","jetpack_publicize_message":"","jetpack_is_tweetstorm":false,"jetpack_publicize_feature_enabled":true},"categories":[10,1],"tags":[],"jetpack_publicize_connections":[],"yoast_head":"<!-- This site is optimized with the Yoast SEO plugin v19.1 - https:\/\/yoast.com\/wordpress\/plugins\/seo\/ -->\n<title>Sfidat e politikes n\u00eb Ulqin per vitin 2014 - Video - Lajme nga Ulqini<\/title>\n<meta name=\"description\" content=\"Viti q\u00eb lam\u00eb pas sipas t\u00eb gjith\u00eb politikan\u00ebve ishte nj\u00eb vit me plot sfida,vit me shum\u00eb peripeti t\u00eb ndryshme. Si nga pozita ashtu edhe nga opozita jan\u00eb t\u00eb\" \/>\n<meta name=\"robots\" content=\"index, follow, max-snippet:-1, max-image-preview:large, max-video-preview:-1\" \/>\n<link rel=\"canonical\" href=\"https:\/\/www.visit-ulcinj.com\/blog\/2015\/01\/05\/sfidat-e-politikes-ne-ulqin-per-vitin-2014-video\/\" \/>\n<meta property=\"og:locale\" content=\"en_US\" \/>\n<meta property=\"og:type\" content=\"article\" \/>\n<meta property=\"og:title\" content=\"Sfidat e politikes n\u00eb Ulqin per vitin 2014 - Video - Lajme nga Ulqini\" \/>\n<meta property=\"og:description\" content=\"Viti q\u00eb lam\u00eb pas sipas t\u00eb gjith\u00eb politikan\u00ebve ishte nj\u00eb vit me plot sfida,vit me shum\u00eb peripeti t\u00eb ndryshme. Si nga pozita ashtu edhe nga opozita jan\u00eb t\u00eb\" \/>\n<meta property=\"og:url\" content=\"https:\/\/www.visit-ulcinj.com\/blog\/2015\/01\/05\/sfidat-e-politikes-ne-ulqin-per-vitin-2014-video\/\" \/>\n<meta property=\"og:site_name\" content=\"Lajme nga Ulqini\" \/>\n<meta property=\"article:published_time\" content=\"2015-01-05T09:14:34+00:00\" \/>\n<meta property=\"article:modified_time\" content=\"2015-01-06T14:57:09+00:00\" \/>\n<meta property=\"og:image\" content=\"http:\/\/www.visit-ulcinj.com\/blog\/wp-content\/uploads\/2013\/12\/opstina-ulcinj.jpg\" \/>\n<meta name=\"twitter:label1\" content=\"Written by\" \/>\n\t<meta name=\"twitter:data1\" content=\"ulqini\" \/>\n\t<meta name=\"twitter:label2\" content=\"Est. reading time\" \/>\n\t<meta name=\"twitter:data2\" content=\"2 minutes\" \/>\n<script type=\"application\/ld+json\" class=\"yoast-schema-graph\">{\"@context\":\"https:\/\/schema.org\",\"@graph\":[{\"@type\":\"WebSite\",\"@id\":\"https:\/\/www.visit-ulcinj.com\/blog\/#website\",\"url\":\"https:\/\/www.visit-ulcinj.com\/blog\/\",\"name\":\"Lajme nga Ulqini\",\"description\":\"Lajme,Vijesti,Ulqini,Ulqin,Crna Gora,Mali i Zi\",\"potentialAction\":[{\"@type\":\"SearchAction\",\"target\":{\"@type\":\"EntryPoint\",\"urlTemplate\":\"https:\/\/www.visit-ulcinj.com\/blog\/?s={search_term_string}\"},\"query-input\":\"required name=search_term_string\"}],\"inLanguage\":\"en-US\"},{\"@type\":\"ImageObject\",\"inLanguage\":\"en-US\",\"@id\":\"https:\/\/www.visit-ulcinj.com\/blog\/2015\/01\/05\/sfidat-e-politikes-ne-ulqin-per-vitin-2014-video\/#primaryimage\",\"url\":\"https:\/\/www.visit-ulcinj.com\/blog\/wp-content\/uploads\/2013\/12\/opstina-ulcinj.jpg\",\"contentUrl\":\"https:\/\/www.visit-ulcinj.com\/blog\/wp-content\/uploads\/2013\/12\/opstina-ulcinj.jpg\",\"width\":1000,\"height\":750},{\"@type\":\"WebPage\",\"@id\":\"https:\/\/www.visit-ulcinj.com\/blog\/2015\/01\/05\/sfidat-e-politikes-ne-ulqin-per-vitin-2014-video\/#webpage\",\"url\":\"https:\/\/www.visit-ulcinj.com\/blog\/2015\/01\/05\/sfidat-e-politikes-ne-ulqin-per-vitin-2014-video\/\",\"name\":\"Sfidat e politikes n\u00eb Ulqin per vitin 2014 - Video - Lajme nga Ulqini\",\"isPartOf\":{\"@id\":\"https:\/\/www.visit-ulcinj.com\/blog\/#website\"},\"primaryImageOfPage\":{\"@id\":\"https:\/\/www.visit-ulcinj.com\/blog\/2015\/01\/05\/sfidat-e-politikes-ne-ulqin-per-vitin-2014-video\/#primaryimage\"},\"datePublished\":\"2015-01-05T09:14:34+00:00\",\"dateModified\":\"2015-01-06T14:57:09+00:00\",\"author\":{\"@id\":\"https:\/\/www.visit-ulcinj.com\/blog\/#\/schema\/person\/dcab619c614d3038751c63bc2aadc06d\"},\"description\":\"Viti q\u00eb lam\u00eb pas sipas t\u00eb gjith\u00eb politikan\u00ebve ishte nj\u00eb vit me plot sfida,vit me shum\u00eb peripeti t\u00eb ndryshme. Si nga pozita ashtu edhe nga opozita jan\u00eb t\u00eb\",\"breadcrumb\":{\"@id\":\"https:\/\/www.visit-ulcinj.com\/blog\/2015\/01\/05\/sfidat-e-politikes-ne-ulqin-per-vitin-2014-video\/#breadcrumb\"},\"inLanguage\":\"en-US\",\"potentialAction\":[{\"@type\":\"ReadAction\",\"target\":[\"https:\/\/www.visit-ulcinj.com\/blog\/2015\/01\/05\/sfidat-e-politikes-ne-ulqin-per-vitin-2014-video\/\"]}]},{\"@type\":\"BreadcrumbList\",\"@id\":\"https:\/\/www.visit-ulcinj.com\/blog\/2015\/01\/05\/sfidat-e-politikes-ne-ulqin-per-vitin-2014-video\/#breadcrumb\",\"itemListElement\":[{\"@type\":\"ListItem\",\"position\":1,\"name\":\"Sfidat e politikes n\u00eb Ulqin per vitin 2014 &#8211; Video\"}]},{\"@type\":\"Person\",\"@id\":\"https:\/\/www.visit-ulcinj.com\/blog\/#\/schema\/person\/dcab619c614d3038751c63bc2aadc06d\",\"name\":\"ulqini\",\"sameAs\":[\"http:\/\/www.visit-ulcinj.com\"],\"url\":\"https:\/\/www.visit-ulcinj.com\/blog\/author\/admin\/\"}]}<\/script>\n<!-- \/ Yoast SEO plugin. -->","yoast_head_json":{"title":"Sfidat e politikes n\u00eb Ulqin per vitin 2014 - Video - Lajme nga Ulqini","description":"Viti q\u00eb lam\u00eb pas sipas t\u00eb gjith\u00eb politikan\u00ebve ishte nj\u00eb vit me plot sfida,vit me shum\u00eb peripeti t\u00eb ndryshme. Si nga pozita ashtu edhe nga opozita jan\u00eb t\u00eb","robots":{"index":"index","follow":"follow","max-snippet":"max-snippet:-1","max-image-preview":"max-image-preview:large","max-video-preview":"max-video-preview:-1"},"canonical":"https:\/\/www.visit-ulcinj.com\/blog\/2015\/01\/05\/sfidat-e-politikes-ne-ulqin-per-vitin-2014-video\/","og_locale":"en_US","og_type":"article","og_title":"Sfidat e politikes n\u00eb Ulqin per vitin 2014 - Video - Lajme nga Ulqini","og_description":"Viti q\u00eb lam\u00eb pas sipas t\u00eb gjith\u00eb politikan\u00ebve ishte nj\u00eb vit me plot sfida,vit me shum\u00eb peripeti t\u00eb ndryshme. Si nga pozita ashtu edhe nga opozita jan\u00eb t\u00eb","og_url":"https:\/\/www.visit-ulcinj.com\/blog\/2015\/01\/05\/sfidat-e-politikes-ne-ulqin-per-vitin-2014-video\/","og_site_name":"Lajme nga Ulqini","article_published_time":"2015-01-05T09:14:34+00:00","article_modified_time":"2015-01-06T14:57:09+00:00","og_image":[{"url":"http:\/\/www.visit-ulcinj.com\/blog\/wp-content\/uploads\/2013\/12\/opstina-ulcinj.jpg"}],"twitter_misc":{"Written by":"ulqini","Est. reading time":"2 minutes"},"schema":{"@context":"https:\/\/schema.org","@graph":[{"@type":"WebSite","@id":"https:\/\/www.visit-ulcinj.com\/blog\/#website","url":"https:\/\/www.visit-ulcinj.com\/blog\/","name":"Lajme nga Ulqini","description":"Lajme,Vijesti,Ulqini,Ulqin,Crna Gora,Mali i Zi","potentialAction":[{"@type":"SearchAction","target":{"@type":"EntryPoint","urlTemplate":"https:\/\/www.visit-ulcinj.com\/blog\/?s={search_term_string}"},"query-input":"required name=search_term_string"}],"inLanguage":"en-US"},{"@type":"ImageObject","inLanguage":"en-US","@id":"https:\/\/www.visit-ulcinj.com\/blog\/2015\/01\/05\/sfidat-e-politikes-ne-ulqin-per-vitin-2014-video\/#primaryimage","url":"https:\/\/www.visit-ulcinj.com\/blog\/wp-content\/uploads\/2013\/12\/opstina-ulcinj.jpg","contentUrl":"https:\/\/www.visit-ulcinj.com\/blog\/wp-content\/uploads\/2013\/12\/opstina-ulcinj.jpg","width":1000,"height":750},{"@type":"WebPage","@id":"https:\/\/www.visit-ulcinj.com\/blog\/2015\/01\/05\/sfidat-e-politikes-ne-ulqin-per-vitin-2014-video\/#webpage","url":"https:\/\/www.visit-ulcinj.com\/blog\/2015\/01\/05\/sfidat-e-politikes-ne-ulqin-per-vitin-2014-video\/","name":"Sfidat e politikes n\u00eb Ulqin per vitin 2014 - Video - Lajme nga Ulqini","isPartOf":{"@id":"https:\/\/www.visit-ulcinj.com\/blog\/#website"},"primaryImageOfPage":{"@id":"https:\/\/www.visit-ulcinj.com\/blog\/2015\/01\/05\/sfidat-e-politikes-ne-ulqin-per-vitin-2014-video\/#primaryimage"},"datePublished":"2015-01-05T09:14:34+00:00","dateModified":"2015-01-06T14:57:09+00:00","author":{"@id":"https:\/\/www.visit-ulcinj.com\/blog\/#\/schema\/person\/dcab619c614d3038751c63bc2aadc06d"},"description":"Viti q\u00eb lam\u00eb pas sipas t\u00eb gjith\u00eb politikan\u00ebve ishte nj\u00eb vit me plot sfida,vit me shum\u00eb peripeti t\u00eb ndryshme. Si nga pozita ashtu edhe nga opozita jan\u00eb t\u00eb","breadcrumb":{"@id":"https:\/\/www.visit-ulcinj.com\/blog\/2015\/01\/05\/sfidat-e-politikes-ne-ulqin-per-vitin-2014-video\/#breadcrumb"},"inLanguage":"en-US","potentialAction":[{"@type":"ReadAction","target":["https:\/\/www.visit-ulcinj.com\/blog\/2015\/01\/05\/sfidat-e-politikes-ne-ulqin-per-vitin-2014-video\/"]}]},{"@type":"BreadcrumbList","@id":"https:\/\/www.visit-ulcinj.com\/blog\/2015\/01\/05\/sfidat-e-politikes-ne-ulqin-per-vitin-2014-video\/#breadcrumb","itemListElement":[{"@type":"ListItem","position":1,"name":"Sfidat e politikes n\u00eb Ulqin per vitin 2014 &#8211; Video"}]},{"@type":"Person","@id":"https:\/\/www.visit-ulcinj.com\/blog\/#\/schema\/person\/dcab619c614d3038751c63bc2aadc06d","name":"ulqini","sameAs":["http:\/\/www.visit-ulcinj.com"],"url":"https:\/\/www.visit-ulcinj.com\/blog\/author\/admin\/"}]}},"jetpack_featured_media_url":"","jetpack_sharing_enabled":true,"jetpack_shortlink":"https:\/\/wp.me\/pe6lTn-mLK","_links":{"self":[{"href":"https:\/\/www.visit-ulcinj.com\/blog\/wp-json\/wp\/v2\/posts\/87528"}],"collection":[{"href":"https:\/\/www.visit-ulcinj.com\/blog\/wp-json\/wp\/v2\/posts"}],"about":[{"href":"https:\/\/www.visit-ulcinj.com\/blog\/wp-json\/wp\/v2\/types\/post"}],"author":[{"embeddable":true,"href":"https:\/\/www.visit-ulcinj.com\/blog\/wp-json\/wp\/v2\/users\/1"}],"replies":[{"embeddable":true,"href":"https:\/\/www.visit-ulcinj.com\/blog\/wp-json\/wp\/v2\/comments?post=87528"}],"version-history":[{"count":2,"href":"https:\/\/www.visit-ulcinj.com\/blog\/wp-json\/wp\/v2\/posts\/87528\/revisions"}],"predecessor-version":[{"id":87530,"href":"https:\/\/www.visit-ulcinj.com\/blog\/wp-json\/wp\/v2\/posts\/87528\/revisions\/87530"}],"wp:attachment":[{"href":"https:\/\/www.visit-ulcinj.com\/blog\/wp-json\/wp\/v2\/media?parent=87528"}],"wp:term":[{"taxonomy":"category","embeddable":true,"href":"https:\/\/www.visit-ulcinj.com\/blog\/wp-json\/wp\/v2\/categories?post=87528"},{"taxonomy":"post_tag","embeddable":true,"href":"https:\/\/www.visit-ulcinj.com\/blog\/wp-json\/wp\/v2\/tags?post=87528"}],"curies":[{"name":"wp","href":"https:\/\/api.w.org\/{rel}","templated":true}]}}