{"id":87539,"date":"2015-01-06T15:54:52","date_gmt":"2015-01-06T14:54:52","guid":{"rendered":"http:\/\/www.visit-ulcinj.com\/blog\/?p=87539"},"modified":"2015-01-08T19:16:12","modified_gmt":"2015-01-08T18:16:12","slug":"nika-ta-bajm-nji-ksoll-kashte-kryet-mren-e-bythen-jashte","status":"publish","type":"post","link":"https:\/\/www.visit-ulcinj.com\/blog\/2015\/01\/06\/nika-ta-bajm-nji-ksoll-kashte-kryet-mren-e-bythen-jashte\/","title":{"rendered":"Nika: Do ta bajm nji ksoll me  kasht\u00eb &#8211; kryet mren e bythen jasht\u00eb"},"content":{"rendered":"<p><strong><a href=\"http:\/\/www.visit-ulcinj.com\/blog\/wp-content\/uploads\/2015\/01\/Qendra-per-kultur-Ulqin.jpg\"><img loading=\"lazy\" class=\"alignleft wp-image-87540\" src=\"http:\/\/www.visit-ulcinj.com\/blog\/wp-content\/uploads\/2015\/01\/Qendra-per-kultur-Ulqin.jpg\" alt=\"Qendra-per-kultur-Ulqin\" width=\"508\" height=\"331\" srcset=\"https:\/\/www.visit-ulcinj.com\/blog\/wp-content\/uploads\/2015\/01\/Qendra-per-kultur-Ulqin.jpg 698w, https:\/\/www.visit-ulcinj.com\/blog\/wp-content\/uploads\/2015\/01\/Qendra-per-kultur-Ulqin-300x195.jpg 300w\" sizes=\"(max-width: 508px) 100vw, 508px\" \/><\/a>Shkruan Muhamet Nika<\/strong><\/p>\n<p><strong><em>Rr\u00ebfimi i par\u00eb- Un\u00eb asgj\u00eb s\u2019po kuptoj, po ju..?!!<\/em><\/strong><\/p>\n<p>Kur erdhi n\u00eb pushtet Forca e Re Demokratike ajo p\u00ebr t\u00eb p\u00ebrmbushur premtimin e saj parazgjedhor dhe \u201drritur profesionalizmin\u201d, i rrasi n\u00eb komun\u00eb ashtu\u201dt\u00eb rrasur\u201d edhe t\u00eb gjith\u00eb ekspertat e saj. N\u00eb at\u00eb koh\u00eb, thuhet se ngjau nj\u00eb debat\u00eb profesionale e ekspert\u00ebve t\u00eb saj me zyrtar\u00ebt e vjet\u00ebr. Dhe k\u00ebshtu , kur\u00a0\u00a0 nj\u00ebri nga t\u00eb vjetrit i gjetur ngusht\u00eb me diplom\u00eb t\u00eb fakultetit juridik t\u00eb Beogradit , duke mbrojtur tez\u00ebn e vet profesionale i k\u00ebrc\u00ebnoi se ai do t\u00eb djeg diplom\u00ebn, n\u00eb se nuk del ashtu si\u00e7 mendonte ai&#8230;?!!! I pyetur nga ne , po pse kishte vendosur t\u00eb veproj\u00eb k\u00ebshtu, mu p\u00ebrgjigj shkurt : Se me siguri, dikush nga fakulteti do t\u2019i dal\u00eb zot diplom\u00ebs s\u00eb dh\u00ebn\u00eb.<\/p>\n<p>K\u00ebto mendime m\u00eb erdh\u00ebn n\u00eb kok\u00eb, kur lexova lajmin trondit\u00ebs nga \u201c regjisori\u201d Munib Abazi rreth pikjes s\u00eb\u00a0\u00a0 ujit nga \u00e7atia e sht\u00ebpis\u00eb s\u00eb kultur\u00ebs. Uji ka filluar t\u00eb pikoj\u00eb, po duket, pasi era e fort\u00eb ia kish zbuluar nj\u00ebr\u00ebn nga \u00e7atit\u00eb&#8230;?! Me vete thash : \u00c7ka n\u00eb se edhe k\u00ebtij n\u00eb shenj proteste dhe profesionit t\u00eb regjisorit-q\u00eb ka , mund t\u2019i shkrep n\u00eb krye t\u00eb djeg diplom\u00ebn . Cili universitet i bot\u00ebs do t\u00eb dal\u00eb n\u00eb mbrojtje t\u00eb diplom\u00ebs s\u00eb djegur dhe po them : <strong><em>Un\u00eb asgj\u00eb s\u2019po kuptoj, po ju..?!! Ai tha se m\u00eb mir\u00eb kish qen\u00eb t\u00eb sanohet \u00e7atia se sa t\u00eb pritej viti i ri n\u00eb m\u00ebnyr\u00eb pompoze- mbase kishte t\u00eb drejt\u00eb po t\u00eb ishte k\u00ebshtu..?!!!<\/em><\/strong><\/p>\n<p><strong><em>Rr\u00ebfimi i dyt\u00eb&#8230;.<\/em><\/strong><\/p>\n<p>Kur u em\u00ebrova drejtor i kultur\u00ebs s\u00eb qytetit , vura re se dit\u00ebve t\u00eb tregut nj\u00eb plak nga fshati m\u00eb i af\u00ebrt i qytetit , dit\u00ebve t\u00eb pazarit, kur dilte n\u00eb treg me kafsh\u00ebn e tij , e lidhte at\u00eb n\u00eb oborr posht\u00eb bibliotek\u00ebs dhe ashtu rehat e kulloste deri sa b\u00ebnte tregtin\u00eb. Dihet se pas disa dit\u00ebve , duke ia t\u00ebrhequr v\u00ebrejtjen, i thash q\u00eb nuk \u00ebsht\u00eb mir\u00eb , t\u00eb lidh\u00ebsh k\u00ebtu gomarin- te institucioni i kultur\u00ebs&#8230;?! Nejse i thash\u00eb: lidhe edhe sot , por dit\u00ebn tjet\u00ebr jo , dhe se un\u00eb jam drejtori..?!! Kurse ai i befasuar , m\u00eb tha:Po mua drejtori , ma ka lejuar ta lidh\u00eb ?!!! At\u00ebher\u00eb p\u00ebrs\u00ebri n\u00eb vete thash\u00eb : <strong><em>Un\u00eb asgj\u00eb s\u2019po kuptoj, po ju..?!!<\/em><\/strong><\/p>\n<p><strong><em>Rr\u00ebfimi i tret\u00eb &#8230;<\/em><\/strong><\/p>\n<p>Derisa era e fort\u00eb e nj\u00eb nate vjeshte kish zbuluar\u00a0\u00a0 \u00e7atin\u00eb m\u00eb t\u00eb lart\u00eb t\u00eb kultur\u00ebs duke e \u00e7uar n\u00eb aj\u00ebr teneqen e saj ( e cila edhe sot rri var\u00eb), pata hetuar se si nga dikush brenda saj kish filluar g\u00eblqerosjen e hap\u00ebsirave t\u00eb saja. Nd\u00ebrsa posht\u00eb saj dukej se po dislokonin k\u00ebndin e loj\u00ebrave t\u00eb f\u00ebmij\u00ebve . N\u00eb k\u00ebt\u00eb moment takova drejtorin e saj dhe e pyeta , q\u00eb, a thua se do t\u00eb kish qen\u00eb pun\u00eb m\u00eb me mend t\u00eb fokusoheni n\u00eb rregullimin e \u00e7atis\u00eb para g\u00eblqerosjes dhe v\u00ebnies s\u00eb k\u00ebndit t\u00eb loj\u00ebrave ?! Ai u shpreh duke rrudhur krah\u00ebt se k\u00ebto pun\u00eb b\u00ebhen pa e lajm\u00ebruar fare at\u00eb. Si\u00e7 dukej, ai , ish drejtor , por nuk drejtonte pun\u00ebt&#8230;.?! Mu kujtua \u201cpuna e gomarit\u201d n\u00eb koh\u00ebn time dhe prap\u00eb thash\u00eb : <strong><em>Un\u00eb asgj\u00eb s\u2019po kuptoj, po ju..?!! <\/em><\/strong><\/p>\n<p><strong><em>Nj\u00eb gj\u00eb duhet ta kuptoni, se po t\u00eb kisha \u00a0q\u00eblluar un\u00eb drejtor n\u00eb k\u00ebt\u00eb situat\u00eb, do t\u00eb kisha b\u00ebr\u00eb p\u00ebrpjekje p\u00ebr t\u00eb ndaluar punimet me inspektor\u00eb komunal, e n\u00ebse ato nuk do t\u00eb kishin intervenuar , do t\u2019i kisha ndaluar me polici, dhe n\u00ebse p\u00ebrs\u00ebri do t\u00eb kish vazhduar puna, \u00e7ka nuk besoj, do t\u00eb kisha lajm\u00ebruar dor\u00ebheqjen me kusht edhe t\u00eb prishjes s\u00eb koalicionit&#8230;?!! Dhe k\u00ebt\u00eb vet\u00ebm e vet\u00ebm q\u00eb t\u00eb kuptohej sekush \u00ebsht\u00eb drejtor i nj\u00eb ment\u00eb dhe drejton n\u00eb k\u00ebt\u00eb institucion. Po le t\u00eb b\u00ebhej edhe nami..?!<\/em><\/strong><\/p>\n<p><strong><em> N\u00eb nj\u00eb shkrim n\u00eb vazhdim do t\u00eb rr\u00ebfej disa veprime t\u00eb mija n\u00eb situata po thuajse t\u00eb ngjashme q\u00eb prishen koalicionin shqiptar\u00ebt bashk\u00eb&#8230;?!!!! <\/em><\/strong><\/p>\n<p>&nbsp;<\/p>\n<p>&nbsp;<\/p>\n<p><strong><em>Rr\u00ebfimi i kat\u00ebrt- Do ta b\u00ebjm\u00eb nj\u00eb kasolle me kasht\u00eb&#8230;.?!!<\/em><\/strong><br \/>\nM\u00eb von\u00eb pasi u mur vesh se pas k\u00ebtij investimi rrinte \u201c <strong>pozitivna<\/strong><strong>..<\/strong><strong>\u201d <\/strong>n\u00eb fakt n\u00ebnkryetar<strong> Beci,dhe Ckb-ja <\/strong>me donacion, kjo puna e \u00e7atis\u00eb s\u00eb Nailit dhe parkut t\u00eb Safetit , m\u00eb kujtoj at\u00eb k\u00ebng\u00ebn e f\u00ebmij\u00ebris\u00eb time, kur k\u00ebndonim k\u00ebng\u00ebn me titullin e cekur n\u00eb fillim t\u00eb shkrimit .<\/p>\n<p>K\u00ebshtu k\u00ebndonim ne si f\u00ebmij\u00eb \u201d t\u00eb malit- fshatit baritor\u00eb\u201d, kur rr\u00ebz\u00eb ndonj\u00eb guri , me nj\u00eb mur t\u00eb vog\u00ebl ngrinim ndonj\u00eb kasolle ( sa p\u00ebr dy tre veta), me nj\u00eb \u00e7ati kashte q\u00eb edhe ajo si e till\u00eb na mungonte. At\u00ebher\u00eb kur binte shi shum\u00eb, strukeshim n\u00ebn te disa veta dhe me ironi k\u00ebndonim vargjet e p\u00ebrmendura deri sa prapanica lagej&#8230;.?!!! K\u00ebnga si e till, mu kujtua kur n\u00ebnkryetari i komun\u00ebs reklamonte se si n\u00eb oborrin e sht\u00ebpis\u00eb s\u00eb kultur\u00ebs \u2013 para biblioteke , kish vendosur t\u00eb vendoste parkun e f\u00ebmij\u00ebve , nd\u00ebrsa nga oborri i saj shihej se si era e fuqishme kish \u00e7uar n\u00eb er\u00eb pullazin, q\u00eb edhe sot pikon&#8230; ?!<\/p>\n<p>Urova Zotin , q\u00eb palosja e teneqes, kish ngjar\u00eb t\u00eb b\u00ebhej, n\u00eb an\u00ebn e kund\u00ebrt t\u00eb parkut t\u00eb f\u00ebmij\u00ebve i \u00a0vendosur posht\u00eb saj. K\u00ebshtu si \u00ebsht\u00eb nga ajo lart\u00ebs, ai, paraqet m\u00eb pak rrezik p\u00ebr f\u00ebmij\u00ebt q\u00eb lozin posht\u00eb , nd\u00ebrsa p\u00ebr kalimtar\u00ebt e rastit n\u00eb an\u00ebn tjet\u00ebr nuk \u00ebsht\u00eb \u00e7udi q\u00eb t\u00eb ndodh\u00eb edhe m\u00eb e keqja?!!!<\/p>\n<p><strong><em>\u00c7far\u00eb m\u00eb tha kryeinxhinieri..<\/em><\/strong><\/p>\n<p>Me qen\u00eb se pata fatin t\u00eb jem drejtor n\u00eb koh\u00ebn e v\u00ebnies s\u00eb saj n\u00eb funksion, kontaktova me kryeinxhinierin e\u00a0\u00a0 punimeve n\u00eb objekt p\u00ebr t\u00eb metat eventuale t\u00eb objektit dhe \u00e7atis\u00eb, kurse nga ai m\u00ebsova se kulmi i saj kish nj\u00eb t\u00eb met\u00eb t\u00eb r\u00ebnd\u00ebsishme sepse uji \u00ebsht\u00eb i parapar\u00eb t\u00eb grumbullohej n\u00eb sip\u00ebrfaqet \u00a0\u00a0 e \u00e7atis\u00eb dhe m\u00eb pas t\u00eb l\u00ebshohet n\u00ebp\u00ebr ulluqet e objektit. Andaj, nevojitet q\u00eb ta z\u00ebm\u00eb sht\u00ebpiaku(domari), i saj t\u00eb ngjitej m\u00eb s\u00eb paku dy her\u00eb n\u00eb vit( pranver\u00eb dhe vjesht\u00eb) , p\u00ebr t\u00eb kontrolluar birat e ulluqeve q\u00eb mund t\u00eb mbyllen nga gjedh\u00ebt t\u00eb cil\u00ebt i bart\u00eb era. P\u00ebr ndryshe konstruksioni i pllak\u00ebs , mund\u00ebson q\u00eb kur ato t\u00eb mbyllen t\u00eb krijohen liqeje t\u00eb t\u00ebr\u00eb uji ?! Kurse k\u00ebta, kur e kalojn\u00eb kuat\u00ebn e murit t\u00eb pllak\u00ebs mund t\u00eb futen n\u00eb tavanin e saj dhe ta prishin at\u00eb. Duke pasur para syve problemin, kuptohet q\u00eb urdh\u00ebroja ngjitjen dy her\u00eb n\u00eb vit p\u00ebr t\u00eb b\u00ebr\u00eb lirimin e ulluqeve kontestues. Nd\u00ebrsa p\u00ebr t\u2019i ikur m\u00eb t\u00eb keqes, k\u00ebt\u00eb e b\u00ebja duke paguar 2 her\u00eb n\u00eb vit nj\u00eb pun\u00ebtor\u00eb fizik nga 10e.<\/p>\n<p>Andaj sot \u00ebsht\u00eb duke ndodhur ajo q\u00eb konstatoi \u201c regjisori\u201d M. Abazi, se:\u201d<\/p>\n<p>I gjith\u00eb materiali e inventari i Salles s\u00eb Qendres p\u00ebr kultur\u00eb rrezikohet seriozisht nga uji dhe lag\u00ebshtia q\u00eb rrjedh nga tavani i godin\u00ebs s\u00eb k\u00ebsaj nd\u00ebrtese&#8230; Nd\u00ebrtesa e Qendres p\u00ebr kultur\u00eb n\u00eb qytetin e Ulqinit ka filluar t\u00eb degradohet. Suvaja e jashtme e nd\u00ebrtes\u00ebs ka filluar t\u00eb bjer\u00eb, \u00e7atia pikon, lag\u00ebshtia ka dep\u00ebrtuar n\u00eb brend\u00ebsi, kryesisht n\u00eb pjes\u00ebn e tavanit, nd\u00ebrsa mbulesat prej teneqeje te verandave kane levizur ose jan\u00eb shkulur nga vendi, shprehet regjisori Ulqinak Munib Abazi&#8230;<\/p>\n<p>P\u00ebr gjendjen e mjerueshme te Qendres p\u00ebr kultur\u00eb, dhe p\u00ebr k\u00ebt\u00eb problem jan t\u00eb njoftuar t\u00eb gjitha strukturat p\u00ebrgjegj\u00ebse, p\u00ebrfshir\u00eb kryetarin e K\u00ebshillit Drejtues dhe drejtorin e Qendr\u00ebs s\u00eb Kultur\u00ebs, n\u00eb kuad\u00ebr t\u00eb s\u00eb cil\u00ebs funksionon kjo sall\u00eb, kryetarin e Komun\u00ebs s\u00eb Ulqinit, kryetarin e Kuvendit t\u00eb Komun\u00ebs s\u00eb Ulqinit, si dhe sekretariatet kompetente pran\u00eb Komun\u00ebs, por deri tani nuk ka marr\u00eb kurrfar\u00eb p\u00ebrgjigjeje, njoftojn\u00eb mediat nga Ulqini&#8230;.\u201d<\/p>\n<p>P\u00ebrs\u00ebri <strong><em>un\u00eb asgj\u00eb s\u2019po kuptoj po jua kuptoni&#8230;?!!!<\/em><\/strong> P\u00ebrse na u dashka t\u00eb njoftohet drejtori &#8230;, me sa duket dikush ata(drejtorat),i v\u00eb atje sa p\u00ebr t\u00eb mbajt kanilin &#8230;?!!! Fundi i fundit n\u00eb pyetje jan\u00eb vet\u00ebm 20 e.<\/p>\n<p>Athua se edhe p\u00ebr k\u00ebt\u00eb moskok\u00eb\u00e7arje t\u00eb stafit udh\u00ebheq\u00ebs q\u00eb p\u00ebrfoli regjisori , ceremonia e pritjes s\u00eb vitit t\u00eb ri,e organizuar nga komuna, ishte shum\u00eb pak e vizituar nga ulqinak\u00ebt . Mbase regjisori ia q\u00eblloi&#8230;?!!!|!<\/p>\n<p>&nbsp;<\/p>\n","protected":false},"excerpt":{"rendered":"<p>Shkruan Muhamet Nika Rr\u00ebfimi i par\u00eb- Un\u00eb asgj\u00eb s\u2019po kuptoj, po ju..?!! Kur erdhi n\u00eb pushtet Forca e Re Demokratike ajo p\u00ebr t\u00eb p\u00ebrmbushur premtimin e saj parazgjedhor dhe \u201drritur profesionalizmin\u201d, i rrasi n\u00eb komun\u00eb ashtu\u201dt\u00eb rrasur\u201d edhe t\u00eb gjith\u00eb ekspertat e saj. N\u00eb at\u00eb koh\u00eb, thuhet se ngjau nj\u00eb debat\u00eb profesionale e ekspert\u00ebve t\u00eb [&hellip;]<\/p>\n","protected":false},"author":1,"featured_media":0,"comment_status":"closed","ping_status":"closed","sticky":false,"template":"","format":"standard","meta":{"spay_email":"","jetpack_publicize_message":"","jetpack_is_tweetstorm":false,"jetpack_publicize_feature_enabled":true},"categories":[1,14249],"tags":[],"jetpack_publicize_connections":[],"yoast_head":"<!-- This site is optimized with the Yoast SEO plugin v19.1 - https:\/\/yoast.com\/wordpress\/plugins\/seo\/ -->\n<title>Nika: Do ta bajm nji ksoll me kasht\u00eb - kryet mren e bythen jasht\u00eb - Lajme nga Ulqini<\/title>\n<meta name=\"description\" content=\"Shkruan Muhamet Nika Rr\u00ebfimi i par\u00eb- Un\u00eb asgj\u00eb s\u2019po kuptoj, po ju..?!! Kur erdhi n\u00eb pushtet Forca e Re Demokratike ajo p\u00ebr t\u00eb p\u00ebrmbushur premtimin e saj\" \/>\n<meta name=\"robots\" content=\"index, follow, max-snippet:-1, max-image-preview:large, max-video-preview:-1\" \/>\n<link rel=\"canonical\" href=\"https:\/\/www.visit-ulcinj.com\/blog\/2015\/01\/06\/nika-ta-bajm-nji-ksoll-kashte-kryet-mren-e-bythen-jashte\/\" \/>\n<meta property=\"og:locale\" content=\"en_US\" \/>\n<meta property=\"og:type\" content=\"article\" \/>\n<meta property=\"og:title\" content=\"Nika: Do ta bajm nji ksoll me kasht\u00eb - kryet mren e bythen jasht\u00eb - Lajme nga Ulqini\" \/>\n<meta property=\"og:description\" content=\"Shkruan Muhamet Nika Rr\u00ebfimi i par\u00eb- Un\u00eb asgj\u00eb s\u2019po kuptoj, po ju..?!! Kur erdhi n\u00eb pushtet Forca e Re Demokratike ajo p\u00ebr t\u00eb p\u00ebrmbushur premtimin e saj\" \/>\n<meta property=\"og:url\" content=\"https:\/\/www.visit-ulcinj.com\/blog\/2015\/01\/06\/nika-ta-bajm-nji-ksoll-kashte-kryet-mren-e-bythen-jashte\/\" \/>\n<meta property=\"og:site_name\" content=\"Lajme nga Ulqini\" \/>\n<meta property=\"article:published_time\" content=\"2015-01-06T14:54:52+00:00\" \/>\n<meta property=\"article:modified_time\" content=\"2015-01-08T18:16:12+00:00\" \/>\n<meta property=\"og:image\" content=\"http:\/\/www.visit-ulcinj.com\/blog\/wp-content\/uploads\/2015\/01\/Qendra-per-kultur-Ulqin.jpg\" \/>\n<meta name=\"twitter:label1\" content=\"Written by\" \/>\n\t<meta name=\"twitter:data1\" content=\"ulqini\" \/>\n\t<meta name=\"twitter:label2\" content=\"Est. reading time\" \/>\n\t<meta name=\"twitter:data2\" content=\"7 minutes\" \/>\n<script type=\"application\/ld+json\" class=\"yoast-schema-graph\">{\"@context\":\"https:\/\/schema.org\",\"@graph\":[{\"@type\":\"WebSite\",\"@id\":\"https:\/\/www.visit-ulcinj.com\/blog\/#website\",\"url\":\"https:\/\/www.visit-ulcinj.com\/blog\/\",\"name\":\"Lajme nga Ulqini\",\"description\":\"Lajme,Vijesti,Ulqini,Ulqin,Crna Gora,Mali i Zi\",\"potentialAction\":[{\"@type\":\"SearchAction\",\"target\":{\"@type\":\"EntryPoint\",\"urlTemplate\":\"https:\/\/www.visit-ulcinj.com\/blog\/?s={search_term_string}\"},\"query-input\":\"required name=search_term_string\"}],\"inLanguage\":\"en-US\"},{\"@type\":\"ImageObject\",\"inLanguage\":\"en-US\",\"@id\":\"https:\/\/www.visit-ulcinj.com\/blog\/2015\/01\/06\/nika-ta-bajm-nji-ksoll-kashte-kryet-mren-e-bythen-jashte\/#primaryimage\",\"url\":\"https:\/\/www.visit-ulcinj.com\/blog\/wp-content\/uploads\/2015\/01\/Qendra-per-kultur-Ulqin.jpg\",\"contentUrl\":\"https:\/\/www.visit-ulcinj.com\/blog\/wp-content\/uploads\/2015\/01\/Qendra-per-kultur-Ulqin.jpg\",\"width\":698,\"height\":455},{\"@type\":\"WebPage\",\"@id\":\"https:\/\/www.visit-ulcinj.com\/blog\/2015\/01\/06\/nika-ta-bajm-nji-ksoll-kashte-kryet-mren-e-bythen-jashte\/#webpage\",\"url\":\"https:\/\/www.visit-ulcinj.com\/blog\/2015\/01\/06\/nika-ta-bajm-nji-ksoll-kashte-kryet-mren-e-bythen-jashte\/\",\"name\":\"Nika: Do ta bajm nji ksoll me kasht\u00eb - kryet mren e bythen jasht\u00eb - Lajme nga Ulqini\",\"isPartOf\":{\"@id\":\"https:\/\/www.visit-ulcinj.com\/blog\/#website\"},\"primaryImageOfPage\":{\"@id\":\"https:\/\/www.visit-ulcinj.com\/blog\/2015\/01\/06\/nika-ta-bajm-nji-ksoll-kashte-kryet-mren-e-bythen-jashte\/#primaryimage\"},\"datePublished\":\"2015-01-06T14:54:52+00:00\",\"dateModified\":\"2015-01-08T18:16:12+00:00\",\"author\":{\"@id\":\"https:\/\/www.visit-ulcinj.com\/blog\/#\/schema\/person\/dcab619c614d3038751c63bc2aadc06d\"},\"description\":\"Shkruan Muhamet Nika Rr\u00ebfimi i par\u00eb- Un\u00eb asgj\u00eb s\u2019po kuptoj, po ju..?!! Kur erdhi n\u00eb pushtet Forca e Re Demokratike ajo p\u00ebr t\u00eb p\u00ebrmbushur premtimin e saj\",\"breadcrumb\":{\"@id\":\"https:\/\/www.visit-ulcinj.com\/blog\/2015\/01\/06\/nika-ta-bajm-nji-ksoll-kashte-kryet-mren-e-bythen-jashte\/#breadcrumb\"},\"inLanguage\":\"en-US\",\"potentialAction\":[{\"@type\":\"ReadAction\",\"target\":[\"https:\/\/www.visit-ulcinj.com\/blog\/2015\/01\/06\/nika-ta-bajm-nji-ksoll-kashte-kryet-mren-e-bythen-jashte\/\"]}]},{\"@type\":\"BreadcrumbList\",\"@id\":\"https:\/\/www.visit-ulcinj.com\/blog\/2015\/01\/06\/nika-ta-bajm-nji-ksoll-kashte-kryet-mren-e-bythen-jashte\/#breadcrumb\",\"itemListElement\":[{\"@type\":\"ListItem\",\"position\":1,\"name\":\"Nika: Do ta bajm nji ksoll me kasht\u00eb &#8211; kryet mren e bythen jasht\u00eb\"}]},{\"@type\":\"Person\",\"@id\":\"https:\/\/www.visit-ulcinj.com\/blog\/#\/schema\/person\/dcab619c614d3038751c63bc2aadc06d\",\"name\":\"ulqini\",\"sameAs\":[\"http:\/\/www.visit-ulcinj.com\"],\"url\":\"https:\/\/www.visit-ulcinj.com\/blog\/author\/admin\/\"}]}<\/script>\n<!-- \/ Yoast SEO plugin. -->","yoast_head_json":{"title":"Nika: Do ta bajm nji ksoll me kasht\u00eb - kryet mren e bythen jasht\u00eb - Lajme nga Ulqini","description":"Shkruan Muhamet Nika Rr\u00ebfimi i par\u00eb- Un\u00eb asgj\u00eb s\u2019po kuptoj, po ju..?!! Kur erdhi n\u00eb pushtet Forca e Re Demokratike ajo p\u00ebr t\u00eb p\u00ebrmbushur premtimin e saj","robots":{"index":"index","follow":"follow","max-snippet":"max-snippet:-1","max-image-preview":"max-image-preview:large","max-video-preview":"max-video-preview:-1"},"canonical":"https:\/\/www.visit-ulcinj.com\/blog\/2015\/01\/06\/nika-ta-bajm-nji-ksoll-kashte-kryet-mren-e-bythen-jashte\/","og_locale":"en_US","og_type":"article","og_title":"Nika: Do ta bajm nji ksoll me kasht\u00eb - kryet mren e bythen jasht\u00eb - Lajme nga Ulqini","og_description":"Shkruan Muhamet Nika Rr\u00ebfimi i par\u00eb- Un\u00eb asgj\u00eb s\u2019po kuptoj, po ju..?!! Kur erdhi n\u00eb pushtet Forca e Re Demokratike ajo p\u00ebr t\u00eb p\u00ebrmbushur premtimin e saj","og_url":"https:\/\/www.visit-ulcinj.com\/blog\/2015\/01\/06\/nika-ta-bajm-nji-ksoll-kashte-kryet-mren-e-bythen-jashte\/","og_site_name":"Lajme nga Ulqini","article_published_time":"2015-01-06T14:54:52+00:00","article_modified_time":"2015-01-08T18:16:12+00:00","og_image":[{"url":"http:\/\/www.visit-ulcinj.com\/blog\/wp-content\/uploads\/2015\/01\/Qendra-per-kultur-Ulqin.jpg"}],"twitter_misc":{"Written by":"ulqini","Est. reading time":"7 minutes"},"schema":{"@context":"https:\/\/schema.org","@graph":[{"@type":"WebSite","@id":"https:\/\/www.visit-ulcinj.com\/blog\/#website","url":"https:\/\/www.visit-ulcinj.com\/blog\/","name":"Lajme nga Ulqini","description":"Lajme,Vijesti,Ulqini,Ulqin,Crna Gora,Mali i Zi","potentialAction":[{"@type":"SearchAction","target":{"@type":"EntryPoint","urlTemplate":"https:\/\/www.visit-ulcinj.com\/blog\/?s={search_term_string}"},"query-input":"required name=search_term_string"}],"inLanguage":"en-US"},{"@type":"ImageObject","inLanguage":"en-US","@id":"https:\/\/www.visit-ulcinj.com\/blog\/2015\/01\/06\/nika-ta-bajm-nji-ksoll-kashte-kryet-mren-e-bythen-jashte\/#primaryimage","url":"https:\/\/www.visit-ulcinj.com\/blog\/wp-content\/uploads\/2015\/01\/Qendra-per-kultur-Ulqin.jpg","contentUrl":"https:\/\/www.visit-ulcinj.com\/blog\/wp-content\/uploads\/2015\/01\/Qendra-per-kultur-Ulqin.jpg","width":698,"height":455},{"@type":"WebPage","@id":"https:\/\/www.visit-ulcinj.com\/blog\/2015\/01\/06\/nika-ta-bajm-nji-ksoll-kashte-kryet-mren-e-bythen-jashte\/#webpage","url":"https:\/\/www.visit-ulcinj.com\/blog\/2015\/01\/06\/nika-ta-bajm-nji-ksoll-kashte-kryet-mren-e-bythen-jashte\/","name":"Nika: Do ta bajm nji ksoll me kasht\u00eb - kryet mren e bythen jasht\u00eb - Lajme nga Ulqini","isPartOf":{"@id":"https:\/\/www.visit-ulcinj.com\/blog\/#website"},"primaryImageOfPage":{"@id":"https:\/\/www.visit-ulcinj.com\/blog\/2015\/01\/06\/nika-ta-bajm-nji-ksoll-kashte-kryet-mren-e-bythen-jashte\/#primaryimage"},"datePublished":"2015-01-06T14:54:52+00:00","dateModified":"2015-01-08T18:16:12+00:00","author":{"@id":"https:\/\/www.visit-ulcinj.com\/blog\/#\/schema\/person\/dcab619c614d3038751c63bc2aadc06d"},"description":"Shkruan Muhamet Nika Rr\u00ebfimi i par\u00eb- Un\u00eb asgj\u00eb s\u2019po kuptoj, po ju..?!! Kur erdhi n\u00eb pushtet Forca e Re Demokratike ajo p\u00ebr t\u00eb p\u00ebrmbushur premtimin e saj","breadcrumb":{"@id":"https:\/\/www.visit-ulcinj.com\/blog\/2015\/01\/06\/nika-ta-bajm-nji-ksoll-kashte-kryet-mren-e-bythen-jashte\/#breadcrumb"},"inLanguage":"en-US","potentialAction":[{"@type":"ReadAction","target":["https:\/\/www.visit-ulcinj.com\/blog\/2015\/01\/06\/nika-ta-bajm-nji-ksoll-kashte-kryet-mren-e-bythen-jashte\/"]}]},{"@type":"BreadcrumbList","@id":"https:\/\/www.visit-ulcinj.com\/blog\/2015\/01\/06\/nika-ta-bajm-nji-ksoll-kashte-kryet-mren-e-bythen-jashte\/#breadcrumb","itemListElement":[{"@type":"ListItem","position":1,"name":"Nika: Do ta bajm nji ksoll me kasht\u00eb &#8211; kryet mren e bythen jasht\u00eb"}]},{"@type":"Person","@id":"https:\/\/www.visit-ulcinj.com\/blog\/#\/schema\/person\/dcab619c614d3038751c63bc2aadc06d","name":"ulqini","sameAs":["http:\/\/www.visit-ulcinj.com"],"url":"https:\/\/www.visit-ulcinj.com\/blog\/author\/admin\/"}]}},"jetpack_featured_media_url":"","jetpack_sharing_enabled":true,"jetpack_shortlink":"https:\/\/wp.me\/pe6lTn-mLV","_links":{"self":[{"href":"https:\/\/www.visit-ulcinj.com\/blog\/wp-json\/wp\/v2\/posts\/87539"}],"collection":[{"href":"https:\/\/www.visit-ulcinj.com\/blog\/wp-json\/wp\/v2\/posts"}],"about":[{"href":"https:\/\/www.visit-ulcinj.com\/blog\/wp-json\/wp\/v2\/types\/post"}],"author":[{"embeddable":true,"href":"https:\/\/www.visit-ulcinj.com\/blog\/wp-json\/wp\/v2\/users\/1"}],"replies":[{"embeddable":true,"href":"https:\/\/www.visit-ulcinj.com\/blog\/wp-json\/wp\/v2\/comments?post=87539"}],"version-history":[{"count":1,"href":"https:\/\/www.visit-ulcinj.com\/blog\/wp-json\/wp\/v2\/posts\/87539\/revisions"}],"predecessor-version":[{"id":87541,"href":"https:\/\/www.visit-ulcinj.com\/blog\/wp-json\/wp\/v2\/posts\/87539\/revisions\/87541"}],"wp:attachment":[{"href":"https:\/\/www.visit-ulcinj.com\/blog\/wp-json\/wp\/v2\/media?parent=87539"}],"wp:term":[{"taxonomy":"category","embeddable":true,"href":"https:\/\/www.visit-ulcinj.com\/blog\/wp-json\/wp\/v2\/categories?post=87539"},{"taxonomy":"post_tag","embeddable":true,"href":"https:\/\/www.visit-ulcinj.com\/blog\/wp-json\/wp\/v2\/tags?post=87539"}],"curies":[{"name":"wp","href":"https:\/\/api.w.org\/{rel}","templated":true}]}}