{"id":87542,"date":"2015-01-06T16:14:42","date_gmt":"2015-01-06T15:14:42","guid":{"rendered":"http:\/\/www.visit-ulcinj.com\/blog\/?p=87542"},"modified":"2015-01-06T16:22:56","modified_gmt":"2015-01-06T15:22:56","slug":"shkrihet-krimi-ekonomik-kosoves-edhe-ne-ulqin-video","status":"publish","type":"post","link":"https:\/\/www.visit-ulcinj.com\/blog\/2015\/01\/06\/shkrihet-krimi-ekonomik-kosoves-edhe-ne-ulqin-video\/","title":{"rendered":"Shkrihet krimi ekonomik i Kosov\u00ebs edhe n\u00eb Ulqin &#8211; Video"},"content":{"rendered":"<p><strong><a href=\"http:\/\/www.visit-ulcinj.com\/blog\/wp-content\/uploads\/2015\/01\/sekustrimi-i-parave.jpg\"><img loading=\"lazy\" class=\"alignleft wp-image-87544\" src=\"http:\/\/www.visit-ulcinj.com\/blog\/wp-content\/uploads\/2015\/01\/sekustrimi-i-parave.jpg\" alt=\"sekustrimi i parave\" width=\"508\" height=\"363\" \/><\/a>Lufta kund\u00ebr krimit ekonomik i l\u00eb milioner\u00ebt e paligjsh\u00ebm pa asgj\u00eb<\/strong><\/p>\n<h4>Fusha e krimeve ekonomike \u00ebsht\u00eb fush\u00eb e v\u00ebshtir\u00eb dhe shum\u00eb e komplikuar, ngase veprat penale kryhen nga njer\u00ebz intelektual t\u00eb cil\u00ebt i din\u00eb veprimet e tyre dhe i fshehin ato,prandaj edhe luftimi i k\u00ebtyre krimeve \u00ebsht\u00eb m\u00eb i v\u00ebshtir\u00eb n\u00eb krahasim me krimet tjera.<\/h4>\n<p>K\u00ebshtu vler\u00ebson n\u00eb nj\u00eb intervist\u00eb p\u00ebr KosovaPress, Koordinatori p\u00ebr Luftimin e Krimit Ekonomik, Shqipdon Fazliu, i cili thot\u00eb se shum\u00eb zyrtar\u00eb t\u00eb lart\u00eb q\u00eb jan\u00eb b\u00ebr\u00eb milioner\u00eb n\u00eb m\u00ebnyr\u00eb t\u00eb pa ligjshme, do t\u00eb mbesin pa asgj\u00eb.<\/p>\n<p>\u201cKoh\u00ebve t\u00eb fundit \u00ebsht\u00eb folur mjaft p\u00ebr sekuestrime e konfiskime dhe \u00ebsht\u00eb nj\u00eb p\u00ebrshtypje se kjo \u00e7\u00ebshtje shihet me hezitim si nga opinioni ashtu edhe nga mediat. Mir\u00ebpo mund t\u00eb ju sigurojm\u00eb se edhe pse duket mbase e pa besueshme nj\u00eb gj\u00eb e till\u00eb, shum\u00eb shpejt qytetar\u00ebt, mediat, do t\u00eb jen\u00eb d\u00ebshmitar t\u00eb asaj se personat q\u00eb jan\u00eb b\u00ebr\u00eb milioner t\u00eb kund\u00ebr ligjshme s\u00eb shpejti do t\u00eb mbesin pa asnj\u00eb nga ato pasuri q\u00eb i kan\u00eb fituar n\u00eb m\u00ebnyr\u00eb t\u00eb kund\u00ebr ligjshme. Ky \u00ebsht\u00eb nj\u00eb p\u00ebrkushtim seriozdhe i vendosur i organeve t\u00eb ndjekjes dhe kjo me kalimin e koh\u00ebs do ta shihni se do t\u00eb ndodh\u00eb n\u00eb realitet&#8230;.e kemi fjal\u00ebn konkretisht p\u00ebr zyrtar\u00eb t\u00eb lart\u00eb \u201d, thot\u00eb ai.<\/p>\n<p>Fazliu thot\u00eb se fusha e krimeve ekonomike \u00ebsht\u00eb nj\u00eb fush\u00eb e v\u00ebshtir\u00eb dhe shum\u00eb e komplikuar, mir\u00ebpo, organet kompetente po b\u00ebjn\u00eb mjaft p\u00ebr t\u00eb luftuar krimin ekonomik.<\/p>\n<p>\u201cMund t\u00eb themi se n\u00eb fush\u00ebn e krimeve ekonomike p\u00ebrgjith\u00ebsisht b\u00ebhet fjal\u00eb p\u00ebr nj\u00eb fush\u00eb t\u00eb v\u00ebshtir\u00eb, nj\u00eb fush\u00eb t\u00eb komplikuar p\u00ebr vepra penale t\u00eb cilat kryhet nga njer\u00ebz intelektual, nga njer\u00ebz t\u00eb cil\u00ebt i din\u00eb veprimet e tyre dhe tentojn\u00eb q\u00eb ti fshehin ato, andaj luftimi i k\u00ebtyre krimeve \u00ebsht\u00eb m\u00eb i v\u00ebshtir\u00eb dhe m\u00eb specifik n\u00eb krahasim me krimet e tjera\u201d, ka th\u00ebn\u00eb ai.<\/p>\n<p>Se Kosova ka munges\u00eb t\u00eb prokuror\u00ebve t\u00eb aft\u00ebsuar n\u00eb m\u00ebnyr\u00eb t\u00eb posa\u00e7me sa i p\u00ebrket luftimit t\u00eb krimit ekonomik e pranon edhe Koordinatori p\u00ebr Luftimin e Krimit Ekonomik, e k\u00ebt\u00eb ai e thot\u00eb duke u bazuar edhe n\u00eb raportin e fundit t\u00eb progresit.<\/p>\n<p>\u201cKemi raportin e progresit ku thot\u00eb se Kosova ka munges\u00eb t\u00eb prokuror\u00ebve t\u00eb aft\u00ebsuar p\u00ebr luft\u00eb t\u00eb posa\u00e7me sa i p\u00ebrket luftimit t\u00eb krimit ekonomik, si p\u00ebr shembull procedura tenderuese, ne k\u00ebt\u00eb e kemi paralajm\u00ebruar edhe m\u00eb her\u00ebt se sa raporti i progresit, e kemi v\u00ebrejtur po ashtu nj\u00eb gj\u00eb t\u00eb till\u00eb se me t\u00eb v\u00ebrtet\u00eb n\u00eb \u00e7\u00ebshtjen e procedurave tenderuese Kosova nuk ka arritur ndonj\u00eb rezultat t\u00eb duksh\u00ebm\u201d, thot\u00eb ai.<\/p>\n<p>Megjithat\u00eb, Fazliu tregon se n\u00eb k\u00ebt\u00eb drejtim \u00ebsht\u00eb duke u punuar shum\u00eb dhe se shpreson q\u00eb viti 2015 t\u00eb sjell\u00eb nj\u00eb kthes\u00eb sa i p\u00ebrket luftimit t\u00eb m\u00ebnyrave tenderuese.<\/p>\n<p>\u201cPropozimi konkret \u00ebsht\u00eb q\u00eb n\u00eb k\u00ebt\u00eb drejtim t\u00eb kemi prokuror t\u00eb specializuar t\u00eb cil\u00ebt do t\u00eb ndaheshin si nga prokuroria speciale dhe nga prokurorit\u00eb themelore, me fokus t\u00eb ve\u00e7ant\u00eb n\u00eb prokurorin\u00eb themelor\u00eb t\u00eb Prishtin\u00ebs t\u00eb cil\u00ebt do ta kishin fokus t\u00eb posa\u00e7\u00ebm hetimin e tender\u00ebve dhe ideja \u00ebsht\u00eb q\u00eb n\u00eb momentin kur prokuror\u00ebt e till\u00eb do ti angazhojn\u00eb ekskluzivisht n\u00eb procedura tenderuese at\u00ebher\u00eb nga t\u00eb nj\u00ebjt\u00ebt mund t\u00eb presim rezultate konkrete\u201d, tha ai<\/p>\n<p>Sa i p\u00ebrket periudh\u00ebs janar-shtator t\u00eb vitit 2014 jan\u00eb rreth 29 milion euro pasuri t\u00eb sekuestruar, ka treguar Fazliu, duke shtuar m\u00eb tej se jan\u00eb ngrir\u00eb edhe rreth 1 milion euro para kesh, po ashtu edhe 11 sht\u00ebpi, 8 vila ku nj\u00eb nga k\u00ebto gjendet n\u00eb Malin e Zi, n\u00eb Ulqin, m\u00eb pas jan\u00eb sekuestruar edhe 17 banesa, dy objekte nd\u00ebrtimore, motele, nj\u00eb num\u00ebr i caktuar i veturave, lokale afariste, mbi 40 hektar\u00eb tok\u00eb, makineri t\u00eb ndryshme, fabrika e gjera t\u00eb tjera.<\/p>\n<p>\u201cTotali i k\u00ebtyre pasurive t\u00eb sekuestruara kap shum\u00eb rreth 29 milion euro, pra duke pasur parasysh, sidomos krahasimin n\u00eb mes vitit 2013 dhe 2014, viti 2014 sh\u00ebnon nj\u00eb shum\u00ebfishim t\u00eb sekuestrimeven\u00eb krahasim me vitin 2013\u201d, thot\u00eb ai.<\/p>\n<p>Fazliu thot\u00eb se Kosova ka hyr\u00eb binar\u00ebve t\u00eb rrug\u00ebs s\u00eb sekuestrimit dhe se tash po presin q\u00eb shumica e k\u00ebtyre sekuestrimeve t\u00eb kalojn\u00eb n\u00eb faz\u00ebn e konfiskimit p\u00ebrfundimtar, e ku disa prej k\u00ebtyre rasteve jan\u00eb n\u00eb procedura gjyq\u00ebsore, disa prej tyre kan\u00eb arritur n\u00eb gjykat\u00ebn e apelit dhe jan\u00eb n\u00eb hapa p\u00ebrfundimtar n\u00eb realizimin e konfiskimit t\u00eb k\u00ebtyre materialeve q\u00eb jan\u00eb b\u00ebr\u00eb n\u00eb m\u00ebnyr\u00eb t\u00eb jasht\u00eb ligjshme. Kjo b\u00ebn\u00eb q\u00eb k\u00ebto pasuri t\u00eb kthehen tek ata q\u00eb jan\u00eb marr\u00eb, apo edhe ti kthehen shtetit t\u00eb Kosov\u00ebs.<\/p>\n<!--YouTube Error: bad URL entered-->\n<p><strong>Pasuria e konfiskuar e zyrtar\u00ebve t\u00eb lart\u00eb qeveritar\u00eb &#8211; 27 milion\u00eb euro p\u00ebr vet\u00ebm p\u00ebr 6 muaj <\/strong><\/p>\n<p><a href=\"http:\/\/www.visit-ulcinj.com\/blog\/wp-content\/uploads\/2015\/01\/KTV.jpg\"><img loading=\"lazy\" class=\"alignleft wp-image-87543\" src=\"http:\/\/www.visit-ulcinj.com\/blog\/wp-content\/uploads\/2015\/01\/KTV.jpg\" alt=\"KTV\" width=\"508\" height=\"296\" srcset=\"https:\/\/www.visit-ulcinj.com\/blog\/wp-content\/uploads\/2015\/01\/KTV.jpg 646w, https:\/\/www.visit-ulcinj.com\/blog\/wp-content\/uploads\/2015\/01\/KTV-300x175.jpg 300w\" sizes=\"(max-width: 508px) 100vw, 508px\" \/><\/a><\/p>\n<h4>Gjat\u00eb debatit n\u00eb emisionin \u201cPuls\u201d t\u00eb KTV-s\u00eb, ku mysafir\u00eb t\u00eb Mefail Bajqinovcit ishin Shqipdon Fazliu, Koordinator Komb\u00ebtar p\u00ebr luftimin e krimit ekonomik, dhe Liridon Llapashtica, gazetar n\u00eb &#8220;Z\u00ebri&#8221;, \u00ebsht\u00eb b\u00ebr\u00eb publike ekskluzivisht se n\u00eb periudh\u00ebn janar \u2013qershor 2014 jan\u00eb sekuestruar pasuri n\u00eb vler\u00eb prej 27 milion\u00eb euro.<\/h4>\n<p>Fazliu tregoi se n\u00eb k\u00ebto raste konfiskimesh kemi t\u00eb b\u00ebjm\u00eb me pasuri t\u00eb paluajtshme dhe t\u00eb luajtshme.<\/p>\n<p>\u201cBehet fjal\u00eb p\u00ebr 365 mij\u00eb euro para t\u00eb ngrira, 7 sht\u00ebpi, palujtshm\u00ebri 38 hektar\u00eb tok\u00eb, 17 banesa, 2 objekte nd\u00ebrtimore, nj\u00eb motel, 9 vetura, 6 lokale afariste, loj\u00ebra t\u00eb fatit, makineri t\u00eb ndryshme, fabrik\u00eb, klinik\u00eb, restoran, po ashtu \u00ebsht\u00eb n\u00eb proces nj\u00eb vil\u00eb n\u00eb republik\u00ebn e Malit t\u00eb Zi, nj\u00eb vil\u00eb n\u00eb Ulqin. Pra kemi t\u00eb b\u00ebjm\u00eb me sekuestrim q\u00eb do t\u00eb thot\u00eb p\u00ebrkoh\u00ebsisht deri n\u00eb vendimin e gjykat\u00ebs\u201d, ka th\u00ebn\u00eb Fazliu.<\/p>\n<p>Fazliu, me gjith\u00eb insistimin e gazetarit Bajqinovci q\u00eb t\u00eb dihet se kush jan\u00eb k\u00ebta jan\u00eb zyrtar\u00eb t\u00eb shtetit apo biznesmen\u00eb, tha se mundet t\u00eb flas ende me emra.<\/p>\n<p>\u201c&#8230; por b\u00ebhet fjal\u00eb p\u00ebr hetime ku n\u00eb 6 raste jan\u00eb ngritur aktakuza. E di q\u00eb po b\u00ebni presion t\u2019i dini emrat, mir\u00ebpo b\u00ebhet fjal\u00eb p\u00ebr politikan\u00eb, p\u00ebr zyrtar\u00eb t\u00eb qeveris\u00eb dhe qeverive t\u00eb m\u00ebhershme, b\u00ebhet fjal\u00eb p\u00ebr biznesmen\u00eb t\u00eb fuqish\u00ebm dhe zyrtar\u00eb komunal\u00eb. Pra b\u00ebhet fjal\u00eb p\u00ebr figura t\u00eb larta politike. K\u00ebto jan\u00eb hetime prej vitit 2009 e deri n\u00eb vitin 2013\u201d, ka theksuar ai.<\/p>\n<p>Sipas Fazliut, ekspert\u00ebt nd\u00ebrkomb\u00ebtar\u00eb nga analizat e tyre kan\u00eb treguar se shp\u00eblarja e paras\u00eb po b\u00ebhet nga nd\u00ebrtimet.<\/p>\n<p>\u201cP\u00ebr mua s\u2019ka r\u00ebnd\u00ebsi statusi i askujt. Ai person q\u00eb ka p\u00ebrfituar n\u00eb m\u00ebnyr\u00eb t\u00eb paligjshme, do t\u00eb ndiqet, pra duhet t\u00eb bashk\u00ebpunojn\u00eb me neve qytetar\u00ebt\u201d, ka shtuar m\u00eb tej Fazliu.<\/p>\n<p>Gazetari Llapashtica thot\u00eb se i \u00ebsht\u00eb krijuar p\u00ebrshtypja q\u00eb k\u00ebta njer\u00ebz jan\u00eb aq t\u00eb fort\u00eb sa q\u00eb nuk e qajn\u00eb kok\u00ebn se \u00e7ka n\u00ebnshkruajn\u00eb.<\/p>\n<p>Ai u nd\u00ebrlidh n\u00eb rastet e raporteve t\u00eb auditimit. \u201c\u00c7ka po ndodh, e kemi Ministris\u00eb e Mir\u00ebqenies sociale. 3 muaj nuk kan\u00eb marr\u00eb pensione personat me aft\u00ebsi t\u00eb kufizuar. 3 muaj nuk i kan\u00eb marr\u00eb pagat\u201d, ka treguar Llapashtica.<\/p>\n<p>Shqipdon Fazliu, koordinatori komb\u00ebtar p\u00ebr luftimin e krimit ekonomik, tha se po ta \u00e7ojm\u00eb k\u00ebt\u00eb m\u00ebnyr\u00eb t\u00eb pun\u00ebs n\u00eb SHBA, t\u2019i \u00e7ojm\u00eb edhe n\u00eb Amerik\u00eb, do t\u00eb kolapsin.<\/p>\n<p>\u201cEdhe sistemi amerikan do t\u00eb kolapson p\u00ebr tri vite. Ne i kemi krejt raportet nd\u00ebrkomb\u00ebtare q\u00eb tregojn\u00eb se kemi korrupsion dhe sundim t\u00eb dob\u00ebt t\u00eb rendit dhe ligjit. Kosova ka edhe probleme n\u00eb politik\u00ebn nd\u00ebshkimore \u00ebsht\u00eb shum\u00eb i but\u00eb, pra nuk \u00ebsht\u00eb adekuat, pra duhet t\u00eb forcohet\u201d, ka th\u00ebn\u00eb p\u00ebr fund Fazliu.<\/p>\n<p><strong>\u00a0KOHA.net<\/strong><\/p>\n","protected":false},"excerpt":{"rendered":"<p>Lufta kund\u00ebr krimit ekonomik i l\u00eb milioner\u00ebt e paligjsh\u00ebm pa asgj\u00eb Fusha e krimeve ekonomike \u00ebsht\u00eb fush\u00eb e v\u00ebshtir\u00eb dhe shum\u00eb e komplikuar, ngase veprat penale kryhen nga njer\u00ebz intelektual t\u00eb cil\u00ebt i din\u00eb veprimet e tyre dhe i fshehin ato,prandaj edhe luftimi i k\u00ebtyre krimeve \u00ebsht\u00eb m\u00eb i v\u00ebshtir\u00eb n\u00eb krahasim me krimet tjera. [&hellip;]<\/p>\n","protected":false},"author":1,"featured_media":0,"comment_status":"closed","ping_status":"closed","sticky":false,"template":"","format":"standard","meta":{"spay_email":"","jetpack_publicize_message":"","jetpack_is_tweetstorm":false,"jetpack_publicize_feature_enabled":true},"categories":[12],"tags":[],"jetpack_publicize_connections":[],"yoast_head":"<!-- This site is optimized with the Yoast SEO plugin v19.1 - https:\/\/yoast.com\/wordpress\/plugins\/seo\/ -->\n<title>Shkrihet krimi ekonomik i Kosov\u00ebs edhe n\u00eb Ulqin - Video - Lajme nga Ulqini<\/title>\n<meta name=\"description\" content=\"Lufta kund\u00ebr krimit ekonomik i l\u00eb milioner\u00ebt e paligjsh\u00ebm pa asgj\u00eb Fusha e krimeve ekonomike \u00ebsht\u00eb fush\u00eb e v\u00ebshtir\u00eb dhe shum\u00eb e komplikuar, ngase veprat\" \/>\n<meta name=\"robots\" content=\"index, follow, max-snippet:-1, max-image-preview:large, max-video-preview:-1\" \/>\n<link rel=\"canonical\" href=\"https:\/\/www.visit-ulcinj.com\/blog\/2015\/01\/06\/shkrihet-krimi-ekonomik-kosoves-edhe-ne-ulqin-video\/\" \/>\n<meta property=\"og:locale\" content=\"en_US\" \/>\n<meta property=\"og:type\" content=\"article\" \/>\n<meta property=\"og:title\" content=\"Shkrihet krimi ekonomik i Kosov\u00ebs edhe n\u00eb Ulqin - Video - Lajme nga Ulqini\" \/>\n<meta property=\"og:description\" content=\"Lufta kund\u00ebr krimit ekonomik i l\u00eb milioner\u00ebt e paligjsh\u00ebm pa asgj\u00eb Fusha e krimeve ekonomike \u00ebsht\u00eb fush\u00eb e v\u00ebshtir\u00eb dhe shum\u00eb e komplikuar, ngase veprat\" \/>\n<meta property=\"og:url\" content=\"https:\/\/www.visit-ulcinj.com\/blog\/2015\/01\/06\/shkrihet-krimi-ekonomik-kosoves-edhe-ne-ulqin-video\/\" \/>\n<meta property=\"og:site_name\" content=\"Lajme nga Ulqini\" \/>\n<meta property=\"article:published_time\" content=\"2015-01-06T15:14:42+00:00\" \/>\n<meta property=\"article:modified_time\" content=\"2015-01-06T15:22:56+00:00\" \/>\n<meta property=\"og:image\" content=\"http:\/\/www.visit-ulcinj.com\/blog\/wp-content\/uploads\/2015\/01\/sekustrimi-i-parave.jpg\" \/>\n<meta name=\"twitter:label1\" content=\"Written by\" \/>\n\t<meta name=\"twitter:data1\" content=\"ulqini\" \/>\n\t<meta name=\"twitter:label2\" content=\"Est. reading time\" \/>\n\t<meta name=\"twitter:data2\" content=\"7 minutes\" \/>\n<script type=\"application\/ld+json\" class=\"yoast-schema-graph\">{\"@context\":\"https:\/\/schema.org\",\"@graph\":[{\"@type\":\"WebSite\",\"@id\":\"https:\/\/www.visit-ulcinj.com\/blog\/#website\",\"url\":\"https:\/\/www.visit-ulcinj.com\/blog\/\",\"name\":\"Lajme nga Ulqini\",\"description\":\"Lajme,Vijesti,Ulqini,Ulqin,Crna Gora,Mali i Zi\",\"potentialAction\":[{\"@type\":\"SearchAction\",\"target\":{\"@type\":\"EntryPoint\",\"urlTemplate\":\"https:\/\/www.visit-ulcinj.com\/blog\/?s={search_term_string}\"},\"query-input\":\"required name=search_term_string\"}],\"inLanguage\":\"en-US\"},{\"@type\":\"ImageObject\",\"inLanguage\":\"en-US\",\"@id\":\"https:\/\/www.visit-ulcinj.com\/blog\/2015\/01\/06\/shkrihet-krimi-ekonomik-kosoves-edhe-ne-ulqin-video\/#primaryimage\",\"url\":\"http:\/\/www.visit-ulcinj.com\/blog\/wp-content\/uploads\/2015\/01\/sekustrimi-i-parave.jpg\",\"contentUrl\":\"http:\/\/www.visit-ulcinj.com\/blog\/wp-content\/uploads\/2015\/01\/sekustrimi-i-parave.jpg\"},{\"@type\":\"WebPage\",\"@id\":\"https:\/\/www.visit-ulcinj.com\/blog\/2015\/01\/06\/shkrihet-krimi-ekonomik-kosoves-edhe-ne-ulqin-video\/#webpage\",\"url\":\"https:\/\/www.visit-ulcinj.com\/blog\/2015\/01\/06\/shkrihet-krimi-ekonomik-kosoves-edhe-ne-ulqin-video\/\",\"name\":\"Shkrihet krimi ekonomik i Kosov\u00ebs edhe n\u00eb Ulqin - Video - Lajme nga Ulqini\",\"isPartOf\":{\"@id\":\"https:\/\/www.visit-ulcinj.com\/blog\/#website\"},\"primaryImageOfPage\":{\"@id\":\"https:\/\/www.visit-ulcinj.com\/blog\/2015\/01\/06\/shkrihet-krimi-ekonomik-kosoves-edhe-ne-ulqin-video\/#primaryimage\"},\"datePublished\":\"2015-01-06T15:14:42+00:00\",\"dateModified\":\"2015-01-06T15:22:56+00:00\",\"author\":{\"@id\":\"https:\/\/www.visit-ulcinj.com\/blog\/#\/schema\/person\/dcab619c614d3038751c63bc2aadc06d\"},\"description\":\"Lufta kund\u00ebr krimit ekonomik i l\u00eb milioner\u00ebt e paligjsh\u00ebm pa asgj\u00eb Fusha e krimeve ekonomike \u00ebsht\u00eb fush\u00eb e v\u00ebshtir\u00eb dhe shum\u00eb e komplikuar, ngase veprat\",\"breadcrumb\":{\"@id\":\"https:\/\/www.visit-ulcinj.com\/blog\/2015\/01\/06\/shkrihet-krimi-ekonomik-kosoves-edhe-ne-ulqin-video\/#breadcrumb\"},\"inLanguage\":\"en-US\",\"potentialAction\":[{\"@type\":\"ReadAction\",\"target\":[\"https:\/\/www.visit-ulcinj.com\/blog\/2015\/01\/06\/shkrihet-krimi-ekonomik-kosoves-edhe-ne-ulqin-video\/\"]}]},{\"@type\":\"BreadcrumbList\",\"@id\":\"https:\/\/www.visit-ulcinj.com\/blog\/2015\/01\/06\/shkrihet-krimi-ekonomik-kosoves-edhe-ne-ulqin-video\/#breadcrumb\",\"itemListElement\":[{\"@type\":\"ListItem\",\"position\":1,\"name\":\"Shkrihet krimi ekonomik i Kosov\u00ebs edhe n\u00eb Ulqin &#8211; Video\"}]},{\"@type\":\"Person\",\"@id\":\"https:\/\/www.visit-ulcinj.com\/blog\/#\/schema\/person\/dcab619c614d3038751c63bc2aadc06d\",\"name\":\"ulqini\",\"sameAs\":[\"http:\/\/www.visit-ulcinj.com\"],\"url\":\"https:\/\/www.visit-ulcinj.com\/blog\/author\/admin\/\"}]}<\/script>\n<!-- \/ Yoast SEO plugin. -->","yoast_head_json":{"title":"Shkrihet krimi ekonomik i Kosov\u00ebs edhe n\u00eb Ulqin - Video - Lajme nga Ulqini","description":"Lufta kund\u00ebr krimit ekonomik i l\u00eb milioner\u00ebt e paligjsh\u00ebm pa asgj\u00eb Fusha e krimeve ekonomike \u00ebsht\u00eb fush\u00eb e v\u00ebshtir\u00eb dhe shum\u00eb e komplikuar, ngase veprat","robots":{"index":"index","follow":"follow","max-snippet":"max-snippet:-1","max-image-preview":"max-image-preview:large","max-video-preview":"max-video-preview:-1"},"canonical":"https:\/\/www.visit-ulcinj.com\/blog\/2015\/01\/06\/shkrihet-krimi-ekonomik-kosoves-edhe-ne-ulqin-video\/","og_locale":"en_US","og_type":"article","og_title":"Shkrihet krimi ekonomik i Kosov\u00ebs edhe n\u00eb Ulqin - Video - Lajme nga Ulqini","og_description":"Lufta kund\u00ebr krimit ekonomik i l\u00eb milioner\u00ebt e paligjsh\u00ebm pa asgj\u00eb Fusha e krimeve ekonomike \u00ebsht\u00eb fush\u00eb e v\u00ebshtir\u00eb dhe shum\u00eb e komplikuar, ngase veprat","og_url":"https:\/\/www.visit-ulcinj.com\/blog\/2015\/01\/06\/shkrihet-krimi-ekonomik-kosoves-edhe-ne-ulqin-video\/","og_site_name":"Lajme nga Ulqini","article_published_time":"2015-01-06T15:14:42+00:00","article_modified_time":"2015-01-06T15:22:56+00:00","og_image":[{"url":"http:\/\/www.visit-ulcinj.com\/blog\/wp-content\/uploads\/2015\/01\/sekustrimi-i-parave.jpg"}],"twitter_misc":{"Written by":"ulqini","Est. reading time":"7 minutes"},"schema":{"@context":"https:\/\/schema.org","@graph":[{"@type":"WebSite","@id":"https:\/\/www.visit-ulcinj.com\/blog\/#website","url":"https:\/\/www.visit-ulcinj.com\/blog\/","name":"Lajme nga Ulqini","description":"Lajme,Vijesti,Ulqini,Ulqin,Crna Gora,Mali i Zi","potentialAction":[{"@type":"SearchAction","target":{"@type":"EntryPoint","urlTemplate":"https:\/\/www.visit-ulcinj.com\/blog\/?s={search_term_string}"},"query-input":"required name=search_term_string"}],"inLanguage":"en-US"},{"@type":"ImageObject","inLanguage":"en-US","@id":"https:\/\/www.visit-ulcinj.com\/blog\/2015\/01\/06\/shkrihet-krimi-ekonomik-kosoves-edhe-ne-ulqin-video\/#primaryimage","url":"http:\/\/www.visit-ulcinj.com\/blog\/wp-content\/uploads\/2015\/01\/sekustrimi-i-parave.jpg","contentUrl":"http:\/\/www.visit-ulcinj.com\/blog\/wp-content\/uploads\/2015\/01\/sekustrimi-i-parave.jpg"},{"@type":"WebPage","@id":"https:\/\/www.visit-ulcinj.com\/blog\/2015\/01\/06\/shkrihet-krimi-ekonomik-kosoves-edhe-ne-ulqin-video\/#webpage","url":"https:\/\/www.visit-ulcinj.com\/blog\/2015\/01\/06\/shkrihet-krimi-ekonomik-kosoves-edhe-ne-ulqin-video\/","name":"Shkrihet krimi ekonomik i Kosov\u00ebs edhe n\u00eb Ulqin - Video - Lajme nga Ulqini","isPartOf":{"@id":"https:\/\/www.visit-ulcinj.com\/blog\/#website"},"primaryImageOfPage":{"@id":"https:\/\/www.visit-ulcinj.com\/blog\/2015\/01\/06\/shkrihet-krimi-ekonomik-kosoves-edhe-ne-ulqin-video\/#primaryimage"},"datePublished":"2015-01-06T15:14:42+00:00","dateModified":"2015-01-06T15:22:56+00:00","author":{"@id":"https:\/\/www.visit-ulcinj.com\/blog\/#\/schema\/person\/dcab619c614d3038751c63bc2aadc06d"},"description":"Lufta kund\u00ebr krimit ekonomik i l\u00eb milioner\u00ebt e paligjsh\u00ebm pa asgj\u00eb Fusha e krimeve ekonomike \u00ebsht\u00eb fush\u00eb e v\u00ebshtir\u00eb dhe shum\u00eb e komplikuar, ngase veprat","breadcrumb":{"@id":"https:\/\/www.visit-ulcinj.com\/blog\/2015\/01\/06\/shkrihet-krimi-ekonomik-kosoves-edhe-ne-ulqin-video\/#breadcrumb"},"inLanguage":"en-US","potentialAction":[{"@type":"ReadAction","target":["https:\/\/www.visit-ulcinj.com\/blog\/2015\/01\/06\/shkrihet-krimi-ekonomik-kosoves-edhe-ne-ulqin-video\/"]}]},{"@type":"BreadcrumbList","@id":"https:\/\/www.visit-ulcinj.com\/blog\/2015\/01\/06\/shkrihet-krimi-ekonomik-kosoves-edhe-ne-ulqin-video\/#breadcrumb","itemListElement":[{"@type":"ListItem","position":1,"name":"Shkrihet krimi ekonomik i Kosov\u00ebs edhe n\u00eb Ulqin &#8211; Video"}]},{"@type":"Person","@id":"https:\/\/www.visit-ulcinj.com\/blog\/#\/schema\/person\/dcab619c614d3038751c63bc2aadc06d","name":"ulqini","sameAs":["http:\/\/www.visit-ulcinj.com"],"url":"https:\/\/www.visit-ulcinj.com\/blog\/author\/admin\/"}]}},"jetpack_featured_media_url":"","jetpack_sharing_enabled":true,"jetpack_shortlink":"https:\/\/wp.me\/pe6lTn-mLY","_links":{"self":[{"href":"https:\/\/www.visit-ulcinj.com\/blog\/wp-json\/wp\/v2\/posts\/87542"}],"collection":[{"href":"https:\/\/www.visit-ulcinj.com\/blog\/wp-json\/wp\/v2\/posts"}],"about":[{"href":"https:\/\/www.visit-ulcinj.com\/blog\/wp-json\/wp\/v2\/types\/post"}],"author":[{"embeddable":true,"href":"https:\/\/www.visit-ulcinj.com\/blog\/wp-json\/wp\/v2\/users\/1"}],"replies":[{"embeddable":true,"href":"https:\/\/www.visit-ulcinj.com\/blog\/wp-json\/wp\/v2\/comments?post=87542"}],"version-history":[{"count":2,"href":"https:\/\/www.visit-ulcinj.com\/blog\/wp-json\/wp\/v2\/posts\/87542\/revisions"}],"predecessor-version":[{"id":87546,"href":"https:\/\/www.visit-ulcinj.com\/blog\/wp-json\/wp\/v2\/posts\/87542\/revisions\/87546"}],"wp:attachment":[{"href":"https:\/\/www.visit-ulcinj.com\/blog\/wp-json\/wp\/v2\/media?parent=87542"}],"wp:term":[{"taxonomy":"category","embeddable":true,"href":"https:\/\/www.visit-ulcinj.com\/blog\/wp-json\/wp\/v2\/categories?post=87542"},{"taxonomy":"post_tag","embeddable":true,"href":"https:\/\/www.visit-ulcinj.com\/blog\/wp-json\/wp\/v2\/tags?post=87542"}],"curies":[{"name":"wp","href":"https:\/\/api.w.org\/{rel}","templated":true}]}}