{"id":87571,"date":"2015-01-08T20:14:40","date_gmt":"2015-01-08T19:14:40","guid":{"rendered":"http:\/\/www.visit-ulcinj.com\/blog\/?p=87571"},"modified":"2015-01-08T20:14:40","modified_gmt":"2015-01-08T19:14:40","slug":"drejtori-zadrima-kenaqur-performansen-e-nxeneseve-video","status":"publish","type":"post","link":"https:\/\/www.visit-ulcinj.com\/blog\/2015\/01\/08\/drejtori-zadrima-kenaqur-performansen-e-nxeneseve-video\/","title":{"rendered":"Drejtori Zadrima i k\u00ebnaqur me performansen e nx\u00ebn\u00ebseve &#8211; Video"},"content":{"rendered":"<p><a href=\"http:\/\/www.visit-ulcinj.com\/blog\/wp-content\/uploads\/2015\/01\/Drejtori-Zadrima-Hatixhe-Nelaj.jpg\"><img loading=\"lazy\" class=\"alignleft wp-image-87572\" src=\"http:\/\/www.visit-ulcinj.com\/blog\/wp-content\/uploads\/2015\/01\/Drejtori-Zadrima-Hatixhe-Nelaj.jpg\" alt=\"Drejtori Zadrima-Hatixhe-Nelaj\" width=\"508\" height=\"406\" srcset=\"https:\/\/www.visit-ulcinj.com\/blog\/wp-content\/uploads\/2015\/01\/Drejtori-Zadrima-Hatixhe-Nelaj.jpg 720w, https:\/\/www.visit-ulcinj.com\/blog\/wp-content\/uploads\/2015\/01\/Drejtori-Zadrima-Hatixhe-Nelaj-300x240.jpg 300w\" sizes=\"(max-width: 508px) 100vw, 508px\" \/><\/a>Nga 1 janari\u00a0 nisen pushimet p\u00ebr nx\u00ebn\u00ebsit e shkollave fillore dhe t\u00eb mesme,nd\u00ebrkaq me 26 janar do filloi gjysm\u00ebvjetori i dyt\u00eb,t\u00eb vitit kalendarik 2014\/2015.<\/p>\n<p>N\u00eb shkoll\u00ebn fillore\u201dMareshali Tito \u201cjan\u00eb t\u00eb regjistruar 1,130 nx\u00ebn\u00ebs t\u00eb ndar\u00eb n\u00eb 32 paralele. Drejtori\u00a0 i shkoll\u00ebs n\u00eb fjal\u00eb Martin Zadrima shprehet i k\u00ebnaqur me arritjen e rezultateve t\u00eb nx\u00ebn\u00ebseve. Me nota pozitive rezultojn\u00eb 85% e nx\u00ebn\u00ebseve ,nd\u00ebrsa negative 15%, raporton Portali TvTeuta.<\/p>\n<p>\u201c K\u00ebt\u00eb vit kemi nj\u00eb rezultat m\u00eb t\u00eb mir\u00eb t\u00eb suksesit t\u00eb nx\u00ebn\u00ebsve,n\u00eb krahasim me nj\u00eb vit m\u00eb her\u00ebt,kushtet m\u00eb t\u00eb mira p\u00ebr m\u00ebsim si duket kan\u00eb ndikuar edhe n\u00eb\u00a0 suksesin e nx\u00ebn\u00ebsve,pasi q\u00eb kemi b\u00ebr\u00eb shum\u00eb investime n\u00eb p\u00ebrmir\u00ebsimin e kushteve n\u00eb shkoll\u00eb\u201d -shprehet Zadrima.<\/p>\n<p>Riparimet e shkoll\u00ebs kapin koston prej 700 mij\u00eb euro,pa llogaritur g\u00eblqerosjen e ambienteve t\u00eb shkoll\u00ebs,investim t\u00eb cilin e b\u00ebn\u00eb vet\u00eb shkolla. Jan\u00eb riparuar pullazi i shkoll\u00ebs,sistemi i ri i ngrohjes qendrore,pastaj \u00ebsht\u00eb investuar n\u00eb nd\u00ebrrimin e dritareve,riparimi i banjave,por akoma mbetet shum\u00eb pa u b\u00ebr\u00eb pasi q\u00eb n\u00eb k\u00ebt\u00eb shkoll\u00eb nuk \u00ebsht\u00eb investuar gj\u00eb nga nd\u00ebrtimi i saj n\u00eb vitin 1979.<\/p>\n<p>Zadrima apelon tek prind\u00ebrit tan\u00eb q\u00eb t\u00eb punojn\u00eb me f\u00ebmij\u00ebt e tyre,q\u00eb t\u00eb ruajn\u00eb\u00a0 ambientin e shkoll\u00ebs orendit\u00eb e\u00a0 t\u00eb tjerat,pasi q\u00eb shpesh kemi raste kur\u00eb q\u00ebllimisht thyhen dyert,dritaret,apo di\u00e7ka tjet\u00ebr.<\/p>\n<!--YouTube Error: bad URL entered-->\n","protected":false},"excerpt":{"rendered":"<p>Nga 1 janari\u00a0 nisen pushimet p\u00ebr nx\u00ebn\u00ebsit e shkollave fillore dhe t\u00eb mesme,nd\u00ebrkaq me 26 janar do filloi gjysm\u00ebvjetori i dyt\u00eb,t\u00eb vitit kalendarik 2014\/2015. N\u00eb shkoll\u00ebn fillore\u201dMareshali Tito \u201cjan\u00eb t\u00eb regjistruar 1,130 nx\u00ebn\u00ebs t\u00eb ndar\u00eb n\u00eb 32 paralele. Drejtori\u00a0 i shkoll\u00ebs n\u00eb fjal\u00eb Martin Zadrima shprehet i k\u00ebnaqur me arritjen e rezultateve t\u00eb nx\u00ebn\u00ebseve. Me [&hellip;]<\/p>\n","protected":false},"author":1,"featured_media":0,"comment_status":"closed","ping_status":"closed","sticky":false,"template":"","format":"standard","meta":{"spay_email":"","jetpack_publicize_message":"","jetpack_is_tweetstorm":false,"jetpack_publicize_feature_enabled":true},"categories":[4],"tags":[],"jetpack_publicize_connections":[],"yoast_head":"<!-- This site is optimized with the Yoast SEO plugin v19.1 - https:\/\/yoast.com\/wordpress\/plugins\/seo\/ -->\n<title>Drejtori Zadrima i k\u00ebnaqur me performansen e nx\u00ebn\u00ebseve - Video - Lajme nga Ulqini<\/title>\n<meta name=\"description\" content=\"Nga 1 janari\u00a0 nisen pushimet p\u00ebr nx\u00ebn\u00ebsit e shkollave fillore dhe t\u00eb mesme,nd\u00ebrkaq me 26 janar do filloi gjysm\u00ebvjetori i dyt\u00eb,t\u00eb vitit kalendarik\" \/>\n<meta name=\"robots\" content=\"index, follow, max-snippet:-1, max-image-preview:large, max-video-preview:-1\" \/>\n<link rel=\"canonical\" href=\"https:\/\/www.visit-ulcinj.com\/blog\/2015\/01\/08\/drejtori-zadrima-kenaqur-performansen-e-nxeneseve-video\/\" \/>\n<meta property=\"og:locale\" content=\"en_US\" \/>\n<meta property=\"og:type\" content=\"article\" \/>\n<meta property=\"og:title\" content=\"Drejtori Zadrima i k\u00ebnaqur me performansen e nx\u00ebn\u00ebseve - Video - Lajme nga Ulqini\" \/>\n<meta property=\"og:description\" content=\"Nga 1 janari\u00a0 nisen pushimet p\u00ebr nx\u00ebn\u00ebsit e shkollave fillore dhe t\u00eb mesme,nd\u00ebrkaq me 26 janar do filloi gjysm\u00ebvjetori i dyt\u00eb,t\u00eb vitit kalendarik\" \/>\n<meta property=\"og:url\" content=\"https:\/\/www.visit-ulcinj.com\/blog\/2015\/01\/08\/drejtori-zadrima-kenaqur-performansen-e-nxeneseve-video\/\" \/>\n<meta property=\"og:site_name\" content=\"Lajme nga Ulqini\" \/>\n<meta property=\"article:published_time\" content=\"2015-01-08T19:14:40+00:00\" \/>\n<meta property=\"og:image\" content=\"http:\/\/www.visit-ulcinj.com\/blog\/wp-content\/uploads\/2015\/01\/Drejtori-Zadrima-Hatixhe-Nelaj.jpg\" \/>\n<meta name=\"twitter:label1\" content=\"Written by\" \/>\n\t<meta name=\"twitter:data1\" content=\"ulqini\" \/>\n\t<meta name=\"twitter:label2\" content=\"Est. reading time\" \/>\n\t<meta name=\"twitter:data2\" content=\"1 minute\" \/>\n<script type=\"application\/ld+json\" class=\"yoast-schema-graph\">{\"@context\":\"https:\/\/schema.org\",\"@graph\":[{\"@type\":\"WebSite\",\"@id\":\"https:\/\/www.visit-ulcinj.com\/blog\/#website\",\"url\":\"https:\/\/www.visit-ulcinj.com\/blog\/\",\"name\":\"Lajme nga Ulqini\",\"description\":\"Lajme,Vijesti,Ulqini,Ulqin,Crna Gora,Mali i Zi\",\"potentialAction\":[{\"@type\":\"SearchAction\",\"target\":{\"@type\":\"EntryPoint\",\"urlTemplate\":\"https:\/\/www.visit-ulcinj.com\/blog\/?s={search_term_string}\"},\"query-input\":\"required name=search_term_string\"}],\"inLanguage\":\"en-US\"},{\"@type\":\"ImageObject\",\"inLanguage\":\"en-US\",\"@id\":\"https:\/\/www.visit-ulcinj.com\/blog\/2015\/01\/08\/drejtori-zadrima-kenaqur-performansen-e-nxeneseve-video\/#primaryimage\",\"url\":\"https:\/\/www.visit-ulcinj.com\/blog\/wp-content\/uploads\/2015\/01\/Drejtori-Zadrima-Hatixhe-Nelaj.jpg\",\"contentUrl\":\"https:\/\/www.visit-ulcinj.com\/blog\/wp-content\/uploads\/2015\/01\/Drejtori-Zadrima-Hatixhe-Nelaj.jpg\",\"width\":720,\"height\":576},{\"@type\":\"WebPage\",\"@id\":\"https:\/\/www.visit-ulcinj.com\/blog\/2015\/01\/08\/drejtori-zadrima-kenaqur-performansen-e-nxeneseve-video\/#webpage\",\"url\":\"https:\/\/www.visit-ulcinj.com\/blog\/2015\/01\/08\/drejtori-zadrima-kenaqur-performansen-e-nxeneseve-video\/\",\"name\":\"Drejtori Zadrima i k\u00ebnaqur me performansen e nx\u00ebn\u00ebseve - Video - Lajme nga Ulqini\",\"isPartOf\":{\"@id\":\"https:\/\/www.visit-ulcinj.com\/blog\/#website\"},\"primaryImageOfPage\":{\"@id\":\"https:\/\/www.visit-ulcinj.com\/blog\/2015\/01\/08\/drejtori-zadrima-kenaqur-performansen-e-nxeneseve-video\/#primaryimage\"},\"datePublished\":\"2015-01-08T19:14:40+00:00\",\"dateModified\":\"2015-01-08T19:14:40+00:00\",\"author\":{\"@id\":\"https:\/\/www.visit-ulcinj.com\/blog\/#\/schema\/person\/dcab619c614d3038751c63bc2aadc06d\"},\"description\":\"Nga 1 janari\u00a0 nisen pushimet p\u00ebr nx\u00ebn\u00ebsit e shkollave fillore dhe t\u00eb mesme,nd\u00ebrkaq me 26 janar do filloi gjysm\u00ebvjetori i dyt\u00eb,t\u00eb vitit kalendarik\",\"breadcrumb\":{\"@id\":\"https:\/\/www.visit-ulcinj.com\/blog\/2015\/01\/08\/drejtori-zadrima-kenaqur-performansen-e-nxeneseve-video\/#breadcrumb\"},\"inLanguage\":\"en-US\",\"potentialAction\":[{\"@type\":\"ReadAction\",\"target\":[\"https:\/\/www.visit-ulcinj.com\/blog\/2015\/01\/08\/drejtori-zadrima-kenaqur-performansen-e-nxeneseve-video\/\"]}]},{\"@type\":\"BreadcrumbList\",\"@id\":\"https:\/\/www.visit-ulcinj.com\/blog\/2015\/01\/08\/drejtori-zadrima-kenaqur-performansen-e-nxeneseve-video\/#breadcrumb\",\"itemListElement\":[{\"@type\":\"ListItem\",\"position\":1,\"name\":\"Drejtori Zadrima i k\u00ebnaqur me performansen e nx\u00ebn\u00ebseve &#8211; Video\"}]},{\"@type\":\"Person\",\"@id\":\"https:\/\/www.visit-ulcinj.com\/blog\/#\/schema\/person\/dcab619c614d3038751c63bc2aadc06d\",\"name\":\"ulqini\",\"sameAs\":[\"http:\/\/www.visit-ulcinj.com\"],\"url\":\"https:\/\/www.visit-ulcinj.com\/blog\/author\/admin\/\"}]}<\/script>\n<!-- \/ Yoast SEO plugin. -->","yoast_head_json":{"title":"Drejtori Zadrima i k\u00ebnaqur me performansen e nx\u00ebn\u00ebseve - Video - Lajme nga Ulqini","description":"Nga 1 janari\u00a0 nisen pushimet p\u00ebr nx\u00ebn\u00ebsit e shkollave fillore dhe t\u00eb mesme,nd\u00ebrkaq me 26 janar do filloi gjysm\u00ebvjetori i dyt\u00eb,t\u00eb vitit kalendarik","robots":{"index":"index","follow":"follow","max-snippet":"max-snippet:-1","max-image-preview":"max-image-preview:large","max-video-preview":"max-video-preview:-1"},"canonical":"https:\/\/www.visit-ulcinj.com\/blog\/2015\/01\/08\/drejtori-zadrima-kenaqur-performansen-e-nxeneseve-video\/","og_locale":"en_US","og_type":"article","og_title":"Drejtori Zadrima i k\u00ebnaqur me performansen e nx\u00ebn\u00ebseve - Video - Lajme nga Ulqini","og_description":"Nga 1 janari\u00a0 nisen pushimet p\u00ebr nx\u00ebn\u00ebsit e shkollave fillore dhe t\u00eb mesme,nd\u00ebrkaq me 26 janar do filloi gjysm\u00ebvjetori i dyt\u00eb,t\u00eb vitit kalendarik","og_url":"https:\/\/www.visit-ulcinj.com\/blog\/2015\/01\/08\/drejtori-zadrima-kenaqur-performansen-e-nxeneseve-video\/","og_site_name":"Lajme nga Ulqini","article_published_time":"2015-01-08T19:14:40+00:00","og_image":[{"url":"http:\/\/www.visit-ulcinj.com\/blog\/wp-content\/uploads\/2015\/01\/Drejtori-Zadrima-Hatixhe-Nelaj.jpg"}],"twitter_misc":{"Written by":"ulqini","Est. reading time":"1 minute"},"schema":{"@context":"https:\/\/schema.org","@graph":[{"@type":"WebSite","@id":"https:\/\/www.visit-ulcinj.com\/blog\/#website","url":"https:\/\/www.visit-ulcinj.com\/blog\/","name":"Lajme nga Ulqini","description":"Lajme,Vijesti,Ulqini,Ulqin,Crna Gora,Mali i Zi","potentialAction":[{"@type":"SearchAction","target":{"@type":"EntryPoint","urlTemplate":"https:\/\/www.visit-ulcinj.com\/blog\/?s={search_term_string}"},"query-input":"required name=search_term_string"}],"inLanguage":"en-US"},{"@type":"ImageObject","inLanguage":"en-US","@id":"https:\/\/www.visit-ulcinj.com\/blog\/2015\/01\/08\/drejtori-zadrima-kenaqur-performansen-e-nxeneseve-video\/#primaryimage","url":"https:\/\/www.visit-ulcinj.com\/blog\/wp-content\/uploads\/2015\/01\/Drejtori-Zadrima-Hatixhe-Nelaj.jpg","contentUrl":"https:\/\/www.visit-ulcinj.com\/blog\/wp-content\/uploads\/2015\/01\/Drejtori-Zadrima-Hatixhe-Nelaj.jpg","width":720,"height":576},{"@type":"WebPage","@id":"https:\/\/www.visit-ulcinj.com\/blog\/2015\/01\/08\/drejtori-zadrima-kenaqur-performansen-e-nxeneseve-video\/#webpage","url":"https:\/\/www.visit-ulcinj.com\/blog\/2015\/01\/08\/drejtori-zadrima-kenaqur-performansen-e-nxeneseve-video\/","name":"Drejtori Zadrima i k\u00ebnaqur me performansen e nx\u00ebn\u00ebseve - Video - Lajme nga Ulqini","isPartOf":{"@id":"https:\/\/www.visit-ulcinj.com\/blog\/#website"},"primaryImageOfPage":{"@id":"https:\/\/www.visit-ulcinj.com\/blog\/2015\/01\/08\/drejtori-zadrima-kenaqur-performansen-e-nxeneseve-video\/#primaryimage"},"datePublished":"2015-01-08T19:14:40+00:00","dateModified":"2015-01-08T19:14:40+00:00","author":{"@id":"https:\/\/www.visit-ulcinj.com\/blog\/#\/schema\/person\/dcab619c614d3038751c63bc2aadc06d"},"description":"Nga 1 janari\u00a0 nisen pushimet p\u00ebr nx\u00ebn\u00ebsit e shkollave fillore dhe t\u00eb mesme,nd\u00ebrkaq me 26 janar do filloi gjysm\u00ebvjetori i dyt\u00eb,t\u00eb vitit kalendarik","breadcrumb":{"@id":"https:\/\/www.visit-ulcinj.com\/blog\/2015\/01\/08\/drejtori-zadrima-kenaqur-performansen-e-nxeneseve-video\/#breadcrumb"},"inLanguage":"en-US","potentialAction":[{"@type":"ReadAction","target":["https:\/\/www.visit-ulcinj.com\/blog\/2015\/01\/08\/drejtori-zadrima-kenaqur-performansen-e-nxeneseve-video\/"]}]},{"@type":"BreadcrumbList","@id":"https:\/\/www.visit-ulcinj.com\/blog\/2015\/01\/08\/drejtori-zadrima-kenaqur-performansen-e-nxeneseve-video\/#breadcrumb","itemListElement":[{"@type":"ListItem","position":1,"name":"Drejtori Zadrima i k\u00ebnaqur me performansen e nx\u00ebn\u00ebseve &#8211; Video"}]},{"@type":"Person","@id":"https:\/\/www.visit-ulcinj.com\/blog\/#\/schema\/person\/dcab619c614d3038751c63bc2aadc06d","name":"ulqini","sameAs":["http:\/\/www.visit-ulcinj.com"],"url":"https:\/\/www.visit-ulcinj.com\/blog\/author\/admin\/"}]}},"jetpack_featured_media_url":"","jetpack_sharing_enabled":true,"jetpack_shortlink":"https:\/\/wp.me\/pe6lTn-mMr","_links":{"self":[{"href":"https:\/\/www.visit-ulcinj.com\/blog\/wp-json\/wp\/v2\/posts\/87571"}],"collection":[{"href":"https:\/\/www.visit-ulcinj.com\/blog\/wp-json\/wp\/v2\/posts"}],"about":[{"href":"https:\/\/www.visit-ulcinj.com\/blog\/wp-json\/wp\/v2\/types\/post"}],"author":[{"embeddable":true,"href":"https:\/\/www.visit-ulcinj.com\/blog\/wp-json\/wp\/v2\/users\/1"}],"replies":[{"embeddable":true,"href":"https:\/\/www.visit-ulcinj.com\/blog\/wp-json\/wp\/v2\/comments?post=87571"}],"version-history":[{"count":1,"href":"https:\/\/www.visit-ulcinj.com\/blog\/wp-json\/wp\/v2\/posts\/87571\/revisions"}],"predecessor-version":[{"id":87573,"href":"https:\/\/www.visit-ulcinj.com\/blog\/wp-json\/wp\/v2\/posts\/87571\/revisions\/87573"}],"wp:attachment":[{"href":"https:\/\/www.visit-ulcinj.com\/blog\/wp-json\/wp\/v2\/media?parent=87571"}],"wp:term":[{"taxonomy":"category","embeddable":true,"href":"https:\/\/www.visit-ulcinj.com\/blog\/wp-json\/wp\/v2\/categories?post=87571"},{"taxonomy":"post_tag","embeddable":true,"href":"https:\/\/www.visit-ulcinj.com\/blog\/wp-json\/wp\/v2\/tags?post=87571"}],"curies":[{"name":"wp","href":"https:\/\/api.w.org\/{rel}","templated":true}]}}