{"id":87578,"date":"2015-01-09T00:19:47","date_gmt":"2015-01-08T23:19:47","guid":{"rendered":"http:\/\/www.visit-ulcinj.com\/blog\/?p=87578"},"modified":"2015-01-09T00:20:18","modified_gmt":"2015-01-08T23:20:18","slug":"ld-ne-mz-telegram-ngushellimi-ambasades-franceze-ne-podgorice","status":"publish","type":"post","link":"https:\/\/www.visit-ulcinj.com\/blog\/2015\/01\/09\/ld-ne-mz-telegram-ngushellimi-ambasades-franceze-ne-podgorice\/","title":{"rendered":"LD n\u00eb MZ: Telegram Ngush\u00ebllimi Ambasad\u00ebs Franceze n\u00eb Podgoric\u00eb"},"content":{"rendered":"<p style=\"text-align: right;\"><strong>\u00a0\u00a0\u00a0\u00a0\u00a0\u00a0\u00a0\u00a0\u00a0\u00a0\u00a0\u00a0\u00a0\u00a0\u00a0\u00a0\u00a0\u00a0\u00a0\u00a0\u00a0\u00a0\u00a0\u00a0\u00a0\u00a0\u00a0\u00a0\u00a0\u00a0\u00a0\u00a0\u00a0\u00a0\u00a0\u00a0\u00a0\u00a0\u00a0\u00a0\u00a0<a href=\"http:\/\/www.visit-ulcinj.com\/blog\/wp-content\/uploads\/2012\/10\/LDMZ-URIME-KURBAN-BAJRAMI.jpg\"><img loading=\"lazy\" class=\"alignleft wp-image-65077 size-full\" src=\"http:\/\/www.visit-ulcinj.com\/blog\/wp-content\/uploads\/2012\/10\/LDMZ-URIME-KURBAN-BAJRAMI.jpg\" alt=\"LDMZ -URIME KURBAN BAJRAMI\" width=\"508\" height=\"381\" srcset=\"https:\/\/www.visit-ulcinj.com\/blog\/wp-content\/uploads\/2012\/10\/LDMZ-URIME-KURBAN-BAJRAMI.jpg 508w, https:\/\/www.visit-ulcinj.com\/blog\/wp-content\/uploads\/2012\/10\/LDMZ-URIME-KURBAN-BAJRAMI-300x224.jpg 300w\" sizes=\"(max-width: 508px) 100vw, 508px\" \/><\/a>\u00a0 LIDHJA DEMOKRATIKE N\u00cb MAL T\u00cb ZI<\/strong><\/p>\n<p style=\"text-align: right;\">\u00a0\u00a0\u00a0\u00a0\u00a0\u00a0\u00a0\u00a0\u00a0\u00a0\u00a0\u00a0\u00a0\u00a0\u00a0\u00a0\u00a0\u00a0\u00a0\u00a0\u00a0\u00a0\u00a0\u00a0\u00a0\u00a0\u00a0\u00a0\u00a0\u00a0\u00a0\u00a0\u00a0\u00a0\u00a0\u00a0\u00a0 DEMOKRATSKI SAVEZ U CRNOJ GORI<\/p>\n<p style=\"text-align: right;\">\u00a0\u00a0\u00a0\u00a0\u00a0\u00a0\u00a0\u00a0\u00a0\u00a0\u00a0\u00a0\u00a0\u00a0\u00a0\u00a0\u00a0\u00a0\u00a0\u00a0\u00a0\u00a0\u00a0\u00a0\u00a0\u00a0\u00a0\u00a0\u00a0\u00a0\u00a0\u00a0\u00a0\u00a0\u00a0\u00a0\u00a0\u00a0\u00a0\u00a0\u00a0\u00a0\u00a0\u00a0 DEMOCRATIC LEAGUE IN MONTENEGRO<\/p>\n<p>&nbsp;<\/p>\n<p><strong>Ambasad\u00ebs s\u00eb Franc\u00ebs n\u00eb Podgoric\u00eb\u00a0\u00a0\u00a0\u00a0\u00a0\u00a0\u00a0\u00a0\u00a0\u00a0\u00a0\u00a0\u00a0\u00a0 <\/strong><\/p>\n<p><strong>Ambassade de France \u00e0 Podgorica<\/strong><\/p>\n<p><strong>Ambasadi Francuske u Podgorici\u00a0\u00a0\u00a0\u00a0\u00a0\u00a0\u00a0\u00a0\u00a0\u00a0\u00a0\u00a0\u00a0\u00a0\u00a0\u00a0\u00a0\u00a0 <\/strong><\/p>\n<p><strong>\u00a0<\/strong><\/p>\n<p><strong>Madame V\u00e9ronique BRUMEAUX,<\/strong> <strong>ambassadeur<\/strong><\/p>\n<p>Atinska 35<\/p>\n<p>&nbsp;<\/p>\n<p><strong>P o d g o r i c \u00eb<\/strong><\/p>\n<p><strong>\u00a0<\/strong><\/p>\n<p><strong>Mali i Zi<\/strong><\/p>\n<p>&nbsp;<\/p>\n<p>&nbsp;<\/p>\n<p>E nderuara Zonja Ambasadore <strong>V\u00e9ronique BRUMEAUX,<\/strong><\/p>\n<p>&nbsp;<\/p>\n<p>&nbsp;<\/p>\n<p>Ngjarja e r\u00ebnd\u00eb q\u00eb ndodhi dje, t\u00eb m\u00ebrkur\u00ebn n\u00eb Pariz, me sulmin terrorist ndaj revist\u00ebs satirike \u201cCharlie Hebdo\u201d, n\u00eb takimin editorial t\u00eb m\u00ebngjesit, me t\u00eb cilin rast mbet\u00ebn t\u00eb vrar\u00eb 12 veta, gazetar\u00eb e karikaturist\u00eb, n\u00eb mesin e t\u00eb cil\u00ebve edhe dy polic\u00eb, tronditi jo vet\u00ebm Parizin e Franc\u00ebn, por edhe m\u00eb gjer\u00eb, t\u00eb gjith\u00eb njer\u00ebzit liridash\u00ebs e paq\u00ebdash\u00ebs, pra edhe ne, shqiptar\u00ebt n\u00eb trojet e veta shekullore, sot n\u00eb Malin e Zi<\/p>\n<p>&nbsp;<\/p>\n<p>Duke e d\u00ebnuar k\u00ebt\u00eb akt brutal e barbar\u00eb, n\u00eb em\u00ebr t\u00eb Lidhjes Demokratike n\u00eb Mal t\u00eb Zi (LD n\u00eb MZ), partis\u00eb politike shqiptare n\u00eb Malin e Zi, pranoni ngush\u00ebllimet tona t\u00eb sinqerta.<\/p>\n<p>&nbsp;<\/p>\n<p>Zonja Ambasadore, Ju lusim q\u00eb ngush\u00ebllimet tona t\u2019ia p\u00ebrcillni udh\u00ebheqjes m\u00eb t\u00eb lart\u00eb t\u00eb Franc\u00ebs, e sidomos familjeve t\u00eb t\u00eb vrar\u00ebve.<\/p>\n<p>&nbsp;<\/p>\n<p>Me respekt,<\/p>\n<p>&nbsp;<\/p>\n<p>Mehmet BARDHI, kryetar i LD n\u00eb MZ<\/p>\n<p>&nbsp;<\/p>\n<p>Ulqin, m\u00eb 08 janar 2015<\/p>\n","protected":false},"excerpt":{"rendered":"<p>\u00a0\u00a0\u00a0\u00a0\u00a0\u00a0\u00a0\u00a0\u00a0\u00a0\u00a0\u00a0\u00a0\u00a0\u00a0\u00a0\u00a0\u00a0\u00a0\u00a0\u00a0\u00a0\u00a0\u00a0\u00a0\u00a0\u00a0\u00a0\u00a0\u00a0\u00a0\u00a0\u00a0\u00a0\u00a0\u00a0\u00a0\u00a0\u00a0\u00a0\u00a0\u00a0 LIDHJA DEMOKRATIKE N\u00cb MAL T\u00cb ZI \u00a0\u00a0\u00a0\u00a0\u00a0\u00a0\u00a0\u00a0\u00a0\u00a0\u00a0\u00a0\u00a0\u00a0\u00a0\u00a0\u00a0\u00a0\u00a0\u00a0\u00a0\u00a0\u00a0\u00a0\u00a0\u00a0\u00a0\u00a0\u00a0\u00a0\u00a0\u00a0\u00a0\u00a0\u00a0\u00a0\u00a0 DEMOKRATSKI SAVEZ U CRNOJ GORI \u00a0\u00a0\u00a0\u00a0\u00a0\u00a0\u00a0\u00a0\u00a0\u00a0\u00a0\u00a0\u00a0\u00a0\u00a0\u00a0\u00a0\u00a0\u00a0\u00a0\u00a0\u00a0\u00a0\u00a0\u00a0\u00a0\u00a0\u00a0\u00a0\u00a0\u00a0\u00a0\u00a0\u00a0\u00a0\u00a0\u00a0\u00a0\u00a0\u00a0\u00a0\u00a0\u00a0\u00a0 DEMOCRATIC LEAGUE IN MONTENEGRO &nbsp; Ambasad\u00ebs s\u00eb Franc\u00ebs n\u00eb Podgoric\u00eb\u00a0\u00a0\u00a0\u00a0\u00a0\u00a0\u00a0\u00a0\u00a0\u00a0\u00a0\u00a0\u00a0\u00a0 Ambassade de France \u00e0 Podgorica Ambasadi Francuske u Podgorici\u00a0\u00a0\u00a0\u00a0\u00a0\u00a0\u00a0\u00a0\u00a0\u00a0\u00a0\u00a0\u00a0\u00a0\u00a0\u00a0\u00a0\u00a0 \u00a0 Madame V\u00e9ronique BRUMEAUX, ambassadeur Atinska 35 &nbsp; P o d g o r i c \u00eb \u00a0 Mali i Zi &nbsp; [&hellip;]<\/p>\n","protected":false},"author":1,"featured_media":0,"comment_status":"closed","ping_status":"closed","sticky":false,"template":"","format":"standard","meta":{"spay_email":"","jetpack_publicize_message":"","jetpack_is_tweetstorm":false,"jetpack_publicize_feature_enabled":true},"categories":[6950],"tags":[],"jetpack_publicize_connections":[],"yoast_head":"<!-- This site is optimized with the Yoast SEO plugin v19.1 - https:\/\/yoast.com\/wordpress\/plugins\/seo\/ -->\n<title>LD n\u00eb MZ: Telegram Ngush\u00ebllimi Ambasad\u00ebs Franceze n\u00eb Podgoric\u00eb - Lajme nga Ulqini<\/title>\n<meta name=\"description\" content=\"\u00a0\u00a0\u00a0\u00a0\u00a0\u00a0\u00a0\u00a0\u00a0\u00a0\u00a0\u00a0\u00a0\u00a0\u00a0\u00a0\u00a0\u00a0\u00a0\u00a0\u00a0\u00a0\u00a0\u00a0\u00a0\u00a0\u00a0\u00a0\u00a0\u00a0\u00a0\u00a0\u00a0\u00a0\u00a0\u00a0\u00a0\u00a0\u00a0\u00a0\u00a0\u00a0 LIDHJA DEMOKRATIKE N\u00cb MAL T\u00cb ZI \u00a0\u00a0\u00a0\u00a0\u00a0\u00a0\u00a0\u00a0\u00a0\u00a0\u00a0\u00a0\u00a0\u00a0\u00a0\u00a0\u00a0\u00a0\u00a0\u00a0\u00a0\u00a0\u00a0\u00a0\u00a0\u00a0\u00a0\u00a0\u00a0\u00a0\u00a0\u00a0\u00a0\u00a0\u00a0\u00a0\u00a0 DEMOKRATSKI SAVEZ U CRNOJ GORI\" \/>\n<meta name=\"robots\" content=\"index, follow, max-snippet:-1, max-image-preview:large, max-video-preview:-1\" \/>\n<link rel=\"canonical\" href=\"https:\/\/www.visit-ulcinj.com\/blog\/2015\/01\/09\/ld-ne-mz-telegram-ngushellimi-ambasades-franceze-ne-podgorice\/\" \/>\n<meta property=\"og:locale\" content=\"en_US\" \/>\n<meta property=\"og:type\" content=\"article\" \/>\n<meta property=\"og:title\" content=\"LD n\u00eb MZ: Telegram Ngush\u00ebllimi Ambasad\u00ebs Franceze n\u00eb Podgoric\u00eb - Lajme nga Ulqini\" \/>\n<meta property=\"og:description\" content=\"\u00a0\u00a0\u00a0\u00a0\u00a0\u00a0\u00a0\u00a0\u00a0\u00a0\u00a0\u00a0\u00a0\u00a0\u00a0\u00a0\u00a0\u00a0\u00a0\u00a0\u00a0\u00a0\u00a0\u00a0\u00a0\u00a0\u00a0\u00a0\u00a0\u00a0\u00a0\u00a0\u00a0\u00a0\u00a0\u00a0\u00a0\u00a0\u00a0\u00a0\u00a0\u00a0 LIDHJA DEMOKRATIKE N\u00cb MAL T\u00cb ZI \u00a0\u00a0\u00a0\u00a0\u00a0\u00a0\u00a0\u00a0\u00a0\u00a0\u00a0\u00a0\u00a0\u00a0\u00a0\u00a0\u00a0\u00a0\u00a0\u00a0\u00a0\u00a0\u00a0\u00a0\u00a0\u00a0\u00a0\u00a0\u00a0\u00a0\u00a0\u00a0\u00a0\u00a0\u00a0\u00a0\u00a0 DEMOKRATSKI SAVEZ U CRNOJ GORI\" \/>\n<meta property=\"og:url\" content=\"https:\/\/www.visit-ulcinj.com\/blog\/2015\/01\/09\/ld-ne-mz-telegram-ngushellimi-ambasades-franceze-ne-podgorice\/\" \/>\n<meta property=\"og:site_name\" content=\"Lajme nga Ulqini\" \/>\n<meta property=\"article:published_time\" content=\"2015-01-08T23:19:47+00:00\" \/>\n<meta property=\"article:modified_time\" content=\"2015-01-08T23:20:18+00:00\" \/>\n<meta property=\"og:image\" content=\"http:\/\/www.visit-ulcinj.com\/blog\/wp-content\/uploads\/2012\/10\/LDMZ-URIME-KURBAN-BAJRAMI.jpg\" \/>\n<meta name=\"twitter:label1\" content=\"Written by\" \/>\n\t<meta name=\"twitter:data1\" content=\"ulqini\" \/>\n\t<meta name=\"twitter:label2\" content=\"Est. reading time\" \/>\n\t<meta name=\"twitter:data2\" content=\"1 minute\" \/>\n<script type=\"application\/ld+json\" class=\"yoast-schema-graph\">{\"@context\":\"https:\/\/schema.org\",\"@graph\":[{\"@type\":\"WebSite\",\"@id\":\"https:\/\/www.visit-ulcinj.com\/blog\/#website\",\"url\":\"https:\/\/www.visit-ulcinj.com\/blog\/\",\"name\":\"Lajme nga Ulqini\",\"description\":\"Lajme,Vijesti,Ulqini,Ulqin,Crna Gora,Mali i Zi\",\"potentialAction\":[{\"@type\":\"SearchAction\",\"target\":{\"@type\":\"EntryPoint\",\"urlTemplate\":\"https:\/\/www.visit-ulcinj.com\/blog\/?s={search_term_string}\"},\"query-input\":\"required name=search_term_string\"}],\"inLanguage\":\"en-US\"},{\"@type\":\"ImageObject\",\"inLanguage\":\"en-US\",\"@id\":\"https:\/\/www.visit-ulcinj.com\/blog\/2015\/01\/09\/ld-ne-mz-telegram-ngushellimi-ambasades-franceze-ne-podgorice\/#primaryimage\",\"url\":\"https:\/\/www.visit-ulcinj.com\/blog\/wp-content\/uploads\/2012\/10\/LDMZ-URIME-KURBAN-BAJRAMI.jpg\",\"contentUrl\":\"https:\/\/www.visit-ulcinj.com\/blog\/wp-content\/uploads\/2012\/10\/LDMZ-URIME-KURBAN-BAJRAMI.jpg\",\"width\":\"508\",\"height\":\"381\"},{\"@type\":\"WebPage\",\"@id\":\"https:\/\/www.visit-ulcinj.com\/blog\/2015\/01\/09\/ld-ne-mz-telegram-ngushellimi-ambasades-franceze-ne-podgorice\/#webpage\",\"url\":\"https:\/\/www.visit-ulcinj.com\/blog\/2015\/01\/09\/ld-ne-mz-telegram-ngushellimi-ambasades-franceze-ne-podgorice\/\",\"name\":\"LD n\u00eb MZ: Telegram Ngush\u00ebllimi Ambasad\u00ebs Franceze n\u00eb Podgoric\u00eb - Lajme nga Ulqini\",\"isPartOf\":{\"@id\":\"https:\/\/www.visit-ulcinj.com\/blog\/#website\"},\"primaryImageOfPage\":{\"@id\":\"https:\/\/www.visit-ulcinj.com\/blog\/2015\/01\/09\/ld-ne-mz-telegram-ngushellimi-ambasades-franceze-ne-podgorice\/#primaryimage\"},\"datePublished\":\"2015-01-08T23:19:47+00:00\",\"dateModified\":\"2015-01-08T23:20:18+00:00\",\"author\":{\"@id\":\"https:\/\/www.visit-ulcinj.com\/blog\/#\/schema\/person\/dcab619c614d3038751c63bc2aadc06d\"},\"description\":\"\u00a0\u00a0\u00a0\u00a0\u00a0\u00a0\u00a0\u00a0\u00a0\u00a0\u00a0\u00a0\u00a0\u00a0\u00a0\u00a0\u00a0\u00a0\u00a0\u00a0\u00a0\u00a0\u00a0\u00a0\u00a0\u00a0\u00a0\u00a0\u00a0\u00a0\u00a0\u00a0\u00a0\u00a0\u00a0\u00a0\u00a0\u00a0\u00a0\u00a0\u00a0\u00a0 LIDHJA DEMOKRATIKE N\u00cb MAL T\u00cb ZI \u00a0\u00a0\u00a0\u00a0\u00a0\u00a0\u00a0\u00a0\u00a0\u00a0\u00a0\u00a0\u00a0\u00a0\u00a0\u00a0\u00a0\u00a0\u00a0\u00a0\u00a0\u00a0\u00a0\u00a0\u00a0\u00a0\u00a0\u00a0\u00a0\u00a0\u00a0\u00a0\u00a0\u00a0\u00a0\u00a0\u00a0 DEMOKRATSKI SAVEZ U CRNOJ GORI\",\"breadcrumb\":{\"@id\":\"https:\/\/www.visit-ulcinj.com\/blog\/2015\/01\/09\/ld-ne-mz-telegram-ngushellimi-ambasades-franceze-ne-podgorice\/#breadcrumb\"},\"inLanguage\":\"en-US\",\"potentialAction\":[{\"@type\":\"ReadAction\",\"target\":[\"https:\/\/www.visit-ulcinj.com\/blog\/2015\/01\/09\/ld-ne-mz-telegram-ngushellimi-ambasades-franceze-ne-podgorice\/\"]}]},{\"@type\":\"BreadcrumbList\",\"@id\":\"https:\/\/www.visit-ulcinj.com\/blog\/2015\/01\/09\/ld-ne-mz-telegram-ngushellimi-ambasades-franceze-ne-podgorice\/#breadcrumb\",\"itemListElement\":[{\"@type\":\"ListItem\",\"position\":1,\"name\":\"LD n\u00eb MZ: Telegram Ngush\u00ebllimi Ambasad\u00ebs Franceze n\u00eb Podgoric\u00eb\"}]},{\"@type\":\"Person\",\"@id\":\"https:\/\/www.visit-ulcinj.com\/blog\/#\/schema\/person\/dcab619c614d3038751c63bc2aadc06d\",\"name\":\"ulqini\",\"sameAs\":[\"http:\/\/www.visit-ulcinj.com\"],\"url\":\"https:\/\/www.visit-ulcinj.com\/blog\/author\/admin\/\"}]}<\/script>\n<!-- \/ Yoast SEO plugin. -->","yoast_head_json":{"title":"LD n\u00eb MZ: Telegram Ngush\u00ebllimi Ambasad\u00ebs Franceze n\u00eb Podgoric\u00eb - Lajme nga Ulqini","description":"\u00a0\u00a0\u00a0\u00a0\u00a0\u00a0\u00a0\u00a0\u00a0\u00a0\u00a0\u00a0\u00a0\u00a0\u00a0\u00a0\u00a0\u00a0\u00a0\u00a0\u00a0\u00a0\u00a0\u00a0\u00a0\u00a0\u00a0\u00a0\u00a0\u00a0\u00a0\u00a0\u00a0\u00a0\u00a0\u00a0\u00a0\u00a0\u00a0\u00a0\u00a0\u00a0 LIDHJA DEMOKRATIKE N\u00cb MAL T\u00cb ZI \u00a0\u00a0\u00a0\u00a0\u00a0\u00a0\u00a0\u00a0\u00a0\u00a0\u00a0\u00a0\u00a0\u00a0\u00a0\u00a0\u00a0\u00a0\u00a0\u00a0\u00a0\u00a0\u00a0\u00a0\u00a0\u00a0\u00a0\u00a0\u00a0\u00a0\u00a0\u00a0\u00a0\u00a0\u00a0\u00a0\u00a0 DEMOKRATSKI SAVEZ U CRNOJ GORI","robots":{"index":"index","follow":"follow","max-snippet":"max-snippet:-1","max-image-preview":"max-image-preview:large","max-video-preview":"max-video-preview:-1"},"canonical":"https:\/\/www.visit-ulcinj.com\/blog\/2015\/01\/09\/ld-ne-mz-telegram-ngushellimi-ambasades-franceze-ne-podgorice\/","og_locale":"en_US","og_type":"article","og_title":"LD n\u00eb MZ: Telegram Ngush\u00ebllimi Ambasad\u00ebs Franceze n\u00eb Podgoric\u00eb - Lajme nga Ulqini","og_description":"\u00a0\u00a0\u00a0\u00a0\u00a0\u00a0\u00a0\u00a0\u00a0\u00a0\u00a0\u00a0\u00a0\u00a0\u00a0\u00a0\u00a0\u00a0\u00a0\u00a0\u00a0\u00a0\u00a0\u00a0\u00a0\u00a0\u00a0\u00a0\u00a0\u00a0\u00a0\u00a0\u00a0\u00a0\u00a0\u00a0\u00a0\u00a0\u00a0\u00a0\u00a0\u00a0 LIDHJA DEMOKRATIKE N\u00cb MAL T\u00cb ZI \u00a0\u00a0\u00a0\u00a0\u00a0\u00a0\u00a0\u00a0\u00a0\u00a0\u00a0\u00a0\u00a0\u00a0\u00a0\u00a0\u00a0\u00a0\u00a0\u00a0\u00a0\u00a0\u00a0\u00a0\u00a0\u00a0\u00a0\u00a0\u00a0\u00a0\u00a0\u00a0\u00a0\u00a0\u00a0\u00a0\u00a0 DEMOKRATSKI SAVEZ U CRNOJ GORI","og_url":"https:\/\/www.visit-ulcinj.com\/blog\/2015\/01\/09\/ld-ne-mz-telegram-ngushellimi-ambasades-franceze-ne-podgorice\/","og_site_name":"Lajme nga Ulqini","article_published_time":"2015-01-08T23:19:47+00:00","article_modified_time":"2015-01-08T23:20:18+00:00","og_image":[{"url":"http:\/\/www.visit-ulcinj.com\/blog\/wp-content\/uploads\/2012\/10\/LDMZ-URIME-KURBAN-BAJRAMI.jpg"}],"twitter_misc":{"Written by":"ulqini","Est. reading time":"1 minute"},"schema":{"@context":"https:\/\/schema.org","@graph":[{"@type":"WebSite","@id":"https:\/\/www.visit-ulcinj.com\/blog\/#website","url":"https:\/\/www.visit-ulcinj.com\/blog\/","name":"Lajme nga Ulqini","description":"Lajme,Vijesti,Ulqini,Ulqin,Crna Gora,Mali i Zi","potentialAction":[{"@type":"SearchAction","target":{"@type":"EntryPoint","urlTemplate":"https:\/\/www.visit-ulcinj.com\/blog\/?s={search_term_string}"},"query-input":"required name=search_term_string"}],"inLanguage":"en-US"},{"@type":"ImageObject","inLanguage":"en-US","@id":"https:\/\/www.visit-ulcinj.com\/blog\/2015\/01\/09\/ld-ne-mz-telegram-ngushellimi-ambasades-franceze-ne-podgorice\/#primaryimage","url":"https:\/\/www.visit-ulcinj.com\/blog\/wp-content\/uploads\/2012\/10\/LDMZ-URIME-KURBAN-BAJRAMI.jpg","contentUrl":"https:\/\/www.visit-ulcinj.com\/blog\/wp-content\/uploads\/2012\/10\/LDMZ-URIME-KURBAN-BAJRAMI.jpg","width":"508","height":"381"},{"@type":"WebPage","@id":"https:\/\/www.visit-ulcinj.com\/blog\/2015\/01\/09\/ld-ne-mz-telegram-ngushellimi-ambasades-franceze-ne-podgorice\/#webpage","url":"https:\/\/www.visit-ulcinj.com\/blog\/2015\/01\/09\/ld-ne-mz-telegram-ngushellimi-ambasades-franceze-ne-podgorice\/","name":"LD n\u00eb MZ: Telegram Ngush\u00ebllimi Ambasad\u00ebs Franceze n\u00eb Podgoric\u00eb - Lajme nga Ulqini","isPartOf":{"@id":"https:\/\/www.visit-ulcinj.com\/blog\/#website"},"primaryImageOfPage":{"@id":"https:\/\/www.visit-ulcinj.com\/blog\/2015\/01\/09\/ld-ne-mz-telegram-ngushellimi-ambasades-franceze-ne-podgorice\/#primaryimage"},"datePublished":"2015-01-08T23:19:47+00:00","dateModified":"2015-01-08T23:20:18+00:00","author":{"@id":"https:\/\/www.visit-ulcinj.com\/blog\/#\/schema\/person\/dcab619c614d3038751c63bc2aadc06d"},"description":"\u00a0\u00a0\u00a0\u00a0\u00a0\u00a0\u00a0\u00a0\u00a0\u00a0\u00a0\u00a0\u00a0\u00a0\u00a0\u00a0\u00a0\u00a0\u00a0\u00a0\u00a0\u00a0\u00a0\u00a0\u00a0\u00a0\u00a0\u00a0\u00a0\u00a0\u00a0\u00a0\u00a0\u00a0\u00a0\u00a0\u00a0\u00a0\u00a0\u00a0\u00a0\u00a0 LIDHJA DEMOKRATIKE N\u00cb MAL T\u00cb ZI \u00a0\u00a0\u00a0\u00a0\u00a0\u00a0\u00a0\u00a0\u00a0\u00a0\u00a0\u00a0\u00a0\u00a0\u00a0\u00a0\u00a0\u00a0\u00a0\u00a0\u00a0\u00a0\u00a0\u00a0\u00a0\u00a0\u00a0\u00a0\u00a0\u00a0\u00a0\u00a0\u00a0\u00a0\u00a0\u00a0\u00a0 DEMOKRATSKI SAVEZ U CRNOJ GORI","breadcrumb":{"@id":"https:\/\/www.visit-ulcinj.com\/blog\/2015\/01\/09\/ld-ne-mz-telegram-ngushellimi-ambasades-franceze-ne-podgorice\/#breadcrumb"},"inLanguage":"en-US","potentialAction":[{"@type":"ReadAction","target":["https:\/\/www.visit-ulcinj.com\/blog\/2015\/01\/09\/ld-ne-mz-telegram-ngushellimi-ambasades-franceze-ne-podgorice\/"]}]},{"@type":"BreadcrumbList","@id":"https:\/\/www.visit-ulcinj.com\/blog\/2015\/01\/09\/ld-ne-mz-telegram-ngushellimi-ambasades-franceze-ne-podgorice\/#breadcrumb","itemListElement":[{"@type":"ListItem","position":1,"name":"LD n\u00eb MZ: Telegram Ngush\u00ebllimi Ambasad\u00ebs Franceze n\u00eb Podgoric\u00eb"}]},{"@type":"Person","@id":"https:\/\/www.visit-ulcinj.com\/blog\/#\/schema\/person\/dcab619c614d3038751c63bc2aadc06d","name":"ulqini","sameAs":["http:\/\/www.visit-ulcinj.com"],"url":"https:\/\/www.visit-ulcinj.com\/blog\/author\/admin\/"}]}},"jetpack_featured_media_url":"","jetpack_sharing_enabled":true,"jetpack_shortlink":"https:\/\/wp.me\/pe6lTn-mMy","_links":{"self":[{"href":"https:\/\/www.visit-ulcinj.com\/blog\/wp-json\/wp\/v2\/posts\/87578"}],"collection":[{"href":"https:\/\/www.visit-ulcinj.com\/blog\/wp-json\/wp\/v2\/posts"}],"about":[{"href":"https:\/\/www.visit-ulcinj.com\/blog\/wp-json\/wp\/v2\/types\/post"}],"author":[{"embeddable":true,"href":"https:\/\/www.visit-ulcinj.com\/blog\/wp-json\/wp\/v2\/users\/1"}],"replies":[{"embeddable":true,"href":"https:\/\/www.visit-ulcinj.com\/blog\/wp-json\/wp\/v2\/comments?post=87578"}],"version-history":[{"count":2,"href":"https:\/\/www.visit-ulcinj.com\/blog\/wp-json\/wp\/v2\/posts\/87578\/revisions"}],"predecessor-version":[{"id":87580,"href":"https:\/\/www.visit-ulcinj.com\/blog\/wp-json\/wp\/v2\/posts\/87578\/revisions\/87580"}],"wp:attachment":[{"href":"https:\/\/www.visit-ulcinj.com\/blog\/wp-json\/wp\/v2\/media?parent=87578"}],"wp:term":[{"taxonomy":"category","embeddable":true,"href":"https:\/\/www.visit-ulcinj.com\/blog\/wp-json\/wp\/v2\/categories?post=87578"},{"taxonomy":"post_tag","embeddable":true,"href":"https:\/\/www.visit-ulcinj.com\/blog\/wp-json\/wp\/v2\/tags?post=87578"}],"curies":[{"name":"wp","href":"https:\/\/api.w.org\/{rel}","templated":true}]}}