{"id":87581,"date":"2015-01-08T08:14:15","date_gmt":"2015-01-08T07:14:15","guid":{"rendered":"http:\/\/www.visit-ulcinj.com\/blog\/?p=87581"},"modified":"2015-01-10T09:33:46","modified_gmt":"2015-01-10T08:33:46","slug":"sebastian-soza-nuk-jet-ekipin-e-vllaznise-ne-ulqin","status":"publish","type":"post","link":"https:\/\/www.visit-ulcinj.com\/blog\/2015\/01\/08\/sebastian-soza-nuk-jet-ekipin-e-vllaznise-ne-ulqin\/","title":{"rendered":"Sebastian Soza nuk do jet me ekipin e Vllaznis\u00eb n\u00eb Ulqin"},"content":{"rendered":"<p><a href=\"http:\/\/www.visit-ulcinj.com\/blog\/wp-content\/uploads\/2015\/01\/Sebastian-Soza.jpg\"><img loading=\"lazy\" class=\"alignleft wp-image-87582\" src=\"http:\/\/www.visit-ulcinj.com\/blog\/wp-content\/uploads\/2015\/01\/Sebastian-Soza.jpg\" alt=\"Sebastian Soza\" width=\"508\" height=\"337\" srcset=\"https:\/\/www.visit-ulcinj.com\/blog\/wp-content\/uploads\/2015\/01\/Sebastian-Soza.jpg 526w, https:\/\/www.visit-ulcinj.com\/blog\/wp-content\/uploads\/2015\/01\/Sebastian-Soza-300x199.jpg 300w\" sizes=\"(max-width: 508px) 100vw, 508px\" \/><\/a>Golash\u00ebnuesi m\u00eb i mir\u00eb i Vllaznis\u00eb p\u00ebr pjes\u00ebn e par\u00eb t\u00eb sezonit, Sebastian Soza, do t\u00eb bashkohet me ekipin n\u00eb Ulqin i fundit. Sulmuesi uruguaian m\u00ebsohet se do t\u00eb shkoj\u00eb n\u00eb Mal t\u00eb Zi m\u00eb 10 janar, bashk\u00eb me tre lojtar\u00eb t\u00eb tjer\u00eb t\u00eb huaj, q\u00eb priten t\u00eb testohen n\u00eb skuadr\u00ebn shkodrane.<\/p>\n<p>Pas skarcimeve t\u00eb futbollist\u00ebve t\u00eb huaj nga Vllaznia, Soza \u00ebsht\u00eb i vetmi q\u00eb ka mbijetuar. Sulmuesi realizoi 5 gola, teksa b\u00ebri nj\u00eb paraqitje gjithnj\u00eb e n\u00eb rritje me fanell\u00ebn kuqeblu. Ai \u00ebsht\u00eb afruar te Vllaznia n\u00eb form\u00eb huazimi nga klubi i Seris\u00eb A, Empoli.<\/p>\n<p>Ky i fundit bleu kartonin e uruguaianit vet\u00ebm n\u00eb SULMUESI ver\u00ebn e vitit t\u00eb kaluar nga Palermo. Q\u00ebndrimi i Soz\u00ebs ka qen\u00eb nj\u00eb k\u00ebrkes\u00eb e vet\u00eb trajnerit Raineri.<\/p>\n<p>Vllaznia do t\u00eb niset sot pasdite drejt Ulqinit p\u00ebr t\u00eb vijuar faz\u00ebn p\u00ebrgatitore dim\u00ebrore. Mir\u00ebpo, n\u00eb prag t\u00eb udh\u00ebtimit p\u00ebr n\u00eb Malin e Zi, ka pasur nj\u00eb p\u00ebrplasje mes drejtuesve t\u00eb klubit shkodran dhe trajnerit Baldo Raineri. Shkak \u00ebsht\u00eb b\u00ebr\u00eb p\u00ebrpilimi i list\u00ebs s\u00eb futbollist\u00ebve q\u00eb do t\u00eb jen\u00eb n\u00eb dispozicion t\u00eb stafit teknik. Nga sa m\u00ebsohet, t\u00eb gatsh\u00ebm do t\u00eb jen\u00eb nj\u00eb num\u00ebr i konsideruesh\u00ebm lojtar\u00ebsh, q\u00eb mund t\u00eb shkojn\u00eb n\u00eb 30. Ky fakt ka t\u00ebrbuar italianin, teksa burime t\u00eb \u201cPanorama Sport\u201d tregojn\u00eb se e ka kund\u00ebrshtuar menj\u00ebher\u00eb te drejtuesit. Megjithat\u00eb, nj\u00eb gj\u00eb e till\u00eb duket se nuk \u00ebsht\u00eb t\u00ebr\u00eb- sisht n\u00eb dor\u00ebn e tij. Drejtuesit nuk ia kan\u00eb miratuar k\u00ebrkes\u00ebn trajnerit p\u00ebr t\u00eb pasur n\u00eb dispozicion nj\u00eb grup t\u00eb kufizuar futbollist\u00ebsh, n\u00eb m\u00ebnyr\u00eb q\u00eb ai t\u00eb punoj\u00eb i qet\u00eb. Me ekipin, p\u00ebrve\u00e7 lojtar\u00ebve q\u00eb jan\u00eb n\u00eb kontrat\u00eb, do t\u00eb nisen edhe nj\u00eb grup t\u00eb rinjsh. B\u00ebhet fjal\u00eb p\u00ebr futbollist\u00ebt e akademis\u00eb Vllaznia, por q\u00eb n\u00eb dit\u00ebt n\u00eb vijim numri pritet t\u00eb shtohet, pasi pran\u00eb skuadr\u00ebs do t\u00eb vijn\u00eb n\u00eb prov\u00eb disa lojtar\u00eb t\u00eb huaj e kosovar\u00eb. Kjo pritet t\u00eb shtoj\u00eb natyrsh\u00ebm edhe shpenzimet q\u00eb klubi do t\u00eb b\u00ebj\u00eb gjat\u00eb k\u00ebsaj faze p\u00ebrgatitore. Megjithat\u00eb, ardhjet p\u00ebr prov\u00eb do t\u00eb jen\u00eb n\u00eb var\u00ebsi t\u00eb k\u00ebrkesave t\u00eb klubit. Drejtuesit do t\u00eb shikojn\u00eb mund\u00ebsin\u00eb e afrimit t\u00eb emrave cil\u00ebsor\u00eb.<\/p>\n<p>Financat \u00cbsht\u00eb gjetur gjuha e p\u00ebrbashk\u00ebt p\u00ebr rrogat e lojtar\u00ebve te Vllaznia. K\u00ebshtu, sot lojtar\u00ebt do t\u00eb likuidohen me pag\u00ebn e tetorit, e cila do t\u00eb kaloj\u00eb n\u00eb llogarit\u00eb bankare, nd\u00ebrsa klubi ka premtuar se n\u00eb mesjav\u00ebn e ardhshme do t\u00eb derdh\u00eb n\u00eb bank\u00eb edhe rrog\u00ebn e n\u00ebntorit. Drejtuesit kan\u00eb b\u00ebr\u00eb maksimumin e mundsh\u00ebm, n\u00eb m\u00ebnyr\u00eb q\u00eb lojtar\u00ebt t\u00eb marrin at\u00eb q\u00eb u takon para startit t\u00eb faz\u00ebs p\u00ebrgatitore. N\u00eb k\u00ebt\u00eb pjes\u00eb t\u00eb dyt\u00eb t\u00eb sezonit, ana financiare nuk do t\u00eb jet\u00eb nj\u00eb penges\u00eb p\u00ebr Vllaznin\u00eb, pasi buxheti do t\u00eb jet\u00eb mujor dhe n\u00eb vart\u00ebsi t\u00eb shpenzimeve q\u00eb do t\u00eb planifikohen. Klubi ka garantuar lojtar\u00ebt p\u00ebr korrekt\u00ebsi deri n\u00eb fund t\u00eb sezonit.<\/p>\n<div><strong><span id=\"ctl00_ContentPlaceHolder1_gvNews_ctl02_Label1\">Panorama Sport<\/span><\/strong><\/div>\n","protected":false},"excerpt":{"rendered":"<p>Golash\u00ebnuesi m\u00eb i mir\u00eb i Vllaznis\u00eb p\u00ebr pjes\u00ebn e par\u00eb t\u00eb sezonit, Sebastian Soza, do t\u00eb bashkohet me ekipin n\u00eb Ulqin i fundit. Sulmuesi uruguaian m\u00ebsohet se do t\u00eb shkoj\u00eb n\u00eb Mal t\u00eb Zi m\u00eb 10 janar, bashk\u00eb me tre lojtar\u00eb t\u00eb tjer\u00eb t\u00eb huaj, q\u00eb priten t\u00eb testohen n\u00eb skuadr\u00ebn shkodrane. Pas skarcimeve t\u00eb [&hellip;]<\/p>\n","protected":false},"author":1,"featured_media":0,"comment_status":"closed","ping_status":"closed","sticky":false,"template":"","format":"standard","meta":{"spay_email":"","jetpack_publicize_message":"","jetpack_is_tweetstorm":false,"jetpack_publicize_feature_enabled":true},"categories":[3],"tags":[],"jetpack_publicize_connections":[],"yoast_head":"<!-- This site is optimized with the Yoast SEO plugin v19.1 - https:\/\/yoast.com\/wordpress\/plugins\/seo\/ -->\n<title>Sebastian Soza nuk do jet me ekipin e Vllaznis\u00eb n\u00eb Ulqin - Lajme nga Ulqini<\/title>\n<meta name=\"description\" content=\"Golash\u00ebnuesi m\u00eb i mir\u00eb i Vllaznis\u00eb p\u00ebr pjes\u00ebn e par\u00eb t\u00eb sezonit, Sebastian Soza, do t\u00eb bashkohet me ekipin n\u00eb Ulqin i fundit. Sulmuesi uruguaian m\u00ebsohet\" \/>\n<meta name=\"robots\" content=\"index, follow, max-snippet:-1, max-image-preview:large, max-video-preview:-1\" \/>\n<link rel=\"canonical\" href=\"https:\/\/www.visit-ulcinj.com\/blog\/2015\/01\/08\/sebastian-soza-nuk-jet-ekipin-e-vllaznise-ne-ulqin\/\" \/>\n<meta property=\"og:locale\" content=\"en_US\" \/>\n<meta property=\"og:type\" content=\"article\" \/>\n<meta property=\"og:title\" content=\"Sebastian Soza nuk do jet me ekipin e Vllaznis\u00eb n\u00eb Ulqin - Lajme nga Ulqini\" \/>\n<meta property=\"og:description\" content=\"Golash\u00ebnuesi m\u00eb i mir\u00eb i Vllaznis\u00eb p\u00ebr pjes\u00ebn e par\u00eb t\u00eb sezonit, Sebastian Soza, do t\u00eb bashkohet me ekipin n\u00eb Ulqin i fundit. Sulmuesi uruguaian m\u00ebsohet\" \/>\n<meta property=\"og:url\" content=\"https:\/\/www.visit-ulcinj.com\/blog\/2015\/01\/08\/sebastian-soza-nuk-jet-ekipin-e-vllaznise-ne-ulqin\/\" \/>\n<meta property=\"og:site_name\" content=\"Lajme nga Ulqini\" \/>\n<meta property=\"article:published_time\" content=\"2015-01-08T07:14:15+00:00\" \/>\n<meta property=\"article:modified_time\" content=\"2015-01-10T08:33:46+00:00\" \/>\n<meta property=\"og:image\" content=\"http:\/\/www.visit-ulcinj.com\/blog\/wp-content\/uploads\/2015\/01\/Sebastian-Soza.jpg\" \/>\n<meta name=\"twitter:label1\" content=\"Written by\" \/>\n\t<meta name=\"twitter:data1\" content=\"ulqini\" \/>\n\t<meta name=\"twitter:label2\" content=\"Est. reading time\" \/>\n\t<meta name=\"twitter:data2\" content=\"3 minutes\" \/>\n<script type=\"application\/ld+json\" class=\"yoast-schema-graph\">{\"@context\":\"https:\/\/schema.org\",\"@graph\":[{\"@type\":\"WebSite\",\"@id\":\"https:\/\/www.visit-ulcinj.com\/blog\/#website\",\"url\":\"https:\/\/www.visit-ulcinj.com\/blog\/\",\"name\":\"Lajme nga Ulqini\",\"description\":\"Lajme,Vijesti,Ulqini,Ulqin,Crna Gora,Mali i Zi\",\"potentialAction\":[{\"@type\":\"SearchAction\",\"target\":{\"@type\":\"EntryPoint\",\"urlTemplate\":\"https:\/\/www.visit-ulcinj.com\/blog\/?s={search_term_string}\"},\"query-input\":\"required name=search_term_string\"}],\"inLanguage\":\"en-US\"},{\"@type\":\"ImageObject\",\"inLanguage\":\"en-US\",\"@id\":\"https:\/\/www.visit-ulcinj.com\/blog\/2015\/01\/08\/sebastian-soza-nuk-jet-ekipin-e-vllaznise-ne-ulqin\/#primaryimage\",\"url\":\"https:\/\/www.visit-ulcinj.com\/blog\/wp-content\/uploads\/2015\/01\/Sebastian-Soza.jpg\",\"contentUrl\":\"https:\/\/www.visit-ulcinj.com\/blog\/wp-content\/uploads\/2015\/01\/Sebastian-Soza.jpg\",\"width\":526,\"height\":349},{\"@type\":\"WebPage\",\"@id\":\"https:\/\/www.visit-ulcinj.com\/blog\/2015\/01\/08\/sebastian-soza-nuk-jet-ekipin-e-vllaznise-ne-ulqin\/#webpage\",\"url\":\"https:\/\/www.visit-ulcinj.com\/blog\/2015\/01\/08\/sebastian-soza-nuk-jet-ekipin-e-vllaznise-ne-ulqin\/\",\"name\":\"Sebastian Soza nuk do jet me ekipin e Vllaznis\u00eb n\u00eb Ulqin - Lajme nga Ulqini\",\"isPartOf\":{\"@id\":\"https:\/\/www.visit-ulcinj.com\/blog\/#website\"},\"primaryImageOfPage\":{\"@id\":\"https:\/\/www.visit-ulcinj.com\/blog\/2015\/01\/08\/sebastian-soza-nuk-jet-ekipin-e-vllaznise-ne-ulqin\/#primaryimage\"},\"datePublished\":\"2015-01-08T07:14:15+00:00\",\"dateModified\":\"2015-01-10T08:33:46+00:00\",\"author\":{\"@id\":\"https:\/\/www.visit-ulcinj.com\/blog\/#\/schema\/person\/dcab619c614d3038751c63bc2aadc06d\"},\"description\":\"Golash\u00ebnuesi m\u00eb i mir\u00eb i Vllaznis\u00eb p\u00ebr pjes\u00ebn e par\u00eb t\u00eb sezonit, Sebastian Soza, do t\u00eb bashkohet me ekipin n\u00eb Ulqin i fundit. Sulmuesi uruguaian m\u00ebsohet\",\"breadcrumb\":{\"@id\":\"https:\/\/www.visit-ulcinj.com\/blog\/2015\/01\/08\/sebastian-soza-nuk-jet-ekipin-e-vllaznise-ne-ulqin\/#breadcrumb\"},\"inLanguage\":\"en-US\",\"potentialAction\":[{\"@type\":\"ReadAction\",\"target\":[\"https:\/\/www.visit-ulcinj.com\/blog\/2015\/01\/08\/sebastian-soza-nuk-jet-ekipin-e-vllaznise-ne-ulqin\/\"]}]},{\"@type\":\"BreadcrumbList\",\"@id\":\"https:\/\/www.visit-ulcinj.com\/blog\/2015\/01\/08\/sebastian-soza-nuk-jet-ekipin-e-vllaznise-ne-ulqin\/#breadcrumb\",\"itemListElement\":[{\"@type\":\"ListItem\",\"position\":1,\"name\":\"Sebastian Soza nuk do jet me ekipin e Vllaznis\u00eb n\u00eb Ulqin\"}]},{\"@type\":\"Person\",\"@id\":\"https:\/\/www.visit-ulcinj.com\/blog\/#\/schema\/person\/dcab619c614d3038751c63bc2aadc06d\",\"name\":\"ulqini\",\"sameAs\":[\"http:\/\/www.visit-ulcinj.com\"],\"url\":\"https:\/\/www.visit-ulcinj.com\/blog\/author\/admin\/\"}]}<\/script>\n<!-- \/ Yoast SEO plugin. -->","yoast_head_json":{"title":"Sebastian Soza nuk do jet me ekipin e Vllaznis\u00eb n\u00eb Ulqin - Lajme nga Ulqini","description":"Golash\u00ebnuesi m\u00eb i mir\u00eb i Vllaznis\u00eb p\u00ebr pjes\u00ebn e par\u00eb t\u00eb sezonit, Sebastian Soza, do t\u00eb bashkohet me ekipin n\u00eb Ulqin i fundit. Sulmuesi uruguaian m\u00ebsohet","robots":{"index":"index","follow":"follow","max-snippet":"max-snippet:-1","max-image-preview":"max-image-preview:large","max-video-preview":"max-video-preview:-1"},"canonical":"https:\/\/www.visit-ulcinj.com\/blog\/2015\/01\/08\/sebastian-soza-nuk-jet-ekipin-e-vllaznise-ne-ulqin\/","og_locale":"en_US","og_type":"article","og_title":"Sebastian Soza nuk do jet me ekipin e Vllaznis\u00eb n\u00eb Ulqin - Lajme nga Ulqini","og_description":"Golash\u00ebnuesi m\u00eb i mir\u00eb i Vllaznis\u00eb p\u00ebr pjes\u00ebn e par\u00eb t\u00eb sezonit, Sebastian Soza, do t\u00eb bashkohet me ekipin n\u00eb Ulqin i fundit. Sulmuesi uruguaian m\u00ebsohet","og_url":"https:\/\/www.visit-ulcinj.com\/blog\/2015\/01\/08\/sebastian-soza-nuk-jet-ekipin-e-vllaznise-ne-ulqin\/","og_site_name":"Lajme nga Ulqini","article_published_time":"2015-01-08T07:14:15+00:00","article_modified_time":"2015-01-10T08:33:46+00:00","og_image":[{"url":"http:\/\/www.visit-ulcinj.com\/blog\/wp-content\/uploads\/2015\/01\/Sebastian-Soza.jpg"}],"twitter_misc":{"Written by":"ulqini","Est. reading time":"3 minutes"},"schema":{"@context":"https:\/\/schema.org","@graph":[{"@type":"WebSite","@id":"https:\/\/www.visit-ulcinj.com\/blog\/#website","url":"https:\/\/www.visit-ulcinj.com\/blog\/","name":"Lajme nga Ulqini","description":"Lajme,Vijesti,Ulqini,Ulqin,Crna Gora,Mali i Zi","potentialAction":[{"@type":"SearchAction","target":{"@type":"EntryPoint","urlTemplate":"https:\/\/www.visit-ulcinj.com\/blog\/?s={search_term_string}"},"query-input":"required name=search_term_string"}],"inLanguage":"en-US"},{"@type":"ImageObject","inLanguage":"en-US","@id":"https:\/\/www.visit-ulcinj.com\/blog\/2015\/01\/08\/sebastian-soza-nuk-jet-ekipin-e-vllaznise-ne-ulqin\/#primaryimage","url":"https:\/\/www.visit-ulcinj.com\/blog\/wp-content\/uploads\/2015\/01\/Sebastian-Soza.jpg","contentUrl":"https:\/\/www.visit-ulcinj.com\/blog\/wp-content\/uploads\/2015\/01\/Sebastian-Soza.jpg","width":526,"height":349},{"@type":"WebPage","@id":"https:\/\/www.visit-ulcinj.com\/blog\/2015\/01\/08\/sebastian-soza-nuk-jet-ekipin-e-vllaznise-ne-ulqin\/#webpage","url":"https:\/\/www.visit-ulcinj.com\/blog\/2015\/01\/08\/sebastian-soza-nuk-jet-ekipin-e-vllaznise-ne-ulqin\/","name":"Sebastian Soza nuk do jet me ekipin e Vllaznis\u00eb n\u00eb Ulqin - Lajme nga Ulqini","isPartOf":{"@id":"https:\/\/www.visit-ulcinj.com\/blog\/#website"},"primaryImageOfPage":{"@id":"https:\/\/www.visit-ulcinj.com\/blog\/2015\/01\/08\/sebastian-soza-nuk-jet-ekipin-e-vllaznise-ne-ulqin\/#primaryimage"},"datePublished":"2015-01-08T07:14:15+00:00","dateModified":"2015-01-10T08:33:46+00:00","author":{"@id":"https:\/\/www.visit-ulcinj.com\/blog\/#\/schema\/person\/dcab619c614d3038751c63bc2aadc06d"},"description":"Golash\u00ebnuesi m\u00eb i mir\u00eb i Vllaznis\u00eb p\u00ebr pjes\u00ebn e par\u00eb t\u00eb sezonit, Sebastian Soza, do t\u00eb bashkohet me ekipin n\u00eb Ulqin i fundit. Sulmuesi uruguaian m\u00ebsohet","breadcrumb":{"@id":"https:\/\/www.visit-ulcinj.com\/blog\/2015\/01\/08\/sebastian-soza-nuk-jet-ekipin-e-vllaznise-ne-ulqin\/#breadcrumb"},"inLanguage":"en-US","potentialAction":[{"@type":"ReadAction","target":["https:\/\/www.visit-ulcinj.com\/blog\/2015\/01\/08\/sebastian-soza-nuk-jet-ekipin-e-vllaznise-ne-ulqin\/"]}]},{"@type":"BreadcrumbList","@id":"https:\/\/www.visit-ulcinj.com\/blog\/2015\/01\/08\/sebastian-soza-nuk-jet-ekipin-e-vllaznise-ne-ulqin\/#breadcrumb","itemListElement":[{"@type":"ListItem","position":1,"name":"Sebastian Soza nuk do jet me ekipin e Vllaznis\u00eb n\u00eb Ulqin"}]},{"@type":"Person","@id":"https:\/\/www.visit-ulcinj.com\/blog\/#\/schema\/person\/dcab619c614d3038751c63bc2aadc06d","name":"ulqini","sameAs":["http:\/\/www.visit-ulcinj.com"],"url":"https:\/\/www.visit-ulcinj.com\/blog\/author\/admin\/"}]}},"jetpack_featured_media_url":"","jetpack_sharing_enabled":true,"jetpack_shortlink":"https:\/\/wp.me\/pe6lTn-mMB","_links":{"self":[{"href":"https:\/\/www.visit-ulcinj.com\/blog\/wp-json\/wp\/v2\/posts\/87581"}],"collection":[{"href":"https:\/\/www.visit-ulcinj.com\/blog\/wp-json\/wp\/v2\/posts"}],"about":[{"href":"https:\/\/www.visit-ulcinj.com\/blog\/wp-json\/wp\/v2\/types\/post"}],"author":[{"embeddable":true,"href":"https:\/\/www.visit-ulcinj.com\/blog\/wp-json\/wp\/v2\/users\/1"}],"replies":[{"embeddable":true,"href":"https:\/\/www.visit-ulcinj.com\/blog\/wp-json\/wp\/v2\/comments?post=87581"}],"version-history":[{"count":3,"href":"https:\/\/www.visit-ulcinj.com\/blog\/wp-json\/wp\/v2\/posts\/87581\/revisions"}],"predecessor-version":[{"id":87601,"href":"https:\/\/www.visit-ulcinj.com\/blog\/wp-json\/wp\/v2\/posts\/87581\/revisions\/87601"}],"wp:attachment":[{"href":"https:\/\/www.visit-ulcinj.com\/blog\/wp-json\/wp\/v2\/media?parent=87581"}],"wp:term":[{"taxonomy":"category","embeddable":true,"href":"https:\/\/www.visit-ulcinj.com\/blog\/wp-json\/wp\/v2\/categories?post=87581"},{"taxonomy":"post_tag","embeddable":true,"href":"https:\/\/www.visit-ulcinj.com\/blog\/wp-json\/wp\/v2\/tags?post=87581"}],"curies":[{"name":"wp","href":"https:\/\/api.w.org\/{rel}","templated":true}]}}