{"id":87584,"date":"2015-01-10T08:51:01","date_gmt":"2015-01-10T07:51:01","guid":{"rendered":"http:\/\/www.visit-ulcinj.com\/blog\/?p=87584"},"modified":"2015-01-12T09:29:55","modified_gmt":"2015-01-12T08:29:55","slug":"isat-jakupi-u-takua-kreun-e-aak-se-ramush-haradinaj","status":"publish","type":"post","link":"https:\/\/www.visit-ulcinj.com\/blog\/2015\/01\/10\/isat-jakupi-u-takua-kreun-e-aak-se-ramush-haradinaj\/","title":{"rendered":"Isat Jakupi u takua me kreun e AAK-s\u00eb , Ramush Haradinaj"},"content":{"rendered":"<p><a href=\"http:\/\/www.visit-ulcinj.com\/blog\/wp-content\/uploads\/2015\/01\/Ramush-Haradinaj-delegacioni-i-Partis\u00eb-Qendrore-Shqiptare-p\u00ebr-Integrim-nga-Mali-i-Zi.jpg\"><img loading=\"lazy\" class=\"alignleft wp-image-87585\" src=\"http:\/\/www.visit-ulcinj.com\/blog\/wp-content\/uploads\/2015\/01\/Ramush-Haradinaj-delegacioni-i-Partis\u00eb-Qendrore-Shqiptare-p\u00ebr-Integrim-nga-Mali-i-Zi.jpg\" alt=\"Ramush-Haradinaj-delegacioni i Partis\u00eb Qendrore Shqiptare p\u00ebr Integrim nga Mali i Zi\" width=\"508\" height=\"381\" srcset=\"https:\/\/www.visit-ulcinj.com\/blog\/wp-content\/uploads\/2015\/01\/Ramush-Haradinaj-delegacioni-i-Partis\u00eb-Qendrore-Shqiptare-p\u00ebr-Integrim-nga-Mali-i-Zi.jpg 960w, https:\/\/www.visit-ulcinj.com\/blog\/wp-content\/uploads\/2015\/01\/Ramush-Haradinaj-delegacioni-i-Partis\u00eb-Qendrore-Shqiptare-p\u00ebr-Integrim-nga-Mali-i-Zi-300x225.jpg 300w\" sizes=\"(max-width: 508px) 100vw, 508px\" \/><\/a>Gjat\u00eb dit\u00ebs s\u00eb enjte, Haradinaj \u00ebsht\u00eb takuar me nj\u00eb delegacion t\u00eb Partis\u00eb Qendrore Shqiptare p\u00ebr Integrim nga Mali i Zi e kryesuar nga Isat Jakupi.<\/p>\n<p><a href=\"http:\/\/www.visit-ulcinj.com\/blog\/wp-content\/uploads\/2015\/01\/Ramush-Haradinaj-kryetari-i-Partis\u00eb-Qendrore-Shqiptare-p\u00ebr-Integrim-nga-Mali-i-Zi-Isat-Jakupi.jpg\"><img loading=\"lazy\" class=\"alignleft wp-image-87586\" src=\"http:\/\/www.visit-ulcinj.com\/blog\/wp-content\/uploads\/2015\/01\/Ramush-Haradinaj-kryetari-i-Partis\u00eb-Qendrore-Shqiptare-p\u00ebr-Integrim-nga-Mali-i-Zi-Isat-Jakupi.jpg\" alt=\"Ramush-Haradinaj-kryetari i Partis\u00eb Qendrore Shqiptare p\u00ebr Integrim nga Mali i Zi-Isat-Jakupi\" width=\"508\" height=\"640\" \/><\/a><\/p>\n<p>Kreu i AAK-s\u00eb, Ramush Haradinaj pas takimit me delegacionin nga Mali i Zi, b\u00ebri t\u00eb ditur se nga bashk\u00ebpunimi q\u00eb ka pasur me Kryetarin e Partis\u00eb Qendrore Shqiptare p\u00ebr Integrim.<\/p>\n<p><a href=\"http:\/\/www.visit-ulcinj.com\/blog\/wp-content\/uploads\/2015\/01\/Ramush-Haradinaj-delegacioni-i-Partis\u00eb-Qendrore-Shqiptare-p\u00ebr-Integrim-nga-Mali-i-Zi-1.jpg\"><img loading=\"lazy\" class=\"alignleft wp-image-87587\" src=\"http:\/\/www.visit-ulcinj.com\/blog\/wp-content\/uploads\/2015\/01\/Ramush-Haradinaj-delegacioni-i-Partis\u00eb-Qendrore-Shqiptare-p\u00ebr-Integrim-nga-Mali-i-Zi-1.jpg\" alt=\"Ramush-Haradinaj-delegacioni i Partis\u00eb Qendrore Shqiptare p\u00ebr Integrim nga Mali i Zi-1\" width=\"508\" height=\"381\" srcset=\"https:\/\/www.visit-ulcinj.com\/blog\/wp-content\/uploads\/2015\/01\/Ramush-Haradinaj-delegacioni-i-Partis\u00eb-Qendrore-Shqiptare-p\u00ebr-Integrim-nga-Mali-i-Zi-1.jpg 960w, https:\/\/www.visit-ulcinj.com\/blog\/wp-content\/uploads\/2015\/01\/Ramush-Haradinaj-delegacioni-i-Partis\u00eb-Qendrore-Shqiptare-p\u00ebr-Integrim-nga-Mali-i-Zi-1-300x225.jpg 300w\" sizes=\"(max-width: 508px) 100vw, 508px\" \/><\/a><\/p>\n<p>\u201cE v\u00ebrtet\u00eb q\u00eb si Kosov\u00eb kemi motive shum\u00eb q\u00eb t\u00eb bashk\u00ebpunojm\u00eb me Malin e Zi dhe q\u00eb ky bashk\u00ebpunim t\u00eb jet\u00eb i sinqert\u00eb si vende fqinje q\u00eb kan\u00eb nj\u00eb bashk\u00ebpunim q\u00eb kan\u00eb interesa t\u00eb nd\u00ebrsjella dhe q\u00eb nga ky bashk\u00ebpunim t\u00eb p\u00ebrfitojn\u00eb qytetar\u00ebt. Pra \u00ebsht\u00eb edhe q\u00ebllim i imi edhe i AAK-s\u00eb q\u00eb t\u00eb ndihmojm\u00eb n\u00eb k\u00ebt\u00eb drejtim\u201d , tha ai.<\/p>\n<p><a href=\"http:\/\/www.visit-ulcinj.com\/blog\/wp-content\/uploads\/2015\/01\/Ramush-Haradinaj-kryetari-i-Partis\u00eb-Qendrore-Shqiptare-p\u00ebr-Integrim-nga-Mali-i-Zi-Isat-Jakupi-1.jpg\"><img loading=\"lazy\" class=\"alignleft wp-image-87588\" src=\"http:\/\/www.visit-ulcinj.com\/blog\/wp-content\/uploads\/2015\/01\/Ramush-Haradinaj-kryetari-i-Partis\u00eb-Qendrore-Shqiptare-p\u00ebr-Integrim-nga-Mali-i-Zi-Isat-Jakupi-1.jpg\" alt=\"Ramush-Haradinaj-kryetari i Partis\u00eb Qendrore Shqiptare p\u00ebr Integrim nga Mali i Zi-Isat-Jakupi-1\" width=\"508\" height=\"381\" srcset=\"https:\/\/www.visit-ulcinj.com\/blog\/wp-content\/uploads\/2015\/01\/Ramush-Haradinaj-kryetari-i-Partis\u00eb-Qendrore-Shqiptare-p\u00ebr-Integrim-nga-Mali-i-Zi-Isat-Jakupi-1.jpg 960w, https:\/\/www.visit-ulcinj.com\/blog\/wp-content\/uploads\/2015\/01\/Ramush-Haradinaj-kryetari-i-Partis\u00eb-Qendrore-Shqiptare-p\u00ebr-Integrim-nga-Mali-i-Zi-Isat-Jakupi-1-300x225.jpg 300w\" sizes=\"(max-width: 508px) 100vw, 508px\" \/><\/a><\/p>\n<p>Nd\u00ebrsa Jakupi u shpreh q\u00eb bashk\u00ebpunimi i Kosov\u00ebs dhe Malit t\u00eb Zi \u00ebsht\u00eb me interes t\u00eb p\u00ebrbashk\u00ebt dhe besoj se edhe ne do t\u00eb jemi nj\u00eb ur\u00eb lidh\u00ebse, q\u00eb t\u00eb ndihmojm\u00eb q\u00eb ky bashk\u00ebpunim t\u00eb ngritet edhe n\u00eb nivele sa m\u00eb t\u00eb larta p\u00ebr arsye se ne si shqiptar\u00eb kemi interes q\u00eb n\u00eb rajon t\u00eb jet\u00eb bashk\u00ebpunimi sa m\u00eb i mir\u00eb.<\/p>\n<p>&nbsp;<\/p>\n","protected":false},"excerpt":{"rendered":"<p>Gjat\u00eb dit\u00ebs s\u00eb enjte, Haradinaj \u00ebsht\u00eb takuar me nj\u00eb delegacion t\u00eb Partis\u00eb Qendrore Shqiptare p\u00ebr Integrim nga Mali i Zi e kryesuar nga Isat Jakupi. Kreu i AAK-s\u00eb, Ramush Haradinaj pas takimit me delegacionin nga Mali i Zi, b\u00ebri t\u00eb ditur se nga bashk\u00ebpunimi q\u00eb ka pasur me Kryetarin e Partis\u00eb Qendrore Shqiptare p\u00ebr Integrim. [&hellip;]<\/p>\n","protected":false},"author":1,"featured_media":0,"comment_status":"closed","ping_status":"closed","sticky":false,"template":"","format":"standard","meta":{"spay_email":"","jetpack_publicize_message":"","jetpack_is_tweetstorm":false,"jetpack_publicize_feature_enabled":true},"categories":[1,11],"tags":[],"jetpack_publicize_connections":[],"yoast_head":"<!-- This site is optimized with the Yoast SEO plugin v19.1 - https:\/\/yoast.com\/wordpress\/plugins\/seo\/ -->\n<title>Isat Jakupi u takua me kreun e AAK-s\u00eb , Ramush Haradinaj - Lajme nga Ulqini<\/title>\n<meta name=\"description\" content=\"Gjat\u00eb dit\u00ebs s\u00eb enjte, Haradinaj \u00ebsht\u00eb takuar me nj\u00eb delegacion t\u00eb Partis\u00eb Qendrore Shqiptare p\u00ebr Integrim nga Mali i Zi e kryesuar nga Isat Jakupi. Kreu i\" \/>\n<meta name=\"robots\" content=\"index, follow, max-snippet:-1, max-image-preview:large, max-video-preview:-1\" \/>\n<link rel=\"canonical\" href=\"https:\/\/www.visit-ulcinj.com\/blog\/2015\/01\/10\/isat-jakupi-u-takua-kreun-e-aak-se-ramush-haradinaj\/\" \/>\n<meta property=\"og:locale\" content=\"en_US\" \/>\n<meta property=\"og:type\" content=\"article\" \/>\n<meta property=\"og:title\" content=\"Isat Jakupi u takua me kreun e AAK-s\u00eb , Ramush Haradinaj - Lajme nga Ulqini\" \/>\n<meta property=\"og:description\" content=\"Gjat\u00eb dit\u00ebs s\u00eb enjte, Haradinaj \u00ebsht\u00eb takuar me nj\u00eb delegacion t\u00eb Partis\u00eb Qendrore Shqiptare p\u00ebr Integrim nga Mali i Zi e kryesuar nga Isat Jakupi. Kreu i\" \/>\n<meta property=\"og:url\" content=\"https:\/\/www.visit-ulcinj.com\/blog\/2015\/01\/10\/isat-jakupi-u-takua-kreun-e-aak-se-ramush-haradinaj\/\" \/>\n<meta property=\"og:site_name\" content=\"Lajme nga Ulqini\" \/>\n<meta property=\"article:published_time\" content=\"2015-01-10T07:51:01+00:00\" \/>\n<meta property=\"article:modified_time\" content=\"2015-01-12T08:29:55+00:00\" \/>\n<meta name=\"twitter:label1\" content=\"Written by\" \/>\n\t<meta name=\"twitter:data1\" content=\"ulqini\" \/>\n\t<meta name=\"twitter:label2\" content=\"Est. reading time\" \/>\n\t<meta name=\"twitter:data2\" content=\"1 minute\" \/>\n<script type=\"application\/ld+json\" class=\"yoast-schema-graph\">{\"@context\":\"https:\/\/schema.org\",\"@graph\":[{\"@type\":\"WebSite\",\"@id\":\"https:\/\/www.visit-ulcinj.com\/blog\/#website\",\"url\":\"https:\/\/www.visit-ulcinj.com\/blog\/\",\"name\":\"Lajme nga Ulqini\",\"description\":\"Lajme,Vijesti,Ulqini,Ulqin,Crna Gora,Mali i Zi\",\"potentialAction\":[{\"@type\":\"SearchAction\",\"target\":{\"@type\":\"EntryPoint\",\"urlTemplate\":\"https:\/\/www.visit-ulcinj.com\/blog\/?s={search_term_string}\"},\"query-input\":\"required name=search_term_string\"}],\"inLanguage\":\"en-US\"},{\"@type\":\"WebPage\",\"@id\":\"https:\/\/www.visit-ulcinj.com\/blog\/2015\/01\/10\/isat-jakupi-u-takua-kreun-e-aak-se-ramush-haradinaj\/#webpage\",\"url\":\"https:\/\/www.visit-ulcinj.com\/blog\/2015\/01\/10\/isat-jakupi-u-takua-kreun-e-aak-se-ramush-haradinaj\/\",\"name\":\"Isat Jakupi u takua me kreun e AAK-s\u00eb , Ramush Haradinaj - Lajme nga Ulqini\",\"isPartOf\":{\"@id\":\"https:\/\/www.visit-ulcinj.com\/blog\/#website\"},\"datePublished\":\"2015-01-10T07:51:01+00:00\",\"dateModified\":\"2015-01-12T08:29:55+00:00\",\"author\":{\"@id\":\"https:\/\/www.visit-ulcinj.com\/blog\/#\/schema\/person\/dcab619c614d3038751c63bc2aadc06d\"},\"description\":\"Gjat\u00eb dit\u00ebs s\u00eb enjte, Haradinaj \u00ebsht\u00eb takuar me nj\u00eb delegacion t\u00eb Partis\u00eb Qendrore Shqiptare p\u00ebr Integrim nga Mali i Zi e kryesuar nga Isat Jakupi. Kreu i\",\"breadcrumb\":{\"@id\":\"https:\/\/www.visit-ulcinj.com\/blog\/2015\/01\/10\/isat-jakupi-u-takua-kreun-e-aak-se-ramush-haradinaj\/#breadcrumb\"},\"inLanguage\":\"en-US\",\"potentialAction\":[{\"@type\":\"ReadAction\",\"target\":[\"https:\/\/www.visit-ulcinj.com\/blog\/2015\/01\/10\/isat-jakupi-u-takua-kreun-e-aak-se-ramush-haradinaj\/\"]}]},{\"@type\":\"BreadcrumbList\",\"@id\":\"https:\/\/www.visit-ulcinj.com\/blog\/2015\/01\/10\/isat-jakupi-u-takua-kreun-e-aak-se-ramush-haradinaj\/#breadcrumb\",\"itemListElement\":[{\"@type\":\"ListItem\",\"position\":1,\"name\":\"Isat Jakupi u takua me kreun e AAK-s\u00eb , Ramush Haradinaj\"}]},{\"@type\":\"Person\",\"@id\":\"https:\/\/www.visit-ulcinj.com\/blog\/#\/schema\/person\/dcab619c614d3038751c63bc2aadc06d\",\"name\":\"ulqini\",\"sameAs\":[\"http:\/\/www.visit-ulcinj.com\"],\"url\":\"https:\/\/www.visit-ulcinj.com\/blog\/author\/admin\/\"}]}<\/script>\n<!-- \/ Yoast SEO plugin. -->","yoast_head_json":{"title":"Isat Jakupi u takua me kreun e AAK-s\u00eb , Ramush Haradinaj - Lajme nga Ulqini","description":"Gjat\u00eb dit\u00ebs s\u00eb enjte, Haradinaj \u00ebsht\u00eb takuar me nj\u00eb delegacion t\u00eb Partis\u00eb Qendrore Shqiptare p\u00ebr Integrim nga Mali i Zi e kryesuar nga Isat Jakupi. Kreu i","robots":{"index":"index","follow":"follow","max-snippet":"max-snippet:-1","max-image-preview":"max-image-preview:large","max-video-preview":"max-video-preview:-1"},"canonical":"https:\/\/www.visit-ulcinj.com\/blog\/2015\/01\/10\/isat-jakupi-u-takua-kreun-e-aak-se-ramush-haradinaj\/","og_locale":"en_US","og_type":"article","og_title":"Isat Jakupi u takua me kreun e AAK-s\u00eb , Ramush Haradinaj - Lajme nga Ulqini","og_description":"Gjat\u00eb dit\u00ebs s\u00eb enjte, Haradinaj \u00ebsht\u00eb takuar me nj\u00eb delegacion t\u00eb Partis\u00eb Qendrore Shqiptare p\u00ebr Integrim nga Mali i Zi e kryesuar nga Isat Jakupi. Kreu i","og_url":"https:\/\/www.visit-ulcinj.com\/blog\/2015\/01\/10\/isat-jakupi-u-takua-kreun-e-aak-se-ramush-haradinaj\/","og_site_name":"Lajme nga Ulqini","article_published_time":"2015-01-10T07:51:01+00:00","article_modified_time":"2015-01-12T08:29:55+00:00","twitter_misc":{"Written by":"ulqini","Est. reading time":"1 minute"},"schema":{"@context":"https:\/\/schema.org","@graph":[{"@type":"WebSite","@id":"https:\/\/www.visit-ulcinj.com\/blog\/#website","url":"https:\/\/www.visit-ulcinj.com\/blog\/","name":"Lajme nga Ulqini","description":"Lajme,Vijesti,Ulqini,Ulqin,Crna Gora,Mali i Zi","potentialAction":[{"@type":"SearchAction","target":{"@type":"EntryPoint","urlTemplate":"https:\/\/www.visit-ulcinj.com\/blog\/?s={search_term_string}"},"query-input":"required name=search_term_string"}],"inLanguage":"en-US"},{"@type":"WebPage","@id":"https:\/\/www.visit-ulcinj.com\/blog\/2015\/01\/10\/isat-jakupi-u-takua-kreun-e-aak-se-ramush-haradinaj\/#webpage","url":"https:\/\/www.visit-ulcinj.com\/blog\/2015\/01\/10\/isat-jakupi-u-takua-kreun-e-aak-se-ramush-haradinaj\/","name":"Isat Jakupi u takua me kreun e AAK-s\u00eb , Ramush Haradinaj - Lajme nga Ulqini","isPartOf":{"@id":"https:\/\/www.visit-ulcinj.com\/blog\/#website"},"datePublished":"2015-01-10T07:51:01+00:00","dateModified":"2015-01-12T08:29:55+00:00","author":{"@id":"https:\/\/www.visit-ulcinj.com\/blog\/#\/schema\/person\/dcab619c614d3038751c63bc2aadc06d"},"description":"Gjat\u00eb dit\u00ebs s\u00eb enjte, Haradinaj \u00ebsht\u00eb takuar me nj\u00eb delegacion t\u00eb Partis\u00eb Qendrore Shqiptare p\u00ebr Integrim nga Mali i Zi e kryesuar nga Isat Jakupi. Kreu i","breadcrumb":{"@id":"https:\/\/www.visit-ulcinj.com\/blog\/2015\/01\/10\/isat-jakupi-u-takua-kreun-e-aak-se-ramush-haradinaj\/#breadcrumb"},"inLanguage":"en-US","potentialAction":[{"@type":"ReadAction","target":["https:\/\/www.visit-ulcinj.com\/blog\/2015\/01\/10\/isat-jakupi-u-takua-kreun-e-aak-se-ramush-haradinaj\/"]}]},{"@type":"BreadcrumbList","@id":"https:\/\/www.visit-ulcinj.com\/blog\/2015\/01\/10\/isat-jakupi-u-takua-kreun-e-aak-se-ramush-haradinaj\/#breadcrumb","itemListElement":[{"@type":"ListItem","position":1,"name":"Isat Jakupi u takua me kreun e AAK-s\u00eb , Ramush Haradinaj"}]},{"@type":"Person","@id":"https:\/\/www.visit-ulcinj.com\/blog\/#\/schema\/person\/dcab619c614d3038751c63bc2aadc06d","name":"ulqini","sameAs":["http:\/\/www.visit-ulcinj.com"],"url":"https:\/\/www.visit-ulcinj.com\/blog\/author\/admin\/"}]}},"jetpack_featured_media_url":"","jetpack_sharing_enabled":true,"jetpack_shortlink":"https:\/\/wp.me\/pe6lTn-mME","_links":{"self":[{"href":"https:\/\/www.visit-ulcinj.com\/blog\/wp-json\/wp\/v2\/posts\/87584"}],"collection":[{"href":"https:\/\/www.visit-ulcinj.com\/blog\/wp-json\/wp\/v2\/posts"}],"about":[{"href":"https:\/\/www.visit-ulcinj.com\/blog\/wp-json\/wp\/v2\/types\/post"}],"author":[{"embeddable":true,"href":"https:\/\/www.visit-ulcinj.com\/blog\/wp-json\/wp\/v2\/users\/1"}],"replies":[{"embeddable":true,"href":"https:\/\/www.visit-ulcinj.com\/blog\/wp-json\/wp\/v2\/comments?post=87584"}],"version-history":[{"count":1,"href":"https:\/\/www.visit-ulcinj.com\/blog\/wp-json\/wp\/v2\/posts\/87584\/revisions"}],"predecessor-version":[{"id":87589,"href":"https:\/\/www.visit-ulcinj.com\/blog\/wp-json\/wp\/v2\/posts\/87584\/revisions\/87589"}],"wp:attachment":[{"href":"https:\/\/www.visit-ulcinj.com\/blog\/wp-json\/wp\/v2\/media?parent=87584"}],"wp:term":[{"taxonomy":"category","embeddable":true,"href":"https:\/\/www.visit-ulcinj.com\/blog\/wp-json\/wp\/v2\/categories?post=87584"},{"taxonomy":"post_tag","embeddable":true,"href":"https:\/\/www.visit-ulcinj.com\/blog\/wp-json\/wp\/v2\/tags?post=87584"}],"curies":[{"name":"wp","href":"https:\/\/api.w.org\/{rel}","templated":true}]}}