{"id":87591,"date":"2015-01-10T09:06:53","date_gmt":"2015-01-10T08:06:53","guid":{"rendered":"http:\/\/www.visit-ulcinj.com\/blog\/?p=87591"},"modified":"2015-01-10T10:29:20","modified_gmt":"2015-01-10T09:29:20","slug":"skandal-ne-podgorice-tifozi-malazez-sulmon-lojtarin-turk-por-e-peson-keq-video","status":"publish","type":"post","link":"https:\/\/www.visit-ulcinj.com\/blog\/2015\/01\/10\/skandal-ne-podgorice-tifozi-malazez-sulmon-lojtarin-turk-por-e-peson-keq-video\/","title":{"rendered":"Skandal n\u00eb Podgoric\u00eb: Tifozi malazez sulmon lojtarin turk, por e p\u00ebson keq &#8211; Video"},"content":{"rendered":"<p><a href=\"http:\/\/www.visit-ulcinj.com\/blog\/wp-content\/uploads\/2015\/01\/sulmi-podgorice.jpg\"><img loading=\"lazy\" class=\"alignleft wp-image-87592\" src=\"http:\/\/www.visit-ulcinj.com\/blog\/wp-content\/uploads\/2015\/01\/sulmi-podgorice.jpg\" alt=\"sulmi-podgorice\" width=\"508\" height=\"325\" srcset=\"https:\/\/www.visit-ulcinj.com\/blog\/wp-content\/uploads\/2015\/01\/sulmi-podgorice.jpg 516w, https:\/\/www.visit-ulcinj.com\/blog\/wp-content\/uploads\/2015\/01\/sulmi-podgorice-300x191.jpg 300w\" sizes=\"(max-width: 508px) 100vw, 508px\" \/><\/a>Skenat e tmerrshme jan\u00eb rregjistruar n\u00eb Podgoric\u00eb n\u00eb ndeshjen e djeshme n\u00eb Euro Cup, nd\u00ebrmjet ekipit malazez Buducnost dhe asaj turke Banvit.<\/p>\n<p>Ekipi turk festonte rrezulltatin me 74-68, por e gjith\u00eb ndeshja prishet, kur nj\u00eb tifoz vendas hyri brenda dhe sulmoi lojtarin turk, transmeton TetovaSot.<\/p>\n<p>Tifozi malazez ia m\u00ebsyn\u00eb sall\u00ebs dhe sulmoi lojatarin turk Sami Mehija, por lojtari turk bashk\u00eb me bashk\u00eblojtarin e tij Rowland i cili me nj\u00eb grusht ka rr\u00ebzuar p\u00ebr toke tifozin malazez.\/TetovaSot\/<\/p>\n<!--YouTube Error: bad URL entered-->\n","protected":false},"excerpt":{"rendered":"<p>Skenat e tmerrshme jan\u00eb rregjistruar n\u00eb Podgoric\u00eb n\u00eb ndeshjen e djeshme n\u00eb Euro Cup, nd\u00ebrmjet ekipit malazez Buducnost dhe asaj turke Banvit. Ekipi turk festonte rrezulltatin me 74-68, por e gjith\u00eb ndeshja prishet, kur nj\u00eb tifoz vendas hyri brenda dhe sulmoi lojtarin turk, transmeton TetovaSot. Tifozi malazez ia m\u00ebsyn\u00eb sall\u00ebs dhe sulmoi lojatarin turk Sami [&hellip;]<\/p>\n","protected":false},"author":1,"featured_media":0,"comment_status":"closed","ping_status":"closed","sticky":false,"template":"","format":"standard","meta":{"spay_email":"","jetpack_publicize_message":"","jetpack_is_tweetstorm":false,"jetpack_publicize_feature_enabled":true},"categories":[2451],"tags":[],"jetpack_publicize_connections":[],"yoast_head":"<!-- This site is optimized with the Yoast SEO plugin v19.1 - https:\/\/yoast.com\/wordpress\/plugins\/seo\/ -->\n<title>Skandal n\u00eb Podgoric\u00eb: Tifozi malazez sulmon lojtarin turk, por e p\u00ebson keq - Video - Lajme nga Ulqini<\/title>\n<meta name=\"description\" content=\"Skenat e tmerrshme jan\u00eb rregjistruar n\u00eb Podgoric\u00eb n\u00eb ndeshjen e djeshme n\u00eb Euro Cup, nd\u00ebrmjet ekipit malazez Buducnost dhe asaj turke Banvit. Ekipi turk\" \/>\n<meta name=\"robots\" content=\"index, follow, max-snippet:-1, max-image-preview:large, max-video-preview:-1\" \/>\n<link rel=\"canonical\" href=\"https:\/\/www.visit-ulcinj.com\/blog\/2015\/01\/10\/skandal-ne-podgorice-tifozi-malazez-sulmon-lojtarin-turk-por-e-peson-keq-video\/\" \/>\n<meta property=\"og:locale\" content=\"en_US\" \/>\n<meta property=\"og:type\" content=\"article\" \/>\n<meta property=\"og:title\" content=\"Skandal n\u00eb Podgoric\u00eb: Tifozi malazez sulmon lojtarin turk, por e p\u00ebson keq - Video - Lajme nga Ulqini\" \/>\n<meta property=\"og:description\" content=\"Skenat e tmerrshme jan\u00eb rregjistruar n\u00eb Podgoric\u00eb n\u00eb ndeshjen e djeshme n\u00eb Euro Cup, nd\u00ebrmjet ekipit malazez Buducnost dhe asaj turke Banvit. Ekipi turk\" \/>\n<meta property=\"og:url\" content=\"https:\/\/www.visit-ulcinj.com\/blog\/2015\/01\/10\/skandal-ne-podgorice-tifozi-malazez-sulmon-lojtarin-turk-por-e-peson-keq-video\/\" \/>\n<meta property=\"og:site_name\" content=\"Lajme nga Ulqini\" \/>\n<meta property=\"article:published_time\" content=\"2015-01-10T08:06:53+00:00\" \/>\n<meta property=\"article:modified_time\" content=\"2015-01-10T09:29:20+00:00\" \/>\n<meta property=\"og:image\" content=\"http:\/\/www.visit-ulcinj.com\/blog\/wp-content\/uploads\/2015\/01\/sulmi-podgorice.jpg\" \/>\n<meta name=\"twitter:label1\" content=\"Written by\" \/>\n\t<meta name=\"twitter:data1\" content=\"ulqini\" \/>\n<script type=\"application\/ld+json\" class=\"yoast-schema-graph\">{\"@context\":\"https:\/\/schema.org\",\"@graph\":[{\"@type\":\"WebSite\",\"@id\":\"https:\/\/www.visit-ulcinj.com\/blog\/#website\",\"url\":\"https:\/\/www.visit-ulcinj.com\/blog\/\",\"name\":\"Lajme nga Ulqini\",\"description\":\"Lajme,Vijesti,Ulqini,Ulqin,Crna Gora,Mali i Zi\",\"potentialAction\":[{\"@type\":\"SearchAction\",\"target\":{\"@type\":\"EntryPoint\",\"urlTemplate\":\"https:\/\/www.visit-ulcinj.com\/blog\/?s={search_term_string}\"},\"query-input\":\"required name=search_term_string\"}],\"inLanguage\":\"en-US\"},{\"@type\":\"ImageObject\",\"inLanguage\":\"en-US\",\"@id\":\"https:\/\/www.visit-ulcinj.com\/blog\/2015\/01\/10\/skandal-ne-podgorice-tifozi-malazez-sulmon-lojtarin-turk-por-e-peson-keq-video\/#primaryimage\",\"url\":\"https:\/\/www.visit-ulcinj.com\/blog\/wp-content\/uploads\/2015\/01\/sulmi-podgorice.jpg\",\"contentUrl\":\"https:\/\/www.visit-ulcinj.com\/blog\/wp-content\/uploads\/2015\/01\/sulmi-podgorice.jpg\",\"width\":516,\"height\":330},{\"@type\":\"WebPage\",\"@id\":\"https:\/\/www.visit-ulcinj.com\/blog\/2015\/01\/10\/skandal-ne-podgorice-tifozi-malazez-sulmon-lojtarin-turk-por-e-peson-keq-video\/#webpage\",\"url\":\"https:\/\/www.visit-ulcinj.com\/blog\/2015\/01\/10\/skandal-ne-podgorice-tifozi-malazez-sulmon-lojtarin-turk-por-e-peson-keq-video\/\",\"name\":\"Skandal n\u00eb Podgoric\u00eb: Tifozi malazez sulmon lojtarin turk, por e p\u00ebson keq - Video - Lajme nga Ulqini\",\"isPartOf\":{\"@id\":\"https:\/\/www.visit-ulcinj.com\/blog\/#website\"},\"primaryImageOfPage\":{\"@id\":\"https:\/\/www.visit-ulcinj.com\/blog\/2015\/01\/10\/skandal-ne-podgorice-tifozi-malazez-sulmon-lojtarin-turk-por-e-peson-keq-video\/#primaryimage\"},\"datePublished\":\"2015-01-10T08:06:53+00:00\",\"dateModified\":\"2015-01-10T09:29:20+00:00\",\"author\":{\"@id\":\"https:\/\/www.visit-ulcinj.com\/blog\/#\/schema\/person\/dcab619c614d3038751c63bc2aadc06d\"},\"description\":\"Skenat e tmerrshme jan\u00eb rregjistruar n\u00eb Podgoric\u00eb n\u00eb ndeshjen e djeshme n\u00eb Euro Cup, nd\u00ebrmjet ekipit malazez Buducnost dhe asaj turke Banvit. Ekipi turk\",\"breadcrumb\":{\"@id\":\"https:\/\/www.visit-ulcinj.com\/blog\/2015\/01\/10\/skandal-ne-podgorice-tifozi-malazez-sulmon-lojtarin-turk-por-e-peson-keq-video\/#breadcrumb\"},\"inLanguage\":\"en-US\",\"potentialAction\":[{\"@type\":\"ReadAction\",\"target\":[\"https:\/\/www.visit-ulcinj.com\/blog\/2015\/01\/10\/skandal-ne-podgorice-tifozi-malazez-sulmon-lojtarin-turk-por-e-peson-keq-video\/\"]}]},{\"@type\":\"BreadcrumbList\",\"@id\":\"https:\/\/www.visit-ulcinj.com\/blog\/2015\/01\/10\/skandal-ne-podgorice-tifozi-malazez-sulmon-lojtarin-turk-por-e-peson-keq-video\/#breadcrumb\",\"itemListElement\":[{\"@type\":\"ListItem\",\"position\":1,\"name\":\"Skandal n\u00eb Podgoric\u00eb: Tifozi malazez sulmon lojtarin turk, por e p\u00ebson keq &#8211; Video\"}]},{\"@type\":\"Person\",\"@id\":\"https:\/\/www.visit-ulcinj.com\/blog\/#\/schema\/person\/dcab619c614d3038751c63bc2aadc06d\",\"name\":\"ulqini\",\"sameAs\":[\"http:\/\/www.visit-ulcinj.com\"],\"url\":\"https:\/\/www.visit-ulcinj.com\/blog\/author\/admin\/\"}]}<\/script>\n<!-- \/ Yoast SEO plugin. -->","yoast_head_json":{"title":"Skandal n\u00eb Podgoric\u00eb: Tifozi malazez sulmon lojtarin turk, por e p\u00ebson keq - Video - Lajme nga Ulqini","description":"Skenat e tmerrshme jan\u00eb rregjistruar n\u00eb Podgoric\u00eb n\u00eb ndeshjen e djeshme n\u00eb Euro Cup, nd\u00ebrmjet ekipit malazez Buducnost dhe asaj turke Banvit. Ekipi turk","robots":{"index":"index","follow":"follow","max-snippet":"max-snippet:-1","max-image-preview":"max-image-preview:large","max-video-preview":"max-video-preview:-1"},"canonical":"https:\/\/www.visit-ulcinj.com\/blog\/2015\/01\/10\/skandal-ne-podgorice-tifozi-malazez-sulmon-lojtarin-turk-por-e-peson-keq-video\/","og_locale":"en_US","og_type":"article","og_title":"Skandal n\u00eb Podgoric\u00eb: Tifozi malazez sulmon lojtarin turk, por e p\u00ebson keq - Video - Lajme nga Ulqini","og_description":"Skenat e tmerrshme jan\u00eb rregjistruar n\u00eb Podgoric\u00eb n\u00eb ndeshjen e djeshme n\u00eb Euro Cup, nd\u00ebrmjet ekipit malazez Buducnost dhe asaj turke Banvit. Ekipi turk","og_url":"https:\/\/www.visit-ulcinj.com\/blog\/2015\/01\/10\/skandal-ne-podgorice-tifozi-malazez-sulmon-lojtarin-turk-por-e-peson-keq-video\/","og_site_name":"Lajme nga Ulqini","article_published_time":"2015-01-10T08:06:53+00:00","article_modified_time":"2015-01-10T09:29:20+00:00","og_image":[{"url":"http:\/\/www.visit-ulcinj.com\/blog\/wp-content\/uploads\/2015\/01\/sulmi-podgorice.jpg"}],"twitter_misc":{"Written by":"ulqini"},"schema":{"@context":"https:\/\/schema.org","@graph":[{"@type":"WebSite","@id":"https:\/\/www.visit-ulcinj.com\/blog\/#website","url":"https:\/\/www.visit-ulcinj.com\/blog\/","name":"Lajme nga Ulqini","description":"Lajme,Vijesti,Ulqini,Ulqin,Crna Gora,Mali i Zi","potentialAction":[{"@type":"SearchAction","target":{"@type":"EntryPoint","urlTemplate":"https:\/\/www.visit-ulcinj.com\/blog\/?s={search_term_string}"},"query-input":"required name=search_term_string"}],"inLanguage":"en-US"},{"@type":"ImageObject","inLanguage":"en-US","@id":"https:\/\/www.visit-ulcinj.com\/blog\/2015\/01\/10\/skandal-ne-podgorice-tifozi-malazez-sulmon-lojtarin-turk-por-e-peson-keq-video\/#primaryimage","url":"https:\/\/www.visit-ulcinj.com\/blog\/wp-content\/uploads\/2015\/01\/sulmi-podgorice.jpg","contentUrl":"https:\/\/www.visit-ulcinj.com\/blog\/wp-content\/uploads\/2015\/01\/sulmi-podgorice.jpg","width":516,"height":330},{"@type":"WebPage","@id":"https:\/\/www.visit-ulcinj.com\/blog\/2015\/01\/10\/skandal-ne-podgorice-tifozi-malazez-sulmon-lojtarin-turk-por-e-peson-keq-video\/#webpage","url":"https:\/\/www.visit-ulcinj.com\/blog\/2015\/01\/10\/skandal-ne-podgorice-tifozi-malazez-sulmon-lojtarin-turk-por-e-peson-keq-video\/","name":"Skandal n\u00eb Podgoric\u00eb: Tifozi malazez sulmon lojtarin turk, por e p\u00ebson keq - Video - Lajme nga Ulqini","isPartOf":{"@id":"https:\/\/www.visit-ulcinj.com\/blog\/#website"},"primaryImageOfPage":{"@id":"https:\/\/www.visit-ulcinj.com\/blog\/2015\/01\/10\/skandal-ne-podgorice-tifozi-malazez-sulmon-lojtarin-turk-por-e-peson-keq-video\/#primaryimage"},"datePublished":"2015-01-10T08:06:53+00:00","dateModified":"2015-01-10T09:29:20+00:00","author":{"@id":"https:\/\/www.visit-ulcinj.com\/blog\/#\/schema\/person\/dcab619c614d3038751c63bc2aadc06d"},"description":"Skenat e tmerrshme jan\u00eb rregjistruar n\u00eb Podgoric\u00eb n\u00eb ndeshjen e djeshme n\u00eb Euro Cup, nd\u00ebrmjet ekipit malazez Buducnost dhe asaj turke Banvit. Ekipi turk","breadcrumb":{"@id":"https:\/\/www.visit-ulcinj.com\/blog\/2015\/01\/10\/skandal-ne-podgorice-tifozi-malazez-sulmon-lojtarin-turk-por-e-peson-keq-video\/#breadcrumb"},"inLanguage":"en-US","potentialAction":[{"@type":"ReadAction","target":["https:\/\/www.visit-ulcinj.com\/blog\/2015\/01\/10\/skandal-ne-podgorice-tifozi-malazez-sulmon-lojtarin-turk-por-e-peson-keq-video\/"]}]},{"@type":"BreadcrumbList","@id":"https:\/\/www.visit-ulcinj.com\/blog\/2015\/01\/10\/skandal-ne-podgorice-tifozi-malazez-sulmon-lojtarin-turk-por-e-peson-keq-video\/#breadcrumb","itemListElement":[{"@type":"ListItem","position":1,"name":"Skandal n\u00eb Podgoric\u00eb: Tifozi malazez sulmon lojtarin turk, por e p\u00ebson keq &#8211; Video"}]},{"@type":"Person","@id":"https:\/\/www.visit-ulcinj.com\/blog\/#\/schema\/person\/dcab619c614d3038751c63bc2aadc06d","name":"ulqini","sameAs":["http:\/\/www.visit-ulcinj.com"],"url":"https:\/\/www.visit-ulcinj.com\/blog\/author\/admin\/"}]}},"jetpack_featured_media_url":"","jetpack_sharing_enabled":true,"jetpack_shortlink":"https:\/\/wp.me\/pe6lTn-mML","_links":{"self":[{"href":"https:\/\/www.visit-ulcinj.com\/blog\/wp-json\/wp\/v2\/posts\/87591"}],"collection":[{"href":"https:\/\/www.visit-ulcinj.com\/blog\/wp-json\/wp\/v2\/posts"}],"about":[{"href":"https:\/\/www.visit-ulcinj.com\/blog\/wp-json\/wp\/v2\/types\/post"}],"author":[{"embeddable":true,"href":"https:\/\/www.visit-ulcinj.com\/blog\/wp-json\/wp\/v2\/users\/1"}],"replies":[{"embeddable":true,"href":"https:\/\/www.visit-ulcinj.com\/blog\/wp-json\/wp\/v2\/comments?post=87591"}],"version-history":[{"count":2,"href":"https:\/\/www.visit-ulcinj.com\/blog\/wp-json\/wp\/v2\/posts\/87591\/revisions"}],"predecessor-version":[{"id":87594,"href":"https:\/\/www.visit-ulcinj.com\/blog\/wp-json\/wp\/v2\/posts\/87591\/revisions\/87594"}],"wp:attachment":[{"href":"https:\/\/www.visit-ulcinj.com\/blog\/wp-json\/wp\/v2\/media?parent=87591"}],"wp:term":[{"taxonomy":"category","embeddable":true,"href":"https:\/\/www.visit-ulcinj.com\/blog\/wp-json\/wp\/v2\/categories?post=87591"},{"taxonomy":"post_tag","embeddable":true,"href":"https:\/\/www.visit-ulcinj.com\/blog\/wp-json\/wp\/v2\/tags?post=87591"}],"curies":[{"name":"wp","href":"https:\/\/api.w.org\/{rel}","templated":true}]}}