{"id":87595,"date":"2015-01-10T09:19:15","date_gmt":"2015-01-10T08:19:15","guid":{"rendered":"http:\/\/www.visit-ulcinj.com\/blog\/?p=87595"},"modified":"2015-01-10T09:19:15","modified_gmt":"2015-01-10T08:19:15","slug":"protesta-serbe-kunder-vizites-se-hashim-thacit-ne-malit-te-zi","status":"publish","type":"post","link":"https:\/\/www.visit-ulcinj.com\/blog\/2015\/01\/10\/protesta-serbe-kunder-vizites-se-hashim-thacit-ne-malit-te-zi\/","title":{"rendered":"Protesta serbe kund\u00ebr vizit\u00ebs s\u00eb Hashim Tha\u00e7it n\u00eb Malit t\u00eb Zi"},"content":{"rendered":"<p><a href=\"http:\/\/www.visit-ulcinj.com\/blog\/wp-content\/uploads\/2015\/01\/Protesta-serbe-kunder-Hashim-Thacit-Mal-te-Zi.jpg\"><img loading=\"lazy\" class=\"alignleft wp-image-87596\" src=\"http:\/\/www.visit-ulcinj.com\/blog\/wp-content\/uploads\/2015\/01\/Protesta-serbe-kunder-Hashim-Thacit-Mal-te-Zi.jpg\" alt=\"Protesta serbe kunder Hashim-Thacit-Mal te-Zi\" width=\"508\" height=\"270\" \/><\/a>Vizita e paralajm\u00ebruar e Ministrit t\u00eb Jasht\u00ebm t\u00eb Kosov\u00ebs Hashim Tha\u00e7it, n\u00eb Mal t\u00eb Zi, ka prekur telat e nacionalist\u00ebve serbe q\u00eb paralajm\u00ebrojn\u00eb dhun\u00eb kund\u00ebr vizit\u00ebs s\u00eb tij n\u00eb Podgoric\u00eb. Shoqatat e serb\u00ebve n\u00eb Malin e Zi si dhe gazetat pro-serbe paralajm\u00ebrojn\u00eb protesta t\u00eb m\u00ebdha dhe parandalim \u201cme \u00e7do kusht\u201d t\u00eb k\u00ebsaj vizite. Ata akuzojn\u00eb Milo Djukanovicin p\u00ebr ftes\u00ebn q\u00eb ia ka b\u00ebr\u00eb Tha\u00e7it.<\/p>\n<p>Shoqatat e serb\u00ebve nacionalist\u00eb n\u00eb Mal t\u00eb Zi, si dhe organizatat q\u00eb mbledhin refugjat\u00ebt serb\u00eb q\u00eb kan\u00eb ikur nga Kosova si dhe shoqatat q\u00eb jan\u00eb kund\u00ebr an\u00ebtar\u00ebsimit t\u00eb Malit t\u00eb Zi n\u00eb NATO, kan\u00eb paralajm\u00ebruar se do t\u00eb kund\u00ebrshtojn\u00eb edhe me protesta vizit\u00ebn e paralajm\u00ebruar t\u00eb Z\u00ebvend\u00ebs Kryeministrit Tha\u00e7i n\u00eb Mal t\u00eb Zi. Sipas shoqatave t\u00eb \u201ct\u00eb p\u00ebrndjekurve nga Kosova dhe Metohija\u201d, Tha\u00e7i \u201cka p\u00ebrgjegj\u00ebsi komanduese p\u00ebr vrasje t\u00eb llahtarshme t\u00eb U\u00c7K ndaj serb\u00ebve dhe malaziasve n\u00eb Kosov\u00eb dhe Metohi dhe z\u00ebvend\u00ebs kryeministri i rrejsh\u00ebm i shtetit t\u00eb rrejsh\u00ebm t\u00eb Kosov\u00ebs edhe vet\u00eb ka ekzekutuar shum\u00eb serb\u00eb n\u00eb krahin\u00ebn serbe\u201d.<\/p>\n<p>Po ashtu, sipas deklarat\u00ebs s\u00eb p\u00ebrbashk\u00ebt t\u00eb k\u00ebtyre organizatave \u201cTha\u00e7i dhe organizata e vet kanibale i kan\u00eb shkat\u00ebrruar t\u00eb gjitha varrezat serbe n\u00eb Metohi, kan\u00eb kidnapuar dhe vrar\u00eb serb\u00eb dhe ne kemi obligim ta organizojm\u00eb nj\u00eb protest\u00eb t\u00eb madhe n\u00eb Podgoric\u00eb\u201d<br \/>\nNd\u00ebrsa shoqata joqeveritare \u201cJo Nato-s\u201d vizita e Tha\u00e7it n\u00eb Podgoric\u00eb \u00ebsht\u00eb e par\u00eb zyrtare e vitit 2015 q\u00eb po b\u00ebhet n\u00eb k\u00ebt\u00eb shtet p\u00ebr mysafir\u00eb nga jasht\u00eb dhe se me ftes\u00ebn e Djukanovicit, Tha\u00e7i vjen n\u00eb Mal t\u00eb ZI, por nuk \u201c\u00ebsht\u00eb i d\u00ebshiruar\u201d.<\/p>\n<p>Sipas burimeve malaziase si dhe artikujve te botuara n\u00eb shtypin pro-serb n\u00eb Mal t\u00eb Zi, nuk \u00ebsht\u00eb p\u00ebrjashtuar asnj\u00eb mjet q\u00eb t\u00eb pengohet vizita e Tha\u00e7it. Mu p\u00ebr k\u00ebt\u00eb, pritet q\u00eb shteti malazez ta pret Z\u00ebvend\u00ebs Kryeministrit Kosovar n\u00eb masa t\u00eb jasht\u00ebzakonshme t\u00eb siguris\u00eb. Nd\u00ebrsa n\u00eb gazeta serbe n\u00eb Mal t\u00eb Zi, \u00ebsht\u00eb botuar edhe nj\u00eb fotografi ku shihet se Tha\u00e7i, Bernard Koushner dhe Javier Solana si kanibal duke transplantuar edhe organe t\u00eb serb\u00ebve.<\/p>\n<div class=\"container\">\n<div class=\"alignleft\">\u00a0<strong>Tetova Sot<\/strong><\/div>\n<\/div>\n","protected":false},"excerpt":{"rendered":"<p>Vizita e paralajm\u00ebruar e Ministrit t\u00eb Jasht\u00ebm t\u00eb Kosov\u00ebs Hashim Tha\u00e7it, n\u00eb Mal t\u00eb Zi, ka prekur telat e nacionalist\u00ebve serbe q\u00eb paralajm\u00ebrojn\u00eb dhun\u00eb kund\u00ebr vizit\u00ebs s\u00eb tij n\u00eb Podgoric\u00eb. Shoqatat e serb\u00ebve n\u00eb Malin e Zi si dhe gazetat pro-serbe paralajm\u00ebrojn\u00eb protesta t\u00eb m\u00ebdha dhe parandalim \u201cme \u00e7do kusht\u201d t\u00eb k\u00ebsaj vizite. Ata akuzojn\u00eb [&hellip;]<\/p>\n","protected":false},"author":1,"featured_media":0,"comment_status":"closed","ping_status":"closed","sticky":false,"template":"","format":"standard","meta":{"spay_email":"","jetpack_publicize_message":"","jetpack_is_tweetstorm":false,"jetpack_publicize_feature_enabled":true},"categories":[12],"tags":[],"jetpack_publicize_connections":[],"yoast_head":"<!-- This site is optimized with the Yoast SEO plugin v19.1 - https:\/\/yoast.com\/wordpress\/plugins\/seo\/ -->\n<title>Protesta serbe kund\u00ebr vizit\u00ebs s\u00eb Hashim Tha\u00e7it n\u00eb Malit t\u00eb Zi - Lajme nga Ulqini<\/title>\n<meta name=\"description\" content=\"Vizita e paralajm\u00ebruar e Ministrit t\u00eb Jasht\u00ebm t\u00eb Kosov\u00ebs Hashim Tha\u00e7it, n\u00eb Mal t\u00eb Zi, ka prekur telat e nacionalist\u00ebve serbe q\u00eb paralajm\u00ebrojn\u00eb dhun\u00eb\" \/>\n<meta name=\"robots\" content=\"index, follow, max-snippet:-1, max-image-preview:large, max-video-preview:-1\" \/>\n<link rel=\"canonical\" href=\"https:\/\/www.visit-ulcinj.com\/blog\/2015\/01\/10\/protesta-serbe-kunder-vizites-se-hashim-thacit-ne-malit-te-zi\/\" \/>\n<meta property=\"og:locale\" content=\"en_US\" \/>\n<meta property=\"og:type\" content=\"article\" \/>\n<meta property=\"og:title\" content=\"Protesta serbe kund\u00ebr vizit\u00ebs s\u00eb Hashim Tha\u00e7it n\u00eb Malit t\u00eb Zi - Lajme nga Ulqini\" \/>\n<meta property=\"og:description\" content=\"Vizita e paralajm\u00ebruar e Ministrit t\u00eb Jasht\u00ebm t\u00eb Kosov\u00ebs Hashim Tha\u00e7it, n\u00eb Mal t\u00eb Zi, ka prekur telat e nacionalist\u00ebve serbe q\u00eb paralajm\u00ebrojn\u00eb dhun\u00eb\" \/>\n<meta property=\"og:url\" content=\"https:\/\/www.visit-ulcinj.com\/blog\/2015\/01\/10\/protesta-serbe-kunder-vizites-se-hashim-thacit-ne-malit-te-zi\/\" \/>\n<meta property=\"og:site_name\" content=\"Lajme nga Ulqini\" \/>\n<meta property=\"article:published_time\" content=\"2015-01-10T08:19:15+00:00\" \/>\n<meta property=\"og:image\" content=\"http:\/\/www.visit-ulcinj.com\/blog\/wp-content\/uploads\/2015\/01\/Protesta-serbe-kunder-Hashim-Thacit-Mal-te-Zi.jpg\" \/>\n<meta name=\"twitter:label1\" content=\"Written by\" \/>\n\t<meta name=\"twitter:data1\" content=\"ulqini\" \/>\n\t<meta name=\"twitter:label2\" content=\"Est. reading time\" \/>\n\t<meta name=\"twitter:data2\" content=\"2 minutes\" \/>\n<script type=\"application\/ld+json\" class=\"yoast-schema-graph\">{\"@context\":\"https:\/\/schema.org\",\"@graph\":[{\"@type\":\"WebSite\",\"@id\":\"https:\/\/www.visit-ulcinj.com\/blog\/#website\",\"url\":\"https:\/\/www.visit-ulcinj.com\/blog\/\",\"name\":\"Lajme nga Ulqini\",\"description\":\"Lajme,Vijesti,Ulqini,Ulqin,Crna Gora,Mali i Zi\",\"potentialAction\":[{\"@type\":\"SearchAction\",\"target\":{\"@type\":\"EntryPoint\",\"urlTemplate\":\"https:\/\/www.visit-ulcinj.com\/blog\/?s={search_term_string}\"},\"query-input\":\"required name=search_term_string\"}],\"inLanguage\":\"en-US\"},{\"@type\":\"ImageObject\",\"inLanguage\":\"en-US\",\"@id\":\"https:\/\/www.visit-ulcinj.com\/blog\/2015\/01\/10\/protesta-serbe-kunder-vizites-se-hashim-thacit-ne-malit-te-zi\/#primaryimage\",\"url\":\"http:\/\/www.visit-ulcinj.com\/blog\/wp-content\/uploads\/2015\/01\/Protesta-serbe-kunder-Hashim-Thacit-Mal-te-Zi.jpg\",\"contentUrl\":\"http:\/\/www.visit-ulcinj.com\/blog\/wp-content\/uploads\/2015\/01\/Protesta-serbe-kunder-Hashim-Thacit-Mal-te-Zi.jpg\"},{\"@type\":\"WebPage\",\"@id\":\"https:\/\/www.visit-ulcinj.com\/blog\/2015\/01\/10\/protesta-serbe-kunder-vizites-se-hashim-thacit-ne-malit-te-zi\/#webpage\",\"url\":\"https:\/\/www.visit-ulcinj.com\/blog\/2015\/01\/10\/protesta-serbe-kunder-vizites-se-hashim-thacit-ne-malit-te-zi\/\",\"name\":\"Protesta serbe kund\u00ebr vizit\u00ebs s\u00eb Hashim Tha\u00e7it n\u00eb Malit t\u00eb Zi - Lajme nga Ulqini\",\"isPartOf\":{\"@id\":\"https:\/\/www.visit-ulcinj.com\/blog\/#website\"},\"primaryImageOfPage\":{\"@id\":\"https:\/\/www.visit-ulcinj.com\/blog\/2015\/01\/10\/protesta-serbe-kunder-vizites-se-hashim-thacit-ne-malit-te-zi\/#primaryimage\"},\"datePublished\":\"2015-01-10T08:19:15+00:00\",\"dateModified\":\"2015-01-10T08:19:15+00:00\",\"author\":{\"@id\":\"https:\/\/www.visit-ulcinj.com\/blog\/#\/schema\/person\/dcab619c614d3038751c63bc2aadc06d\"},\"description\":\"Vizita e paralajm\u00ebruar e Ministrit t\u00eb Jasht\u00ebm t\u00eb Kosov\u00ebs Hashim Tha\u00e7it, n\u00eb Mal t\u00eb Zi, ka prekur telat e nacionalist\u00ebve serbe q\u00eb paralajm\u00ebrojn\u00eb dhun\u00eb\",\"breadcrumb\":{\"@id\":\"https:\/\/www.visit-ulcinj.com\/blog\/2015\/01\/10\/protesta-serbe-kunder-vizites-se-hashim-thacit-ne-malit-te-zi\/#breadcrumb\"},\"inLanguage\":\"en-US\",\"potentialAction\":[{\"@type\":\"ReadAction\",\"target\":[\"https:\/\/www.visit-ulcinj.com\/blog\/2015\/01\/10\/protesta-serbe-kunder-vizites-se-hashim-thacit-ne-malit-te-zi\/\"]}]},{\"@type\":\"BreadcrumbList\",\"@id\":\"https:\/\/www.visit-ulcinj.com\/blog\/2015\/01\/10\/protesta-serbe-kunder-vizites-se-hashim-thacit-ne-malit-te-zi\/#breadcrumb\",\"itemListElement\":[{\"@type\":\"ListItem\",\"position\":1,\"name\":\"Protesta serbe kund\u00ebr vizit\u00ebs s\u00eb Hashim Tha\u00e7it n\u00eb Malit t\u00eb Zi\"}]},{\"@type\":\"Person\",\"@id\":\"https:\/\/www.visit-ulcinj.com\/blog\/#\/schema\/person\/dcab619c614d3038751c63bc2aadc06d\",\"name\":\"ulqini\",\"sameAs\":[\"http:\/\/www.visit-ulcinj.com\"],\"url\":\"https:\/\/www.visit-ulcinj.com\/blog\/author\/admin\/\"}]}<\/script>\n<!-- \/ Yoast SEO plugin. -->","yoast_head_json":{"title":"Protesta serbe kund\u00ebr vizit\u00ebs s\u00eb Hashim Tha\u00e7it n\u00eb Malit t\u00eb Zi - Lajme nga Ulqini","description":"Vizita e paralajm\u00ebruar e Ministrit t\u00eb Jasht\u00ebm t\u00eb Kosov\u00ebs Hashim Tha\u00e7it, n\u00eb Mal t\u00eb Zi, ka prekur telat e nacionalist\u00ebve serbe q\u00eb paralajm\u00ebrojn\u00eb dhun\u00eb","robots":{"index":"index","follow":"follow","max-snippet":"max-snippet:-1","max-image-preview":"max-image-preview:large","max-video-preview":"max-video-preview:-1"},"canonical":"https:\/\/www.visit-ulcinj.com\/blog\/2015\/01\/10\/protesta-serbe-kunder-vizites-se-hashim-thacit-ne-malit-te-zi\/","og_locale":"en_US","og_type":"article","og_title":"Protesta serbe kund\u00ebr vizit\u00ebs s\u00eb Hashim Tha\u00e7it n\u00eb Malit t\u00eb Zi - Lajme nga Ulqini","og_description":"Vizita e paralajm\u00ebruar e Ministrit t\u00eb Jasht\u00ebm t\u00eb Kosov\u00ebs Hashim Tha\u00e7it, n\u00eb Mal t\u00eb Zi, ka prekur telat e nacionalist\u00ebve serbe q\u00eb paralajm\u00ebrojn\u00eb dhun\u00eb","og_url":"https:\/\/www.visit-ulcinj.com\/blog\/2015\/01\/10\/protesta-serbe-kunder-vizites-se-hashim-thacit-ne-malit-te-zi\/","og_site_name":"Lajme nga Ulqini","article_published_time":"2015-01-10T08:19:15+00:00","og_image":[{"url":"http:\/\/www.visit-ulcinj.com\/blog\/wp-content\/uploads\/2015\/01\/Protesta-serbe-kunder-Hashim-Thacit-Mal-te-Zi.jpg"}],"twitter_misc":{"Written by":"ulqini","Est. reading time":"2 minutes"},"schema":{"@context":"https:\/\/schema.org","@graph":[{"@type":"WebSite","@id":"https:\/\/www.visit-ulcinj.com\/blog\/#website","url":"https:\/\/www.visit-ulcinj.com\/blog\/","name":"Lajme nga Ulqini","description":"Lajme,Vijesti,Ulqini,Ulqin,Crna Gora,Mali i Zi","potentialAction":[{"@type":"SearchAction","target":{"@type":"EntryPoint","urlTemplate":"https:\/\/www.visit-ulcinj.com\/blog\/?s={search_term_string}"},"query-input":"required name=search_term_string"}],"inLanguage":"en-US"},{"@type":"ImageObject","inLanguage":"en-US","@id":"https:\/\/www.visit-ulcinj.com\/blog\/2015\/01\/10\/protesta-serbe-kunder-vizites-se-hashim-thacit-ne-malit-te-zi\/#primaryimage","url":"http:\/\/www.visit-ulcinj.com\/blog\/wp-content\/uploads\/2015\/01\/Protesta-serbe-kunder-Hashim-Thacit-Mal-te-Zi.jpg","contentUrl":"http:\/\/www.visit-ulcinj.com\/blog\/wp-content\/uploads\/2015\/01\/Protesta-serbe-kunder-Hashim-Thacit-Mal-te-Zi.jpg"},{"@type":"WebPage","@id":"https:\/\/www.visit-ulcinj.com\/blog\/2015\/01\/10\/protesta-serbe-kunder-vizites-se-hashim-thacit-ne-malit-te-zi\/#webpage","url":"https:\/\/www.visit-ulcinj.com\/blog\/2015\/01\/10\/protesta-serbe-kunder-vizites-se-hashim-thacit-ne-malit-te-zi\/","name":"Protesta serbe kund\u00ebr vizit\u00ebs s\u00eb Hashim Tha\u00e7it n\u00eb Malit t\u00eb Zi - Lajme nga Ulqini","isPartOf":{"@id":"https:\/\/www.visit-ulcinj.com\/blog\/#website"},"primaryImageOfPage":{"@id":"https:\/\/www.visit-ulcinj.com\/blog\/2015\/01\/10\/protesta-serbe-kunder-vizites-se-hashim-thacit-ne-malit-te-zi\/#primaryimage"},"datePublished":"2015-01-10T08:19:15+00:00","dateModified":"2015-01-10T08:19:15+00:00","author":{"@id":"https:\/\/www.visit-ulcinj.com\/blog\/#\/schema\/person\/dcab619c614d3038751c63bc2aadc06d"},"description":"Vizita e paralajm\u00ebruar e Ministrit t\u00eb Jasht\u00ebm t\u00eb Kosov\u00ebs Hashim Tha\u00e7it, n\u00eb Mal t\u00eb Zi, ka prekur telat e nacionalist\u00ebve serbe q\u00eb paralajm\u00ebrojn\u00eb dhun\u00eb","breadcrumb":{"@id":"https:\/\/www.visit-ulcinj.com\/blog\/2015\/01\/10\/protesta-serbe-kunder-vizites-se-hashim-thacit-ne-malit-te-zi\/#breadcrumb"},"inLanguage":"en-US","potentialAction":[{"@type":"ReadAction","target":["https:\/\/www.visit-ulcinj.com\/blog\/2015\/01\/10\/protesta-serbe-kunder-vizites-se-hashim-thacit-ne-malit-te-zi\/"]}]},{"@type":"BreadcrumbList","@id":"https:\/\/www.visit-ulcinj.com\/blog\/2015\/01\/10\/protesta-serbe-kunder-vizites-se-hashim-thacit-ne-malit-te-zi\/#breadcrumb","itemListElement":[{"@type":"ListItem","position":1,"name":"Protesta serbe kund\u00ebr vizit\u00ebs s\u00eb Hashim Tha\u00e7it n\u00eb Malit t\u00eb Zi"}]},{"@type":"Person","@id":"https:\/\/www.visit-ulcinj.com\/blog\/#\/schema\/person\/dcab619c614d3038751c63bc2aadc06d","name":"ulqini","sameAs":["http:\/\/www.visit-ulcinj.com"],"url":"https:\/\/www.visit-ulcinj.com\/blog\/author\/admin\/"}]}},"jetpack_featured_media_url":"","jetpack_sharing_enabled":true,"jetpack_shortlink":"https:\/\/wp.me\/pe6lTn-mMP","_links":{"self":[{"href":"https:\/\/www.visit-ulcinj.com\/blog\/wp-json\/wp\/v2\/posts\/87595"}],"collection":[{"href":"https:\/\/www.visit-ulcinj.com\/blog\/wp-json\/wp\/v2\/posts"}],"about":[{"href":"https:\/\/www.visit-ulcinj.com\/blog\/wp-json\/wp\/v2\/types\/post"}],"author":[{"embeddable":true,"href":"https:\/\/www.visit-ulcinj.com\/blog\/wp-json\/wp\/v2\/users\/1"}],"replies":[{"embeddable":true,"href":"https:\/\/www.visit-ulcinj.com\/blog\/wp-json\/wp\/v2\/comments?post=87595"}],"version-history":[{"count":1,"href":"https:\/\/www.visit-ulcinj.com\/blog\/wp-json\/wp\/v2\/posts\/87595\/revisions"}],"predecessor-version":[{"id":87597,"href":"https:\/\/www.visit-ulcinj.com\/blog\/wp-json\/wp\/v2\/posts\/87595\/revisions\/87597"}],"wp:attachment":[{"href":"https:\/\/www.visit-ulcinj.com\/blog\/wp-json\/wp\/v2\/media?parent=87595"}],"wp:term":[{"taxonomy":"category","embeddable":true,"href":"https:\/\/www.visit-ulcinj.com\/blog\/wp-json\/wp\/v2\/categories?post=87595"},{"taxonomy":"post_tag","embeddable":true,"href":"https:\/\/www.visit-ulcinj.com\/blog\/wp-json\/wp\/v2\/tags?post=87595"}],"curies":[{"name":"wp","href":"https:\/\/api.w.org\/{rel}","templated":true}]}}