{"id":87598,"date":"2015-01-10T09:32:01","date_gmt":"2015-01-10T08:32:01","guid":{"rendered":"http:\/\/www.visit-ulcinj.com\/blog\/?p=87598"},"modified":"2015-01-10T09:32:01","modified_gmt":"2015-01-10T08:32:01","slug":"ne-mal-te-zi-krijohen-kushtet-per-nje-operator-te-katert-mobil-ne-vend","status":"publish","type":"post","link":"https:\/\/www.visit-ulcinj.com\/blog\/2015\/01\/10\/ne-mal-te-zi-krijohen-kushtet-per-nje-operator-te-katert-mobil-ne-vend\/","title":{"rendered":"N\u00eb Mal te Zi krijohen kushtet p\u00ebr nj\u00eb operator t\u00eb kat\u00ebrt mobil n\u00eb vend"},"content":{"rendered":"<div id=\"stcpDiv\">\n<p><a href=\"http:\/\/www.visit-ulcinj.com\/blog\/wp-content\/uploads\/2015\/01\/operatoret-mobile.jpg\"><img loading=\"lazy\" class=\"alignleft wp-image-87599\" src=\"http:\/\/www.visit-ulcinj.com\/blog\/wp-content\/uploads\/2015\/01\/operatoret-mobile.jpg\" alt=\"operatoret-mobile\" width=\"508\" height=\"254\" \/><\/a>Mali i Zi me shum\u00eb gjasa do t\u00eb shoh\u00eb mb\u00ebrritjen e nj\u00eb operatori t\u00eb kat\u00ebrt mobile n\u00eb vend. K\u00ebto t\u00eb dh\u00ebna vin\u00eb nga shefi ekzekutiv i autoritetit t\u00eb komunikimeve elektronike malazeze (EKIP), Zoran Sekulic, n\u00eb nj\u00eb intervist\u00eb e publikuar n\u00eb portalin CDM.<\/p>\n<p>Sekulic shpjegoi se autoriteti rregullator ka krijuar struktur\u00ebn e duhur e cila ofron kushtet e nevojshme p\u00ebr hyrjen e lojtar\u00ebve t\u00eb rinj n\u00eb sektorin e komunikimeve elektronike t\u00eb Malit t\u00eb Zi.<\/p>\n<p>Gjithsesi, i vetmi lojtar potencial q\u00eb ka shprehur interes p\u00ebr hyrjen n\u00eb tregun e operator\u00ebve mobile \u00ebsht\u00eb kompania me qend\u00ebr n\u00eb Budva Prontotel e cila ka n\u00eb plan t\u00eb lan\u00e7ojn\u00eb sh\u00ebrbimet si nj\u00eb operator mobil virtual. Sekulic shpjegoi se EKIP gjithashtu ka p\u00ebrgatitur baz\u00ebn ligjore p\u00ebr t\u00eb pranuar n\u00eb treg operator mobil virtual.<\/p>\n<p>Autoriteti i komunikimeve elektronike gjithashtu b\u00ebri me dije se 60 kompani kan\u00eb aplikuar p\u00ebr nj\u00eb licenc\u00eb sh\u00ebrbimesh t\u00eb komunikimeve elektronike, por q\u00eb nuk u shpjegua ve\u00e7an\u00ebrisht se p\u00ebr \u00e7far\u00eb sh\u00ebrbimesh b\u00ebhet fjal\u00eb. (PCWorld Albanian)<\/p>\n<div id=\"stcpDiv\"><strong>PCWorld Albanian<\/strong><\/div>\n<\/div>\n","protected":false},"excerpt":{"rendered":"<p>Mali i Zi me shum\u00eb gjasa do t\u00eb shoh\u00eb mb\u00ebrritjen e nj\u00eb operatori t\u00eb kat\u00ebrt mobile n\u00eb vend. K\u00ebto t\u00eb dh\u00ebna vin\u00eb nga shefi ekzekutiv i autoritetit t\u00eb komunikimeve elektronike malazeze (EKIP), Zoran Sekulic, n\u00eb nj\u00eb intervist\u00eb e publikuar n\u00eb portalin CDM. Sekulic shpjegoi se autoriteti rregullator ka krijuar struktur\u00ebn e duhur e cila ofron [&hellip;]<\/p>\n","protected":false},"author":1,"featured_media":0,"comment_status":"closed","ping_status":"closed","sticky":false,"template":"","format":"standard","meta":{"spay_email":"","jetpack_publicize_message":"","jetpack_is_tweetstorm":false,"jetpack_publicize_feature_enabled":true},"categories":[14],"tags":[],"jetpack_publicize_connections":[],"yoast_head":"<!-- This site is optimized with the Yoast SEO plugin v19.1 - https:\/\/yoast.com\/wordpress\/plugins\/seo\/ -->\n<title>N\u00eb Mal te Zi krijohen kushtet p\u00ebr nj\u00eb operator t\u00eb kat\u00ebrt mobil n\u00eb vend - Lajme nga Ulqini<\/title>\n<meta name=\"description\" content=\"Mali i Zi me shum\u00eb gjasa do t\u00eb shoh\u00eb mb\u00ebrritjen e nj\u00eb operatori t\u00eb kat\u00ebrt mobile n\u00eb vend. K\u00ebto t\u00eb dh\u00ebna vin\u00eb nga shefi ekzekutiv i autoritetit t\u00eb\" \/>\n<meta name=\"robots\" content=\"index, follow, max-snippet:-1, max-image-preview:large, max-video-preview:-1\" \/>\n<link rel=\"canonical\" href=\"https:\/\/www.visit-ulcinj.com\/blog\/2015\/01\/10\/ne-mal-te-zi-krijohen-kushtet-per-nje-operator-te-katert-mobil-ne-vend\/\" \/>\n<meta property=\"og:locale\" content=\"en_US\" \/>\n<meta property=\"og:type\" content=\"article\" \/>\n<meta property=\"og:title\" content=\"N\u00eb Mal te Zi krijohen kushtet p\u00ebr nj\u00eb operator t\u00eb kat\u00ebrt mobil n\u00eb vend - Lajme nga Ulqini\" \/>\n<meta property=\"og:description\" content=\"Mali i Zi me shum\u00eb gjasa do t\u00eb shoh\u00eb mb\u00ebrritjen e nj\u00eb operatori t\u00eb kat\u00ebrt mobile n\u00eb vend. K\u00ebto t\u00eb dh\u00ebna vin\u00eb nga shefi ekzekutiv i autoritetit t\u00eb\" \/>\n<meta property=\"og:url\" content=\"https:\/\/www.visit-ulcinj.com\/blog\/2015\/01\/10\/ne-mal-te-zi-krijohen-kushtet-per-nje-operator-te-katert-mobil-ne-vend\/\" \/>\n<meta property=\"og:site_name\" content=\"Lajme nga Ulqini\" \/>\n<meta property=\"article:published_time\" content=\"2015-01-10T08:32:01+00:00\" \/>\n<meta property=\"og:image\" content=\"http:\/\/www.visit-ulcinj.com\/blog\/wp-content\/uploads\/2015\/01\/operatoret-mobile.jpg\" \/>\n<meta name=\"twitter:label1\" content=\"Written by\" \/>\n\t<meta name=\"twitter:data1\" content=\"ulqini\" \/>\n\t<meta name=\"twitter:label2\" content=\"Est. reading time\" \/>\n\t<meta name=\"twitter:data2\" content=\"1 minute\" \/>\n<script type=\"application\/ld+json\" class=\"yoast-schema-graph\">{\"@context\":\"https:\/\/schema.org\",\"@graph\":[{\"@type\":\"WebSite\",\"@id\":\"https:\/\/www.visit-ulcinj.com\/blog\/#website\",\"url\":\"https:\/\/www.visit-ulcinj.com\/blog\/\",\"name\":\"Lajme nga Ulqini\",\"description\":\"Lajme,Vijesti,Ulqini,Ulqin,Crna Gora,Mali i Zi\",\"potentialAction\":[{\"@type\":\"SearchAction\",\"target\":{\"@type\":\"EntryPoint\",\"urlTemplate\":\"https:\/\/www.visit-ulcinj.com\/blog\/?s={search_term_string}\"},\"query-input\":\"required name=search_term_string\"}],\"inLanguage\":\"en-US\"},{\"@type\":\"ImageObject\",\"inLanguage\":\"en-US\",\"@id\":\"https:\/\/www.visit-ulcinj.com\/blog\/2015\/01\/10\/ne-mal-te-zi-krijohen-kushtet-per-nje-operator-te-katert-mobil-ne-vend\/#primaryimage\",\"url\":\"http:\/\/www.visit-ulcinj.com\/blog\/wp-content\/uploads\/2015\/01\/operatoret-mobile.jpg\",\"contentUrl\":\"http:\/\/www.visit-ulcinj.com\/blog\/wp-content\/uploads\/2015\/01\/operatoret-mobile.jpg\"},{\"@type\":\"WebPage\",\"@id\":\"https:\/\/www.visit-ulcinj.com\/blog\/2015\/01\/10\/ne-mal-te-zi-krijohen-kushtet-per-nje-operator-te-katert-mobil-ne-vend\/#webpage\",\"url\":\"https:\/\/www.visit-ulcinj.com\/blog\/2015\/01\/10\/ne-mal-te-zi-krijohen-kushtet-per-nje-operator-te-katert-mobil-ne-vend\/\",\"name\":\"N\u00eb Mal te Zi krijohen kushtet p\u00ebr nj\u00eb operator t\u00eb kat\u00ebrt mobil n\u00eb vend - Lajme nga Ulqini\",\"isPartOf\":{\"@id\":\"https:\/\/www.visit-ulcinj.com\/blog\/#website\"},\"primaryImageOfPage\":{\"@id\":\"https:\/\/www.visit-ulcinj.com\/blog\/2015\/01\/10\/ne-mal-te-zi-krijohen-kushtet-per-nje-operator-te-katert-mobil-ne-vend\/#primaryimage\"},\"datePublished\":\"2015-01-10T08:32:01+00:00\",\"dateModified\":\"2015-01-10T08:32:01+00:00\",\"author\":{\"@id\":\"https:\/\/www.visit-ulcinj.com\/blog\/#\/schema\/person\/dcab619c614d3038751c63bc2aadc06d\"},\"description\":\"Mali i Zi me shum\u00eb gjasa do t\u00eb shoh\u00eb mb\u00ebrritjen e nj\u00eb operatori t\u00eb kat\u00ebrt mobile n\u00eb vend. K\u00ebto t\u00eb dh\u00ebna vin\u00eb nga shefi ekzekutiv i autoritetit t\u00eb\",\"breadcrumb\":{\"@id\":\"https:\/\/www.visit-ulcinj.com\/blog\/2015\/01\/10\/ne-mal-te-zi-krijohen-kushtet-per-nje-operator-te-katert-mobil-ne-vend\/#breadcrumb\"},\"inLanguage\":\"en-US\",\"potentialAction\":[{\"@type\":\"ReadAction\",\"target\":[\"https:\/\/www.visit-ulcinj.com\/blog\/2015\/01\/10\/ne-mal-te-zi-krijohen-kushtet-per-nje-operator-te-katert-mobil-ne-vend\/\"]}]},{\"@type\":\"BreadcrumbList\",\"@id\":\"https:\/\/www.visit-ulcinj.com\/blog\/2015\/01\/10\/ne-mal-te-zi-krijohen-kushtet-per-nje-operator-te-katert-mobil-ne-vend\/#breadcrumb\",\"itemListElement\":[{\"@type\":\"ListItem\",\"position\":1,\"name\":\"N\u00eb Mal te Zi krijohen kushtet p\u00ebr nj\u00eb operator t\u00eb kat\u00ebrt mobil n\u00eb vend\"}]},{\"@type\":\"Person\",\"@id\":\"https:\/\/www.visit-ulcinj.com\/blog\/#\/schema\/person\/dcab619c614d3038751c63bc2aadc06d\",\"name\":\"ulqini\",\"sameAs\":[\"http:\/\/www.visit-ulcinj.com\"],\"url\":\"https:\/\/www.visit-ulcinj.com\/blog\/author\/admin\/\"}]}<\/script>\n<!-- \/ Yoast SEO plugin. -->","yoast_head_json":{"title":"N\u00eb Mal te Zi krijohen kushtet p\u00ebr nj\u00eb operator t\u00eb kat\u00ebrt mobil n\u00eb vend - Lajme nga Ulqini","description":"Mali i Zi me shum\u00eb gjasa do t\u00eb shoh\u00eb mb\u00ebrritjen e nj\u00eb operatori t\u00eb kat\u00ebrt mobile n\u00eb vend. K\u00ebto t\u00eb dh\u00ebna vin\u00eb nga shefi ekzekutiv i autoritetit t\u00eb","robots":{"index":"index","follow":"follow","max-snippet":"max-snippet:-1","max-image-preview":"max-image-preview:large","max-video-preview":"max-video-preview:-1"},"canonical":"https:\/\/www.visit-ulcinj.com\/blog\/2015\/01\/10\/ne-mal-te-zi-krijohen-kushtet-per-nje-operator-te-katert-mobil-ne-vend\/","og_locale":"en_US","og_type":"article","og_title":"N\u00eb Mal te Zi krijohen kushtet p\u00ebr nj\u00eb operator t\u00eb kat\u00ebrt mobil n\u00eb vend - Lajme nga Ulqini","og_description":"Mali i Zi me shum\u00eb gjasa do t\u00eb shoh\u00eb mb\u00ebrritjen e nj\u00eb operatori t\u00eb kat\u00ebrt mobile n\u00eb vend. K\u00ebto t\u00eb dh\u00ebna vin\u00eb nga shefi ekzekutiv i autoritetit t\u00eb","og_url":"https:\/\/www.visit-ulcinj.com\/blog\/2015\/01\/10\/ne-mal-te-zi-krijohen-kushtet-per-nje-operator-te-katert-mobil-ne-vend\/","og_site_name":"Lajme nga Ulqini","article_published_time":"2015-01-10T08:32:01+00:00","og_image":[{"url":"http:\/\/www.visit-ulcinj.com\/blog\/wp-content\/uploads\/2015\/01\/operatoret-mobile.jpg"}],"twitter_misc":{"Written by":"ulqini","Est. reading time":"1 minute"},"schema":{"@context":"https:\/\/schema.org","@graph":[{"@type":"WebSite","@id":"https:\/\/www.visit-ulcinj.com\/blog\/#website","url":"https:\/\/www.visit-ulcinj.com\/blog\/","name":"Lajme nga Ulqini","description":"Lajme,Vijesti,Ulqini,Ulqin,Crna Gora,Mali i Zi","potentialAction":[{"@type":"SearchAction","target":{"@type":"EntryPoint","urlTemplate":"https:\/\/www.visit-ulcinj.com\/blog\/?s={search_term_string}"},"query-input":"required name=search_term_string"}],"inLanguage":"en-US"},{"@type":"ImageObject","inLanguage":"en-US","@id":"https:\/\/www.visit-ulcinj.com\/blog\/2015\/01\/10\/ne-mal-te-zi-krijohen-kushtet-per-nje-operator-te-katert-mobil-ne-vend\/#primaryimage","url":"http:\/\/www.visit-ulcinj.com\/blog\/wp-content\/uploads\/2015\/01\/operatoret-mobile.jpg","contentUrl":"http:\/\/www.visit-ulcinj.com\/blog\/wp-content\/uploads\/2015\/01\/operatoret-mobile.jpg"},{"@type":"WebPage","@id":"https:\/\/www.visit-ulcinj.com\/blog\/2015\/01\/10\/ne-mal-te-zi-krijohen-kushtet-per-nje-operator-te-katert-mobil-ne-vend\/#webpage","url":"https:\/\/www.visit-ulcinj.com\/blog\/2015\/01\/10\/ne-mal-te-zi-krijohen-kushtet-per-nje-operator-te-katert-mobil-ne-vend\/","name":"N\u00eb Mal te Zi krijohen kushtet p\u00ebr nj\u00eb operator t\u00eb kat\u00ebrt mobil n\u00eb vend - Lajme nga Ulqini","isPartOf":{"@id":"https:\/\/www.visit-ulcinj.com\/blog\/#website"},"primaryImageOfPage":{"@id":"https:\/\/www.visit-ulcinj.com\/blog\/2015\/01\/10\/ne-mal-te-zi-krijohen-kushtet-per-nje-operator-te-katert-mobil-ne-vend\/#primaryimage"},"datePublished":"2015-01-10T08:32:01+00:00","dateModified":"2015-01-10T08:32:01+00:00","author":{"@id":"https:\/\/www.visit-ulcinj.com\/blog\/#\/schema\/person\/dcab619c614d3038751c63bc2aadc06d"},"description":"Mali i Zi me shum\u00eb gjasa do t\u00eb shoh\u00eb mb\u00ebrritjen e nj\u00eb operatori t\u00eb kat\u00ebrt mobile n\u00eb vend. K\u00ebto t\u00eb dh\u00ebna vin\u00eb nga shefi ekzekutiv i autoritetit t\u00eb","breadcrumb":{"@id":"https:\/\/www.visit-ulcinj.com\/blog\/2015\/01\/10\/ne-mal-te-zi-krijohen-kushtet-per-nje-operator-te-katert-mobil-ne-vend\/#breadcrumb"},"inLanguage":"en-US","potentialAction":[{"@type":"ReadAction","target":["https:\/\/www.visit-ulcinj.com\/blog\/2015\/01\/10\/ne-mal-te-zi-krijohen-kushtet-per-nje-operator-te-katert-mobil-ne-vend\/"]}]},{"@type":"BreadcrumbList","@id":"https:\/\/www.visit-ulcinj.com\/blog\/2015\/01\/10\/ne-mal-te-zi-krijohen-kushtet-per-nje-operator-te-katert-mobil-ne-vend\/#breadcrumb","itemListElement":[{"@type":"ListItem","position":1,"name":"N\u00eb Mal te Zi krijohen kushtet p\u00ebr nj\u00eb operator t\u00eb kat\u00ebrt mobil n\u00eb vend"}]},{"@type":"Person","@id":"https:\/\/www.visit-ulcinj.com\/blog\/#\/schema\/person\/dcab619c614d3038751c63bc2aadc06d","name":"ulqini","sameAs":["http:\/\/www.visit-ulcinj.com"],"url":"https:\/\/www.visit-ulcinj.com\/blog\/author\/admin\/"}]}},"jetpack_featured_media_url":"","jetpack_sharing_enabled":true,"jetpack_shortlink":"https:\/\/wp.me\/pe6lTn-mMS","_links":{"self":[{"href":"https:\/\/www.visit-ulcinj.com\/blog\/wp-json\/wp\/v2\/posts\/87598"}],"collection":[{"href":"https:\/\/www.visit-ulcinj.com\/blog\/wp-json\/wp\/v2\/posts"}],"about":[{"href":"https:\/\/www.visit-ulcinj.com\/blog\/wp-json\/wp\/v2\/types\/post"}],"author":[{"embeddable":true,"href":"https:\/\/www.visit-ulcinj.com\/blog\/wp-json\/wp\/v2\/users\/1"}],"replies":[{"embeddable":true,"href":"https:\/\/www.visit-ulcinj.com\/blog\/wp-json\/wp\/v2\/comments?post=87598"}],"version-history":[{"count":1,"href":"https:\/\/www.visit-ulcinj.com\/blog\/wp-json\/wp\/v2\/posts\/87598\/revisions"}],"predecessor-version":[{"id":87600,"href":"https:\/\/www.visit-ulcinj.com\/blog\/wp-json\/wp\/v2\/posts\/87598\/revisions\/87600"}],"wp:attachment":[{"href":"https:\/\/www.visit-ulcinj.com\/blog\/wp-json\/wp\/v2\/media?parent=87598"}],"wp:term":[{"taxonomy":"category","embeddable":true,"href":"https:\/\/www.visit-ulcinj.com\/blog\/wp-json\/wp\/v2\/categories?post=87598"},{"taxonomy":"post_tag","embeddable":true,"href":"https:\/\/www.visit-ulcinj.com\/blog\/wp-json\/wp\/v2\/tags?post=87598"}],"curies":[{"name":"wp","href":"https:\/\/api.w.org\/{rel}","templated":true}]}}