{"id":87602,"date":"2015-01-10T09:46:16","date_gmt":"2015-01-10T08:46:16","guid":{"rendered":"http:\/\/www.visit-ulcinj.com\/blog\/?p=87602"},"modified":"2015-01-10T09:46:48","modified_gmt":"2015-01-10T08:46:48","slug":"gold-ag-islami-nuk-lejon-aktet-terroriste-video","status":"publish","type":"post","link":"https:\/\/www.visit-ulcinj.com\/blog\/2015\/01\/10\/gold-ag-islami-nuk-lejon-aktet-terroriste-video\/","title":{"rendered":"Gold AG: Islami nuk lejon aktet terroriste &#8211; Video"},"content":{"rendered":"<p><a href=\"http:\/\/www.visit-ulcinj.com\/blog\/wp-content\/uploads\/2015\/01\/Gold-AG-.jpg\"><img loading=\"lazy\" class=\"alignleft wp-image-87603\" src=\"http:\/\/www.visit-ulcinj.com\/blog\/wp-content\/uploads\/2015\/01\/Gold-AG-.jpg\" alt=\"Gold AG-\" width=\"508\" height=\"286\" \/><\/a>Reperi i njohur shqiptar, Gold AG, ka deklaruar n\u00eb emisionin Zon\u00eb e Lir\u00eb se aktet terroriste q\u00eb kan\u00eb ndodhur n\u00eb Paris nuk lejohet nga feja t\u00eb cil\u00ebs ai edhe i k\u00ebndon &#8211; islami. Ai foli edhe p\u00ebr Alma Lam\u00ebn dhe p\u00ebr t\u00eb tjer\u00eb personazhe q\u00eb i p\u00ebrmendi n\u00eb &#8220;Shqiptar 2&#8221;.<\/p>\n<p>Gold AG, i pyetur p\u00ebr aktet terroriste n\u00eb Paris ku dy terrorist\u00eb n\u00ebn thirrjet islame kan\u00eb vrar\u00eb 12 persona t\u00eb revist\u00ebs satirike \u201cCharlie Hebdo\u201d q\u00eb ironizonin me fen\u00eb islame, tha se pa marr\u00eb parasysh at\u00eb q\u00eb ka ndodhur dhe rrethanat, feja islame nuk e lejon at\u00eb gj\u00eb.<\/p>\n<p>\u201cNuk e di sakt \u00e7ka ka ndodhur, por nj\u00eb gj\u00eb e di: vrasjet nuk i lejon assesi feja Islame\u201d, theksoi Gold AG duke komentuar ngjarjet n\u00eb Paris.<\/p>\n<p>Ai foli edhe p\u00ebr Alma Lam\u00ebn dhe p\u00ebr nj\u00eb medium me t\u00eb cilin ka pasur konflikt reperi.<\/p>\n<p>\u201cAlma Lama, nuk kam asgj\u00eb kund\u00ebr saj. Ajo ka b\u00ebr\u00eb edhe padi kund\u00ebr meje n\u00eb polici. Nuk kam asgj\u00eb kund\u00ebr saj, p\u00ebrve\u00e7 faktit q\u00eb u thot\u00eb arab\u00eb atyre q\u00eb kan\u00eb mjekrra dhe n\u00ebnave q\u00eb bartin shamia. Edhe n\u00ebna ime ka shami, por ajo \u00ebsht\u00eb shqiptare\u201d.<\/p>\n<p>\u201cPo kam shar\u00eb edhe at\u00eb gazet\u00ebn, ata jan\u00eb m\u00eb rrencat n\u00eb bot\u00eb. Tentojn\u00eb q\u00eb n\u00eb krah timin t\u00eb p\u00ebrfitojn\u00eb duke m\u00eb fyer, e ju e dini se n\u00ebse ka di\u00e7ka keq p\u00ebr mua duhet t\u00eb botohet n\u00ebp\u00ebr gazeta, por s\u00eb pari duhet q\u00eb t\u00eb merren informata p\u00ebr at\u00eb person\u201d, deklaroi Gold AG n\u00eb Zon\u00eb e Lir\u00eb.<\/p>\n<p>K\u00ebnga \u201cShqiptar 2\u201d q\u00eb nxiti shum\u00eb polemika ka arritur 2 milion\u00eb klikime. \/Telegrafi\/<\/p>\n<p><iframe loading=\"lazy\" src=\"\/\/www.dailymotion.com\/embed\/video\/x2ee0zb?autoPlay=1\" width=\"508\" height=\"315\" frameborder=\"0\" allowfullscreen=\"allowfullscreen\"><\/iframe><\/p>\n<p>GazetaExpressTV<\/p>\n","protected":false},"excerpt":{"rendered":"<p>Reperi i njohur shqiptar, Gold AG, ka deklaruar n\u00eb emisionin Zon\u00eb e Lir\u00eb se aktet terroriste q\u00eb kan\u00eb ndodhur n\u00eb Paris nuk lejohet nga feja t\u00eb cil\u00ebs ai edhe i k\u00ebndon &#8211; islami. Ai foli edhe p\u00ebr Alma Lam\u00ebn dhe p\u00ebr t\u00eb tjer\u00eb personazhe q\u00eb i p\u00ebrmendi n\u00eb &#8220;Shqiptar 2&#8221;. Gold AG, i pyetur p\u00ebr [&hellip;]<\/p>\n","protected":false},"author":1,"featured_media":0,"comment_status":"closed","ping_status":"closed","sticky":false,"template":"","format":"standard","meta":{"spay_email":"","jetpack_publicize_message":"","jetpack_is_tweetstorm":false,"jetpack_publicize_feature_enabled":true},"categories":[1],"tags":[],"jetpack_publicize_connections":[],"yoast_head":"<!-- This site is optimized with the Yoast SEO plugin v19.1 - https:\/\/yoast.com\/wordpress\/plugins\/seo\/ -->\n<title>Gold AG: Islami nuk lejon aktet terroriste - Video - Lajme nga Ulqini<\/title>\n<meta name=\"description\" content=\"Reperi i njohur shqiptar, Gold AG, ka deklaruar n\u00eb emisionin Zon\u00eb e Lir\u00eb se aktet terroriste q\u00eb kan\u00eb ndodhur n\u00eb Paris nuk lejohet nga feja t\u00eb cil\u00ebs ai\" \/>\n<meta name=\"robots\" content=\"index, follow, max-snippet:-1, max-image-preview:large, max-video-preview:-1\" \/>\n<link rel=\"canonical\" href=\"https:\/\/www.visit-ulcinj.com\/blog\/2015\/01\/10\/gold-ag-islami-nuk-lejon-aktet-terroriste-video\/\" \/>\n<meta property=\"og:locale\" content=\"en_US\" \/>\n<meta property=\"og:type\" content=\"article\" \/>\n<meta property=\"og:title\" content=\"Gold AG: Islami nuk lejon aktet terroriste - Video - Lajme nga Ulqini\" \/>\n<meta property=\"og:description\" content=\"Reperi i njohur shqiptar, Gold AG, ka deklaruar n\u00eb emisionin Zon\u00eb e Lir\u00eb se aktet terroriste q\u00eb kan\u00eb ndodhur n\u00eb Paris nuk lejohet nga feja t\u00eb cil\u00ebs ai\" \/>\n<meta property=\"og:url\" content=\"https:\/\/www.visit-ulcinj.com\/blog\/2015\/01\/10\/gold-ag-islami-nuk-lejon-aktet-terroriste-video\/\" \/>\n<meta property=\"og:site_name\" content=\"Lajme nga Ulqini\" \/>\n<meta property=\"article:published_time\" content=\"2015-01-10T08:46:16+00:00\" \/>\n<meta property=\"article:modified_time\" content=\"2015-01-10T08:46:48+00:00\" \/>\n<meta property=\"og:image\" content=\"http:\/\/www.visit-ulcinj.com\/blog\/wp-content\/uploads\/2015\/01\/Gold-AG-.jpg\" \/>\n<meta name=\"twitter:label1\" content=\"Written by\" \/>\n\t<meta name=\"twitter:data1\" content=\"ulqini\" \/>\n\t<meta name=\"twitter:label2\" content=\"Est. reading time\" \/>\n\t<meta name=\"twitter:data2\" content=\"1 minute\" \/>\n<script type=\"application\/ld+json\" class=\"yoast-schema-graph\">{\"@context\":\"https:\/\/schema.org\",\"@graph\":[{\"@type\":\"WebSite\",\"@id\":\"https:\/\/www.visit-ulcinj.com\/blog\/#website\",\"url\":\"https:\/\/www.visit-ulcinj.com\/blog\/\",\"name\":\"Lajme nga Ulqini\",\"description\":\"Lajme,Vijesti,Ulqini,Ulqin,Crna Gora,Mali i Zi\",\"potentialAction\":[{\"@type\":\"SearchAction\",\"target\":{\"@type\":\"EntryPoint\",\"urlTemplate\":\"https:\/\/www.visit-ulcinj.com\/blog\/?s={search_term_string}\"},\"query-input\":\"required name=search_term_string\"}],\"inLanguage\":\"en-US\"},{\"@type\":\"ImageObject\",\"inLanguage\":\"en-US\",\"@id\":\"https:\/\/www.visit-ulcinj.com\/blog\/2015\/01\/10\/gold-ag-islami-nuk-lejon-aktet-terroriste-video\/#primaryimage\",\"url\":\"http:\/\/www.visit-ulcinj.com\/blog\/wp-content\/uploads\/2015\/01\/Gold-AG-.jpg\",\"contentUrl\":\"http:\/\/www.visit-ulcinj.com\/blog\/wp-content\/uploads\/2015\/01\/Gold-AG-.jpg\"},{\"@type\":\"WebPage\",\"@id\":\"https:\/\/www.visit-ulcinj.com\/blog\/2015\/01\/10\/gold-ag-islami-nuk-lejon-aktet-terroriste-video\/#webpage\",\"url\":\"https:\/\/www.visit-ulcinj.com\/blog\/2015\/01\/10\/gold-ag-islami-nuk-lejon-aktet-terroriste-video\/\",\"name\":\"Gold AG: Islami nuk lejon aktet terroriste - Video - Lajme nga Ulqini\",\"isPartOf\":{\"@id\":\"https:\/\/www.visit-ulcinj.com\/blog\/#website\"},\"primaryImageOfPage\":{\"@id\":\"https:\/\/www.visit-ulcinj.com\/blog\/2015\/01\/10\/gold-ag-islami-nuk-lejon-aktet-terroriste-video\/#primaryimage\"},\"datePublished\":\"2015-01-10T08:46:16+00:00\",\"dateModified\":\"2015-01-10T08:46:48+00:00\",\"author\":{\"@id\":\"https:\/\/www.visit-ulcinj.com\/blog\/#\/schema\/person\/dcab619c614d3038751c63bc2aadc06d\"},\"description\":\"Reperi i njohur shqiptar, Gold AG, ka deklaruar n\u00eb emisionin Zon\u00eb e Lir\u00eb se aktet terroriste q\u00eb kan\u00eb ndodhur n\u00eb Paris nuk lejohet nga feja t\u00eb cil\u00ebs ai\",\"breadcrumb\":{\"@id\":\"https:\/\/www.visit-ulcinj.com\/blog\/2015\/01\/10\/gold-ag-islami-nuk-lejon-aktet-terroriste-video\/#breadcrumb\"},\"inLanguage\":\"en-US\",\"potentialAction\":[{\"@type\":\"ReadAction\",\"target\":[\"https:\/\/www.visit-ulcinj.com\/blog\/2015\/01\/10\/gold-ag-islami-nuk-lejon-aktet-terroriste-video\/\"]}]},{\"@type\":\"BreadcrumbList\",\"@id\":\"https:\/\/www.visit-ulcinj.com\/blog\/2015\/01\/10\/gold-ag-islami-nuk-lejon-aktet-terroriste-video\/#breadcrumb\",\"itemListElement\":[{\"@type\":\"ListItem\",\"position\":1,\"name\":\"Gold AG: Islami nuk lejon aktet terroriste &#8211; Video\"}]},{\"@type\":\"Person\",\"@id\":\"https:\/\/www.visit-ulcinj.com\/blog\/#\/schema\/person\/dcab619c614d3038751c63bc2aadc06d\",\"name\":\"ulqini\",\"sameAs\":[\"http:\/\/www.visit-ulcinj.com\"],\"url\":\"https:\/\/www.visit-ulcinj.com\/blog\/author\/admin\/\"}]}<\/script>\n<!-- \/ Yoast SEO plugin. -->","yoast_head_json":{"title":"Gold AG: Islami nuk lejon aktet terroriste - Video - Lajme nga Ulqini","description":"Reperi i njohur shqiptar, Gold AG, ka deklaruar n\u00eb emisionin Zon\u00eb e Lir\u00eb se aktet terroriste q\u00eb kan\u00eb ndodhur n\u00eb Paris nuk lejohet nga feja t\u00eb cil\u00ebs ai","robots":{"index":"index","follow":"follow","max-snippet":"max-snippet:-1","max-image-preview":"max-image-preview:large","max-video-preview":"max-video-preview:-1"},"canonical":"https:\/\/www.visit-ulcinj.com\/blog\/2015\/01\/10\/gold-ag-islami-nuk-lejon-aktet-terroriste-video\/","og_locale":"en_US","og_type":"article","og_title":"Gold AG: Islami nuk lejon aktet terroriste - Video - Lajme nga Ulqini","og_description":"Reperi i njohur shqiptar, Gold AG, ka deklaruar n\u00eb emisionin Zon\u00eb e Lir\u00eb se aktet terroriste q\u00eb kan\u00eb ndodhur n\u00eb Paris nuk lejohet nga feja t\u00eb cil\u00ebs ai","og_url":"https:\/\/www.visit-ulcinj.com\/blog\/2015\/01\/10\/gold-ag-islami-nuk-lejon-aktet-terroriste-video\/","og_site_name":"Lajme nga Ulqini","article_published_time":"2015-01-10T08:46:16+00:00","article_modified_time":"2015-01-10T08:46:48+00:00","og_image":[{"url":"http:\/\/www.visit-ulcinj.com\/blog\/wp-content\/uploads\/2015\/01\/Gold-AG-.jpg"}],"twitter_misc":{"Written by":"ulqini","Est. reading time":"1 minute"},"schema":{"@context":"https:\/\/schema.org","@graph":[{"@type":"WebSite","@id":"https:\/\/www.visit-ulcinj.com\/blog\/#website","url":"https:\/\/www.visit-ulcinj.com\/blog\/","name":"Lajme nga Ulqini","description":"Lajme,Vijesti,Ulqini,Ulqin,Crna Gora,Mali i Zi","potentialAction":[{"@type":"SearchAction","target":{"@type":"EntryPoint","urlTemplate":"https:\/\/www.visit-ulcinj.com\/blog\/?s={search_term_string}"},"query-input":"required name=search_term_string"}],"inLanguage":"en-US"},{"@type":"ImageObject","inLanguage":"en-US","@id":"https:\/\/www.visit-ulcinj.com\/blog\/2015\/01\/10\/gold-ag-islami-nuk-lejon-aktet-terroriste-video\/#primaryimage","url":"http:\/\/www.visit-ulcinj.com\/blog\/wp-content\/uploads\/2015\/01\/Gold-AG-.jpg","contentUrl":"http:\/\/www.visit-ulcinj.com\/blog\/wp-content\/uploads\/2015\/01\/Gold-AG-.jpg"},{"@type":"WebPage","@id":"https:\/\/www.visit-ulcinj.com\/blog\/2015\/01\/10\/gold-ag-islami-nuk-lejon-aktet-terroriste-video\/#webpage","url":"https:\/\/www.visit-ulcinj.com\/blog\/2015\/01\/10\/gold-ag-islami-nuk-lejon-aktet-terroriste-video\/","name":"Gold AG: Islami nuk lejon aktet terroriste - Video - Lajme nga Ulqini","isPartOf":{"@id":"https:\/\/www.visit-ulcinj.com\/blog\/#website"},"primaryImageOfPage":{"@id":"https:\/\/www.visit-ulcinj.com\/blog\/2015\/01\/10\/gold-ag-islami-nuk-lejon-aktet-terroriste-video\/#primaryimage"},"datePublished":"2015-01-10T08:46:16+00:00","dateModified":"2015-01-10T08:46:48+00:00","author":{"@id":"https:\/\/www.visit-ulcinj.com\/blog\/#\/schema\/person\/dcab619c614d3038751c63bc2aadc06d"},"description":"Reperi i njohur shqiptar, Gold AG, ka deklaruar n\u00eb emisionin Zon\u00eb e Lir\u00eb se aktet terroriste q\u00eb kan\u00eb ndodhur n\u00eb Paris nuk lejohet nga feja t\u00eb cil\u00ebs ai","breadcrumb":{"@id":"https:\/\/www.visit-ulcinj.com\/blog\/2015\/01\/10\/gold-ag-islami-nuk-lejon-aktet-terroriste-video\/#breadcrumb"},"inLanguage":"en-US","potentialAction":[{"@type":"ReadAction","target":["https:\/\/www.visit-ulcinj.com\/blog\/2015\/01\/10\/gold-ag-islami-nuk-lejon-aktet-terroriste-video\/"]}]},{"@type":"BreadcrumbList","@id":"https:\/\/www.visit-ulcinj.com\/blog\/2015\/01\/10\/gold-ag-islami-nuk-lejon-aktet-terroriste-video\/#breadcrumb","itemListElement":[{"@type":"ListItem","position":1,"name":"Gold AG: Islami nuk lejon aktet terroriste &#8211; Video"}]},{"@type":"Person","@id":"https:\/\/www.visit-ulcinj.com\/blog\/#\/schema\/person\/dcab619c614d3038751c63bc2aadc06d","name":"ulqini","sameAs":["http:\/\/www.visit-ulcinj.com"],"url":"https:\/\/www.visit-ulcinj.com\/blog\/author\/admin\/"}]}},"jetpack_featured_media_url":"","jetpack_sharing_enabled":true,"jetpack_shortlink":"https:\/\/wp.me\/pe6lTn-mMW","_links":{"self":[{"href":"https:\/\/www.visit-ulcinj.com\/blog\/wp-json\/wp\/v2\/posts\/87602"}],"collection":[{"href":"https:\/\/www.visit-ulcinj.com\/blog\/wp-json\/wp\/v2\/posts"}],"about":[{"href":"https:\/\/www.visit-ulcinj.com\/blog\/wp-json\/wp\/v2\/types\/post"}],"author":[{"embeddable":true,"href":"https:\/\/www.visit-ulcinj.com\/blog\/wp-json\/wp\/v2\/users\/1"}],"replies":[{"embeddable":true,"href":"https:\/\/www.visit-ulcinj.com\/blog\/wp-json\/wp\/v2\/comments?post=87602"}],"version-history":[{"count":2,"href":"https:\/\/www.visit-ulcinj.com\/blog\/wp-json\/wp\/v2\/posts\/87602\/revisions"}],"predecessor-version":[{"id":87605,"href":"https:\/\/www.visit-ulcinj.com\/blog\/wp-json\/wp\/v2\/posts\/87602\/revisions\/87605"}],"wp:attachment":[{"href":"https:\/\/www.visit-ulcinj.com\/blog\/wp-json\/wp\/v2\/media?parent=87602"}],"wp:term":[{"taxonomy":"category","embeddable":true,"href":"https:\/\/www.visit-ulcinj.com\/blog\/wp-json\/wp\/v2\/categories?post=87602"},{"taxonomy":"post_tag","embeddable":true,"href":"https:\/\/www.visit-ulcinj.com\/blog\/wp-json\/wp\/v2\/tags?post=87602"}],"curies":[{"name":"wp","href":"https:\/\/api.w.org\/{rel}","templated":true}]}}