{"id":87606,"date":"2015-01-10T09:52:04","date_gmt":"2015-01-10T08:52:04","guid":{"rendered":"http:\/\/www.visit-ulcinj.com\/blog\/?p=87606"},"modified":"2015-01-10T10:43:15","modified_gmt":"2015-01-10T09:43:15","slug":"najavljeni-protesti-zbog-dolaska-tacija","status":"publish","type":"post","link":"https:\/\/www.visit-ulcinj.com\/blog\/2015\/01\/10\/najavljeni-protesti-zbog-dolaska-tacija\/","title":{"rendered":"Najavljeni protesti zbog dolaska Ta\u010dija"},"content":{"rendered":"<p><strong><span class=\"boxImageCaption\"><a href=\"http:\/\/www.visit-ulcinj.com\/blog\/wp-content\/uploads\/2015\/01\/hashim-thaci-djukanovic.jpg\"><img loading=\"lazy\" class=\"alignleft wp-image-87607\" src=\"http:\/\/www.visit-ulcinj.com\/blog\/wp-content\/uploads\/2015\/01\/hashim-thaci-djukanovic.jpg\" alt=\"hashim-thaci-djukanovic\" width=\"508\" height=\"286\" srcset=\"https:\/\/www.visit-ulcinj.com\/blog\/wp-content\/uploads\/2015\/01\/hashim-thaci-djukanovic.jpg 853w, https:\/\/www.visit-ulcinj.com\/blog\/wp-content\/uploads\/2015\/01\/hashim-thaci-djukanovic-300x168.jpg 300w\" sizes=\"(max-width: 508px) 100vw, 508px\" \/><\/a>Foto: Arhiva<\/span><\/strong><\/p>\n<p><strong>Potpredsjednik Vlade i ministar vanjskih poslova Kosova Ha\u0161im Ta\u010di boravi\u0107e 15. i 16. januara u zvani\u010dnoj posjeti Crnoj Gori.<\/strong><\/p>\n<p>On \u0107e u Podgoricu sti\u0107i 15. januara kao gost crnogorskog \u0161efa diplomatije Igora Luk\u0161i\u0107a, a sasta\u0107e se i sa predsjednikom dr\u017eave Filipom Vujanovi\u0107em, premijerom Milom \u0110ukanovi\u0107em i predsjednikom parlamenta Rankom Krivokapi\u0107em.<\/p>\n<p>Ta\u010di \u0107e dan kasnije posjetiti Ulcinj, gdje \u0107e razgovarati sa predsjednikom Op\u0161tine Fatmirom \u0110ekom.<\/p>\n<p>Povodom najavljenog dolaska Ta\u010dija u Crnu Goru, tri udru\u017eenja najavila su miran protest za 16. januar, ispred vile &#8220;Gorica&#8221;.<\/p>\n<p>Sa\u00advez udru\u00ad\u017ee\u00adnja ra\u00adse\u00adlje\u00adnih u Cr\u00adnoj Go\u00adri, Udru\u00ad\u017ee\u00adnje Cr\u00adno\u00adgo\u00adra\u00adca Me\u00adto\u00adhi\u00adje i Udru\u00ad\u017ee\u00adnje po\u00adro\u00addi\u00adca kid\u00adna\u00adpo\u00adva\u00adnih, ne\u00adsta\u00adlih i ubi\u00adje\u00adnih na Kosovu &#8220;Bo\u00ad\u017eur&#8221; pozva\u00adli su svo\u00adje \u010dlan\u00adstvo na pro\u00adtest\u00adni skup po\u00advo\u00addom dolaska Ta\u00ad\u010di\u00adja u Pod\u00adgo\u00adri\u00adcu.<\/p>\n<p>Tako\u0111e, na dru\u0161tvenoj mre\u017ei &#8220;Facebook&#8221; je kreirana grupa <a href=\"https:\/\/www.facebook.com\/groups\/415001105316716\/?fref=ts\">&#8220;Protest protiv dolaska zlo\u010dinca Ha\u0161ima Ta\u010dija u Crnu Goru&#8221;<\/a>, kojoj se pridru\u017eilo vi\u0161e stotina \u010dlanova.<\/p>\n<p><strong>Izvor: RTCG<\/strong><\/p>\n","protected":false},"excerpt":{"rendered":"<p>Foto: Arhiva Potpredsjednik Vlade i ministar vanjskih poslova Kosova Ha\u0161im Ta\u010di boravi\u0107e 15. i 16. januara u zvani\u010dnoj posjeti Crnoj Gori. On \u0107e u Podgoricu sti\u0107i 15. januara kao gost crnogorskog \u0161efa diplomatije Igora Luk\u0161i\u0107a, a sasta\u0107e se i sa predsjednikom dr\u017eave Filipom Vujanovi\u0107em, premijerom Milom \u0110ukanovi\u0107em i predsjednikom parlamenta Rankom Krivokapi\u0107em. Ta\u010di \u0107e dan [&hellip;]<\/p>\n","protected":false},"author":1,"featured_media":0,"comment_status":"closed","ping_status":"closed","sticky":false,"template":"","format":"standard","meta":{"spay_email":"","jetpack_publicize_message":"","jetpack_is_tweetstorm":false,"jetpack_publicize_feature_enabled":true},"categories":[8337,6950],"tags":[],"jetpack_publicize_connections":[],"yoast_head":"<!-- This site is optimized with the Yoast SEO plugin v19.1 - https:\/\/yoast.com\/wordpress\/plugins\/seo\/ -->\n<title>Najavljeni protesti zbog dolaska Ta\u010dija - Lajme nga Ulqini<\/title>\n<meta name=\"description\" content=\"Foto: Arhiva Potpredsjednik Vlade i ministar vanjskih poslova Kosova Ha\u0161im Ta\u010di boravi\u0107e 15. i 16. januara u zvani\u010dnoj posjeti Crnoj Gori. On \u0107e u\" \/>\n<meta name=\"robots\" content=\"index, follow, max-snippet:-1, max-image-preview:large, max-video-preview:-1\" \/>\n<link rel=\"canonical\" href=\"https:\/\/www.visit-ulcinj.com\/blog\/2015\/01\/10\/najavljeni-protesti-zbog-dolaska-tacija\/\" \/>\n<meta property=\"og:locale\" content=\"en_US\" \/>\n<meta property=\"og:type\" content=\"article\" \/>\n<meta property=\"og:title\" content=\"Najavljeni protesti zbog dolaska Ta\u010dija - Lajme nga Ulqini\" \/>\n<meta property=\"og:description\" content=\"Foto: Arhiva Potpredsjednik Vlade i ministar vanjskih poslova Kosova Ha\u0161im Ta\u010di boravi\u0107e 15. i 16. januara u zvani\u010dnoj posjeti Crnoj Gori. On \u0107e u\" \/>\n<meta property=\"og:url\" content=\"https:\/\/www.visit-ulcinj.com\/blog\/2015\/01\/10\/najavljeni-protesti-zbog-dolaska-tacija\/\" \/>\n<meta property=\"og:site_name\" content=\"Lajme nga Ulqini\" \/>\n<meta property=\"article:published_time\" content=\"2015-01-10T08:52:04+00:00\" \/>\n<meta property=\"article:modified_time\" content=\"2015-01-10T09:43:15+00:00\" \/>\n<meta property=\"og:image\" content=\"http:\/\/www.visit-ulcinj.com\/blog\/wp-content\/uploads\/2015\/01\/hashim-thaci-djukanovic.jpg\" \/>\n<meta name=\"twitter:label1\" content=\"Written by\" \/>\n\t<meta name=\"twitter:data1\" content=\"ulqini\" \/>\n\t<meta name=\"twitter:label2\" content=\"Est. reading time\" \/>\n\t<meta name=\"twitter:data2\" content=\"1 minute\" \/>\n<script type=\"application\/ld+json\" class=\"yoast-schema-graph\">{\"@context\":\"https:\/\/schema.org\",\"@graph\":[{\"@type\":\"WebSite\",\"@id\":\"https:\/\/www.visit-ulcinj.com\/blog\/#website\",\"url\":\"https:\/\/www.visit-ulcinj.com\/blog\/\",\"name\":\"Lajme nga Ulqini\",\"description\":\"Lajme,Vijesti,Ulqini,Ulqin,Crna Gora,Mali i Zi\",\"potentialAction\":[{\"@type\":\"SearchAction\",\"target\":{\"@type\":\"EntryPoint\",\"urlTemplate\":\"https:\/\/www.visit-ulcinj.com\/blog\/?s={search_term_string}\"},\"query-input\":\"required name=search_term_string\"}],\"inLanguage\":\"en-US\"},{\"@type\":\"ImageObject\",\"inLanguage\":\"en-US\",\"@id\":\"https:\/\/www.visit-ulcinj.com\/blog\/2015\/01\/10\/najavljeni-protesti-zbog-dolaska-tacija\/#primaryimage\",\"url\":\"https:\/\/www.visit-ulcinj.com\/blog\/wp-content\/uploads\/2015\/01\/hashim-thaci-djukanovic.jpg\",\"contentUrl\":\"https:\/\/www.visit-ulcinj.com\/blog\/wp-content\/uploads\/2015\/01\/hashim-thaci-djukanovic.jpg\",\"width\":853,\"height\":480},{\"@type\":\"WebPage\",\"@id\":\"https:\/\/www.visit-ulcinj.com\/blog\/2015\/01\/10\/najavljeni-protesti-zbog-dolaska-tacija\/#webpage\",\"url\":\"https:\/\/www.visit-ulcinj.com\/blog\/2015\/01\/10\/najavljeni-protesti-zbog-dolaska-tacija\/\",\"name\":\"Najavljeni protesti zbog dolaska Ta\u010dija - Lajme nga Ulqini\",\"isPartOf\":{\"@id\":\"https:\/\/www.visit-ulcinj.com\/blog\/#website\"},\"primaryImageOfPage\":{\"@id\":\"https:\/\/www.visit-ulcinj.com\/blog\/2015\/01\/10\/najavljeni-protesti-zbog-dolaska-tacija\/#primaryimage\"},\"datePublished\":\"2015-01-10T08:52:04+00:00\",\"dateModified\":\"2015-01-10T09:43:15+00:00\",\"author\":{\"@id\":\"https:\/\/www.visit-ulcinj.com\/blog\/#\/schema\/person\/dcab619c614d3038751c63bc2aadc06d\"},\"description\":\"Foto: Arhiva Potpredsjednik Vlade i ministar vanjskih poslova Kosova Ha\u0161im Ta\u010di boravi\u0107e 15. i 16. januara u zvani\u010dnoj posjeti Crnoj Gori. On \u0107e u\",\"breadcrumb\":{\"@id\":\"https:\/\/www.visit-ulcinj.com\/blog\/2015\/01\/10\/najavljeni-protesti-zbog-dolaska-tacija\/#breadcrumb\"},\"inLanguage\":\"en-US\",\"potentialAction\":[{\"@type\":\"ReadAction\",\"target\":[\"https:\/\/www.visit-ulcinj.com\/blog\/2015\/01\/10\/najavljeni-protesti-zbog-dolaska-tacija\/\"]}]},{\"@type\":\"BreadcrumbList\",\"@id\":\"https:\/\/www.visit-ulcinj.com\/blog\/2015\/01\/10\/najavljeni-protesti-zbog-dolaska-tacija\/#breadcrumb\",\"itemListElement\":[{\"@type\":\"ListItem\",\"position\":1,\"name\":\"Najavljeni protesti zbog dolaska Ta\u010dija\"}]},{\"@type\":\"Person\",\"@id\":\"https:\/\/www.visit-ulcinj.com\/blog\/#\/schema\/person\/dcab619c614d3038751c63bc2aadc06d\",\"name\":\"ulqini\",\"sameAs\":[\"http:\/\/www.visit-ulcinj.com\"],\"url\":\"https:\/\/www.visit-ulcinj.com\/blog\/author\/admin\/\"}]}<\/script>\n<!-- \/ Yoast SEO plugin. -->","yoast_head_json":{"title":"Najavljeni protesti zbog dolaska Ta\u010dija - Lajme nga Ulqini","description":"Foto: Arhiva Potpredsjednik Vlade i ministar vanjskih poslova Kosova Ha\u0161im Ta\u010di boravi\u0107e 15. i 16. januara u zvani\u010dnoj posjeti Crnoj Gori. On \u0107e u","robots":{"index":"index","follow":"follow","max-snippet":"max-snippet:-1","max-image-preview":"max-image-preview:large","max-video-preview":"max-video-preview:-1"},"canonical":"https:\/\/www.visit-ulcinj.com\/blog\/2015\/01\/10\/najavljeni-protesti-zbog-dolaska-tacija\/","og_locale":"en_US","og_type":"article","og_title":"Najavljeni protesti zbog dolaska Ta\u010dija - Lajme nga Ulqini","og_description":"Foto: Arhiva Potpredsjednik Vlade i ministar vanjskih poslova Kosova Ha\u0161im Ta\u010di boravi\u0107e 15. i 16. januara u zvani\u010dnoj posjeti Crnoj Gori. On \u0107e u","og_url":"https:\/\/www.visit-ulcinj.com\/blog\/2015\/01\/10\/najavljeni-protesti-zbog-dolaska-tacija\/","og_site_name":"Lajme nga Ulqini","article_published_time":"2015-01-10T08:52:04+00:00","article_modified_time":"2015-01-10T09:43:15+00:00","og_image":[{"url":"http:\/\/www.visit-ulcinj.com\/blog\/wp-content\/uploads\/2015\/01\/hashim-thaci-djukanovic.jpg"}],"twitter_misc":{"Written by":"ulqini","Est. reading time":"1 minute"},"schema":{"@context":"https:\/\/schema.org","@graph":[{"@type":"WebSite","@id":"https:\/\/www.visit-ulcinj.com\/blog\/#website","url":"https:\/\/www.visit-ulcinj.com\/blog\/","name":"Lajme nga Ulqini","description":"Lajme,Vijesti,Ulqini,Ulqin,Crna Gora,Mali i Zi","potentialAction":[{"@type":"SearchAction","target":{"@type":"EntryPoint","urlTemplate":"https:\/\/www.visit-ulcinj.com\/blog\/?s={search_term_string}"},"query-input":"required name=search_term_string"}],"inLanguage":"en-US"},{"@type":"ImageObject","inLanguage":"en-US","@id":"https:\/\/www.visit-ulcinj.com\/blog\/2015\/01\/10\/najavljeni-protesti-zbog-dolaska-tacija\/#primaryimage","url":"https:\/\/www.visit-ulcinj.com\/blog\/wp-content\/uploads\/2015\/01\/hashim-thaci-djukanovic.jpg","contentUrl":"https:\/\/www.visit-ulcinj.com\/blog\/wp-content\/uploads\/2015\/01\/hashim-thaci-djukanovic.jpg","width":853,"height":480},{"@type":"WebPage","@id":"https:\/\/www.visit-ulcinj.com\/blog\/2015\/01\/10\/najavljeni-protesti-zbog-dolaska-tacija\/#webpage","url":"https:\/\/www.visit-ulcinj.com\/blog\/2015\/01\/10\/najavljeni-protesti-zbog-dolaska-tacija\/","name":"Najavljeni protesti zbog dolaska Ta\u010dija - Lajme nga Ulqini","isPartOf":{"@id":"https:\/\/www.visit-ulcinj.com\/blog\/#website"},"primaryImageOfPage":{"@id":"https:\/\/www.visit-ulcinj.com\/blog\/2015\/01\/10\/najavljeni-protesti-zbog-dolaska-tacija\/#primaryimage"},"datePublished":"2015-01-10T08:52:04+00:00","dateModified":"2015-01-10T09:43:15+00:00","author":{"@id":"https:\/\/www.visit-ulcinj.com\/blog\/#\/schema\/person\/dcab619c614d3038751c63bc2aadc06d"},"description":"Foto: Arhiva Potpredsjednik Vlade i ministar vanjskih poslova Kosova Ha\u0161im Ta\u010di boravi\u0107e 15. i 16. januara u zvani\u010dnoj posjeti Crnoj Gori. On \u0107e u","breadcrumb":{"@id":"https:\/\/www.visit-ulcinj.com\/blog\/2015\/01\/10\/najavljeni-protesti-zbog-dolaska-tacija\/#breadcrumb"},"inLanguage":"en-US","potentialAction":[{"@type":"ReadAction","target":["https:\/\/www.visit-ulcinj.com\/blog\/2015\/01\/10\/najavljeni-protesti-zbog-dolaska-tacija\/"]}]},{"@type":"BreadcrumbList","@id":"https:\/\/www.visit-ulcinj.com\/blog\/2015\/01\/10\/najavljeni-protesti-zbog-dolaska-tacija\/#breadcrumb","itemListElement":[{"@type":"ListItem","position":1,"name":"Najavljeni protesti zbog dolaska Ta\u010dija"}]},{"@type":"Person","@id":"https:\/\/www.visit-ulcinj.com\/blog\/#\/schema\/person\/dcab619c614d3038751c63bc2aadc06d","name":"ulqini","sameAs":["http:\/\/www.visit-ulcinj.com"],"url":"https:\/\/www.visit-ulcinj.com\/blog\/author\/admin\/"}]}},"jetpack_featured_media_url":"","jetpack_sharing_enabled":true,"jetpack_shortlink":"https:\/\/wp.me\/pe6lTn-mN0","_links":{"self":[{"href":"https:\/\/www.visit-ulcinj.com\/blog\/wp-json\/wp\/v2\/posts\/87606"}],"collection":[{"href":"https:\/\/www.visit-ulcinj.com\/blog\/wp-json\/wp\/v2\/posts"}],"about":[{"href":"https:\/\/www.visit-ulcinj.com\/blog\/wp-json\/wp\/v2\/types\/post"}],"author":[{"embeddable":true,"href":"https:\/\/www.visit-ulcinj.com\/blog\/wp-json\/wp\/v2\/users\/1"}],"replies":[{"embeddable":true,"href":"https:\/\/www.visit-ulcinj.com\/blog\/wp-json\/wp\/v2\/comments?post=87606"}],"version-history":[{"count":1,"href":"https:\/\/www.visit-ulcinj.com\/blog\/wp-json\/wp\/v2\/posts\/87606\/revisions"}],"predecessor-version":[{"id":87608,"href":"https:\/\/www.visit-ulcinj.com\/blog\/wp-json\/wp\/v2\/posts\/87606\/revisions\/87608"}],"wp:attachment":[{"href":"https:\/\/www.visit-ulcinj.com\/blog\/wp-json\/wp\/v2\/media?parent=87606"}],"wp:term":[{"taxonomy":"category","embeddable":true,"href":"https:\/\/www.visit-ulcinj.com\/blog\/wp-json\/wp\/v2\/categories?post=87606"},{"taxonomy":"post_tag","embeddable":true,"href":"https:\/\/www.visit-ulcinj.com\/blog\/wp-json\/wp\/v2\/tags?post=87606"}],"curies":[{"name":"wp","href":"https:\/\/api.w.org\/{rel}","templated":true}]}}