{"id":87611,"date":"2015-01-10T10:07:05","date_gmt":"2015-01-10T09:07:05","guid":{"rendered":"http:\/\/www.visit-ulcinj.com\/blog\/?p=87611"},"modified":"2015-01-10T10:07:05","modified_gmt":"2015-01-10T09:07:05","slug":"vaselj-sinistaj-nimanbegu-60-dana-uzurpira-mjesto-u-poslanickim-klupama","status":"publish","type":"post","link":"https:\/\/www.visit-ulcinj.com\/blog\/2015\/01\/10\/vaselj-sinistaj-nimanbegu-60-dana-uzurpira-mjesto-u-poslanickim-klupama\/","title":{"rendered":"Vaselj Sini\u0161taj:  Nimanbegu 60 dana uzurpira mjesto u poslani\u010dkim klupama"},"content":{"rendered":"<p><a href=\"http:\/\/www.visit-ulcinj.com\/blog\/wp-content\/uploads\/2015\/01\/Nimanbegu-Sinishtaj.jpg\"><img loading=\"lazy\" class=\"alignleft wp-image-87612\" src=\"http:\/\/www.visit-ulcinj.com\/blog\/wp-content\/uploads\/2015\/01\/Nimanbegu-Sinishtaj.jpg\" alt=\"Nimanbegu-Sinishtaj\" width=\"508\" height=\"319\" srcset=\"https:\/\/www.visit-ulcinj.com\/blog\/wp-content\/uploads\/2015\/01\/Nimanbegu-Sinishtaj.jpg 560w, https:\/\/www.visit-ulcinj.com\/blog\/wp-content\/uploads\/2015\/01\/Nimanbegu-Sinishtaj-300x188.jpg 300w\" sizes=\"(max-width: 508px) 100vw, 508px\" \/><\/a><strong>&#8220;Va\u0161im pona\u0161anjem, na\u0161e glasa\u010de ste iznevjerili, \u010dasnu va\u0161u porodicu obrukali, a na kraju, u politici, dokazali da vi ni o \u010demu ne odlu\u010dujete. \u010cak ni o va\u0161em moralu i li\u010dnom integritetu&#8221;<\/strong><\/p>\n<p>Predsjednik Gra\u0111anske inicijative Vaselj Sini\u0161taj pozvao je poslanika Force Gencija Nimanbegu da ispo\u0161tuje potpisani sporazum o formiranju Albanske koalicije i podnese ostavku na poslani\u010dku funkciju.<\/p>\n<p>Sini\u0161taj je objasnio da je, na osnovu Politi\u010dkog sporazuma i Aneksa koji su potpisali Forca i Gra\u0111anska inicijativa 2012. godine, Nimanbegu trebalo da podnese ostavku 6. novembra pro\u0161le godine, jer mu je tada prestajala poslani\u010dka funkcija.<\/p>\n<p>&#8220;Na osnovu postignutog i potpisanog Politi\u010dkog sporazuma i Aneksa istog, kao i na\u0161eg zajedni\u010dkog saop\u0161tenja, kao nosioci izborne liste Forca za jedinstvo, javno pozivam Novu Demokratsku Snagu \u2013 Forca i poslanika Gencija Nimanbegu da podnese ostavku i omogu\u0107i obavljanje poslani\u010dke funkcije kandidatu Gra\u0111anske inicijative&#8221;, poru\u010dio je Sini\u0161taj, prenosi portal Ul-info.<\/p>\n<p>Sini\u0161taj je kazao da Nimanbegu 60 dana nezakonito, mimo Politi\u010dkog sporazuma i Aneksa, uzurpira mjesto u poslani\u010dkim klupama, zloupotrebljavaju\u0107i \u010dinjenicu da je bio prvi na izbornoj listi i nije podnio ostavku 6. novembra pro\u0161le godine, kada mu je, kako je naveo, prestala funkcija na osnovu sporazuma.<\/p>\n<p>&#8220;Va\u0161e dosada\u0161nje odugovla\u010denje pod izgovorima raznih opravdanja ali bez na\u0161e saglasnosti, nanijelo je ogromnu \u0161tetu na\u0161oj koaliciji i dovelo u pitanje budu\u0107u saradnju, a unaprijed je stvorilo nepovjerenje za budu\u0107e albanske koalicije&#8221;, rekao je Sini\u0161taj.<\/p>\n<p>On je objasnio da je prilikom potpisivanja sporazuma bilo potpuno jasno da postoji rok do 6. novembra za obavezu da Nimanbegu podnese ostavku, poru\u010duju\u0107i da nema vi\u0161e uslovljavanja.<\/p>\n<p>&#8220;Uslovljavajte, ako imate hrabrosti, va\u0161e politi\u010dke partnere iz zajedni\u010dke Politi\u010dke platforme i politi\u010dkog partnera iz postizborne koalicije. Nemamo vi\u0161e vremena za razne va\u0161e kalkulacije&#8221;, rekao je Sini\u0161taj.<\/p>\n<p>On je pozvao Nimanbegua da \u0161to prije ispuni ljudsku i zakonsku obavezu i podnese ostavku.<\/p>\n<p>&#8220;Podnesite ostavku na poslani\u010dku funkciju i dajte za pravo i na\u0161im glasa\u010dima da im se \u010duje \u017eiva rije\u010d u parlamentu. To su oni i zaslu\u017eili. Ne dozvolite da nam politika odre\u0111uje moralne vrijednosti, jer \u0107e vrijeme vrlo brzo pokazati za \u010diji ste ra\u010dun sve ovo radili, nanijev\u0161i ogromnu \u0161tetu poku\u0161aju ujedinjenja albanskih nacionalnih subjekata&#8221;, rekao je Sini\u0161taj.<\/p>\n<p>On je kazao da je podno\u0161enje ostavke Nimanbegua prije svega ljudska obaveza, &#8220;jer smo vam mnogo vjerovali&#8221;.<\/p>\n<p>&#8220;Va\u0161im pona\u0161anjem, na\u0161e glasa\u010de ste iznevjerili, \u010dasnu va\u0161u porodicu obrukali, a na kraju, u politici, dokazali da vi ni o \u010demu ne odlu\u010dujete. \u010cak ni o va\u0161em moralu i li\u010dnom integritetu&#8221;, kazao je Sini\u0161taj.<\/p>\n<p>On je kazao da se ujedinjenje ne mo\u017ee posti\u0107i samo radi monopola u politici. \u201cNe zaboravite da \u0107e izbora opet biti.<\/p>\n<p>&#8220;Ne dozvolite da nadle\u017eni sud presudi ko je u pravu, a ko ne, jer tada svi postajemo gubitnici&#8221;, zaklju\u010dio je Sini\u0161taj.<\/p>\n<p><strong>Izvor: Mina \/ Vijesti Online<\/strong><\/p>\n","protected":false},"excerpt":{"rendered":"<p>&#8220;Va\u0161im pona\u0161anjem, na\u0161e glasa\u010de ste iznevjerili, \u010dasnu va\u0161u porodicu obrukali, a na kraju, u politici, dokazali da vi ni o \u010demu ne odlu\u010dujete. \u010cak ni o va\u0161em moralu i li\u010dnom integritetu&#8221; Predsjednik Gra\u0111anske inicijative Vaselj Sini\u0161taj pozvao je poslanika Force Gencija Nimanbegu da ispo\u0161tuje potpisani sporazum o formiranju Albanske koalicije i podnese ostavku na poslani\u010dku [&hellip;]<\/p>\n","protected":false},"author":1,"featured_media":0,"comment_status":"closed","ping_status":"closed","sticky":false,"template":"","format":"standard","meta":{"spay_email":"","jetpack_publicize_message":"","jetpack_is_tweetstorm":false,"jetpack_publicize_feature_enabled":true},"categories":[6950],"tags":[],"jetpack_publicize_connections":[],"yoast_head":"<!-- This site is optimized with the Yoast SEO plugin v19.1 - https:\/\/yoast.com\/wordpress\/plugins\/seo\/ -->\n<title>Vaselj Sini\u0161taj: Nimanbegu 60 dana uzurpira mjesto u poslani\u010dkim klupama - Lajme nga Ulqini<\/title>\n<meta name=\"description\" content=\"&quot;Va\u0161im pona\u0161anjem, na\u0161e glasa\u010de ste iznevjerili, \u010dasnu va\u0161u porodicu obrukali, a na kraju, u politici, dokazali da vi ni o \u010demu ne odlu\u010dujete. \u010cak ni o\" \/>\n<meta name=\"robots\" content=\"index, follow, max-snippet:-1, max-image-preview:large, max-video-preview:-1\" \/>\n<link rel=\"canonical\" href=\"https:\/\/www.visit-ulcinj.com\/blog\/2015\/01\/10\/vaselj-sinistaj-nimanbegu-60-dana-uzurpira-mjesto-u-poslanickim-klupama\/\" \/>\n<meta property=\"og:locale\" content=\"en_US\" \/>\n<meta property=\"og:type\" content=\"article\" \/>\n<meta property=\"og:title\" content=\"Vaselj Sini\u0161taj: Nimanbegu 60 dana uzurpira mjesto u poslani\u010dkim klupama - Lajme nga Ulqini\" \/>\n<meta property=\"og:description\" content=\"&quot;Va\u0161im pona\u0161anjem, na\u0161e glasa\u010de ste iznevjerili, \u010dasnu va\u0161u porodicu obrukali, a na kraju, u politici, dokazali da vi ni o \u010demu ne odlu\u010dujete. \u010cak ni o\" \/>\n<meta property=\"og:url\" content=\"https:\/\/www.visit-ulcinj.com\/blog\/2015\/01\/10\/vaselj-sinistaj-nimanbegu-60-dana-uzurpira-mjesto-u-poslanickim-klupama\/\" \/>\n<meta property=\"og:site_name\" content=\"Lajme nga Ulqini\" \/>\n<meta property=\"article:published_time\" content=\"2015-01-10T09:07:05+00:00\" \/>\n<meta property=\"og:image\" content=\"http:\/\/www.visit-ulcinj.com\/blog\/wp-content\/uploads\/2015\/01\/Nimanbegu-Sinishtaj.jpg\" \/>\n<meta name=\"twitter:label1\" content=\"Written by\" \/>\n\t<meta name=\"twitter:data1\" content=\"ulqini\" \/>\n\t<meta name=\"twitter:label2\" content=\"Est. reading time\" \/>\n\t<meta name=\"twitter:data2\" content=\"3 minutes\" \/>\n<script type=\"application\/ld+json\" class=\"yoast-schema-graph\">{\"@context\":\"https:\/\/schema.org\",\"@graph\":[{\"@type\":\"WebSite\",\"@id\":\"https:\/\/www.visit-ulcinj.com\/blog\/#website\",\"url\":\"https:\/\/www.visit-ulcinj.com\/blog\/\",\"name\":\"Lajme nga Ulqini\",\"description\":\"Lajme,Vijesti,Ulqini,Ulqin,Crna Gora,Mali i Zi\",\"potentialAction\":[{\"@type\":\"SearchAction\",\"target\":{\"@type\":\"EntryPoint\",\"urlTemplate\":\"https:\/\/www.visit-ulcinj.com\/blog\/?s={search_term_string}\"},\"query-input\":\"required name=search_term_string\"}],\"inLanguage\":\"en-US\"},{\"@type\":\"ImageObject\",\"inLanguage\":\"en-US\",\"@id\":\"https:\/\/www.visit-ulcinj.com\/blog\/2015\/01\/10\/vaselj-sinistaj-nimanbegu-60-dana-uzurpira-mjesto-u-poslanickim-klupama\/#primaryimage\",\"url\":\"https:\/\/www.visit-ulcinj.com\/blog\/wp-content\/uploads\/2015\/01\/Nimanbegu-Sinishtaj.jpg\",\"contentUrl\":\"https:\/\/www.visit-ulcinj.com\/blog\/wp-content\/uploads\/2015\/01\/Nimanbegu-Sinishtaj.jpg\",\"width\":560,\"height\":352},{\"@type\":\"WebPage\",\"@id\":\"https:\/\/www.visit-ulcinj.com\/blog\/2015\/01\/10\/vaselj-sinistaj-nimanbegu-60-dana-uzurpira-mjesto-u-poslanickim-klupama\/#webpage\",\"url\":\"https:\/\/www.visit-ulcinj.com\/blog\/2015\/01\/10\/vaselj-sinistaj-nimanbegu-60-dana-uzurpira-mjesto-u-poslanickim-klupama\/\",\"name\":\"Vaselj Sini\u0161taj: Nimanbegu 60 dana uzurpira mjesto u poslani\u010dkim klupama - Lajme nga Ulqini\",\"isPartOf\":{\"@id\":\"https:\/\/www.visit-ulcinj.com\/blog\/#website\"},\"primaryImageOfPage\":{\"@id\":\"https:\/\/www.visit-ulcinj.com\/blog\/2015\/01\/10\/vaselj-sinistaj-nimanbegu-60-dana-uzurpira-mjesto-u-poslanickim-klupama\/#primaryimage\"},\"datePublished\":\"2015-01-10T09:07:05+00:00\",\"dateModified\":\"2015-01-10T09:07:05+00:00\",\"author\":{\"@id\":\"https:\/\/www.visit-ulcinj.com\/blog\/#\/schema\/person\/dcab619c614d3038751c63bc2aadc06d\"},\"description\":\"\\\"Va\u0161im pona\u0161anjem, na\u0161e glasa\u010de ste iznevjerili, \u010dasnu va\u0161u porodicu obrukali, a na kraju, u politici, dokazali da vi ni o \u010demu ne odlu\u010dujete. \u010cak ni o\",\"breadcrumb\":{\"@id\":\"https:\/\/www.visit-ulcinj.com\/blog\/2015\/01\/10\/vaselj-sinistaj-nimanbegu-60-dana-uzurpira-mjesto-u-poslanickim-klupama\/#breadcrumb\"},\"inLanguage\":\"en-US\",\"potentialAction\":[{\"@type\":\"ReadAction\",\"target\":[\"https:\/\/www.visit-ulcinj.com\/blog\/2015\/01\/10\/vaselj-sinistaj-nimanbegu-60-dana-uzurpira-mjesto-u-poslanickim-klupama\/\"]}]},{\"@type\":\"BreadcrumbList\",\"@id\":\"https:\/\/www.visit-ulcinj.com\/blog\/2015\/01\/10\/vaselj-sinistaj-nimanbegu-60-dana-uzurpira-mjesto-u-poslanickim-klupama\/#breadcrumb\",\"itemListElement\":[{\"@type\":\"ListItem\",\"position\":1,\"name\":\"Vaselj Sini\u0161taj: Nimanbegu 60 dana uzurpira mjesto u poslani\u010dkim klupama\"}]},{\"@type\":\"Person\",\"@id\":\"https:\/\/www.visit-ulcinj.com\/blog\/#\/schema\/person\/dcab619c614d3038751c63bc2aadc06d\",\"name\":\"ulqini\",\"sameAs\":[\"http:\/\/www.visit-ulcinj.com\"],\"url\":\"https:\/\/www.visit-ulcinj.com\/blog\/author\/admin\/\"}]}<\/script>\n<!-- \/ Yoast SEO plugin. -->","yoast_head_json":{"title":"Vaselj Sini\u0161taj: Nimanbegu 60 dana uzurpira mjesto u poslani\u010dkim klupama - Lajme nga Ulqini","description":"\"Va\u0161im pona\u0161anjem, na\u0161e glasa\u010de ste iznevjerili, \u010dasnu va\u0161u porodicu obrukali, a na kraju, u politici, dokazali da vi ni o \u010demu ne odlu\u010dujete. \u010cak ni o","robots":{"index":"index","follow":"follow","max-snippet":"max-snippet:-1","max-image-preview":"max-image-preview:large","max-video-preview":"max-video-preview:-1"},"canonical":"https:\/\/www.visit-ulcinj.com\/blog\/2015\/01\/10\/vaselj-sinistaj-nimanbegu-60-dana-uzurpira-mjesto-u-poslanickim-klupama\/","og_locale":"en_US","og_type":"article","og_title":"Vaselj Sini\u0161taj: Nimanbegu 60 dana uzurpira mjesto u poslani\u010dkim klupama - Lajme nga Ulqini","og_description":"\"Va\u0161im pona\u0161anjem, na\u0161e glasa\u010de ste iznevjerili, \u010dasnu va\u0161u porodicu obrukali, a na kraju, u politici, dokazali da vi ni o \u010demu ne odlu\u010dujete. \u010cak ni o","og_url":"https:\/\/www.visit-ulcinj.com\/blog\/2015\/01\/10\/vaselj-sinistaj-nimanbegu-60-dana-uzurpira-mjesto-u-poslanickim-klupama\/","og_site_name":"Lajme nga Ulqini","article_published_time":"2015-01-10T09:07:05+00:00","og_image":[{"url":"http:\/\/www.visit-ulcinj.com\/blog\/wp-content\/uploads\/2015\/01\/Nimanbegu-Sinishtaj.jpg"}],"twitter_misc":{"Written by":"ulqini","Est. reading time":"3 minutes"},"schema":{"@context":"https:\/\/schema.org","@graph":[{"@type":"WebSite","@id":"https:\/\/www.visit-ulcinj.com\/blog\/#website","url":"https:\/\/www.visit-ulcinj.com\/blog\/","name":"Lajme nga Ulqini","description":"Lajme,Vijesti,Ulqini,Ulqin,Crna Gora,Mali i Zi","potentialAction":[{"@type":"SearchAction","target":{"@type":"EntryPoint","urlTemplate":"https:\/\/www.visit-ulcinj.com\/blog\/?s={search_term_string}"},"query-input":"required name=search_term_string"}],"inLanguage":"en-US"},{"@type":"ImageObject","inLanguage":"en-US","@id":"https:\/\/www.visit-ulcinj.com\/blog\/2015\/01\/10\/vaselj-sinistaj-nimanbegu-60-dana-uzurpira-mjesto-u-poslanickim-klupama\/#primaryimage","url":"https:\/\/www.visit-ulcinj.com\/blog\/wp-content\/uploads\/2015\/01\/Nimanbegu-Sinishtaj.jpg","contentUrl":"https:\/\/www.visit-ulcinj.com\/blog\/wp-content\/uploads\/2015\/01\/Nimanbegu-Sinishtaj.jpg","width":560,"height":352},{"@type":"WebPage","@id":"https:\/\/www.visit-ulcinj.com\/blog\/2015\/01\/10\/vaselj-sinistaj-nimanbegu-60-dana-uzurpira-mjesto-u-poslanickim-klupama\/#webpage","url":"https:\/\/www.visit-ulcinj.com\/blog\/2015\/01\/10\/vaselj-sinistaj-nimanbegu-60-dana-uzurpira-mjesto-u-poslanickim-klupama\/","name":"Vaselj Sini\u0161taj: Nimanbegu 60 dana uzurpira mjesto u poslani\u010dkim klupama - Lajme nga Ulqini","isPartOf":{"@id":"https:\/\/www.visit-ulcinj.com\/blog\/#website"},"primaryImageOfPage":{"@id":"https:\/\/www.visit-ulcinj.com\/blog\/2015\/01\/10\/vaselj-sinistaj-nimanbegu-60-dana-uzurpira-mjesto-u-poslanickim-klupama\/#primaryimage"},"datePublished":"2015-01-10T09:07:05+00:00","dateModified":"2015-01-10T09:07:05+00:00","author":{"@id":"https:\/\/www.visit-ulcinj.com\/blog\/#\/schema\/person\/dcab619c614d3038751c63bc2aadc06d"},"description":"\"Va\u0161im pona\u0161anjem, na\u0161e glasa\u010de ste iznevjerili, \u010dasnu va\u0161u porodicu obrukali, a na kraju, u politici, dokazali da vi ni o \u010demu ne odlu\u010dujete. \u010cak ni o","breadcrumb":{"@id":"https:\/\/www.visit-ulcinj.com\/blog\/2015\/01\/10\/vaselj-sinistaj-nimanbegu-60-dana-uzurpira-mjesto-u-poslanickim-klupama\/#breadcrumb"},"inLanguage":"en-US","potentialAction":[{"@type":"ReadAction","target":["https:\/\/www.visit-ulcinj.com\/blog\/2015\/01\/10\/vaselj-sinistaj-nimanbegu-60-dana-uzurpira-mjesto-u-poslanickim-klupama\/"]}]},{"@type":"BreadcrumbList","@id":"https:\/\/www.visit-ulcinj.com\/blog\/2015\/01\/10\/vaselj-sinistaj-nimanbegu-60-dana-uzurpira-mjesto-u-poslanickim-klupama\/#breadcrumb","itemListElement":[{"@type":"ListItem","position":1,"name":"Vaselj Sini\u0161taj: Nimanbegu 60 dana uzurpira mjesto u poslani\u010dkim klupama"}]},{"@type":"Person","@id":"https:\/\/www.visit-ulcinj.com\/blog\/#\/schema\/person\/dcab619c614d3038751c63bc2aadc06d","name":"ulqini","sameAs":["http:\/\/www.visit-ulcinj.com"],"url":"https:\/\/www.visit-ulcinj.com\/blog\/author\/admin\/"}]}},"jetpack_featured_media_url":"","jetpack_sharing_enabled":true,"jetpack_shortlink":"https:\/\/wp.me\/pe6lTn-mN5","_links":{"self":[{"href":"https:\/\/www.visit-ulcinj.com\/blog\/wp-json\/wp\/v2\/posts\/87611"}],"collection":[{"href":"https:\/\/www.visit-ulcinj.com\/blog\/wp-json\/wp\/v2\/posts"}],"about":[{"href":"https:\/\/www.visit-ulcinj.com\/blog\/wp-json\/wp\/v2\/types\/post"}],"author":[{"embeddable":true,"href":"https:\/\/www.visit-ulcinj.com\/blog\/wp-json\/wp\/v2\/users\/1"}],"replies":[{"embeddable":true,"href":"https:\/\/www.visit-ulcinj.com\/blog\/wp-json\/wp\/v2\/comments?post=87611"}],"version-history":[{"count":1,"href":"https:\/\/www.visit-ulcinj.com\/blog\/wp-json\/wp\/v2\/posts\/87611\/revisions"}],"predecessor-version":[{"id":87613,"href":"https:\/\/www.visit-ulcinj.com\/blog\/wp-json\/wp\/v2\/posts\/87611\/revisions\/87613"}],"wp:attachment":[{"href":"https:\/\/www.visit-ulcinj.com\/blog\/wp-json\/wp\/v2\/media?parent=87611"}],"wp:term":[{"taxonomy":"category","embeddable":true,"href":"https:\/\/www.visit-ulcinj.com\/blog\/wp-json\/wp\/v2\/categories?post=87611"},{"taxonomy":"post_tag","embeddable":true,"href":"https:\/\/www.visit-ulcinj.com\/blog\/wp-json\/wp\/v2\/tags?post=87611"}],"curies":[{"name":"wp","href":"https:\/\/api.w.org\/{rel}","templated":true}]}}