{"id":87614,"date":"2015-01-10T10:22:21","date_gmt":"2015-01-10T09:22:21","guid":{"rendered":"http:\/\/www.visit-ulcinj.com\/blog\/?p=87614"},"modified":"2015-01-10T10:22:21","modified_gmt":"2015-01-10T09:22:21","slug":"iz-turske-stize-potvrda-o-starosti-maslina-bara-ulcinja","status":"publish","type":"post","link":"https:\/\/www.visit-ulcinj.com\/blog\/2015\/01\/10\/iz-turske-stize-potvrda-o-starosti-maslina-bara-ulcinja\/","title":{"rendered":"Iz Turske sti\u017ee potvrda o starosti maslina Bara i Ulcinja"},"content":{"rendered":"<p><strong>Mjerenja finansira EU, sa podr\u0161kom UNIDO, UNDP i Ministarstva ekonomije<\/strong><\/p>\n<p><a href=\"http:\/\/www.visit-ulcinj.com\/blog\/wp-content\/uploads\/2015\/01\/Potvrda-o-starosti-maslina-Ulcinja.jpg\"><img loading=\"lazy\" class=\"alignleft wp-image-87615\" src=\"http:\/\/www.visit-ulcinj.com\/blog\/wp-content\/uploads\/2015\/01\/Potvrda-o-starosti-maslina-Ulcinja.jpg\" alt=\"Potvrda o starosti maslina Ulcinja\" width=\"508\" height=\"381\" srcset=\"https:\/\/www.visit-ulcinj.com\/blog\/wp-content\/uploads\/2015\/01\/Potvrda-o-starosti-maslina-Ulcinja.jpg 960w, https:\/\/www.visit-ulcinj.com\/blog\/wp-content\/uploads\/2015\/01\/Potvrda-o-starosti-maslina-Ulcinja-300x225.jpg 300w\" sizes=\"(max-width: 508px) 100vw, 508px\" \/><\/a><\/p>\n<p><strong><span class=\"credits__author\"> Autor: Radomir Petri\u0107 <\/span><\/strong><\/p>\n<p>Maslinari Bara i Ulcinja sa nestrpljenjem i\u0161\u010dekuju rezultate analiza starosti odabranih stabala masline u te dvije op\u0161tine, koje rade stru\u010dnjaci Univerziteta Istanbul u Turskoj. Odabir i uzorkovanje stabala obavila je komisija udru\u017eenja maslinara, jesenas, a prilikom njihovog obilaska terena.<\/p>\n<p>Predsjednik barskog udru\u017eenja maslinara\u00a0\u0106azim Alkovi\u0107\u00a0kazao je da je napravljen izbor od 30 stabala u barskoj i 20 u ulcinjskoj op\u0161tini.<\/p>\n<p>\u201cIzabrana stabla su na cijeloj teritoriji Bara i Ulcinja, najvi\u0161e ih je u Mrkojevi\u0107ima. Prete\u017eno su u maslinjacima u dijelu Komine kod obalske radio-stanice, na Utjehi, u mjestu Ravanj od Velikog pijeska prema Pe\u010duricama kroz Dubravu, ali i u Sutomoru u mjestu Miljevci, te u \u0160u\u0161anju, Dabanovu i Zaljevu. Najstarije su masline u Komini, a interesantno je da smo u Ravnju otkrili cijeli jedan maslinjak, sa dvadesetak veoma starih stabala, o \u010demu se do sada nije ni\u0161ta znalo. Maslinari u oba grada su u po\u010detku bili skepti\u010dni, pa \u010dak na jednom mjestu komisiji nije bilo dozvoljeno mjerenje, kasnije su svi bili zainteresovani\u201d, isti\u010de Alkovi\u0107. Prilikom mjerenja, komisija je utvr\u0111ivala obim na zemlji i na visini metar od tla.<\/p>\n<p>Najve\u0107a maslina po parametrima bila je u Komini, za koju se i pretpostavlja da je najstarija od svih uzorkovanih, obima 20 metara na zemlji i 15 na obuhvatu na metar od zemlje. Prilikom uzorkovanja, zbog primjene najsavremenijih metoda nije bilo fizi\u010dkog o\u0161te\u0107enja stabala kao u pre\u0111a\u0161njim ovakvim radnjama.<\/p>\n<p>\u201cKrajnji cilj mjerenja koje finansira EU, sa podr\u0161kom UNIDO, UNDP i Ministarstva ekonomije Crne Gore, jeste da se utvrdi kako osim stare masline na Mirovici u Starom Baru, u \u010duvenom maslinarskom podneblju Bara i Ulcinja ima jo\u0161 veoma starih stabala masline. To je po\u010detak \u0161ire akcije u kojoj \u0107e proizvo\u0111a\u010di maslinovog ulja iz Bara i Ulcinja brendirati svoje ulje proizvedeno od maslina sa stabala starih preko hiljadu godina i tako poku\u0161ati da stvore luksuzni proizvod\u201d, zaklju\u010duje Alkovi\u0107.<\/p>\n<p><strong>Peri\u010di\u0107: Posta\u0107emo poznati,\u00a0posjedujemo vrijednost<\/strong><\/p>\n<p>Jedan od utemeljiva\u010da starobarske manifestacije Maslinijada i \u010dlan UO Udru\u017eenja maslinara Bara\u00a0Sadetin\u00a0\u00a0Peri\u010di\u0107\u00a0\u00a0istakao je veliki zna\u010daj ovog istra\u017eivanja.<\/p>\n<p>\u201cAko se poka\u017ee da Bar ima jo\u0161 nekoliko stabala poput Stare masline, posta\u0107emo prepoznatljivi \u0161irom Evrope. Iako brojnost stabala nije na nivou nekih dr\u017eava u regionu, posjedujemo ambijentalnu vrijednost, na \u0161ta ukazuju brojne svjetske studije, koje su barske maslinjake proglasile jednim od najljep\u0161ih ambijenata u Crnoj Gori\u201d, napominje\u00a0\u00a0Peri\u010di\u0107\u00a0.<\/p>\n<p><strong>Izvor: Vijesti Online<\/strong><\/p>\n<p><a href=\"https:\/\/www.facebook.com\/montenegrooliveoil\/photos_all\" target=\"_blank\"><strong>Potvrda o starosti maslina Ulcinja &#8211; Montenegro Olive-Oil Facebook<\/strong><\/a><\/p>\n","protected":false},"excerpt":{"rendered":"<p>Mjerenja finansira EU, sa podr\u0161kom UNIDO, UNDP i Ministarstva ekonomije Autor: Radomir Petri\u0107 Maslinari Bara i Ulcinja sa nestrpljenjem i\u0161\u010dekuju rezultate analiza starosti odabranih stabala masline u te dvije op\u0161tine, koje rade stru\u010dnjaci Univerziteta Istanbul u Turskoj. Odabir i uzorkovanje stabala obavila je komisija udru\u017eenja maslinara, jesenas, a prilikom njihovog obilaska terena. Predsjednik barskog udru\u017eenja [&hellip;]<\/p>\n","protected":false},"author":1,"featured_media":0,"comment_status":"closed","ping_status":"closed","sticky":false,"template":"","format":"standard","meta":{"spay_email":"","jetpack_publicize_message":"","jetpack_is_tweetstorm":false,"jetpack_publicize_feature_enabled":true},"categories":[8337],"tags":[],"jetpack_publicize_connections":[],"yoast_head":"<!-- This site is optimized with the Yoast SEO plugin v19.1 - https:\/\/yoast.com\/wordpress\/plugins\/seo\/ -->\n<title>Iz Turske sti\u017ee potvrda o starosti maslina Bara i Ulcinja - Lajme nga Ulqini<\/title>\n<meta name=\"description\" content=\"Mjerenja finansira EU, sa podr\u0161kom UNIDO, UNDP i Ministarstva ekonomije Autor: Radomir Petri\u0107 Maslinari Bara i Ulcinja sa nestrpljenjem i\u0161\u010dekuju rezultate\" \/>\n<meta name=\"robots\" content=\"index, follow, max-snippet:-1, max-image-preview:large, max-video-preview:-1\" \/>\n<link rel=\"canonical\" href=\"https:\/\/www.visit-ulcinj.com\/blog\/2015\/01\/10\/iz-turske-stize-potvrda-o-starosti-maslina-bara-ulcinja\/\" \/>\n<meta property=\"og:locale\" content=\"en_US\" \/>\n<meta property=\"og:type\" content=\"article\" \/>\n<meta property=\"og:title\" content=\"Iz Turske sti\u017ee potvrda o starosti maslina Bara i Ulcinja - Lajme nga Ulqini\" \/>\n<meta property=\"og:description\" content=\"Mjerenja finansira EU, sa podr\u0161kom UNIDO, UNDP i Ministarstva ekonomije Autor: Radomir Petri\u0107 Maslinari Bara i Ulcinja sa nestrpljenjem i\u0161\u010dekuju rezultate\" \/>\n<meta property=\"og:url\" content=\"https:\/\/www.visit-ulcinj.com\/blog\/2015\/01\/10\/iz-turske-stize-potvrda-o-starosti-maslina-bara-ulcinja\/\" \/>\n<meta property=\"og:site_name\" content=\"Lajme nga Ulqini\" \/>\n<meta property=\"article:published_time\" content=\"2015-01-10T09:22:21+00:00\" \/>\n<meta property=\"og:image\" content=\"http:\/\/www.visit-ulcinj.com\/blog\/wp-content\/uploads\/2015\/01\/Potvrda-o-starosti-maslina-Ulcinja.jpg\" \/>\n<meta name=\"twitter:label1\" content=\"Written by\" \/>\n\t<meta name=\"twitter:data1\" content=\"ulqini\" \/>\n\t<meta name=\"twitter:label2\" content=\"Est. reading time\" \/>\n\t<meta name=\"twitter:data2\" content=\"2 minutes\" \/>\n<script type=\"application\/ld+json\" class=\"yoast-schema-graph\">{\"@context\":\"https:\/\/schema.org\",\"@graph\":[{\"@type\":\"WebSite\",\"@id\":\"https:\/\/www.visit-ulcinj.com\/blog\/#website\",\"url\":\"https:\/\/www.visit-ulcinj.com\/blog\/\",\"name\":\"Lajme nga Ulqini\",\"description\":\"Lajme,Vijesti,Ulqini,Ulqin,Crna Gora,Mali i Zi\",\"potentialAction\":[{\"@type\":\"SearchAction\",\"target\":{\"@type\":\"EntryPoint\",\"urlTemplate\":\"https:\/\/www.visit-ulcinj.com\/blog\/?s={search_term_string}\"},\"query-input\":\"required name=search_term_string\"}],\"inLanguage\":\"en-US\"},{\"@type\":\"ImageObject\",\"inLanguage\":\"en-US\",\"@id\":\"https:\/\/www.visit-ulcinj.com\/blog\/2015\/01\/10\/iz-turske-stize-potvrda-o-starosti-maslina-bara-ulcinja\/#primaryimage\",\"url\":\"https:\/\/www.visit-ulcinj.com\/blog\/wp-content\/uploads\/2015\/01\/Potvrda-o-starosti-maslina-Ulcinja.jpg\",\"contentUrl\":\"https:\/\/www.visit-ulcinj.com\/blog\/wp-content\/uploads\/2015\/01\/Potvrda-o-starosti-maslina-Ulcinja.jpg\",\"width\":960,\"height\":720},{\"@type\":\"WebPage\",\"@id\":\"https:\/\/www.visit-ulcinj.com\/blog\/2015\/01\/10\/iz-turske-stize-potvrda-o-starosti-maslina-bara-ulcinja\/#webpage\",\"url\":\"https:\/\/www.visit-ulcinj.com\/blog\/2015\/01\/10\/iz-turske-stize-potvrda-o-starosti-maslina-bara-ulcinja\/\",\"name\":\"Iz Turske sti\u017ee potvrda o starosti maslina Bara i Ulcinja - Lajme nga Ulqini\",\"isPartOf\":{\"@id\":\"https:\/\/www.visit-ulcinj.com\/blog\/#website\"},\"primaryImageOfPage\":{\"@id\":\"https:\/\/www.visit-ulcinj.com\/blog\/2015\/01\/10\/iz-turske-stize-potvrda-o-starosti-maslina-bara-ulcinja\/#primaryimage\"},\"datePublished\":\"2015-01-10T09:22:21+00:00\",\"dateModified\":\"2015-01-10T09:22:21+00:00\",\"author\":{\"@id\":\"https:\/\/www.visit-ulcinj.com\/blog\/#\/schema\/person\/dcab619c614d3038751c63bc2aadc06d\"},\"description\":\"Mjerenja finansira EU, sa podr\u0161kom UNIDO, UNDP i Ministarstva ekonomije Autor: Radomir Petri\u0107 Maslinari Bara i Ulcinja sa nestrpljenjem i\u0161\u010dekuju rezultate\",\"breadcrumb\":{\"@id\":\"https:\/\/www.visit-ulcinj.com\/blog\/2015\/01\/10\/iz-turske-stize-potvrda-o-starosti-maslina-bara-ulcinja\/#breadcrumb\"},\"inLanguage\":\"en-US\",\"potentialAction\":[{\"@type\":\"ReadAction\",\"target\":[\"https:\/\/www.visit-ulcinj.com\/blog\/2015\/01\/10\/iz-turske-stize-potvrda-o-starosti-maslina-bara-ulcinja\/\"]}]},{\"@type\":\"BreadcrumbList\",\"@id\":\"https:\/\/www.visit-ulcinj.com\/blog\/2015\/01\/10\/iz-turske-stize-potvrda-o-starosti-maslina-bara-ulcinja\/#breadcrumb\",\"itemListElement\":[{\"@type\":\"ListItem\",\"position\":1,\"name\":\"Iz Turske sti\u017ee potvrda o starosti maslina Bara i Ulcinja\"}]},{\"@type\":\"Person\",\"@id\":\"https:\/\/www.visit-ulcinj.com\/blog\/#\/schema\/person\/dcab619c614d3038751c63bc2aadc06d\",\"name\":\"ulqini\",\"sameAs\":[\"http:\/\/www.visit-ulcinj.com\"],\"url\":\"https:\/\/www.visit-ulcinj.com\/blog\/author\/admin\/\"}]}<\/script>\n<!-- \/ Yoast SEO plugin. -->","yoast_head_json":{"title":"Iz Turske sti\u017ee potvrda o starosti maslina Bara i Ulcinja - Lajme nga Ulqini","description":"Mjerenja finansira EU, sa podr\u0161kom UNIDO, UNDP i Ministarstva ekonomije Autor: Radomir Petri\u0107 Maslinari Bara i Ulcinja sa nestrpljenjem i\u0161\u010dekuju rezultate","robots":{"index":"index","follow":"follow","max-snippet":"max-snippet:-1","max-image-preview":"max-image-preview:large","max-video-preview":"max-video-preview:-1"},"canonical":"https:\/\/www.visit-ulcinj.com\/blog\/2015\/01\/10\/iz-turske-stize-potvrda-o-starosti-maslina-bara-ulcinja\/","og_locale":"en_US","og_type":"article","og_title":"Iz Turske sti\u017ee potvrda o starosti maslina Bara i Ulcinja - Lajme nga Ulqini","og_description":"Mjerenja finansira EU, sa podr\u0161kom UNIDO, UNDP i Ministarstva ekonomije Autor: Radomir Petri\u0107 Maslinari Bara i Ulcinja sa nestrpljenjem i\u0161\u010dekuju rezultate","og_url":"https:\/\/www.visit-ulcinj.com\/blog\/2015\/01\/10\/iz-turske-stize-potvrda-o-starosti-maslina-bara-ulcinja\/","og_site_name":"Lajme nga Ulqini","article_published_time":"2015-01-10T09:22:21+00:00","og_image":[{"url":"http:\/\/www.visit-ulcinj.com\/blog\/wp-content\/uploads\/2015\/01\/Potvrda-o-starosti-maslina-Ulcinja.jpg"}],"twitter_misc":{"Written by":"ulqini","Est. reading time":"2 minutes"},"schema":{"@context":"https:\/\/schema.org","@graph":[{"@type":"WebSite","@id":"https:\/\/www.visit-ulcinj.com\/blog\/#website","url":"https:\/\/www.visit-ulcinj.com\/blog\/","name":"Lajme nga Ulqini","description":"Lajme,Vijesti,Ulqini,Ulqin,Crna Gora,Mali i Zi","potentialAction":[{"@type":"SearchAction","target":{"@type":"EntryPoint","urlTemplate":"https:\/\/www.visit-ulcinj.com\/blog\/?s={search_term_string}"},"query-input":"required name=search_term_string"}],"inLanguage":"en-US"},{"@type":"ImageObject","inLanguage":"en-US","@id":"https:\/\/www.visit-ulcinj.com\/blog\/2015\/01\/10\/iz-turske-stize-potvrda-o-starosti-maslina-bara-ulcinja\/#primaryimage","url":"https:\/\/www.visit-ulcinj.com\/blog\/wp-content\/uploads\/2015\/01\/Potvrda-o-starosti-maslina-Ulcinja.jpg","contentUrl":"https:\/\/www.visit-ulcinj.com\/blog\/wp-content\/uploads\/2015\/01\/Potvrda-o-starosti-maslina-Ulcinja.jpg","width":960,"height":720},{"@type":"WebPage","@id":"https:\/\/www.visit-ulcinj.com\/blog\/2015\/01\/10\/iz-turske-stize-potvrda-o-starosti-maslina-bara-ulcinja\/#webpage","url":"https:\/\/www.visit-ulcinj.com\/blog\/2015\/01\/10\/iz-turske-stize-potvrda-o-starosti-maslina-bara-ulcinja\/","name":"Iz Turske sti\u017ee potvrda o starosti maslina Bara i Ulcinja - Lajme nga Ulqini","isPartOf":{"@id":"https:\/\/www.visit-ulcinj.com\/blog\/#website"},"primaryImageOfPage":{"@id":"https:\/\/www.visit-ulcinj.com\/blog\/2015\/01\/10\/iz-turske-stize-potvrda-o-starosti-maslina-bara-ulcinja\/#primaryimage"},"datePublished":"2015-01-10T09:22:21+00:00","dateModified":"2015-01-10T09:22:21+00:00","author":{"@id":"https:\/\/www.visit-ulcinj.com\/blog\/#\/schema\/person\/dcab619c614d3038751c63bc2aadc06d"},"description":"Mjerenja finansira EU, sa podr\u0161kom UNIDO, UNDP i Ministarstva ekonomije Autor: Radomir Petri\u0107 Maslinari Bara i Ulcinja sa nestrpljenjem i\u0161\u010dekuju rezultate","breadcrumb":{"@id":"https:\/\/www.visit-ulcinj.com\/blog\/2015\/01\/10\/iz-turske-stize-potvrda-o-starosti-maslina-bara-ulcinja\/#breadcrumb"},"inLanguage":"en-US","potentialAction":[{"@type":"ReadAction","target":["https:\/\/www.visit-ulcinj.com\/blog\/2015\/01\/10\/iz-turske-stize-potvrda-o-starosti-maslina-bara-ulcinja\/"]}]},{"@type":"BreadcrumbList","@id":"https:\/\/www.visit-ulcinj.com\/blog\/2015\/01\/10\/iz-turske-stize-potvrda-o-starosti-maslina-bara-ulcinja\/#breadcrumb","itemListElement":[{"@type":"ListItem","position":1,"name":"Iz Turske sti\u017ee potvrda o starosti maslina Bara i Ulcinja"}]},{"@type":"Person","@id":"https:\/\/www.visit-ulcinj.com\/blog\/#\/schema\/person\/dcab619c614d3038751c63bc2aadc06d","name":"ulqini","sameAs":["http:\/\/www.visit-ulcinj.com"],"url":"https:\/\/www.visit-ulcinj.com\/blog\/author\/admin\/"}]}},"jetpack_featured_media_url":"","jetpack_sharing_enabled":true,"jetpack_shortlink":"https:\/\/wp.me\/pe6lTn-mN8","_links":{"self":[{"href":"https:\/\/www.visit-ulcinj.com\/blog\/wp-json\/wp\/v2\/posts\/87614"}],"collection":[{"href":"https:\/\/www.visit-ulcinj.com\/blog\/wp-json\/wp\/v2\/posts"}],"about":[{"href":"https:\/\/www.visit-ulcinj.com\/blog\/wp-json\/wp\/v2\/types\/post"}],"author":[{"embeddable":true,"href":"https:\/\/www.visit-ulcinj.com\/blog\/wp-json\/wp\/v2\/users\/1"}],"replies":[{"embeddable":true,"href":"https:\/\/www.visit-ulcinj.com\/blog\/wp-json\/wp\/v2\/comments?post=87614"}],"version-history":[{"count":1,"href":"https:\/\/www.visit-ulcinj.com\/blog\/wp-json\/wp\/v2\/posts\/87614\/revisions"}],"predecessor-version":[{"id":87616,"href":"https:\/\/www.visit-ulcinj.com\/blog\/wp-json\/wp\/v2\/posts\/87614\/revisions\/87616"}],"wp:attachment":[{"href":"https:\/\/www.visit-ulcinj.com\/blog\/wp-json\/wp\/v2\/media?parent=87614"}],"wp:term":[{"taxonomy":"category","embeddable":true,"href":"https:\/\/www.visit-ulcinj.com\/blog\/wp-json\/wp\/v2\/categories?post=87614"},{"taxonomy":"post_tag","embeddable":true,"href":"https:\/\/www.visit-ulcinj.com\/blog\/wp-json\/wp\/v2\/tags?post=87614"}],"curies":[{"name":"wp","href":"https:\/\/api.w.org\/{rel}","templated":true}]}}