{"id":87617,"date":"2015-01-10T10:28:28","date_gmt":"2015-01-10T09:28:28","guid":{"rendered":"http:\/\/www.visit-ulcinj.com\/blog\/?p=87617"},"modified":"2015-01-10T10:28:28","modified_gmt":"2015-01-10T09:28:28","slug":"nimanbegu-preispitati-sporazum-s-dps-om","status":"publish","type":"post","link":"https:\/\/www.visit-ulcinj.com\/blog\/2015\/01\/10\/nimanbegu-preispitati-sporazum-s-dps-om\/","title":{"rendered":"Nimanbegu: Preispitati sporazum s DPS-om"},"content":{"rendered":"<p><a href=\"http:\/\/www.visit-ulcinj.com\/blog\/wp-content\/uploads\/2014\/12\/Genci-Nimanbegu.jpg\"><img loading=\"lazy\" class=\"alignleft wp-image-86873 size-medium\" src=\"http:\/\/www.visit-ulcinj.com\/blog\/wp-content\/uploads\/2014\/12\/Genci-Nimanbegu-191x300.jpg\" alt=\"Genci Nimanbegu\" width=\"191\" height=\"300\" srcset=\"https:\/\/www.visit-ulcinj.com\/blog\/wp-content\/uploads\/2014\/12\/Genci-Nimanbegu-191x300.jpg 191w, https:\/\/www.visit-ulcinj.com\/blog\/wp-content\/uploads\/2014\/12\/Genci-Nimanbegu.jpg 407w\" sizes=\"(max-width: 191px) 100vw, 191px\" \/><\/a>Potpredsjednik Force Genci Nimanbegu ocijenio je da dosada\u0161nja realizacija koalicionog sporazuma te partije sa Demokratskom partijom socijalista (DPS) nije zadovoljavaju\u0107a, zbog \u010dega je potrebno otvoriti to pitanje i preispitati sporazum.<\/p>\n<p>On je kazao Pobjedi da nije zadovoljan realizacijom sporazuma sa DPS-om, iako je jasno da su lokalni izbori pro\u0161le godine uticali na to.<\/p>\n<p>&#8220;Ipak, dvije godine je pro\u0161lo i nejasno mi je da se DPS i SDP javno konfrontiraju oko sporazuma, iako su bili na zajedni\u010dkoj izbornoj listi, dok oni koji stvaraju ve\u0107inu, kako 2012. godine tako i danas, kao da ne osje\u0107aju potrebu za otvorenom analizom ostvarenja koalicionog sporazuma\u201c, rekao je Nimanbegu.<\/p>\n<p>On je negirao medijske spekulacije da su albanske partije zainteresovane za ministarsko mjesto u najavljenoj rekonstrukciji Vlade.<\/p>\n<p>\u201eNije ta\u010dno da albanske partije tra\u017ee neko odre\u0111eno ministarstvo, ve\u0107 ho\u0107emo da se koalicioni dogovor analizira, tra\u017ee uzroci njegovog neispunjenja i da se dogovori budu\u0107a saradnja ili raskid, bilo kao grupa manjinskih partija, bilo kao zasebni konstituent&#8221;, kazao je Nimanbegu.<\/p>\n<p>Izvor: RTCG<\/p>\n","protected":false},"excerpt":{"rendered":"<p>Potpredsjednik Force Genci Nimanbegu ocijenio je da dosada\u0161nja realizacija koalicionog sporazuma te partije sa Demokratskom partijom socijalista (DPS) nije zadovoljavaju\u0107a, zbog \u010dega je potrebno otvoriti to pitanje i preispitati sporazum. On je kazao Pobjedi da nije zadovoljan realizacijom sporazuma sa DPS-om, iako je jasno da su lokalni izbori pro\u0161le godine uticali na to. &#8220;Ipak, dvije [&hellip;]<\/p>\n","protected":false},"author":1,"featured_media":0,"comment_status":"closed","ping_status":"closed","sticky":false,"template":"","format":"standard","meta":{"spay_email":"","jetpack_publicize_message":"","jetpack_is_tweetstorm":false,"jetpack_publicize_feature_enabled":true},"categories":[6950],"tags":[],"jetpack_publicize_connections":[],"yoast_head":"<!-- This site is optimized with the Yoast SEO plugin v19.1 - https:\/\/yoast.com\/wordpress\/plugins\/seo\/ -->\n<title>Nimanbegu: Preispitati sporazum s DPS-om - Lajme nga Ulqini<\/title>\n<meta name=\"description\" content=\"Potpredsjednik Force Genci Nimanbegu ocijenio je da dosada\u0161nja realizacija koalicionog sporazuma te partije sa Demokratskom partijom socijalista (DPS)\" \/>\n<meta name=\"robots\" content=\"index, follow, max-snippet:-1, max-image-preview:large, max-video-preview:-1\" \/>\n<link rel=\"canonical\" href=\"https:\/\/www.visit-ulcinj.com\/blog\/2015\/01\/10\/nimanbegu-preispitati-sporazum-s-dps-om\/\" \/>\n<meta property=\"og:locale\" content=\"en_US\" \/>\n<meta property=\"og:type\" content=\"article\" \/>\n<meta property=\"og:title\" content=\"Nimanbegu: Preispitati sporazum s DPS-om - Lajme nga Ulqini\" \/>\n<meta property=\"og:description\" content=\"Potpredsjednik Force Genci Nimanbegu ocijenio je da dosada\u0161nja realizacija koalicionog sporazuma te partije sa Demokratskom partijom socijalista (DPS)\" \/>\n<meta property=\"og:url\" content=\"https:\/\/www.visit-ulcinj.com\/blog\/2015\/01\/10\/nimanbegu-preispitati-sporazum-s-dps-om\/\" \/>\n<meta property=\"og:site_name\" content=\"Lajme nga Ulqini\" \/>\n<meta property=\"article:published_time\" content=\"2015-01-10T09:28:28+00:00\" \/>\n<meta property=\"og:image\" content=\"http:\/\/www.visit-ulcinj.com\/blog\/wp-content\/uploads\/2014\/12\/Genci-Nimanbegu-191x300.jpg\" \/>\n<meta name=\"twitter:label1\" content=\"Written by\" \/>\n\t<meta name=\"twitter:data1\" content=\"ulqini\" \/>\n\t<meta name=\"twitter:label2\" content=\"Est. reading time\" \/>\n\t<meta name=\"twitter:data2\" content=\"1 minute\" \/>\n<script type=\"application\/ld+json\" class=\"yoast-schema-graph\">{\"@context\":\"https:\/\/schema.org\",\"@graph\":[{\"@type\":\"WebSite\",\"@id\":\"https:\/\/www.visit-ulcinj.com\/blog\/#website\",\"url\":\"https:\/\/www.visit-ulcinj.com\/blog\/\",\"name\":\"Lajme nga Ulqini\",\"description\":\"Lajme,Vijesti,Ulqini,Ulqin,Crna Gora,Mali i Zi\",\"potentialAction\":[{\"@type\":\"SearchAction\",\"target\":{\"@type\":\"EntryPoint\",\"urlTemplate\":\"https:\/\/www.visit-ulcinj.com\/blog\/?s={search_term_string}\"},\"query-input\":\"required name=search_term_string\"}],\"inLanguage\":\"en-US\"},{\"@type\":\"ImageObject\",\"inLanguage\":\"en-US\",\"@id\":\"https:\/\/www.visit-ulcinj.com\/blog\/2015\/01\/10\/nimanbegu-preispitati-sporazum-s-dps-om\/#primaryimage\",\"url\":\"https:\/\/www.visit-ulcinj.com\/blog\/wp-content\/uploads\/2014\/12\/Genci-Nimanbegu.jpg\",\"contentUrl\":\"https:\/\/www.visit-ulcinj.com\/blog\/wp-content\/uploads\/2014\/12\/Genci-Nimanbegu.jpg\",\"width\":407,\"height\":638},{\"@type\":\"WebPage\",\"@id\":\"https:\/\/www.visit-ulcinj.com\/blog\/2015\/01\/10\/nimanbegu-preispitati-sporazum-s-dps-om\/#webpage\",\"url\":\"https:\/\/www.visit-ulcinj.com\/blog\/2015\/01\/10\/nimanbegu-preispitati-sporazum-s-dps-om\/\",\"name\":\"Nimanbegu: Preispitati sporazum s DPS-om - Lajme nga Ulqini\",\"isPartOf\":{\"@id\":\"https:\/\/www.visit-ulcinj.com\/blog\/#website\"},\"primaryImageOfPage\":{\"@id\":\"https:\/\/www.visit-ulcinj.com\/blog\/2015\/01\/10\/nimanbegu-preispitati-sporazum-s-dps-om\/#primaryimage\"},\"datePublished\":\"2015-01-10T09:28:28+00:00\",\"dateModified\":\"2015-01-10T09:28:28+00:00\",\"author\":{\"@id\":\"https:\/\/www.visit-ulcinj.com\/blog\/#\/schema\/person\/dcab619c614d3038751c63bc2aadc06d\"},\"description\":\"Potpredsjednik Force Genci Nimanbegu ocijenio je da dosada\u0161nja realizacija koalicionog sporazuma te partije sa Demokratskom partijom socijalista (DPS)\",\"breadcrumb\":{\"@id\":\"https:\/\/www.visit-ulcinj.com\/blog\/2015\/01\/10\/nimanbegu-preispitati-sporazum-s-dps-om\/#breadcrumb\"},\"inLanguage\":\"en-US\",\"potentialAction\":[{\"@type\":\"ReadAction\",\"target\":[\"https:\/\/www.visit-ulcinj.com\/blog\/2015\/01\/10\/nimanbegu-preispitati-sporazum-s-dps-om\/\"]}]},{\"@type\":\"BreadcrumbList\",\"@id\":\"https:\/\/www.visit-ulcinj.com\/blog\/2015\/01\/10\/nimanbegu-preispitati-sporazum-s-dps-om\/#breadcrumb\",\"itemListElement\":[{\"@type\":\"ListItem\",\"position\":1,\"name\":\"Nimanbegu: Preispitati sporazum s DPS-om\"}]},{\"@type\":\"Person\",\"@id\":\"https:\/\/www.visit-ulcinj.com\/blog\/#\/schema\/person\/dcab619c614d3038751c63bc2aadc06d\",\"name\":\"ulqini\",\"sameAs\":[\"http:\/\/www.visit-ulcinj.com\"],\"url\":\"https:\/\/www.visit-ulcinj.com\/blog\/author\/admin\/\"}]}<\/script>\n<!-- \/ Yoast SEO plugin. -->","yoast_head_json":{"title":"Nimanbegu: Preispitati sporazum s DPS-om - Lajme nga Ulqini","description":"Potpredsjednik Force Genci Nimanbegu ocijenio je da dosada\u0161nja realizacija koalicionog sporazuma te partije sa Demokratskom partijom socijalista (DPS)","robots":{"index":"index","follow":"follow","max-snippet":"max-snippet:-1","max-image-preview":"max-image-preview:large","max-video-preview":"max-video-preview:-1"},"canonical":"https:\/\/www.visit-ulcinj.com\/blog\/2015\/01\/10\/nimanbegu-preispitati-sporazum-s-dps-om\/","og_locale":"en_US","og_type":"article","og_title":"Nimanbegu: Preispitati sporazum s DPS-om - Lajme nga Ulqini","og_description":"Potpredsjednik Force Genci Nimanbegu ocijenio je da dosada\u0161nja realizacija koalicionog sporazuma te partije sa Demokratskom partijom socijalista (DPS)","og_url":"https:\/\/www.visit-ulcinj.com\/blog\/2015\/01\/10\/nimanbegu-preispitati-sporazum-s-dps-om\/","og_site_name":"Lajme nga Ulqini","article_published_time":"2015-01-10T09:28:28+00:00","og_image":[{"url":"http:\/\/www.visit-ulcinj.com\/blog\/wp-content\/uploads\/2014\/12\/Genci-Nimanbegu-191x300.jpg"}],"twitter_misc":{"Written by":"ulqini","Est. reading time":"1 minute"},"schema":{"@context":"https:\/\/schema.org","@graph":[{"@type":"WebSite","@id":"https:\/\/www.visit-ulcinj.com\/blog\/#website","url":"https:\/\/www.visit-ulcinj.com\/blog\/","name":"Lajme nga Ulqini","description":"Lajme,Vijesti,Ulqini,Ulqin,Crna Gora,Mali i Zi","potentialAction":[{"@type":"SearchAction","target":{"@type":"EntryPoint","urlTemplate":"https:\/\/www.visit-ulcinj.com\/blog\/?s={search_term_string}"},"query-input":"required name=search_term_string"}],"inLanguage":"en-US"},{"@type":"ImageObject","inLanguage":"en-US","@id":"https:\/\/www.visit-ulcinj.com\/blog\/2015\/01\/10\/nimanbegu-preispitati-sporazum-s-dps-om\/#primaryimage","url":"https:\/\/www.visit-ulcinj.com\/blog\/wp-content\/uploads\/2014\/12\/Genci-Nimanbegu.jpg","contentUrl":"https:\/\/www.visit-ulcinj.com\/blog\/wp-content\/uploads\/2014\/12\/Genci-Nimanbegu.jpg","width":407,"height":638},{"@type":"WebPage","@id":"https:\/\/www.visit-ulcinj.com\/blog\/2015\/01\/10\/nimanbegu-preispitati-sporazum-s-dps-om\/#webpage","url":"https:\/\/www.visit-ulcinj.com\/blog\/2015\/01\/10\/nimanbegu-preispitati-sporazum-s-dps-om\/","name":"Nimanbegu: Preispitati sporazum s DPS-om - Lajme nga Ulqini","isPartOf":{"@id":"https:\/\/www.visit-ulcinj.com\/blog\/#website"},"primaryImageOfPage":{"@id":"https:\/\/www.visit-ulcinj.com\/blog\/2015\/01\/10\/nimanbegu-preispitati-sporazum-s-dps-om\/#primaryimage"},"datePublished":"2015-01-10T09:28:28+00:00","dateModified":"2015-01-10T09:28:28+00:00","author":{"@id":"https:\/\/www.visit-ulcinj.com\/blog\/#\/schema\/person\/dcab619c614d3038751c63bc2aadc06d"},"description":"Potpredsjednik Force Genci Nimanbegu ocijenio je da dosada\u0161nja realizacija koalicionog sporazuma te partije sa Demokratskom partijom socijalista (DPS)","breadcrumb":{"@id":"https:\/\/www.visit-ulcinj.com\/blog\/2015\/01\/10\/nimanbegu-preispitati-sporazum-s-dps-om\/#breadcrumb"},"inLanguage":"en-US","potentialAction":[{"@type":"ReadAction","target":["https:\/\/www.visit-ulcinj.com\/blog\/2015\/01\/10\/nimanbegu-preispitati-sporazum-s-dps-om\/"]}]},{"@type":"BreadcrumbList","@id":"https:\/\/www.visit-ulcinj.com\/blog\/2015\/01\/10\/nimanbegu-preispitati-sporazum-s-dps-om\/#breadcrumb","itemListElement":[{"@type":"ListItem","position":1,"name":"Nimanbegu: Preispitati sporazum s DPS-om"}]},{"@type":"Person","@id":"https:\/\/www.visit-ulcinj.com\/blog\/#\/schema\/person\/dcab619c614d3038751c63bc2aadc06d","name":"ulqini","sameAs":["http:\/\/www.visit-ulcinj.com"],"url":"https:\/\/www.visit-ulcinj.com\/blog\/author\/admin\/"}]}},"jetpack_featured_media_url":"","jetpack_sharing_enabled":true,"jetpack_shortlink":"https:\/\/wp.me\/pe6lTn-mNb","_links":{"self":[{"href":"https:\/\/www.visit-ulcinj.com\/blog\/wp-json\/wp\/v2\/posts\/87617"}],"collection":[{"href":"https:\/\/www.visit-ulcinj.com\/blog\/wp-json\/wp\/v2\/posts"}],"about":[{"href":"https:\/\/www.visit-ulcinj.com\/blog\/wp-json\/wp\/v2\/types\/post"}],"author":[{"embeddable":true,"href":"https:\/\/www.visit-ulcinj.com\/blog\/wp-json\/wp\/v2\/users\/1"}],"replies":[{"embeddable":true,"href":"https:\/\/www.visit-ulcinj.com\/blog\/wp-json\/wp\/v2\/comments?post=87617"}],"version-history":[{"count":1,"href":"https:\/\/www.visit-ulcinj.com\/blog\/wp-json\/wp\/v2\/posts\/87617\/revisions"}],"predecessor-version":[{"id":87618,"href":"https:\/\/www.visit-ulcinj.com\/blog\/wp-json\/wp\/v2\/posts\/87617\/revisions\/87618"}],"wp:attachment":[{"href":"https:\/\/www.visit-ulcinj.com\/blog\/wp-json\/wp\/v2\/media?parent=87617"}],"wp:term":[{"taxonomy":"category","embeddable":true,"href":"https:\/\/www.visit-ulcinj.com\/blog\/wp-json\/wp\/v2\/categories?post=87617"},{"taxonomy":"post_tag","embeddable":true,"href":"https:\/\/www.visit-ulcinj.com\/blog\/wp-json\/wp\/v2\/tags?post=87617"}],"curies":[{"name":"wp","href":"https:\/\/api.w.org\/{rel}","templated":true}]}}