{"id":87619,"date":"2015-01-10T10:33:27","date_gmt":"2015-01-10T09:33:27","guid":{"rendered":"http:\/\/www.visit-ulcinj.com\/blog\/?p=87619"},"modified":"2015-01-10T10:33:27","modified_gmt":"2015-01-10T09:33:27","slug":"tarzan-milosevic-otklonicemo-nedostatke-u-sporazumu-sa-forcom","status":"publish","type":"post","link":"https:\/\/www.visit-ulcinj.com\/blog\/2015\/01\/10\/tarzan-milosevic-otklonicemo-nedostatke-u-sporazumu-sa-forcom\/","title":{"rendered":"Tarzan Milo\u0161evi\u0107: Otkloni\u0107emo nedostatke u sporazumu sa Forcom"},"content":{"rendered":"<p id=\"articleIntro\"><a href=\"http:\/\/www.visit-ulcinj.com\/blog\/wp-content\/uploads\/2014\/01\/Tarzan-Milosevic-DPS.jpg\"><img loading=\"lazy\" class=\"alignleft wp-image-78909\" src=\"http:\/\/www.visit-ulcinj.com\/blog\/wp-content\/uploads\/2014\/01\/Tarzan-Milosevic-DPS.jpg\" alt=\"Tarzan-Milosevic-DPS\" width=\"508\" height=\"350\" srcset=\"https:\/\/www.visit-ulcinj.com\/blog\/wp-content\/uploads\/2014\/01\/Tarzan-Milosevic-DPS.jpg 600w, https:\/\/www.visit-ulcinj.com\/blog\/wp-content\/uploads\/2014\/01\/Tarzan-Milosevic-DPS-300x206.jpg 300w\" sizes=\"(max-width: 508px) 100vw, 508px\" \/><\/a>Politi\u010dki direktor Demokratske partije socijalista Tarzan Milo\u0161evi\u0107 kazao je za Portal Analitika da je siguran da \u0107e eventualni nedostaci politi\u010dkog dogovora izme\u0111u njegove stranke i koalicionih partnera iz Force biti otklonjeni.<\/p>\n<div id=\"articleContent\">\n<p>Povodom izjave potpredsjednika Force Gencija Nimanbegua da dosada\u0161nja realizacija koalicionog sporazuma te partije sa DPS &#8211; om nije na zadovoljavaju\u0107em nivou, Milo\u0161evi\u0107 isti\u010de da \u0107e sve biti razja\u0161njeno u neposrednoj komunikaciji.<\/p>\n<p>&#8211; Sa na\u0161im koalicionim partnerima ne \u017eelimo da razgovaramo putem medija. Kao odgovorni partneri siguran sam da \u0107emo u neposrednoj komunikaciji otkloniti sve eventualne nedostatke na\u0161eg politi\u010dkog dogovra \u2013 rekao je Milo\u0161evi\u0107 za Portal Analitika.<\/p>\n<p>Potpredsjednik Force i poslanik u crnogorskom parlamentu Genci Nimanbegu kazao je ju\u010de da dosada\u0161nja realizacija koalicionog sporazuma te partije sa DPS -om nije na zadovoljavaju\u0107em nivou, te da je potrebno otvoriti to pitanje i preispitati sporazum.<\/p>\n<p>&#8211; Nijesam zadovoljan realizacijom sporazuma sa DPS-om, iako je jasno da je niz lokalnih izbora tokom 2014. godine uticao na to. Ipak, dvije godine je pro\u0161lo i zaista mi je nejasno da se DPS i SDP javno konfrontiraju oko sporazuma iako su bili na zajedni\u010dkoj izbornoj listi, dok oni koji stvaraju ve\u0107inu, kako 2012. godine tako i danas, kao da ne osje\u0107aju potrebu za otvorenom analizom ostvarenja na\u0161eg koalicionog sporazuma &#8211; kazao je Nimanbegu.<\/p>\n<p><strong>Izvor: PortalAnalitika<\/strong><\/p>\n<\/div>\n","protected":false},"excerpt":{"rendered":"<p>Politi\u010dki direktor Demokratske partije socijalista Tarzan Milo\u0161evi\u0107 kazao je za Portal Analitika da je siguran da \u0107e eventualni nedostaci politi\u010dkog dogovora izme\u0111u njegove stranke i koalicionih partnera iz Force biti otklonjeni. Povodom izjave potpredsjednika Force Gencija Nimanbegua da dosada\u0161nja realizacija koalicionog sporazuma te partije sa DPS &#8211; om nije na zadovoljavaju\u0107em nivou, Milo\u0161evi\u0107 isti\u010de da [&hellip;]<\/p>\n","protected":false},"author":1,"featured_media":0,"comment_status":"closed","ping_status":"closed","sticky":false,"template":"","format":"standard","meta":{"spay_email":"","jetpack_publicize_message":"","jetpack_is_tweetstorm":false,"jetpack_publicize_feature_enabled":true},"categories":[6950],"tags":[],"jetpack_publicize_connections":[],"yoast_head":"<!-- This site is optimized with the Yoast SEO plugin v19.1 - https:\/\/yoast.com\/wordpress\/plugins\/seo\/ -->\n<title>Tarzan Milo\u0161evi\u0107: Otkloni\u0107emo nedostatke u sporazumu sa Forcom - Lajme nga Ulqini<\/title>\n<meta name=\"description\" content=\"Politi\u010dki direktor Demokratske partije socijalista Tarzan Milo\u0161evi\u0107 kazao je za Portal Analitika da je siguran da \u0107e eventualni nedostaci politi\u010dkog\" \/>\n<meta name=\"robots\" content=\"index, follow, max-snippet:-1, max-image-preview:large, max-video-preview:-1\" \/>\n<link rel=\"canonical\" href=\"https:\/\/www.visit-ulcinj.com\/blog\/2015\/01\/10\/tarzan-milosevic-otklonicemo-nedostatke-u-sporazumu-sa-forcom\/\" \/>\n<meta property=\"og:locale\" content=\"en_US\" \/>\n<meta property=\"og:type\" content=\"article\" \/>\n<meta property=\"og:title\" content=\"Tarzan Milo\u0161evi\u0107: Otkloni\u0107emo nedostatke u sporazumu sa Forcom - Lajme nga Ulqini\" \/>\n<meta property=\"og:description\" content=\"Politi\u010dki direktor Demokratske partije socijalista Tarzan Milo\u0161evi\u0107 kazao je za Portal Analitika da je siguran da \u0107e eventualni nedostaci politi\u010dkog\" \/>\n<meta property=\"og:url\" content=\"https:\/\/www.visit-ulcinj.com\/blog\/2015\/01\/10\/tarzan-milosevic-otklonicemo-nedostatke-u-sporazumu-sa-forcom\/\" \/>\n<meta property=\"og:site_name\" content=\"Lajme nga Ulqini\" \/>\n<meta property=\"article:published_time\" content=\"2015-01-10T09:33:27+00:00\" \/>\n<meta property=\"og:image\" content=\"http:\/\/www.visit-ulcinj.com\/blog\/wp-content\/uploads\/2014\/01\/Tarzan-Milosevic-DPS.jpg\" \/>\n<meta name=\"twitter:label1\" content=\"Written by\" \/>\n\t<meta name=\"twitter:data1\" content=\"ulqini\" \/>\n\t<meta name=\"twitter:label2\" content=\"Est. reading time\" \/>\n\t<meta name=\"twitter:data2\" content=\"1 minute\" \/>\n<script type=\"application\/ld+json\" class=\"yoast-schema-graph\">{\"@context\":\"https:\/\/schema.org\",\"@graph\":[{\"@type\":\"WebSite\",\"@id\":\"https:\/\/www.visit-ulcinj.com\/blog\/#website\",\"url\":\"https:\/\/www.visit-ulcinj.com\/blog\/\",\"name\":\"Lajme nga Ulqini\",\"description\":\"Lajme,Vijesti,Ulqini,Ulqin,Crna Gora,Mali i Zi\",\"potentialAction\":[{\"@type\":\"SearchAction\",\"target\":{\"@type\":\"EntryPoint\",\"urlTemplate\":\"https:\/\/www.visit-ulcinj.com\/blog\/?s={search_term_string}\"},\"query-input\":\"required name=search_term_string\"}],\"inLanguage\":\"en-US\"},{\"@type\":\"ImageObject\",\"inLanguage\":\"en-US\",\"@id\":\"https:\/\/www.visit-ulcinj.com\/blog\/2015\/01\/10\/tarzan-milosevic-otklonicemo-nedostatke-u-sporazumu-sa-forcom\/#primaryimage\",\"url\":\"https:\/\/www.visit-ulcinj.com\/blog\/wp-content\/uploads\/2014\/01\/Tarzan-Milosevic-DPS.jpg\",\"contentUrl\":\"https:\/\/www.visit-ulcinj.com\/blog\/wp-content\/uploads\/2014\/01\/Tarzan-Milosevic-DPS.jpg\",\"width\":600,\"height\":413},{\"@type\":\"WebPage\",\"@id\":\"https:\/\/www.visit-ulcinj.com\/blog\/2015\/01\/10\/tarzan-milosevic-otklonicemo-nedostatke-u-sporazumu-sa-forcom\/#webpage\",\"url\":\"https:\/\/www.visit-ulcinj.com\/blog\/2015\/01\/10\/tarzan-milosevic-otklonicemo-nedostatke-u-sporazumu-sa-forcom\/\",\"name\":\"Tarzan Milo\u0161evi\u0107: Otkloni\u0107emo nedostatke u sporazumu sa Forcom - Lajme nga Ulqini\",\"isPartOf\":{\"@id\":\"https:\/\/www.visit-ulcinj.com\/blog\/#website\"},\"primaryImageOfPage\":{\"@id\":\"https:\/\/www.visit-ulcinj.com\/blog\/2015\/01\/10\/tarzan-milosevic-otklonicemo-nedostatke-u-sporazumu-sa-forcom\/#primaryimage\"},\"datePublished\":\"2015-01-10T09:33:27+00:00\",\"dateModified\":\"2015-01-10T09:33:27+00:00\",\"author\":{\"@id\":\"https:\/\/www.visit-ulcinj.com\/blog\/#\/schema\/person\/dcab619c614d3038751c63bc2aadc06d\"},\"description\":\"Politi\u010dki direktor Demokratske partije socijalista Tarzan Milo\u0161evi\u0107 kazao je za Portal Analitika da je siguran da \u0107e eventualni nedostaci politi\u010dkog\",\"breadcrumb\":{\"@id\":\"https:\/\/www.visit-ulcinj.com\/blog\/2015\/01\/10\/tarzan-milosevic-otklonicemo-nedostatke-u-sporazumu-sa-forcom\/#breadcrumb\"},\"inLanguage\":\"en-US\",\"potentialAction\":[{\"@type\":\"ReadAction\",\"target\":[\"https:\/\/www.visit-ulcinj.com\/blog\/2015\/01\/10\/tarzan-milosevic-otklonicemo-nedostatke-u-sporazumu-sa-forcom\/\"]}]},{\"@type\":\"BreadcrumbList\",\"@id\":\"https:\/\/www.visit-ulcinj.com\/blog\/2015\/01\/10\/tarzan-milosevic-otklonicemo-nedostatke-u-sporazumu-sa-forcom\/#breadcrumb\",\"itemListElement\":[{\"@type\":\"ListItem\",\"position\":1,\"name\":\"Tarzan Milo\u0161evi\u0107: Otkloni\u0107emo nedostatke u sporazumu sa Forcom\"}]},{\"@type\":\"Person\",\"@id\":\"https:\/\/www.visit-ulcinj.com\/blog\/#\/schema\/person\/dcab619c614d3038751c63bc2aadc06d\",\"name\":\"ulqini\",\"sameAs\":[\"http:\/\/www.visit-ulcinj.com\"],\"url\":\"https:\/\/www.visit-ulcinj.com\/blog\/author\/admin\/\"}]}<\/script>\n<!-- \/ Yoast SEO plugin. -->","yoast_head_json":{"title":"Tarzan Milo\u0161evi\u0107: Otkloni\u0107emo nedostatke u sporazumu sa Forcom - Lajme nga Ulqini","description":"Politi\u010dki direktor Demokratske partije socijalista Tarzan Milo\u0161evi\u0107 kazao je za Portal Analitika da je siguran da \u0107e eventualni nedostaci politi\u010dkog","robots":{"index":"index","follow":"follow","max-snippet":"max-snippet:-1","max-image-preview":"max-image-preview:large","max-video-preview":"max-video-preview:-1"},"canonical":"https:\/\/www.visit-ulcinj.com\/blog\/2015\/01\/10\/tarzan-milosevic-otklonicemo-nedostatke-u-sporazumu-sa-forcom\/","og_locale":"en_US","og_type":"article","og_title":"Tarzan Milo\u0161evi\u0107: Otkloni\u0107emo nedostatke u sporazumu sa Forcom - Lajme nga Ulqini","og_description":"Politi\u010dki direktor Demokratske partije socijalista Tarzan Milo\u0161evi\u0107 kazao je za Portal Analitika da je siguran da \u0107e eventualni nedostaci politi\u010dkog","og_url":"https:\/\/www.visit-ulcinj.com\/blog\/2015\/01\/10\/tarzan-milosevic-otklonicemo-nedostatke-u-sporazumu-sa-forcom\/","og_site_name":"Lajme nga Ulqini","article_published_time":"2015-01-10T09:33:27+00:00","og_image":[{"url":"http:\/\/www.visit-ulcinj.com\/blog\/wp-content\/uploads\/2014\/01\/Tarzan-Milosevic-DPS.jpg"}],"twitter_misc":{"Written by":"ulqini","Est. reading time":"1 minute"},"schema":{"@context":"https:\/\/schema.org","@graph":[{"@type":"WebSite","@id":"https:\/\/www.visit-ulcinj.com\/blog\/#website","url":"https:\/\/www.visit-ulcinj.com\/blog\/","name":"Lajme nga Ulqini","description":"Lajme,Vijesti,Ulqini,Ulqin,Crna Gora,Mali i Zi","potentialAction":[{"@type":"SearchAction","target":{"@type":"EntryPoint","urlTemplate":"https:\/\/www.visit-ulcinj.com\/blog\/?s={search_term_string}"},"query-input":"required name=search_term_string"}],"inLanguage":"en-US"},{"@type":"ImageObject","inLanguage":"en-US","@id":"https:\/\/www.visit-ulcinj.com\/blog\/2015\/01\/10\/tarzan-milosevic-otklonicemo-nedostatke-u-sporazumu-sa-forcom\/#primaryimage","url":"https:\/\/www.visit-ulcinj.com\/blog\/wp-content\/uploads\/2014\/01\/Tarzan-Milosevic-DPS.jpg","contentUrl":"https:\/\/www.visit-ulcinj.com\/blog\/wp-content\/uploads\/2014\/01\/Tarzan-Milosevic-DPS.jpg","width":600,"height":413},{"@type":"WebPage","@id":"https:\/\/www.visit-ulcinj.com\/blog\/2015\/01\/10\/tarzan-milosevic-otklonicemo-nedostatke-u-sporazumu-sa-forcom\/#webpage","url":"https:\/\/www.visit-ulcinj.com\/blog\/2015\/01\/10\/tarzan-milosevic-otklonicemo-nedostatke-u-sporazumu-sa-forcom\/","name":"Tarzan Milo\u0161evi\u0107: Otkloni\u0107emo nedostatke u sporazumu sa Forcom - Lajme nga Ulqini","isPartOf":{"@id":"https:\/\/www.visit-ulcinj.com\/blog\/#website"},"primaryImageOfPage":{"@id":"https:\/\/www.visit-ulcinj.com\/blog\/2015\/01\/10\/tarzan-milosevic-otklonicemo-nedostatke-u-sporazumu-sa-forcom\/#primaryimage"},"datePublished":"2015-01-10T09:33:27+00:00","dateModified":"2015-01-10T09:33:27+00:00","author":{"@id":"https:\/\/www.visit-ulcinj.com\/blog\/#\/schema\/person\/dcab619c614d3038751c63bc2aadc06d"},"description":"Politi\u010dki direktor Demokratske partije socijalista Tarzan Milo\u0161evi\u0107 kazao je za Portal Analitika da je siguran da \u0107e eventualni nedostaci politi\u010dkog","breadcrumb":{"@id":"https:\/\/www.visit-ulcinj.com\/blog\/2015\/01\/10\/tarzan-milosevic-otklonicemo-nedostatke-u-sporazumu-sa-forcom\/#breadcrumb"},"inLanguage":"en-US","potentialAction":[{"@type":"ReadAction","target":["https:\/\/www.visit-ulcinj.com\/blog\/2015\/01\/10\/tarzan-milosevic-otklonicemo-nedostatke-u-sporazumu-sa-forcom\/"]}]},{"@type":"BreadcrumbList","@id":"https:\/\/www.visit-ulcinj.com\/blog\/2015\/01\/10\/tarzan-milosevic-otklonicemo-nedostatke-u-sporazumu-sa-forcom\/#breadcrumb","itemListElement":[{"@type":"ListItem","position":1,"name":"Tarzan Milo\u0161evi\u0107: Otkloni\u0107emo nedostatke u sporazumu sa Forcom"}]},{"@type":"Person","@id":"https:\/\/www.visit-ulcinj.com\/blog\/#\/schema\/person\/dcab619c614d3038751c63bc2aadc06d","name":"ulqini","sameAs":["http:\/\/www.visit-ulcinj.com"],"url":"https:\/\/www.visit-ulcinj.com\/blog\/author\/admin\/"}]}},"jetpack_featured_media_url":"","jetpack_sharing_enabled":true,"jetpack_shortlink":"https:\/\/wp.me\/pe6lTn-mNd","_links":{"self":[{"href":"https:\/\/www.visit-ulcinj.com\/blog\/wp-json\/wp\/v2\/posts\/87619"}],"collection":[{"href":"https:\/\/www.visit-ulcinj.com\/blog\/wp-json\/wp\/v2\/posts"}],"about":[{"href":"https:\/\/www.visit-ulcinj.com\/blog\/wp-json\/wp\/v2\/types\/post"}],"author":[{"embeddable":true,"href":"https:\/\/www.visit-ulcinj.com\/blog\/wp-json\/wp\/v2\/users\/1"}],"replies":[{"embeddable":true,"href":"https:\/\/www.visit-ulcinj.com\/blog\/wp-json\/wp\/v2\/comments?post=87619"}],"version-history":[{"count":1,"href":"https:\/\/www.visit-ulcinj.com\/blog\/wp-json\/wp\/v2\/posts\/87619\/revisions"}],"predecessor-version":[{"id":87620,"href":"https:\/\/www.visit-ulcinj.com\/blog\/wp-json\/wp\/v2\/posts\/87619\/revisions\/87620"}],"wp:attachment":[{"href":"https:\/\/www.visit-ulcinj.com\/blog\/wp-json\/wp\/v2\/media?parent=87619"}],"wp:term":[{"taxonomy":"category","embeddable":true,"href":"https:\/\/www.visit-ulcinj.com\/blog\/wp-json\/wp\/v2\/categories?post=87619"},{"taxonomy":"post_tag","embeddable":true,"href":"https:\/\/www.visit-ulcinj.com\/blog\/wp-json\/wp\/v2\/tags?post=87619"}],"curies":[{"name":"wp","href":"https:\/\/api.w.org\/{rel}","templated":true}]}}