{"id":87628,"date":"2015-01-10T12:02:42","date_gmt":"2015-01-10T11:02:42","guid":{"rendered":"http:\/\/www.visit-ulcinj.com\/blog\/?p=87628"},"modified":"2015-01-10T12:02:42","modified_gmt":"2015-01-10T11:02:42","slug":"beslidhja-stervitjen-pergatitore-ne-ulqin","status":"publish","type":"post","link":"https:\/\/www.visit-ulcinj.com\/blog\/2015\/01\/10\/beslidhja-stervitjen-pergatitore-ne-ulqin\/","title":{"rendered":"Beslidhja st\u00ebrvitjen p\u00ebrgatitore n\u00eb Ulqin"},"content":{"rendered":"<p><a href=\"http:\/\/www.visit-ulcinj.com\/blog\/wp-content\/uploads\/2015\/01\/K.S.-BES\u00cbLIDHJA.jpg\"><img loading=\"lazy\" class=\"alignleft wp-image-87629\" src=\"http:\/\/www.visit-ulcinj.com\/blog\/wp-content\/uploads\/2015\/01\/K.S.-BES\u00cbLIDHJA.jpg\" alt=\"K.S. BES\u00cbLIDHJA\" width=\"508\" height=\"311\" \/><\/a>N\u00ebn drejtimin e trajnerit Ritvan Kulli, Bes\u00eblidhja vijon st\u00ebrvitjen n\u00eb kuad\u00ebr t\u00eb faz\u00ebs p\u00ebrgatitore. Presidenti Gjok Noka ka vendosur q\u00eb n\u00eb mesin e muajit e deri n\u00eb fund skuadra t\u00eb p\u00ebrgatitet p\u00ebr dy jav\u00eb n\u00eb Ulqin. N\u00eb lidhje me gjendjen e skuadr\u00ebs, sulmuesi Julian Malo shprehet: \u201cEdhe pse e mbyll\u00ebm pjes\u00ebn e par\u00eb t\u00eb sezonit n\u00eb vend t\u00eb tret\u00eb, nuk do t\u00eb thot\u00eb se nuk jemi m\u00eb t\u00eb mir\u00ebt. Bes\u00eblidhja \u00ebsht\u00eb skuadra m\u00eb e kompletuar dhe e organizuar. Ne p\u00ebr gjysm\u00ebn e dyt\u00eb t\u00eb sezonit do t\u00eb jemi skuadra q\u00eb nuk do t\u00eb njohim humbje. Ju garantoj se ne do t\u00eb jemi skuadra e par\u00eb q\u00eb do t\u2019i bashkohemi Superiores. Gjithashtu, jam i vendosur q\u00eb t\u00eb fitoj \u2018K\u00ebpuc\u00ebn e Art\u00eb\u2019\u201d.<\/p>\n<div>\n<strong>Panorama Sport<\/strong><\/div>\n","protected":false},"excerpt":{"rendered":"<p>N\u00ebn drejtimin e trajnerit Ritvan Kulli, Bes\u00eblidhja vijon st\u00ebrvitjen n\u00eb kuad\u00ebr t\u00eb faz\u00ebs p\u00ebrgatitore. Presidenti Gjok Noka ka vendosur q\u00eb n\u00eb mesin e muajit e deri n\u00eb fund skuadra t\u00eb p\u00ebrgatitet p\u00ebr dy jav\u00eb n\u00eb Ulqin. N\u00eb lidhje me gjendjen e skuadr\u00ebs, sulmuesi Julian Malo shprehet: \u201cEdhe pse e mbyll\u00ebm pjes\u00ebn e par\u00eb t\u00eb sezonit [&hellip;]<\/p>\n","protected":false},"author":1,"featured_media":0,"comment_status":"closed","ping_status":"closed","sticky":false,"template":"","format":"standard","meta":{"spay_email":"","jetpack_publicize_message":"","jetpack_is_tweetstorm":false,"jetpack_publicize_feature_enabled":true},"categories":[3],"tags":[],"jetpack_publicize_connections":[],"yoast_head":"<!-- This site is optimized with the Yoast SEO plugin v19.1 - https:\/\/yoast.com\/wordpress\/plugins\/seo\/ -->\n<title>Beslidhja st\u00ebrvitjen p\u00ebrgatitore n\u00eb Ulqin - Lajme nga Ulqini<\/title>\n<meta name=\"description\" content=\"N\u00ebn drejtimin e trajnerit Ritvan Kulli, Bes\u00eblidhja vijon st\u00ebrvitjen n\u00eb kuad\u00ebr t\u00eb faz\u00ebs p\u00ebrgatitore. Presidenti Gjok Noka ka vendosur q\u00eb n\u00eb mesin e muajit\" \/>\n<meta name=\"robots\" content=\"index, follow, max-snippet:-1, max-image-preview:large, max-video-preview:-1\" \/>\n<link rel=\"canonical\" href=\"https:\/\/www.visit-ulcinj.com\/blog\/2015\/01\/10\/beslidhja-stervitjen-pergatitore-ne-ulqin\/\" \/>\n<meta property=\"og:locale\" content=\"en_US\" \/>\n<meta property=\"og:type\" content=\"article\" \/>\n<meta property=\"og:title\" content=\"Beslidhja st\u00ebrvitjen p\u00ebrgatitore n\u00eb Ulqin - Lajme nga Ulqini\" \/>\n<meta property=\"og:description\" content=\"N\u00ebn drejtimin e trajnerit Ritvan Kulli, Bes\u00eblidhja vijon st\u00ebrvitjen n\u00eb kuad\u00ebr t\u00eb faz\u00ebs p\u00ebrgatitore. Presidenti Gjok Noka ka vendosur q\u00eb n\u00eb mesin e muajit\" \/>\n<meta property=\"og:url\" content=\"https:\/\/www.visit-ulcinj.com\/blog\/2015\/01\/10\/beslidhja-stervitjen-pergatitore-ne-ulqin\/\" \/>\n<meta property=\"og:site_name\" content=\"Lajme nga Ulqini\" \/>\n<meta property=\"article:published_time\" content=\"2015-01-10T11:02:42+00:00\" \/>\n<meta name=\"twitter:label1\" content=\"Written by\" \/>\n\t<meta name=\"twitter:data1\" content=\"ulqini\" \/>\n\t<meta name=\"twitter:label2\" content=\"Est. reading time\" \/>\n\t<meta name=\"twitter:data2\" content=\"1 minute\" \/>\n<script type=\"application\/ld+json\" class=\"yoast-schema-graph\">{\"@context\":\"https:\/\/schema.org\",\"@graph\":[{\"@type\":\"WebSite\",\"@id\":\"https:\/\/www.visit-ulcinj.com\/blog\/#website\",\"url\":\"https:\/\/www.visit-ulcinj.com\/blog\/\",\"name\":\"Lajme nga Ulqini\",\"description\":\"Lajme,Vijesti,Ulqini,Ulqin,Crna Gora,Mali i Zi\",\"potentialAction\":[{\"@type\":\"SearchAction\",\"target\":{\"@type\":\"EntryPoint\",\"urlTemplate\":\"https:\/\/www.visit-ulcinj.com\/blog\/?s={search_term_string}\"},\"query-input\":\"required name=search_term_string\"}],\"inLanguage\":\"en-US\"},{\"@type\":\"WebPage\",\"@id\":\"https:\/\/www.visit-ulcinj.com\/blog\/2015\/01\/10\/beslidhja-stervitjen-pergatitore-ne-ulqin\/#webpage\",\"url\":\"https:\/\/www.visit-ulcinj.com\/blog\/2015\/01\/10\/beslidhja-stervitjen-pergatitore-ne-ulqin\/\",\"name\":\"Beslidhja st\u00ebrvitjen p\u00ebrgatitore n\u00eb Ulqin - Lajme nga Ulqini\",\"isPartOf\":{\"@id\":\"https:\/\/www.visit-ulcinj.com\/blog\/#website\"},\"datePublished\":\"2015-01-10T11:02:42+00:00\",\"dateModified\":\"2015-01-10T11:02:42+00:00\",\"author\":{\"@id\":\"https:\/\/www.visit-ulcinj.com\/blog\/#\/schema\/person\/dcab619c614d3038751c63bc2aadc06d\"},\"description\":\"N\u00ebn drejtimin e trajnerit Ritvan Kulli, Bes\u00eblidhja vijon st\u00ebrvitjen n\u00eb kuad\u00ebr t\u00eb faz\u00ebs p\u00ebrgatitore. Presidenti Gjok Noka ka vendosur q\u00eb n\u00eb mesin e muajit\",\"breadcrumb\":{\"@id\":\"https:\/\/www.visit-ulcinj.com\/blog\/2015\/01\/10\/beslidhja-stervitjen-pergatitore-ne-ulqin\/#breadcrumb\"},\"inLanguage\":\"en-US\",\"potentialAction\":[{\"@type\":\"ReadAction\",\"target\":[\"https:\/\/www.visit-ulcinj.com\/blog\/2015\/01\/10\/beslidhja-stervitjen-pergatitore-ne-ulqin\/\"]}]},{\"@type\":\"BreadcrumbList\",\"@id\":\"https:\/\/www.visit-ulcinj.com\/blog\/2015\/01\/10\/beslidhja-stervitjen-pergatitore-ne-ulqin\/#breadcrumb\",\"itemListElement\":[{\"@type\":\"ListItem\",\"position\":1,\"name\":\"Beslidhja st\u00ebrvitjen p\u00ebrgatitore n\u00eb Ulqin\"}]},{\"@type\":\"Person\",\"@id\":\"https:\/\/www.visit-ulcinj.com\/blog\/#\/schema\/person\/dcab619c614d3038751c63bc2aadc06d\",\"name\":\"ulqini\",\"sameAs\":[\"http:\/\/www.visit-ulcinj.com\"],\"url\":\"https:\/\/www.visit-ulcinj.com\/blog\/author\/admin\/\"}]}<\/script>\n<!-- \/ Yoast SEO plugin. -->","yoast_head_json":{"title":"Beslidhja st\u00ebrvitjen p\u00ebrgatitore n\u00eb Ulqin - Lajme nga Ulqini","description":"N\u00ebn drejtimin e trajnerit Ritvan Kulli, Bes\u00eblidhja vijon st\u00ebrvitjen n\u00eb kuad\u00ebr t\u00eb faz\u00ebs p\u00ebrgatitore. Presidenti Gjok Noka ka vendosur q\u00eb n\u00eb mesin e muajit","robots":{"index":"index","follow":"follow","max-snippet":"max-snippet:-1","max-image-preview":"max-image-preview:large","max-video-preview":"max-video-preview:-1"},"canonical":"https:\/\/www.visit-ulcinj.com\/blog\/2015\/01\/10\/beslidhja-stervitjen-pergatitore-ne-ulqin\/","og_locale":"en_US","og_type":"article","og_title":"Beslidhja st\u00ebrvitjen p\u00ebrgatitore n\u00eb Ulqin - Lajme nga Ulqini","og_description":"N\u00ebn drejtimin e trajnerit Ritvan Kulli, Bes\u00eblidhja vijon st\u00ebrvitjen n\u00eb kuad\u00ebr t\u00eb faz\u00ebs p\u00ebrgatitore. Presidenti Gjok Noka ka vendosur q\u00eb n\u00eb mesin e muajit","og_url":"https:\/\/www.visit-ulcinj.com\/blog\/2015\/01\/10\/beslidhja-stervitjen-pergatitore-ne-ulqin\/","og_site_name":"Lajme nga Ulqini","article_published_time":"2015-01-10T11:02:42+00:00","twitter_misc":{"Written by":"ulqini","Est. reading time":"1 minute"},"schema":{"@context":"https:\/\/schema.org","@graph":[{"@type":"WebSite","@id":"https:\/\/www.visit-ulcinj.com\/blog\/#website","url":"https:\/\/www.visit-ulcinj.com\/blog\/","name":"Lajme nga Ulqini","description":"Lajme,Vijesti,Ulqini,Ulqin,Crna Gora,Mali i Zi","potentialAction":[{"@type":"SearchAction","target":{"@type":"EntryPoint","urlTemplate":"https:\/\/www.visit-ulcinj.com\/blog\/?s={search_term_string}"},"query-input":"required name=search_term_string"}],"inLanguage":"en-US"},{"@type":"WebPage","@id":"https:\/\/www.visit-ulcinj.com\/blog\/2015\/01\/10\/beslidhja-stervitjen-pergatitore-ne-ulqin\/#webpage","url":"https:\/\/www.visit-ulcinj.com\/blog\/2015\/01\/10\/beslidhja-stervitjen-pergatitore-ne-ulqin\/","name":"Beslidhja st\u00ebrvitjen p\u00ebrgatitore n\u00eb Ulqin - Lajme nga Ulqini","isPartOf":{"@id":"https:\/\/www.visit-ulcinj.com\/blog\/#website"},"datePublished":"2015-01-10T11:02:42+00:00","dateModified":"2015-01-10T11:02:42+00:00","author":{"@id":"https:\/\/www.visit-ulcinj.com\/blog\/#\/schema\/person\/dcab619c614d3038751c63bc2aadc06d"},"description":"N\u00ebn drejtimin e trajnerit Ritvan Kulli, Bes\u00eblidhja vijon st\u00ebrvitjen n\u00eb kuad\u00ebr t\u00eb faz\u00ebs p\u00ebrgatitore. Presidenti Gjok Noka ka vendosur q\u00eb n\u00eb mesin e muajit","breadcrumb":{"@id":"https:\/\/www.visit-ulcinj.com\/blog\/2015\/01\/10\/beslidhja-stervitjen-pergatitore-ne-ulqin\/#breadcrumb"},"inLanguage":"en-US","potentialAction":[{"@type":"ReadAction","target":["https:\/\/www.visit-ulcinj.com\/blog\/2015\/01\/10\/beslidhja-stervitjen-pergatitore-ne-ulqin\/"]}]},{"@type":"BreadcrumbList","@id":"https:\/\/www.visit-ulcinj.com\/blog\/2015\/01\/10\/beslidhja-stervitjen-pergatitore-ne-ulqin\/#breadcrumb","itemListElement":[{"@type":"ListItem","position":1,"name":"Beslidhja st\u00ebrvitjen p\u00ebrgatitore n\u00eb Ulqin"}]},{"@type":"Person","@id":"https:\/\/www.visit-ulcinj.com\/blog\/#\/schema\/person\/dcab619c614d3038751c63bc2aadc06d","name":"ulqini","sameAs":["http:\/\/www.visit-ulcinj.com"],"url":"https:\/\/www.visit-ulcinj.com\/blog\/author\/admin\/"}]}},"jetpack_featured_media_url":"","jetpack_sharing_enabled":true,"jetpack_shortlink":"https:\/\/wp.me\/pe6lTn-mNm","_links":{"self":[{"href":"https:\/\/www.visit-ulcinj.com\/blog\/wp-json\/wp\/v2\/posts\/87628"}],"collection":[{"href":"https:\/\/www.visit-ulcinj.com\/blog\/wp-json\/wp\/v2\/posts"}],"about":[{"href":"https:\/\/www.visit-ulcinj.com\/blog\/wp-json\/wp\/v2\/types\/post"}],"author":[{"embeddable":true,"href":"https:\/\/www.visit-ulcinj.com\/blog\/wp-json\/wp\/v2\/users\/1"}],"replies":[{"embeddable":true,"href":"https:\/\/www.visit-ulcinj.com\/blog\/wp-json\/wp\/v2\/comments?post=87628"}],"version-history":[{"count":1,"href":"https:\/\/www.visit-ulcinj.com\/blog\/wp-json\/wp\/v2\/posts\/87628\/revisions"}],"predecessor-version":[{"id":87630,"href":"https:\/\/www.visit-ulcinj.com\/blog\/wp-json\/wp\/v2\/posts\/87628\/revisions\/87630"}],"wp:attachment":[{"href":"https:\/\/www.visit-ulcinj.com\/blog\/wp-json\/wp\/v2\/media?parent=87628"}],"wp:term":[{"taxonomy":"category","embeddable":true,"href":"https:\/\/www.visit-ulcinj.com\/blog\/wp-json\/wp\/v2\/categories?post=87628"},{"taxonomy":"post_tag","embeddable":true,"href":"https:\/\/www.visit-ulcinj.com\/blog\/wp-json\/wp\/v2\/tags?post=87628"}],"curies":[{"name":"wp","href":"https:\/\/api.w.org\/{rel}","templated":true}]}}