{"id":87631,"date":"2015-01-10T13:04:18","date_gmt":"2015-01-10T12:04:18","guid":{"rendered":"http:\/\/www.visit-ulcinj.com\/blog\/?p=87631"},"modified":"2015-01-10T13:04:18","modified_gmt":"2015-01-10T12:04:18","slug":"kryetari-gjeka-mesazh-ngushellimi-ambasadores-se-ambasades-se-frances-ne-podgorice","status":"publish","type":"post","link":"https:\/\/www.visit-ulcinj.com\/blog\/2015\/01\/10\/kryetari-gjeka-mesazh-ngushellimi-ambasadores-se-ambasades-se-frances-ne-podgorice\/","title":{"rendered":"Kryetari Gjeka mesazh ngush\u00ebllimi Ambasadores s\u00eb Ambasad\u00ebs s\u00eb Franc\u00ebs n\u00eb Podgoric\u00eb"},"content":{"rendered":"<p><a href=\"http:\/\/www.visit-ulcinj.com\/blog\/wp-content\/uploads\/2015\/01\/Kryetari-Ulqinit-Fatmir-Gjeka.jpg\"><img loading=\"lazy\" class=\"alignleft wp-image-87632\" src=\"http:\/\/www.visit-ulcinj.com\/blog\/wp-content\/uploads\/2015\/01\/Kryetari-Ulqinit-Fatmir-Gjeka.jpg\" alt=\"Kryetari-Ulqinit-Fatmir-Gjeka\" width=\"508\" height=\"286\" srcset=\"https:\/\/www.visit-ulcinj.com\/blog\/wp-content\/uploads\/2015\/01\/Kryetari-Ulqinit-Fatmir-Gjeka.jpg 960w, https:\/\/www.visit-ulcinj.com\/blog\/wp-content\/uploads\/2015\/01\/Kryetari-Ulqinit-Fatmir-Gjeka-300x168.jpg 300w\" sizes=\"(max-width: 508px) 100vw, 508px\" \/><\/a>Kryetari i Komun\u00ebs\u00a0 s\u00eb Ulqinit Z. Fatmir\u00a0 Gjeka\u00a0\u00a0 i ka d\u00ebrguar\u00a0 nj\u00eb mesazh\u00a0 ngush\u00ebllimi\u00a0 Ambasadores s\u00eb Ambasad\u00ebs\u00a0 s\u00eb\u00a0\u00a0 Franc\u00ebs\u00a0\u00a0 n\u00eb Podgoric\u00eb<\/p>\n<p><strong>Madame\u00a0 Veronique BRUMEAUX<\/strong> \u00a0\u00a0p\u00ebr \u00a0viktimat\u00a0 dhe\u00a0 t\u00eb plagosurit\u00a0 nga \u00a0atentati terrorist n\u00eb zyrat\u00a0 e\u00a0 revistes satirike ,,CHARLIE HEBDO,, si dhe\u00a0 p\u00ebr\u00a0 viktimat q\u00eb \u00a0\u00a0humb\u00ebn jet\u00ebn\u00a0 duke \u00a0u mbajtur peng.<\/p>\n<p>N\u00eb mesazh\u00a0 nd\u00ebr t\u00eb tjera\u00a0 thuhet ,,Ne \u00a0d\u00ebnojm\u00eb\u00a0 k\u00ebt\u00eb atk\u00a0 barbar dhe t\u00eb patoleruesh\u00ebm\u00a0 terrorist . N\u00eb \u00a0k\u00ebt\u00eb moment t\u00eb v\u00ebshtir\u00eb\u00a0 p\u00ebr popullin Tuaj \u00a0, banor\u00ebt e Ulqinit , qytetit t\u00eb njohur \u00a0p\u00ebr\u00a0 harmoni dhe\u00a0 toleranc\u00eb fetare ju shpreh\u00a0 ngushellimet e mia m\u00eb t\u00eb sinqerta\u00a0 familjeve t\u00eb viktimave , popullit francez , Juve dhe Qeveris\u00eb\u00a0 suaj<\/p>\n<p>Me respekt,<\/p>\n<p>Fatmir Gjeka ,Kryetar i Komun\u00ebs\u00a0 s\u00eb Ulqinit<\/p>\n","protected":false},"excerpt":{"rendered":"<p>Kryetari i Komun\u00ebs\u00a0 s\u00eb Ulqinit Z. Fatmir\u00a0 Gjeka\u00a0\u00a0 i ka d\u00ebrguar\u00a0 nj\u00eb mesazh\u00a0 ngush\u00ebllimi\u00a0 Ambasadores s\u00eb Ambasad\u00ebs\u00a0 s\u00eb\u00a0\u00a0 Franc\u00ebs\u00a0\u00a0 n\u00eb Podgoric\u00eb Madame\u00a0 Veronique BRUMEAUX \u00a0\u00a0p\u00ebr \u00a0viktimat\u00a0 dhe\u00a0 t\u00eb plagosurit\u00a0 nga \u00a0atentati terrorist n\u00eb zyrat\u00a0 e\u00a0 revistes satirike ,,CHARLIE HEBDO,, si dhe\u00a0 p\u00ebr\u00a0 viktimat q\u00eb \u00a0\u00a0humb\u00ebn jet\u00ebn\u00a0 duke \u00a0u mbajtur peng. N\u00eb mesazh\u00a0 nd\u00ebr t\u00eb tjera\u00a0 [&hellip;]<\/p>\n","protected":false},"author":1,"featured_media":0,"comment_status":"closed","ping_status":"closed","sticky":false,"template":"","format":"standard","meta":{"spay_email":"","jetpack_publicize_message":"","jetpack_is_tweetstorm":false,"jetpack_publicize_feature_enabled":true},"categories":[7],"tags":[],"jetpack_publicize_connections":[],"yoast_head":"<!-- This site is optimized with the Yoast SEO plugin v19.1 - https:\/\/yoast.com\/wordpress\/plugins\/seo\/ -->\n<title>Kryetari Gjeka mesazh ngush\u00ebllimi Ambasadores s\u00eb Ambasad\u00ebs s\u00eb Franc\u00ebs n\u00eb Podgoric\u00eb - Lajme nga Ulqini<\/title>\n<meta name=\"description\" content=\"Kryetari i Komun\u00ebs\u00a0 s\u00eb Ulqinit Z. Fatmir\u00a0 Gjeka\u00a0\u00a0 i ka d\u00ebrguar\u00a0 nj\u00eb mesazh\u00a0 ngush\u00ebllimi\u00a0 Ambasadores s\u00eb Ambasad\u00ebs\u00a0 s\u00eb\u00a0\u00a0 Franc\u00ebs\u00a0\u00a0 n\u00eb Podgoric\u00eb Madame\u00a0\" \/>\n<meta name=\"robots\" content=\"index, follow, max-snippet:-1, max-image-preview:large, max-video-preview:-1\" \/>\n<link rel=\"canonical\" href=\"https:\/\/www.visit-ulcinj.com\/blog\/2015\/01\/10\/kryetari-gjeka-mesazh-ngushellimi-ambasadores-se-ambasades-se-frances-ne-podgorice\/\" \/>\n<meta property=\"og:locale\" content=\"en_US\" \/>\n<meta property=\"og:type\" content=\"article\" \/>\n<meta property=\"og:title\" content=\"Kryetari Gjeka mesazh ngush\u00ebllimi Ambasadores s\u00eb Ambasad\u00ebs s\u00eb Franc\u00ebs n\u00eb Podgoric\u00eb - Lajme nga Ulqini\" \/>\n<meta property=\"og:description\" content=\"Kryetari i Komun\u00ebs\u00a0 s\u00eb Ulqinit Z. Fatmir\u00a0 Gjeka\u00a0\u00a0 i ka d\u00ebrguar\u00a0 nj\u00eb mesazh\u00a0 ngush\u00ebllimi\u00a0 Ambasadores s\u00eb Ambasad\u00ebs\u00a0 s\u00eb\u00a0\u00a0 Franc\u00ebs\u00a0\u00a0 n\u00eb Podgoric\u00eb Madame\u00a0\" \/>\n<meta property=\"og:url\" content=\"https:\/\/www.visit-ulcinj.com\/blog\/2015\/01\/10\/kryetari-gjeka-mesazh-ngushellimi-ambasadores-se-ambasades-se-frances-ne-podgorice\/\" \/>\n<meta property=\"og:site_name\" content=\"Lajme nga Ulqini\" \/>\n<meta property=\"article:published_time\" content=\"2015-01-10T12:04:18+00:00\" \/>\n<meta property=\"og:image\" content=\"http:\/\/www.visit-ulcinj.com\/blog\/wp-content\/uploads\/2015\/01\/Kryetari-Ulqinit-Fatmir-Gjeka.jpg\" \/>\n<meta name=\"twitter:label1\" content=\"Written by\" \/>\n\t<meta name=\"twitter:data1\" content=\"ulqini\" \/>\n\t<meta name=\"twitter:label2\" content=\"Est. reading time\" \/>\n\t<meta name=\"twitter:data2\" content=\"1 minute\" \/>\n<script type=\"application\/ld+json\" class=\"yoast-schema-graph\">{\"@context\":\"https:\/\/schema.org\",\"@graph\":[{\"@type\":\"WebSite\",\"@id\":\"https:\/\/www.visit-ulcinj.com\/blog\/#website\",\"url\":\"https:\/\/www.visit-ulcinj.com\/blog\/\",\"name\":\"Lajme nga Ulqini\",\"description\":\"Lajme,Vijesti,Ulqini,Ulqin,Crna Gora,Mali i Zi\",\"potentialAction\":[{\"@type\":\"SearchAction\",\"target\":{\"@type\":\"EntryPoint\",\"urlTemplate\":\"https:\/\/www.visit-ulcinj.com\/blog\/?s={search_term_string}\"},\"query-input\":\"required name=search_term_string\"}],\"inLanguage\":\"en-US\"},{\"@type\":\"ImageObject\",\"inLanguage\":\"en-US\",\"@id\":\"https:\/\/www.visit-ulcinj.com\/blog\/2015\/01\/10\/kryetari-gjeka-mesazh-ngushellimi-ambasadores-se-ambasades-se-frances-ne-podgorice\/#primaryimage\",\"url\":\"https:\/\/www.visit-ulcinj.com\/blog\/wp-content\/uploads\/2015\/01\/Kryetari-Ulqinit-Fatmir-Gjeka.jpg\",\"contentUrl\":\"https:\/\/www.visit-ulcinj.com\/blog\/wp-content\/uploads\/2015\/01\/Kryetari-Ulqinit-Fatmir-Gjeka.jpg\",\"width\":960,\"height\":540},{\"@type\":\"WebPage\",\"@id\":\"https:\/\/www.visit-ulcinj.com\/blog\/2015\/01\/10\/kryetari-gjeka-mesazh-ngushellimi-ambasadores-se-ambasades-se-frances-ne-podgorice\/#webpage\",\"url\":\"https:\/\/www.visit-ulcinj.com\/blog\/2015\/01\/10\/kryetari-gjeka-mesazh-ngushellimi-ambasadores-se-ambasades-se-frances-ne-podgorice\/\",\"name\":\"Kryetari Gjeka mesazh ngush\u00ebllimi Ambasadores s\u00eb Ambasad\u00ebs s\u00eb Franc\u00ebs n\u00eb Podgoric\u00eb - Lajme nga Ulqini\",\"isPartOf\":{\"@id\":\"https:\/\/www.visit-ulcinj.com\/blog\/#website\"},\"primaryImageOfPage\":{\"@id\":\"https:\/\/www.visit-ulcinj.com\/blog\/2015\/01\/10\/kryetari-gjeka-mesazh-ngushellimi-ambasadores-se-ambasades-se-frances-ne-podgorice\/#primaryimage\"},\"datePublished\":\"2015-01-10T12:04:18+00:00\",\"dateModified\":\"2015-01-10T12:04:18+00:00\",\"author\":{\"@id\":\"https:\/\/www.visit-ulcinj.com\/blog\/#\/schema\/person\/dcab619c614d3038751c63bc2aadc06d\"},\"description\":\"Kryetari i Komun\u00ebs\u00a0 s\u00eb Ulqinit Z. Fatmir\u00a0 Gjeka\u00a0\u00a0 i ka d\u00ebrguar\u00a0 nj\u00eb mesazh\u00a0 ngush\u00ebllimi\u00a0 Ambasadores s\u00eb Ambasad\u00ebs\u00a0 s\u00eb\u00a0\u00a0 Franc\u00ebs\u00a0\u00a0 n\u00eb Podgoric\u00eb Madame\u00a0\",\"breadcrumb\":{\"@id\":\"https:\/\/www.visit-ulcinj.com\/blog\/2015\/01\/10\/kryetari-gjeka-mesazh-ngushellimi-ambasadores-se-ambasades-se-frances-ne-podgorice\/#breadcrumb\"},\"inLanguage\":\"en-US\",\"potentialAction\":[{\"@type\":\"ReadAction\",\"target\":[\"https:\/\/www.visit-ulcinj.com\/blog\/2015\/01\/10\/kryetari-gjeka-mesazh-ngushellimi-ambasadores-se-ambasades-se-frances-ne-podgorice\/\"]}]},{\"@type\":\"BreadcrumbList\",\"@id\":\"https:\/\/www.visit-ulcinj.com\/blog\/2015\/01\/10\/kryetari-gjeka-mesazh-ngushellimi-ambasadores-se-ambasades-se-frances-ne-podgorice\/#breadcrumb\",\"itemListElement\":[{\"@type\":\"ListItem\",\"position\":1,\"name\":\"Kryetari Gjeka mesazh ngush\u00ebllimi Ambasadores s\u00eb Ambasad\u00ebs s\u00eb Franc\u00ebs n\u00eb Podgoric\u00eb\"}]},{\"@type\":\"Person\",\"@id\":\"https:\/\/www.visit-ulcinj.com\/blog\/#\/schema\/person\/dcab619c614d3038751c63bc2aadc06d\",\"name\":\"ulqini\",\"sameAs\":[\"http:\/\/www.visit-ulcinj.com\"],\"url\":\"https:\/\/www.visit-ulcinj.com\/blog\/author\/admin\/\"}]}<\/script>\n<!-- \/ Yoast SEO plugin. -->","yoast_head_json":{"title":"Kryetari Gjeka mesazh ngush\u00ebllimi Ambasadores s\u00eb Ambasad\u00ebs s\u00eb Franc\u00ebs n\u00eb Podgoric\u00eb - Lajme nga Ulqini","description":"Kryetari i Komun\u00ebs\u00a0 s\u00eb Ulqinit Z. Fatmir\u00a0 Gjeka\u00a0\u00a0 i ka d\u00ebrguar\u00a0 nj\u00eb mesazh\u00a0 ngush\u00ebllimi\u00a0 Ambasadores s\u00eb Ambasad\u00ebs\u00a0 s\u00eb\u00a0\u00a0 Franc\u00ebs\u00a0\u00a0 n\u00eb Podgoric\u00eb Madame\u00a0","robots":{"index":"index","follow":"follow","max-snippet":"max-snippet:-1","max-image-preview":"max-image-preview:large","max-video-preview":"max-video-preview:-1"},"canonical":"https:\/\/www.visit-ulcinj.com\/blog\/2015\/01\/10\/kryetari-gjeka-mesazh-ngushellimi-ambasadores-se-ambasades-se-frances-ne-podgorice\/","og_locale":"en_US","og_type":"article","og_title":"Kryetari Gjeka mesazh ngush\u00ebllimi Ambasadores s\u00eb Ambasad\u00ebs s\u00eb Franc\u00ebs n\u00eb Podgoric\u00eb - Lajme nga Ulqini","og_description":"Kryetari i Komun\u00ebs\u00a0 s\u00eb Ulqinit Z. Fatmir\u00a0 Gjeka\u00a0\u00a0 i ka d\u00ebrguar\u00a0 nj\u00eb mesazh\u00a0 ngush\u00ebllimi\u00a0 Ambasadores s\u00eb Ambasad\u00ebs\u00a0 s\u00eb\u00a0\u00a0 Franc\u00ebs\u00a0\u00a0 n\u00eb Podgoric\u00eb Madame\u00a0","og_url":"https:\/\/www.visit-ulcinj.com\/blog\/2015\/01\/10\/kryetari-gjeka-mesazh-ngushellimi-ambasadores-se-ambasades-se-frances-ne-podgorice\/","og_site_name":"Lajme nga Ulqini","article_published_time":"2015-01-10T12:04:18+00:00","og_image":[{"url":"http:\/\/www.visit-ulcinj.com\/blog\/wp-content\/uploads\/2015\/01\/Kryetari-Ulqinit-Fatmir-Gjeka.jpg"}],"twitter_misc":{"Written by":"ulqini","Est. reading time":"1 minute"},"schema":{"@context":"https:\/\/schema.org","@graph":[{"@type":"WebSite","@id":"https:\/\/www.visit-ulcinj.com\/blog\/#website","url":"https:\/\/www.visit-ulcinj.com\/blog\/","name":"Lajme nga Ulqini","description":"Lajme,Vijesti,Ulqini,Ulqin,Crna Gora,Mali i Zi","potentialAction":[{"@type":"SearchAction","target":{"@type":"EntryPoint","urlTemplate":"https:\/\/www.visit-ulcinj.com\/blog\/?s={search_term_string}"},"query-input":"required name=search_term_string"}],"inLanguage":"en-US"},{"@type":"ImageObject","inLanguage":"en-US","@id":"https:\/\/www.visit-ulcinj.com\/blog\/2015\/01\/10\/kryetari-gjeka-mesazh-ngushellimi-ambasadores-se-ambasades-se-frances-ne-podgorice\/#primaryimage","url":"https:\/\/www.visit-ulcinj.com\/blog\/wp-content\/uploads\/2015\/01\/Kryetari-Ulqinit-Fatmir-Gjeka.jpg","contentUrl":"https:\/\/www.visit-ulcinj.com\/blog\/wp-content\/uploads\/2015\/01\/Kryetari-Ulqinit-Fatmir-Gjeka.jpg","width":960,"height":540},{"@type":"WebPage","@id":"https:\/\/www.visit-ulcinj.com\/blog\/2015\/01\/10\/kryetari-gjeka-mesazh-ngushellimi-ambasadores-se-ambasades-se-frances-ne-podgorice\/#webpage","url":"https:\/\/www.visit-ulcinj.com\/blog\/2015\/01\/10\/kryetari-gjeka-mesazh-ngushellimi-ambasadores-se-ambasades-se-frances-ne-podgorice\/","name":"Kryetari Gjeka mesazh ngush\u00ebllimi Ambasadores s\u00eb Ambasad\u00ebs s\u00eb Franc\u00ebs n\u00eb Podgoric\u00eb - Lajme nga Ulqini","isPartOf":{"@id":"https:\/\/www.visit-ulcinj.com\/blog\/#website"},"primaryImageOfPage":{"@id":"https:\/\/www.visit-ulcinj.com\/blog\/2015\/01\/10\/kryetari-gjeka-mesazh-ngushellimi-ambasadores-se-ambasades-se-frances-ne-podgorice\/#primaryimage"},"datePublished":"2015-01-10T12:04:18+00:00","dateModified":"2015-01-10T12:04:18+00:00","author":{"@id":"https:\/\/www.visit-ulcinj.com\/blog\/#\/schema\/person\/dcab619c614d3038751c63bc2aadc06d"},"description":"Kryetari i Komun\u00ebs\u00a0 s\u00eb Ulqinit Z. Fatmir\u00a0 Gjeka\u00a0\u00a0 i ka d\u00ebrguar\u00a0 nj\u00eb mesazh\u00a0 ngush\u00ebllimi\u00a0 Ambasadores s\u00eb Ambasad\u00ebs\u00a0 s\u00eb\u00a0\u00a0 Franc\u00ebs\u00a0\u00a0 n\u00eb Podgoric\u00eb Madame\u00a0","breadcrumb":{"@id":"https:\/\/www.visit-ulcinj.com\/blog\/2015\/01\/10\/kryetari-gjeka-mesazh-ngushellimi-ambasadores-se-ambasades-se-frances-ne-podgorice\/#breadcrumb"},"inLanguage":"en-US","potentialAction":[{"@type":"ReadAction","target":["https:\/\/www.visit-ulcinj.com\/blog\/2015\/01\/10\/kryetari-gjeka-mesazh-ngushellimi-ambasadores-se-ambasades-se-frances-ne-podgorice\/"]}]},{"@type":"BreadcrumbList","@id":"https:\/\/www.visit-ulcinj.com\/blog\/2015\/01\/10\/kryetari-gjeka-mesazh-ngushellimi-ambasadores-se-ambasades-se-frances-ne-podgorice\/#breadcrumb","itemListElement":[{"@type":"ListItem","position":1,"name":"Kryetari Gjeka mesazh ngush\u00ebllimi Ambasadores s\u00eb Ambasad\u00ebs s\u00eb Franc\u00ebs n\u00eb Podgoric\u00eb"}]},{"@type":"Person","@id":"https:\/\/www.visit-ulcinj.com\/blog\/#\/schema\/person\/dcab619c614d3038751c63bc2aadc06d","name":"ulqini","sameAs":["http:\/\/www.visit-ulcinj.com"],"url":"https:\/\/www.visit-ulcinj.com\/blog\/author\/admin\/"}]}},"jetpack_featured_media_url":"","jetpack_sharing_enabled":true,"jetpack_shortlink":"https:\/\/wp.me\/pe6lTn-mNp","_links":{"self":[{"href":"https:\/\/www.visit-ulcinj.com\/blog\/wp-json\/wp\/v2\/posts\/87631"}],"collection":[{"href":"https:\/\/www.visit-ulcinj.com\/blog\/wp-json\/wp\/v2\/posts"}],"about":[{"href":"https:\/\/www.visit-ulcinj.com\/blog\/wp-json\/wp\/v2\/types\/post"}],"author":[{"embeddable":true,"href":"https:\/\/www.visit-ulcinj.com\/blog\/wp-json\/wp\/v2\/users\/1"}],"replies":[{"embeddable":true,"href":"https:\/\/www.visit-ulcinj.com\/blog\/wp-json\/wp\/v2\/comments?post=87631"}],"version-history":[{"count":1,"href":"https:\/\/www.visit-ulcinj.com\/blog\/wp-json\/wp\/v2\/posts\/87631\/revisions"}],"predecessor-version":[{"id":87633,"href":"https:\/\/www.visit-ulcinj.com\/blog\/wp-json\/wp\/v2\/posts\/87631\/revisions\/87633"}],"wp:attachment":[{"href":"https:\/\/www.visit-ulcinj.com\/blog\/wp-json\/wp\/v2\/media?parent=87631"}],"wp:term":[{"taxonomy":"category","embeddable":true,"href":"https:\/\/www.visit-ulcinj.com\/blog\/wp-json\/wp\/v2\/categories?post=87631"},{"taxonomy":"post_tag","embeddable":true,"href":"https:\/\/www.visit-ulcinj.com\/blog\/wp-json\/wp\/v2\/tags?post=87631"}],"curies":[{"name":"wp","href":"https:\/\/api.w.org\/{rel}","templated":true}]}}