{"id":87639,"date":"2015-01-10T18:49:06","date_gmt":"2015-01-10T17:49:06","guid":{"rendered":"http:\/\/www.visit-ulcinj.com\/blog\/?p=87639"},"modified":"2015-01-10T18:49:58","modified_gmt":"2015-01-10T17:49:58","slug":"perplasen-koalicionet-shqiptare-per-vendin-e-deputetit-ne-mal-te-zi-video","status":"publish","type":"post","link":"https:\/\/www.visit-ulcinj.com\/blog\/2015\/01\/10\/perplasen-koalicionet-shqiptare-per-vendin-e-deputetit-ne-mal-te-zi-video\/","title":{"rendered":"Perplasen Koalicionet shqiptare per vendin e deputetit n\u00eb Mal te Zi &#8211; Video"},"content":{"rendered":"<p><a href=\"http:\/\/www.visit-ulcinj.com\/blog\/wp-content\/uploads\/2015\/01\/Perplasen-Koalicionet-shqiptare-ne-Mal-te-Zi.jpg\"><img loading=\"lazy\" class=\"alignleft wp-image-87641\" src=\"http:\/\/www.visit-ulcinj.com\/blog\/wp-content\/uploads\/2015\/01\/Perplasen-Koalicionet-shqiptare-ne-Mal-te-Zi.jpg\" alt=\"Perplasen Koalicionet shqiptare ne Mal te Zi\" width=\"508\" height=\"378\" srcset=\"https:\/\/www.visit-ulcinj.com\/blog\/wp-content\/uploads\/2015\/01\/Perplasen-Koalicionet-shqiptare-ne-Mal-te-Zi.jpg 1000w, https:\/\/www.visit-ulcinj.com\/blog\/wp-content\/uploads\/2015\/01\/Perplasen-Koalicionet-shqiptare-ne-Mal-te-Zi-300x223.jpg 300w\" sizes=\"(max-width: 508px) 100vw, 508px\" \/><\/a><strong>Nga Ibrahim Berjashi<\/strong><\/p>\n<p>Skena politike shqiptare n\u00eb Mal t\u00eb Zi ,q\u00eb n\u00eb vitet 90- t\u00eb e k\u00ebndej ,ka kaluar n\u00eb shum\u00eb faza dhe sfida q\u00eb e kan\u00eb karakterizuar at\u00eb edhe kan\u00eb l\u00ebn\u00eb gjurm\u00eb q\u00eb sh\u00ebrbejn\u00eb p\u00ebr t\u00eb ngritur cil\u00ebsin\u00eb e demokracis\u00eb dhe t\u00eb jet\u00ebs parlamentare, raporton Portali Tv Teuta.<\/p>\n<p>Vet\u00ebm n\u00eb start, derisa funksiononte Forumi Demokratik I Shqiptar\u00ebve n\u00eb Malin e Zi,kund\u00ebrth\u00ebniet mes shqiptar\u00ebve n\u00ebp\u00ebr subjekte politike, jan\u00eb zgjidhur n\u00eb nj\u00eb tryez\u00eb.<\/p>\n<p>Por, k\u00ebto dit\u00eb trupi votues shqiptar \u00ebsht\u00eb I befasuar,madje I zhg\u00ebnjyer me, ta quajm\u00eb \u201cKOMUNIKIM demokratik t\u00eb politikan\u00ebve\u201d nga radh\u00ebt e partive politike parlamentare shqiptare n\u00ebp\u00ebr faqet e medias.<\/p>\n<p>\u201cMoll\u00eb sherri\u201d jan\u00eb b\u00ebr\u00eb rrokadat e vendeve t\u00eb deputet\u00ebve n\u00eb Kuvendin e Malit t\u00eb Zi, si\u00e7 thuhet,t\u00eb definuara me marr\u00ebveshjet e koalicioneve t\u00eb arritura para zgjedhjeve t\u00eb fundit parlamentare.<\/p>\n<p>Aktor\u00ebt politik\u00eb q\u00eb kan\u00eb zgjedhur debatin n\u00ebp\u00ebrmjet mediave,rrjeteve sociale dhe portaleve,nuk shihet se jan\u00eb duke e gjetur epilogun e tij,p\u00ebrkundrazi, sa vjen e shtohet retorika q\u00eb nuk shkon n\u00eb favor t\u00eb shqiptar\u00ebve n\u00eb Malin e Zi.<\/p>\n<p>N\u00eb njer\u00ebn an\u00eb,Mehmet Bardhi,kryetar I Lidhjes Demokratike n\u00eb Malin e Zi,k\u00ebrkon nga Nik\u00eb Gjeloshaj q\u00eb t`i \u00a0liroj\u00eb ul\u00ebsen e ligjven\u00ebsit n\u00eb Parlamentin shtet\u00ebror,meq\u00eb sipas marr\u00ebveshjes s\u00eb Koalicionit trepartiak kjo periudh\u00eb q\u00eb ka mbetur deri n\u00eb fund t\u00eb mandatit, I takon atij.<\/p>\n<p>\u201cT\u00eb gjitha q\u00eb kam pasur un\u00eb dhe subjekti q\u00eb p\u00ebrfaq\u00ebsoj, u kemi th\u00ebn\u00eb antar\u00ebve t\u00eb koalicionit n\u00eb takimet e zhvilluara koh\u00ebve t\u00eb fundit.<br \/>\nDikush mendon t\u00eb b\u00ebhet deputet p\u00ebrmes mediumeve, duke b\u00ebr\u00eb cirk; t\u00eb jesh deputet \u00ebsht\u00eb p\u00ebrfaq\u00ebsim i denj\u00eb politik i popullit, dhe jo hokej!\u201d,- \u00ebsht\u00eb p\u00ebrgjigjur publikisht deputeti i Alternativ\u00ebs shqiptare, Nik\u00eb Gjeloshaj.<\/p>\n<p>Ai ka shtuar se Alternativa Shqiptare, nuk do t\u00eb pres\u00eb shum\u00eb gjat\u00eb dhe do t\u00eb dal\u00eb me q\u00ebndrim t\u00eb prer\u00eb politik p\u00ebr k\u00ebt\u00eb \u00e7\u00ebshtje dit\u00ebve n\u00eb vijim.<\/p>\n<p>Karshi tyre, vazhdon polemika n\u00ebp\u00ebrmjet mediave midis p\u00ebrfaq\u00ebsuesit t\u00eb Iniciativ\u00ebs qytetare ,Vasel Sinishtaj nga Tuzi dhe n\u00ebnkryetarit dhe deputetit t\u00eb Foc\u00ebs s\u00eb Re Demokratike, Genci Nimanbegu.<\/p>\n<p>Edhe k\u00ebtu k\u00ebrkohet, si\u00e7 thuhet,vendi i deputetit , i dakorduar me Marr\u00ebveshjen e koalicionit midis dy\u00a0 subjekteve politike parlamentare shqiptare.<\/p>\n<p>\u00cbsht\u00eb shum\u00eb e qart\u00eb se t\u00eb t\u00eb dy rastet,kuptohet grupacionet politike n\u00eb m\u00ebnyr\u00eb t\u00eb vet\u00ebsishme ,si\u00e7 kan\u00eb vepruar kur kan\u00eb negocuar p\u00ebr bashk\u00ebveprim politik,edhe tash mund t\u00eb vendosin mbi p\u00ebrforcimin,zgjerimin,mbase edhe anulimin eventual t\u00eb ujdive politike n\u00eb form\u00eb koalicionesh.<\/p>\n<p>S `do mend se jan\u00eb b\u00ebr\u00eb,mbase t\u00eb\u00a0 tep\u00ebrta p\u00ebrplasjet politike n\u00ebp\u00ebrmjet\u00a0 mediva t\u00eb caktuara,n\u00eb radh\u00eb t\u00eb par\u00eb,edhe ai komunikim \u00a0nuk \u00ebsht\u00eb n\u00eb favor t\u00eb politika\u00ebve as t\u00eb trupit t\u00eb tyre votues shqiptar n\u00eb Mal t\u00eb Zi.<\/p>\n<!--YouTube Error: bad URL entered-->\n","protected":false},"excerpt":{"rendered":"<p>Nga Ibrahim Berjashi Skena politike shqiptare n\u00eb Mal t\u00eb Zi ,q\u00eb n\u00eb vitet 90- t\u00eb e k\u00ebndej ,ka kaluar n\u00eb shum\u00eb faza dhe sfida q\u00eb e kan\u00eb karakterizuar at\u00eb edhe kan\u00eb l\u00ebn\u00eb gjurm\u00eb q\u00eb sh\u00ebrbejn\u00eb p\u00ebr t\u00eb ngritur cil\u00ebsin\u00eb e demokracis\u00eb dhe t\u00eb jet\u00ebs parlamentare, raporton Portali Tv Teuta. Vet\u00ebm n\u00eb start, derisa funksiononte Forumi [&hellip;]<\/p>\n","protected":false},"author":1,"featured_media":0,"comment_status":"closed","ping_status":"closed","sticky":false,"template":"","format":"standard","meta":{"spay_email":"","jetpack_publicize_message":"","jetpack_is_tweetstorm":false,"jetpack_publicize_feature_enabled":true},"categories":[6],"tags":[],"jetpack_publicize_connections":[],"yoast_head":"<!-- This site is optimized with the Yoast SEO plugin v19.1 - https:\/\/yoast.com\/wordpress\/plugins\/seo\/ -->\n<title>Perplasen Koalicionet shqiptare per vendin e deputetit n\u00eb Mal te Zi - Video - Lajme nga Ulqini<\/title>\n<meta name=\"description\" content=\"Nga Ibrahim Berjashi Skena politike shqiptare n\u00eb Mal t\u00eb Zi ,q\u00eb n\u00eb vitet 90- t\u00eb e k\u00ebndej ,ka kaluar n\u00eb shum\u00eb faza dhe sfida q\u00eb e kan\u00eb karakterizuar at\u00eb\" \/>\n<meta name=\"robots\" content=\"index, follow, max-snippet:-1, max-image-preview:large, max-video-preview:-1\" \/>\n<link rel=\"canonical\" href=\"https:\/\/www.visit-ulcinj.com\/blog\/2015\/01\/10\/perplasen-koalicionet-shqiptare-per-vendin-e-deputetit-ne-mal-te-zi-video\/\" \/>\n<meta property=\"og:locale\" content=\"en_US\" \/>\n<meta property=\"og:type\" content=\"article\" \/>\n<meta property=\"og:title\" content=\"Perplasen Koalicionet shqiptare per vendin e deputetit n\u00eb Mal te Zi - Video - Lajme nga Ulqini\" \/>\n<meta property=\"og:description\" content=\"Nga Ibrahim Berjashi Skena politike shqiptare n\u00eb Mal t\u00eb Zi ,q\u00eb n\u00eb vitet 90- t\u00eb e k\u00ebndej ,ka kaluar n\u00eb shum\u00eb faza dhe sfida q\u00eb e kan\u00eb karakterizuar at\u00eb\" \/>\n<meta property=\"og:url\" content=\"https:\/\/www.visit-ulcinj.com\/blog\/2015\/01\/10\/perplasen-koalicionet-shqiptare-per-vendin-e-deputetit-ne-mal-te-zi-video\/\" \/>\n<meta property=\"og:site_name\" content=\"Lajme nga Ulqini\" \/>\n<meta property=\"article:published_time\" content=\"2015-01-10T17:49:06+00:00\" \/>\n<meta property=\"article:modified_time\" content=\"2015-01-10T17:49:58+00:00\" \/>\n<meta property=\"og:image\" content=\"http:\/\/www.visit-ulcinj.com\/blog\/wp-content\/uploads\/2015\/01\/Perplasen-Koalicionet-shqiptare-ne-Mal-te-Zi.jpg\" \/>\n<meta name=\"twitter:label1\" content=\"Written by\" \/>\n\t<meta name=\"twitter:data1\" content=\"ulqini\" \/>\n\t<meta name=\"twitter:label2\" content=\"Est. reading time\" \/>\n\t<meta name=\"twitter:data2\" content=\"3 minutes\" \/>\n<script type=\"application\/ld+json\" class=\"yoast-schema-graph\">{\"@context\":\"https:\/\/schema.org\",\"@graph\":[{\"@type\":\"WebSite\",\"@id\":\"https:\/\/www.visit-ulcinj.com\/blog\/#website\",\"url\":\"https:\/\/www.visit-ulcinj.com\/blog\/\",\"name\":\"Lajme nga Ulqini\",\"description\":\"Lajme,Vijesti,Ulqini,Ulqin,Crna Gora,Mali i Zi\",\"potentialAction\":[{\"@type\":\"SearchAction\",\"target\":{\"@type\":\"EntryPoint\",\"urlTemplate\":\"https:\/\/www.visit-ulcinj.com\/blog\/?s={search_term_string}\"},\"query-input\":\"required name=search_term_string\"}],\"inLanguage\":\"en-US\"},{\"@type\":\"ImageObject\",\"inLanguage\":\"en-US\",\"@id\":\"https:\/\/www.visit-ulcinj.com\/blog\/2015\/01\/10\/perplasen-koalicionet-shqiptare-per-vendin-e-deputetit-ne-mal-te-zi-video\/#primaryimage\",\"url\":\"https:\/\/www.visit-ulcinj.com\/blog\/wp-content\/uploads\/2015\/01\/Perplasen-Koalicionet-shqiptare-ne-Mal-te-Zi.jpg\",\"contentUrl\":\"https:\/\/www.visit-ulcinj.com\/blog\/wp-content\/uploads\/2015\/01\/Perplasen-Koalicionet-shqiptare-ne-Mal-te-Zi.jpg\",\"width\":1000,\"height\":745},{\"@type\":\"WebPage\",\"@id\":\"https:\/\/www.visit-ulcinj.com\/blog\/2015\/01\/10\/perplasen-koalicionet-shqiptare-per-vendin-e-deputetit-ne-mal-te-zi-video\/#webpage\",\"url\":\"https:\/\/www.visit-ulcinj.com\/blog\/2015\/01\/10\/perplasen-koalicionet-shqiptare-per-vendin-e-deputetit-ne-mal-te-zi-video\/\",\"name\":\"Perplasen Koalicionet shqiptare per vendin e deputetit n\u00eb Mal te Zi - Video - Lajme nga Ulqini\",\"isPartOf\":{\"@id\":\"https:\/\/www.visit-ulcinj.com\/blog\/#website\"},\"primaryImageOfPage\":{\"@id\":\"https:\/\/www.visit-ulcinj.com\/blog\/2015\/01\/10\/perplasen-koalicionet-shqiptare-per-vendin-e-deputetit-ne-mal-te-zi-video\/#primaryimage\"},\"datePublished\":\"2015-01-10T17:49:06+00:00\",\"dateModified\":\"2015-01-10T17:49:58+00:00\",\"author\":{\"@id\":\"https:\/\/www.visit-ulcinj.com\/blog\/#\/schema\/person\/dcab619c614d3038751c63bc2aadc06d\"},\"description\":\"Nga Ibrahim Berjashi Skena politike shqiptare n\u00eb Mal t\u00eb Zi ,q\u00eb n\u00eb vitet 90- t\u00eb e k\u00ebndej ,ka kaluar n\u00eb shum\u00eb faza dhe sfida q\u00eb e kan\u00eb karakterizuar at\u00eb\",\"breadcrumb\":{\"@id\":\"https:\/\/www.visit-ulcinj.com\/blog\/2015\/01\/10\/perplasen-koalicionet-shqiptare-per-vendin-e-deputetit-ne-mal-te-zi-video\/#breadcrumb\"},\"inLanguage\":\"en-US\",\"potentialAction\":[{\"@type\":\"ReadAction\",\"target\":[\"https:\/\/www.visit-ulcinj.com\/blog\/2015\/01\/10\/perplasen-koalicionet-shqiptare-per-vendin-e-deputetit-ne-mal-te-zi-video\/\"]}]},{\"@type\":\"BreadcrumbList\",\"@id\":\"https:\/\/www.visit-ulcinj.com\/blog\/2015\/01\/10\/perplasen-koalicionet-shqiptare-per-vendin-e-deputetit-ne-mal-te-zi-video\/#breadcrumb\",\"itemListElement\":[{\"@type\":\"ListItem\",\"position\":1,\"name\":\"Perplasen Koalicionet shqiptare per vendin e deputetit n\u00eb Mal te Zi &#8211; Video\"}]},{\"@type\":\"Person\",\"@id\":\"https:\/\/www.visit-ulcinj.com\/blog\/#\/schema\/person\/dcab619c614d3038751c63bc2aadc06d\",\"name\":\"ulqini\",\"sameAs\":[\"http:\/\/www.visit-ulcinj.com\"],\"url\":\"https:\/\/www.visit-ulcinj.com\/blog\/author\/admin\/\"}]}<\/script>\n<!-- \/ Yoast SEO plugin. -->","yoast_head_json":{"title":"Perplasen Koalicionet shqiptare per vendin e deputetit n\u00eb Mal te Zi - Video - Lajme nga Ulqini","description":"Nga Ibrahim Berjashi Skena politike shqiptare n\u00eb Mal t\u00eb Zi ,q\u00eb n\u00eb vitet 90- t\u00eb e k\u00ebndej ,ka kaluar n\u00eb shum\u00eb faza dhe sfida q\u00eb e kan\u00eb karakterizuar at\u00eb","robots":{"index":"index","follow":"follow","max-snippet":"max-snippet:-1","max-image-preview":"max-image-preview:large","max-video-preview":"max-video-preview:-1"},"canonical":"https:\/\/www.visit-ulcinj.com\/blog\/2015\/01\/10\/perplasen-koalicionet-shqiptare-per-vendin-e-deputetit-ne-mal-te-zi-video\/","og_locale":"en_US","og_type":"article","og_title":"Perplasen Koalicionet shqiptare per vendin e deputetit n\u00eb Mal te Zi - Video - Lajme nga Ulqini","og_description":"Nga Ibrahim Berjashi Skena politike shqiptare n\u00eb Mal t\u00eb Zi ,q\u00eb n\u00eb vitet 90- t\u00eb e k\u00ebndej ,ka kaluar n\u00eb shum\u00eb faza dhe sfida q\u00eb e kan\u00eb karakterizuar at\u00eb","og_url":"https:\/\/www.visit-ulcinj.com\/blog\/2015\/01\/10\/perplasen-koalicionet-shqiptare-per-vendin-e-deputetit-ne-mal-te-zi-video\/","og_site_name":"Lajme nga Ulqini","article_published_time":"2015-01-10T17:49:06+00:00","article_modified_time":"2015-01-10T17:49:58+00:00","og_image":[{"url":"http:\/\/www.visit-ulcinj.com\/blog\/wp-content\/uploads\/2015\/01\/Perplasen-Koalicionet-shqiptare-ne-Mal-te-Zi.jpg"}],"twitter_misc":{"Written by":"ulqini","Est. reading time":"3 minutes"},"schema":{"@context":"https:\/\/schema.org","@graph":[{"@type":"WebSite","@id":"https:\/\/www.visit-ulcinj.com\/blog\/#website","url":"https:\/\/www.visit-ulcinj.com\/blog\/","name":"Lajme nga Ulqini","description":"Lajme,Vijesti,Ulqini,Ulqin,Crna Gora,Mali i Zi","potentialAction":[{"@type":"SearchAction","target":{"@type":"EntryPoint","urlTemplate":"https:\/\/www.visit-ulcinj.com\/blog\/?s={search_term_string}"},"query-input":"required name=search_term_string"}],"inLanguage":"en-US"},{"@type":"ImageObject","inLanguage":"en-US","@id":"https:\/\/www.visit-ulcinj.com\/blog\/2015\/01\/10\/perplasen-koalicionet-shqiptare-per-vendin-e-deputetit-ne-mal-te-zi-video\/#primaryimage","url":"https:\/\/www.visit-ulcinj.com\/blog\/wp-content\/uploads\/2015\/01\/Perplasen-Koalicionet-shqiptare-ne-Mal-te-Zi.jpg","contentUrl":"https:\/\/www.visit-ulcinj.com\/blog\/wp-content\/uploads\/2015\/01\/Perplasen-Koalicionet-shqiptare-ne-Mal-te-Zi.jpg","width":1000,"height":745},{"@type":"WebPage","@id":"https:\/\/www.visit-ulcinj.com\/blog\/2015\/01\/10\/perplasen-koalicionet-shqiptare-per-vendin-e-deputetit-ne-mal-te-zi-video\/#webpage","url":"https:\/\/www.visit-ulcinj.com\/blog\/2015\/01\/10\/perplasen-koalicionet-shqiptare-per-vendin-e-deputetit-ne-mal-te-zi-video\/","name":"Perplasen Koalicionet shqiptare per vendin e deputetit n\u00eb Mal te Zi - Video - Lajme nga Ulqini","isPartOf":{"@id":"https:\/\/www.visit-ulcinj.com\/blog\/#website"},"primaryImageOfPage":{"@id":"https:\/\/www.visit-ulcinj.com\/blog\/2015\/01\/10\/perplasen-koalicionet-shqiptare-per-vendin-e-deputetit-ne-mal-te-zi-video\/#primaryimage"},"datePublished":"2015-01-10T17:49:06+00:00","dateModified":"2015-01-10T17:49:58+00:00","author":{"@id":"https:\/\/www.visit-ulcinj.com\/blog\/#\/schema\/person\/dcab619c614d3038751c63bc2aadc06d"},"description":"Nga Ibrahim Berjashi Skena politike shqiptare n\u00eb Mal t\u00eb Zi ,q\u00eb n\u00eb vitet 90- t\u00eb e k\u00ebndej ,ka kaluar n\u00eb shum\u00eb faza dhe sfida q\u00eb e kan\u00eb karakterizuar at\u00eb","breadcrumb":{"@id":"https:\/\/www.visit-ulcinj.com\/blog\/2015\/01\/10\/perplasen-koalicionet-shqiptare-per-vendin-e-deputetit-ne-mal-te-zi-video\/#breadcrumb"},"inLanguage":"en-US","potentialAction":[{"@type":"ReadAction","target":["https:\/\/www.visit-ulcinj.com\/blog\/2015\/01\/10\/perplasen-koalicionet-shqiptare-per-vendin-e-deputetit-ne-mal-te-zi-video\/"]}]},{"@type":"BreadcrumbList","@id":"https:\/\/www.visit-ulcinj.com\/blog\/2015\/01\/10\/perplasen-koalicionet-shqiptare-per-vendin-e-deputetit-ne-mal-te-zi-video\/#breadcrumb","itemListElement":[{"@type":"ListItem","position":1,"name":"Perplasen Koalicionet shqiptare per vendin e deputetit n\u00eb Mal te Zi &#8211; Video"}]},{"@type":"Person","@id":"https:\/\/www.visit-ulcinj.com\/blog\/#\/schema\/person\/dcab619c614d3038751c63bc2aadc06d","name":"ulqini","sameAs":["http:\/\/www.visit-ulcinj.com"],"url":"https:\/\/www.visit-ulcinj.com\/blog\/author\/admin\/"}]}},"jetpack_featured_media_url":"","jetpack_sharing_enabled":true,"jetpack_shortlink":"https:\/\/wp.me\/pe6lTn-mNx","_links":{"self":[{"href":"https:\/\/www.visit-ulcinj.com\/blog\/wp-json\/wp\/v2\/posts\/87639"}],"collection":[{"href":"https:\/\/www.visit-ulcinj.com\/blog\/wp-json\/wp\/v2\/posts"}],"about":[{"href":"https:\/\/www.visit-ulcinj.com\/blog\/wp-json\/wp\/v2\/types\/post"}],"author":[{"embeddable":true,"href":"https:\/\/www.visit-ulcinj.com\/blog\/wp-json\/wp\/v2\/users\/1"}],"replies":[{"embeddable":true,"href":"https:\/\/www.visit-ulcinj.com\/blog\/wp-json\/wp\/v2\/comments?post=87639"}],"version-history":[{"count":2,"href":"https:\/\/www.visit-ulcinj.com\/blog\/wp-json\/wp\/v2\/posts\/87639\/revisions"}],"predecessor-version":[{"id":87643,"href":"https:\/\/www.visit-ulcinj.com\/blog\/wp-json\/wp\/v2\/posts\/87639\/revisions\/87643"}],"wp:attachment":[{"href":"https:\/\/www.visit-ulcinj.com\/blog\/wp-json\/wp\/v2\/media?parent=87639"}],"wp:term":[{"taxonomy":"category","embeddable":true,"href":"https:\/\/www.visit-ulcinj.com\/blog\/wp-json\/wp\/v2\/categories?post=87639"},{"taxonomy":"post_tag","embeddable":true,"href":"https:\/\/www.visit-ulcinj.com\/blog\/wp-json\/wp\/v2\/tags?post=87639"}],"curies":[{"name":"wp","href":"https:\/\/api.w.org\/{rel}","templated":true}]}}