{"id":87647,"date":"2015-01-10T19:54:47","date_gmt":"2015-01-10T18:54:47","guid":{"rendered":"http:\/\/www.visit-ulcinj.com\/blog\/?p=87647"},"modified":"2015-01-11T09:21:00","modified_gmt":"2015-01-11T08:21:00","slug":"ivezaj-rreth-karrikes-te-perbashkuar","status":"publish","type":"post","link":"https:\/\/www.visit-ulcinj.com\/blog\/2015\/01\/10\/ivezaj-rreth-karrikes-te-perbashkuar\/","title":{"rendered":"Ivezaj: Rreth KARRIK\u00cbS t\u00eb \u201cp\u00ebrbashkuar\u201d"},"content":{"rendered":"<p><a href=\"http:\/\/www.visit-ulcinj.com\/blog\/wp-content\/uploads\/2015\/01\/Karriga-e-sherrit.jpg\"><img loading=\"lazy\" class=\"alignleft wp-image-87650 size-medium\" src=\"http:\/\/www.visit-ulcinj.com\/blog\/wp-content\/uploads\/2015\/01\/Karriga-e-sherrit-225x300.jpg\" alt=\"Karriga e sherrit\" width=\"225\" height=\"300\" srcset=\"https:\/\/www.visit-ulcinj.com\/blog\/wp-content\/uploads\/2015\/01\/Karriga-e-sherrit-225x300.jpg 225w, https:\/\/www.visit-ulcinj.com\/blog\/wp-content\/uploads\/2015\/01\/Karriga-e-sherrit.jpg 508w\" sizes=\"(max-width: 225px) 100vw, 225px\" \/><\/a>N\u00eb harkun kohor\u00eb t\u00eb dy muajve t\u00eb fundit, jemi d\u00ebshmitar\u00eb t\u00eb nj\u00eb realiteti t\u00eb hidhur i cili po ngjan\u00eb n\u00eb sken\u00ebn ton\u00eb politike, ku aktualisht po zhvillohet nj\u00eb betej\u00eb e ashp\u00ebr n\u00eb mes p\u00ebrfaq\u00ebsuesve politik shqiptar\u00eb, jo p\u00ebr t\u00eb artikuluar interesat komb\u00ebtare n\u00eb shtetin malazias, por gjith\u00eb k\u00ebt\u00eb betej\u00eb me nj\u00ebri tjetrin, pra rreth nj\u00eb Karrik\u00eb t\u00eb premtuar q\u00eb duhet nda n\u00eb tre pjes\u00eb!<\/p>\n<p>Si asnj\u00ebher\u00eb m\u00eb par\u00eb, m\u00eb aktiv se kurr\u00eb, pothuaj \u00e7do dit\u00eb mund t\u00eb lexojm\u00eb reagime e akuza q\u00eb i drejtojn\u00eb njeri tjetrit. Disa sulmojn\u00eb me akuza, kurse tjer\u00ebt mbrohen me heshtje. Dhe e gjitha kjo p\u00ebr t\u00eb mbrojtur interesat e veta individuale e partiake, p\u00ebr t\u00eb nx\u00ebn\u00eb vendin e nj\u00eb karrik\u00eb q\u00eb e kan\u00eb ndar\u00eb n\u00eb shum\u00eb pjes\u00eb, e gjith\u00eb kjo vet\u00ebm e vet\u00ebm p\u00ebr t\u00eb legjitimuar at\u00eb qe nuk duhej kurr\u00eb te legjitimohej, pra, cop\u00ebtimin e substanc\u00ebs komb\u00ebtare dhe qitjen e saj\u00eb n\u00eb pah n\u00eb hap\u00ebsir\u00ebn politike malaziase e cila \u00ebsht\u00eb aspak proshqiptare por p\u00ebrkundrazi.<\/p>\n<p>Krijimi i k\u00ebtyre dy koalicioneve po zbardh\u00eb edhe arsyen, jo p\u00ebr tu bashkuar, pa dashje apo me dashje po shpalojn\u00eb dob\u00ebsin\u00eb e tyre p\u00ebr t\u00eb fituar nj\u00eb mandat, e q\u00eb si rezultante del t\u00eb \u201cbashkohen\u201d q\u00eb ta shijojn\u00eb \u00e7donj\u00ebra nga pak\u00eb at\u00eb \u201cgrim\u00eb pushtet\u201d qe ua ka mund\u00ebsua Djukanovic-i e p\u00ebr t\u00eb cil\u00ebn jan\u00eb n\u00eb gjendje t\u00eb flijojn\u00eb deri edhe votuesin e fundit shqiptar.<\/p>\n<p>N\u00eb asnj\u00eb m\u00ebnyre nuk d\u00ebshiroj t\u00eb pozicionohem nga asnj\u00ebra pal\u00eb, aq m\u00eb pak p\u00ebr arsyen (?) se k\u00ebtu nuk beh\u00ebt fjal\u00eb p\u00ebr interesin e popullit por thjesht p\u00ebr \u00e7\u00ebshtje t\u00eb brendshme t\u00eb interesave t\u00eb ngushta individuale e partiake, sepse kjo luft\u00eb politike nuk po b\u00ebhet n\u00eb em\u00ebr t\u00eb popullit dhe as n\u00eb mbrojtje t\u00eb interesave t\u00eb tij.<\/p>\n<p>N\u00eb fakt, \u00ebsht\u00eb nj\u00eb vul\u00eb e zez\u00eb e cila edhe nj\u00eb her\u00eb po v\u00ebrteton se karrik\u00ebn e p\u00ebrjetojn\u00eb si trash\u00ebgimi dhe si mjet q\u00eb u takon vet\u00ebm atyre dhe e cila nx\u00eb vendin e interesave komb\u00ebtare. Ajo karrik\u00eb t\u00eb cil\u00ebn nuk e meritojn\u00eb por at\u00eb ua siguroj vota e popullit.<\/p>\n<p>Fatkeq\u00ebsisht, sjelljet e tilla t\u00eb politikan\u00ebve n\u00eb fjal\u00eb, pa p\u00ebrjashtim, qoft\u00eb Nik Gjeloshaj, Mehmet Bardhi, Vasel Sinishtaj apo Genc Nimanbegu, zbulojn\u00eb faktin e v\u00ebrtete se p\u00ebr \u00e7far\u00eb q\u00ebllimi qenkan aty, e q\u00eb k\u00ebt\u00eb qellim tashm\u00eb po e kuptojn\u00eb t\u00eb gjith\u00eb shqiptar\u00ebt.<\/p>\n<p>K\u00ebto tendenca jan\u00eb t\u00ebr\u00ebsisht t\u00eb qarta, pra b\u00ebhet fjal\u00eb p\u00ebr interes t\u00eb brendsh\u00ebm partiak. K\u00ebta jan\u00eb n\u00eb gjendje t\u00eb shfryt\u00ebzojn\u00eb edhe fishekun e fundit, energji, k\u00ebmb\u00ebngulje e kok\u00ebfort\u00ebsi deri n\u00eb shpres\u00ebn e fundit, t\u00eb kund\u00ebrt\u00ebn nga ajo q\u00eb b\u00ebjn\u00eb p\u00ebr popullin e vet\u00eb, vet\u00ebm e vet\u00ebm p\u00ebr te \u00e7ua interesin e vet\u00eb deri ne fund.<\/p>\n<p>Para zgjedhjeve t\u00eb fundit parlamentare gjasht\u00eb subjekte politike u bashkuan n\u00eb dy koalicione p\u00ebr t\u00eb ndar\u00eb nj\u00eb karrik\u00eb n\u00eb nga tre pjes\u00eb. Ne demokraci parlamentare kjo lloj ndarje e mandatit nuk njihet, dhe bie n\u00eb pyetje legjitimitetin e saj\u00eb dhe t\u00eb drejt\u00ebn legjitime t\u00eb k\u00ebrkes\u00ebs p\u00ebr nd\u00ebrrim (Bardhit e po ashtu edhe Sinishtajt, k\u00ebt\u00eb gj\u00eb e din\u00eb shum\u00eb mir\u00eb Gjeloshaj dhe Nimanbegu), ky pra \u00ebsht\u00eb rast unik t\u00eb cilin nuk e njeh as BE-ja.<\/p>\n<p>Politikan\u00ebt k\u00ebt\u00eb loj\u00eb n\u00eb kurriz t\u00eb popullit si gjithmon\u00eb e b\u00ebjn\u00eb me pretekst t\u00eb mbrojt\u00ebs s\u00eb interesave komb\u00ebtare, e q\u00eb n\u00eb fakt ato i qit\u00ebn pas shpine dhe i harruan n\u00eb dit\u00ebn q\u00eb p\u00ebrfunduan zgjedhjet, duke vrapuar kush mb\u00ebrrin i pari t\u00eb trokas\u00eb der\u00ebn e DPS-s\u00eb dhe ti shpallin p\u00ebrkrahjen Qeveris\u00eb. Tashti kur nga ajo qeveri (prej t\u00eb cil\u00ebs pritnin q\u00eb ti realizoj\u00eb interesat e tyre private) nuk fituan asgj\u00eb, me \u00e7\u2019rast karrika e ndar\u00eb n\u00eb tre pjes\u00eb, nuk i nx\u00ebn\u00eb t\u00eb gjith\u00eb, p\u00ebrplasjet nuk kan\u00eb te ndalur.<br \/>\nKjo situat\u00eb edhe nj\u00eb her\u00eb po zbardh\u00eb faktin se populli kush e di se p\u00ebr t\u00eb cil\u00ebn her\u00eb po mbet i pap\u00ebrfaq\u00ebsuar dhe lind\u00eb pyetja \u00e7far\u00eb t\u00eb mirash ka fituar nga ju? E natyrisht, si rrjedhoj\u00eb e k\u00ebsaj lind pyetja shum\u00eb \u201cnaive\u201d : sa her\u00eb \u00ebsht\u00eb ngrit\u00eb z\u00ebri p\u00ebr realizimin e t\u00eb drejtave komb\u00ebtare dhe n\u00eb em\u00ebr t\u00eb tij, kaq ashp\u00ebr, ashtu si\u00e7 po b\u00ebni n\u00eb k\u00ebt\u00eb tremujor\u00eb ju n\u00eb em\u00ebr t\u00eb karrik\u00ebs?<\/p>\n<p>Fatkeq\u00ebsisht, t\u00eb gjitha k\u00ebto subjekte politike, pa p\u00ebrjashtim (kush m\u00eb pak\u00eb e kush m\u00eb shum\u00eb), e kan\u00eb treguar fytyr\u00ebn e v\u00ebrtet\u00eb. Ato mbajn\u00eb p\u00ebrgjegj\u00ebsin\u00eb por deri tani nuk i p\u00ebrgjigjen kurrkujt! Lidhur me k\u00ebt\u00eb, duhet ngrit z\u00ebrin se me k\u00ebta p\u00ebrfaq\u00ebsueses jo vet\u00ebm qe u denigrua \u00e7\u00ebshtja komb\u00ebtare, jo se u tkurren k\u00ebrkesat, jo se po kap\u00ebrcehen prigjet e asimilimit, por po del n\u00eb pah situata e mjerueshme t\u00eb shqiptar\u00ebve n\u00eb k\u00ebto troje, e q\u00eb si rezultat po e mjegullon dhe po i zbe forc\u00ebn e m\u00eb k\u00ebt\u00eb po humbet pesha q\u00eb shqiptar\u00ebt duhet ta kishin.<\/p>\n<p>Kjo elit\u00eb politike n\u00eb t\u00eb gjitha rrafshet shquhet me :<br \/>\na. \u00a0mosekzistenc\u00ebn e nj\u00eb plani t\u00eb q\u00ebndruesh\u00ebm e afatgjat\u00eb t\u00eb cilit i mungon ngjyra komb\u00ebtare;<br \/>\nb. \u00a0mungesa e dijes apo mosdashja e tyre p\u00ebr te bashk\u00ebrendit veprimet, qe si rrjedhoj\u00eb ka cop\u00ebzimin, fragmentimin dhe mbajtjen peng t\u00eb \u00e7\u00ebshtjes komb\u00ebtare, duke dob\u00ebsuar dita dit\u00ebs faktorin shqiptar\u00eb edhe ashtu t\u00eb \u00e7orientuar e t\u00eb cop\u00ebtuar, duke i humbur edhe shpres\u00ebn e fundit t\u00eb tij dhe besimin p\u00ebr nj\u00eb dit\u00eb m\u00eb t\u00eb mir\u00eb, rezultat i gjith\u00eb k\u00ebsaj i hap\u00eb rrug\u00ebn DPS-s\u00eb s\u00eb Djukanovic-it n\u00eb k\u00ebto kushte t\u2019i manipuloj\u00eb me leht\u00eb dhe vot\u00ebn ta blej\u00eb m\u00eb lir\u00eb dhe t\u00eb \u00e7\u2019vl\u00ebrsoj\u00eb votuesin shqiptar\u00eb n\u00eb p\u00ebrgjith\u00ebsi e Mal\u00ebsin\u00eb n\u00eb ve\u00e7anti.<\/p>\n<p>Prandaj, n\u00ebse duam q\u00eb t\u00eb shp\u00ebtohet ajo q\u00eb na ka mbet, k\u00ebto jan\u00eb momentet e fundit q\u00eb ajo pjes\u00eb e paprekur e trungut shqiptar por e past\u00ebr komb\u00ebtarisht ti shtr\u00ebngoj\u00eb urgjentisht k\u00ebto parti dhe t\u00eb k\u00ebrkoj\u00eb p\u00ebrgjegj\u00ebsin\u00eb nga ata p\u00ebr t\u00eb hap rrug\u00eb p\u00ebr unifikim dhe reforma rr\u00ebnj\u00ebsore, duke u kthyer n\u00eb binar\u00ebt e interesit t\u00eb p\u00ebrgjithsh\u00ebm komb\u00ebtar\u00eb. Mbase, populli nuk ka m\u00eb pse ti p\u00ebrkrah\u00eb k\u00ebta \u201cp\u00ebrfaq\u00ebsueses\u201d dhe p\u00ebrfundimisht duhet t\u2019i marrin vet\u00eb pun\u00ebt n\u00eb dor\u00eb p\u00ebr nj\u00eb riorganizim komb\u00ebtar\u00eb e politik.<\/p>\n<p><strong>Robert Gj. Ivezaj, politolog i diplomuar<\/strong><\/p>\n<h3 class=\"r\">Portali MALESIA.ORG<\/h3>\n","protected":false},"excerpt":{"rendered":"<p>N\u00eb harkun kohor\u00eb t\u00eb dy muajve t\u00eb fundit, jemi d\u00ebshmitar\u00eb t\u00eb nj\u00eb realiteti t\u00eb hidhur i cili po ngjan\u00eb n\u00eb sken\u00ebn ton\u00eb politike, ku aktualisht po zhvillohet nj\u00eb betej\u00eb e ashp\u00ebr n\u00eb mes p\u00ebrfaq\u00ebsuesve politik shqiptar\u00eb, jo p\u00ebr t\u00eb artikuluar interesat komb\u00ebtare n\u00eb shtetin malazias, por gjith\u00eb k\u00ebt\u00eb betej\u00eb me nj\u00ebri tjetrin, pra rreth nj\u00eb [&hellip;]<\/p>\n","protected":false},"author":1,"featured_media":0,"comment_status":"closed","ping_status":"closed","sticky":false,"template":"","format":"standard","meta":{"spay_email":"","jetpack_publicize_message":"","jetpack_is_tweetstorm":false,"jetpack_publicize_feature_enabled":true},"categories":[14249],"tags":[],"jetpack_publicize_connections":[],"yoast_head":"<!-- This site is optimized with the Yoast SEO plugin v19.1 - https:\/\/yoast.com\/wordpress\/plugins\/seo\/ -->\n<title>Ivezaj: Rreth KARRIK\u00cbS t\u00eb \u201cp\u00ebrbashkuar\u201d - Lajme nga Ulqini<\/title>\n<meta name=\"description\" content=\"N\u00eb harkun kohor\u00eb t\u00eb dy muajve t\u00eb fundit, jemi d\u00ebshmitar\u00eb t\u00eb nj\u00eb realiteti t\u00eb hidhur i cili po ngjan\u00eb n\u00eb sken\u00ebn ton\u00eb politike, ku aktualisht po zhvillohet\" \/>\n<meta name=\"robots\" content=\"index, follow, max-snippet:-1, max-image-preview:large, max-video-preview:-1\" \/>\n<link rel=\"canonical\" href=\"https:\/\/www.visit-ulcinj.com\/blog\/2015\/01\/10\/ivezaj-rreth-karrikes-te-perbashkuar\/\" \/>\n<meta property=\"og:locale\" content=\"en_US\" \/>\n<meta property=\"og:type\" content=\"article\" \/>\n<meta property=\"og:title\" content=\"Ivezaj: Rreth KARRIK\u00cbS t\u00eb \u201cp\u00ebrbashkuar\u201d - Lajme nga Ulqini\" \/>\n<meta property=\"og:description\" content=\"N\u00eb harkun kohor\u00eb t\u00eb dy muajve t\u00eb fundit, jemi d\u00ebshmitar\u00eb t\u00eb nj\u00eb realiteti t\u00eb hidhur i cili po ngjan\u00eb n\u00eb sken\u00ebn ton\u00eb politike, ku aktualisht po zhvillohet\" \/>\n<meta property=\"og:url\" content=\"https:\/\/www.visit-ulcinj.com\/blog\/2015\/01\/10\/ivezaj-rreth-karrikes-te-perbashkuar\/\" \/>\n<meta property=\"og:site_name\" content=\"Lajme nga Ulqini\" \/>\n<meta property=\"article:published_time\" content=\"2015-01-10T18:54:47+00:00\" \/>\n<meta property=\"article:modified_time\" content=\"2015-01-11T08:21:00+00:00\" \/>\n<meta property=\"og:image\" content=\"http:\/\/www.visit-ulcinj.com\/blog\/wp-content\/uploads\/2015\/01\/Karriga-e-sherrit-225x300.jpg\" \/>\n<meta name=\"twitter:label1\" content=\"Written by\" \/>\n\t<meta name=\"twitter:data1\" content=\"ulqini\" \/>\n\t<meta name=\"twitter:label2\" content=\"Est. reading time\" \/>\n\t<meta name=\"twitter:data2\" content=\"6 minutes\" \/>\n<script type=\"application\/ld+json\" class=\"yoast-schema-graph\">{\"@context\":\"https:\/\/schema.org\",\"@graph\":[{\"@type\":\"WebSite\",\"@id\":\"https:\/\/www.visit-ulcinj.com\/blog\/#website\",\"url\":\"https:\/\/www.visit-ulcinj.com\/blog\/\",\"name\":\"Lajme nga Ulqini\",\"description\":\"Lajme,Vijesti,Ulqini,Ulqin,Crna Gora,Mali i Zi\",\"potentialAction\":[{\"@type\":\"SearchAction\",\"target\":{\"@type\":\"EntryPoint\",\"urlTemplate\":\"https:\/\/www.visit-ulcinj.com\/blog\/?s={search_term_string}\"},\"query-input\":\"required name=search_term_string\"}],\"inLanguage\":\"en-US\"},{\"@type\":\"ImageObject\",\"inLanguage\":\"en-US\",\"@id\":\"https:\/\/www.visit-ulcinj.com\/blog\/2015\/01\/10\/ivezaj-rreth-karrikes-te-perbashkuar\/#primaryimage\",\"url\":\"https:\/\/www.visit-ulcinj.com\/blog\/wp-content\/uploads\/2015\/01\/Karriga-e-sherrit.jpg\",\"contentUrl\":\"https:\/\/www.visit-ulcinj.com\/blog\/wp-content\/uploads\/2015\/01\/Karriga-e-sherrit.jpg\",\"width\":508,\"height\":677},{\"@type\":\"WebPage\",\"@id\":\"https:\/\/www.visit-ulcinj.com\/blog\/2015\/01\/10\/ivezaj-rreth-karrikes-te-perbashkuar\/#webpage\",\"url\":\"https:\/\/www.visit-ulcinj.com\/blog\/2015\/01\/10\/ivezaj-rreth-karrikes-te-perbashkuar\/\",\"name\":\"Ivezaj: Rreth KARRIK\u00cbS t\u00eb \u201cp\u00ebrbashkuar\u201d - Lajme nga Ulqini\",\"isPartOf\":{\"@id\":\"https:\/\/www.visit-ulcinj.com\/blog\/#website\"},\"primaryImageOfPage\":{\"@id\":\"https:\/\/www.visit-ulcinj.com\/blog\/2015\/01\/10\/ivezaj-rreth-karrikes-te-perbashkuar\/#primaryimage\"},\"datePublished\":\"2015-01-10T18:54:47+00:00\",\"dateModified\":\"2015-01-11T08:21:00+00:00\",\"author\":{\"@id\":\"https:\/\/www.visit-ulcinj.com\/blog\/#\/schema\/person\/dcab619c614d3038751c63bc2aadc06d\"},\"description\":\"N\u00eb harkun kohor\u00eb t\u00eb dy muajve t\u00eb fundit, jemi d\u00ebshmitar\u00eb t\u00eb nj\u00eb realiteti t\u00eb hidhur i cili po ngjan\u00eb n\u00eb sken\u00ebn ton\u00eb politike, ku aktualisht po zhvillohet\",\"breadcrumb\":{\"@id\":\"https:\/\/www.visit-ulcinj.com\/blog\/2015\/01\/10\/ivezaj-rreth-karrikes-te-perbashkuar\/#breadcrumb\"},\"inLanguage\":\"en-US\",\"potentialAction\":[{\"@type\":\"ReadAction\",\"target\":[\"https:\/\/www.visit-ulcinj.com\/blog\/2015\/01\/10\/ivezaj-rreth-karrikes-te-perbashkuar\/\"]}]},{\"@type\":\"BreadcrumbList\",\"@id\":\"https:\/\/www.visit-ulcinj.com\/blog\/2015\/01\/10\/ivezaj-rreth-karrikes-te-perbashkuar\/#breadcrumb\",\"itemListElement\":[{\"@type\":\"ListItem\",\"position\":1,\"name\":\"Ivezaj: Rreth KARRIK\u00cbS t\u00eb \u201cp\u00ebrbashkuar\u201d\"}]},{\"@type\":\"Person\",\"@id\":\"https:\/\/www.visit-ulcinj.com\/blog\/#\/schema\/person\/dcab619c614d3038751c63bc2aadc06d\",\"name\":\"ulqini\",\"sameAs\":[\"http:\/\/www.visit-ulcinj.com\"],\"url\":\"https:\/\/www.visit-ulcinj.com\/blog\/author\/admin\/\"}]}<\/script>\n<!-- \/ Yoast SEO plugin. -->","yoast_head_json":{"title":"Ivezaj: Rreth KARRIK\u00cbS t\u00eb \u201cp\u00ebrbashkuar\u201d - Lajme nga Ulqini","description":"N\u00eb harkun kohor\u00eb t\u00eb dy muajve t\u00eb fundit, jemi d\u00ebshmitar\u00eb t\u00eb nj\u00eb realiteti t\u00eb hidhur i cili po ngjan\u00eb n\u00eb sken\u00ebn ton\u00eb politike, ku aktualisht po zhvillohet","robots":{"index":"index","follow":"follow","max-snippet":"max-snippet:-1","max-image-preview":"max-image-preview:large","max-video-preview":"max-video-preview:-1"},"canonical":"https:\/\/www.visit-ulcinj.com\/blog\/2015\/01\/10\/ivezaj-rreth-karrikes-te-perbashkuar\/","og_locale":"en_US","og_type":"article","og_title":"Ivezaj: Rreth KARRIK\u00cbS t\u00eb \u201cp\u00ebrbashkuar\u201d - Lajme nga Ulqini","og_description":"N\u00eb harkun kohor\u00eb t\u00eb dy muajve t\u00eb fundit, jemi d\u00ebshmitar\u00eb t\u00eb nj\u00eb realiteti t\u00eb hidhur i cili po ngjan\u00eb n\u00eb sken\u00ebn ton\u00eb politike, ku aktualisht po zhvillohet","og_url":"https:\/\/www.visit-ulcinj.com\/blog\/2015\/01\/10\/ivezaj-rreth-karrikes-te-perbashkuar\/","og_site_name":"Lajme nga Ulqini","article_published_time":"2015-01-10T18:54:47+00:00","article_modified_time":"2015-01-11T08:21:00+00:00","og_image":[{"url":"http:\/\/www.visit-ulcinj.com\/blog\/wp-content\/uploads\/2015\/01\/Karriga-e-sherrit-225x300.jpg"}],"twitter_misc":{"Written by":"ulqini","Est. reading time":"6 minutes"},"schema":{"@context":"https:\/\/schema.org","@graph":[{"@type":"WebSite","@id":"https:\/\/www.visit-ulcinj.com\/blog\/#website","url":"https:\/\/www.visit-ulcinj.com\/blog\/","name":"Lajme nga Ulqini","description":"Lajme,Vijesti,Ulqini,Ulqin,Crna Gora,Mali i Zi","potentialAction":[{"@type":"SearchAction","target":{"@type":"EntryPoint","urlTemplate":"https:\/\/www.visit-ulcinj.com\/blog\/?s={search_term_string}"},"query-input":"required name=search_term_string"}],"inLanguage":"en-US"},{"@type":"ImageObject","inLanguage":"en-US","@id":"https:\/\/www.visit-ulcinj.com\/blog\/2015\/01\/10\/ivezaj-rreth-karrikes-te-perbashkuar\/#primaryimage","url":"https:\/\/www.visit-ulcinj.com\/blog\/wp-content\/uploads\/2015\/01\/Karriga-e-sherrit.jpg","contentUrl":"https:\/\/www.visit-ulcinj.com\/blog\/wp-content\/uploads\/2015\/01\/Karriga-e-sherrit.jpg","width":508,"height":677},{"@type":"WebPage","@id":"https:\/\/www.visit-ulcinj.com\/blog\/2015\/01\/10\/ivezaj-rreth-karrikes-te-perbashkuar\/#webpage","url":"https:\/\/www.visit-ulcinj.com\/blog\/2015\/01\/10\/ivezaj-rreth-karrikes-te-perbashkuar\/","name":"Ivezaj: Rreth KARRIK\u00cbS t\u00eb \u201cp\u00ebrbashkuar\u201d - Lajme nga Ulqini","isPartOf":{"@id":"https:\/\/www.visit-ulcinj.com\/blog\/#website"},"primaryImageOfPage":{"@id":"https:\/\/www.visit-ulcinj.com\/blog\/2015\/01\/10\/ivezaj-rreth-karrikes-te-perbashkuar\/#primaryimage"},"datePublished":"2015-01-10T18:54:47+00:00","dateModified":"2015-01-11T08:21:00+00:00","author":{"@id":"https:\/\/www.visit-ulcinj.com\/blog\/#\/schema\/person\/dcab619c614d3038751c63bc2aadc06d"},"description":"N\u00eb harkun kohor\u00eb t\u00eb dy muajve t\u00eb fundit, jemi d\u00ebshmitar\u00eb t\u00eb nj\u00eb realiteti t\u00eb hidhur i cili po ngjan\u00eb n\u00eb sken\u00ebn ton\u00eb politike, ku aktualisht po zhvillohet","breadcrumb":{"@id":"https:\/\/www.visit-ulcinj.com\/blog\/2015\/01\/10\/ivezaj-rreth-karrikes-te-perbashkuar\/#breadcrumb"},"inLanguage":"en-US","potentialAction":[{"@type":"ReadAction","target":["https:\/\/www.visit-ulcinj.com\/blog\/2015\/01\/10\/ivezaj-rreth-karrikes-te-perbashkuar\/"]}]},{"@type":"BreadcrumbList","@id":"https:\/\/www.visit-ulcinj.com\/blog\/2015\/01\/10\/ivezaj-rreth-karrikes-te-perbashkuar\/#breadcrumb","itemListElement":[{"@type":"ListItem","position":1,"name":"Ivezaj: Rreth KARRIK\u00cbS t\u00eb \u201cp\u00ebrbashkuar\u201d"}]},{"@type":"Person","@id":"https:\/\/www.visit-ulcinj.com\/blog\/#\/schema\/person\/dcab619c614d3038751c63bc2aadc06d","name":"ulqini","sameAs":["http:\/\/www.visit-ulcinj.com"],"url":"https:\/\/www.visit-ulcinj.com\/blog\/author\/admin\/"}]}},"jetpack_featured_media_url":"","jetpack_sharing_enabled":true,"jetpack_shortlink":"https:\/\/wp.me\/pe6lTn-mNF","_links":{"self":[{"href":"https:\/\/www.visit-ulcinj.com\/blog\/wp-json\/wp\/v2\/posts\/87647"}],"collection":[{"href":"https:\/\/www.visit-ulcinj.com\/blog\/wp-json\/wp\/v2\/posts"}],"about":[{"href":"https:\/\/www.visit-ulcinj.com\/blog\/wp-json\/wp\/v2\/types\/post"}],"author":[{"embeddable":true,"href":"https:\/\/www.visit-ulcinj.com\/blog\/wp-json\/wp\/v2\/users\/1"}],"replies":[{"embeddable":true,"href":"https:\/\/www.visit-ulcinj.com\/blog\/wp-json\/wp\/v2\/comments?post=87647"}],"version-history":[{"count":2,"href":"https:\/\/www.visit-ulcinj.com\/blog\/wp-json\/wp\/v2\/posts\/87647\/revisions"}],"predecessor-version":[{"id":87652,"href":"https:\/\/www.visit-ulcinj.com\/blog\/wp-json\/wp\/v2\/posts\/87647\/revisions\/87652"}],"wp:attachment":[{"href":"https:\/\/www.visit-ulcinj.com\/blog\/wp-json\/wp\/v2\/media?parent=87647"}],"wp:term":[{"taxonomy":"category","embeddable":true,"href":"https:\/\/www.visit-ulcinj.com\/blog\/wp-json\/wp\/v2\/categories?post=87647"},{"taxonomy":"post_tag","embeddable":true,"href":"https:\/\/www.visit-ulcinj.com\/blog\/wp-json\/wp\/v2\/tags?post=87647"}],"curies":[{"name":"wp","href":"https:\/\/api.w.org\/{rel}","templated":true}]}}