{"id":87660,"date":"2015-01-12T18:32:14","date_gmt":"2015-01-12T17:32:14","guid":{"rendered":"http:\/\/www.visit-ulcinj.com\/blog\/?p=87660"},"modified":"2015-01-13T16:31:32","modified_gmt":"2015-01-13T15:31:32","slug":"vidhen-guret-e-qytetit-te-lashte-te-shasit","status":"publish","type":"post","link":"https:\/\/www.visit-ulcinj.com\/blog\/2015\/01\/12\/vidhen-guret-e-qytetit-te-lashte-te-shasit\/","title":{"rendered":"Vidhen gur\u00ebt e Qytetit te lasht\u00eb t\u00eb Shasit"},"content":{"rendered":"<p><strong><a href=\"http:\/\/www.visit-ulcinj.com\/blog\/wp-content\/uploads\/2015\/01\/Kisha-e-Shen-Gjonit-Shas.jpg\"><img loading=\"lazy\" class=\"alignleft wp-image-87662\" src=\"http:\/\/www.visit-ulcinj.com\/blog\/wp-content\/uploads\/2015\/01\/Kisha-e-Shen-Gjonit-Shas.jpg\" alt=\"Kisha e Shen Gjonit- Shas\" width=\"508\" height=\"381\" srcset=\"https:\/\/www.visit-ulcinj.com\/blog\/wp-content\/uploads\/2015\/01\/Kisha-e-Shen-Gjonit-Shas.jpg 960w, https:\/\/www.visit-ulcinj.com\/blog\/wp-content\/uploads\/2015\/01\/Kisha-e-Shen-Gjonit-Shas-300x225.jpg 300w\" sizes=\"(max-width: 508px) 100vw, 508px\" \/><\/a>Ilir Taflaj n\u00eb faqen e tij\u00eb t\u00eb Facebookut ka denoncuar nj\u00eb\u00a0 vjedhje dit\u00ebn e sotme, t\u00eb monumenteve t\u00eb kultur\u00ebs t\u00eb vjet\u00ebr t\u00eb Shasit duke cekur:&#8221; <span id=\"fbPhotoSnowliftCaption\" class=\"fbPhotosPhotoCaption\" tabindex=\"0\" data-ft=\"{&quot;tn&quot;:&quot;K&quot;}\"><span class=\"hasCaption\">Ndersa po shkonim te vizitonim kalan e Shasit, shoh nje makin te ngarkuar me gur nga muri rrethues i qytetit te vjeter!!<br \/>\nPyeta dhe me thane qe keshtu i marrin gati dhe s kan nevoj ti thyejn!!!<\/span><\/span> &#8220;.<\/strong><\/p>\n<p>Qyteti i vjet\u00ebr i Shasit \u00ebsht\u00eb b\u00ebr\u00eb objekt i grabitjes s\u00eb disa personave ende t\u00eb paidentifikuar, t\u00eb cil\u00ebt kan\u00eb hyr\u00eb n\u00eb perimetrin e mrojtur kulturor p\u00ebr t\u00eb k\u00ebrkuar gur\u00eb, duke d\u00ebmtuar k\u00ebshtu objektin, monument kulturor.<\/p>\n<p>Kjo vjedhje kundrejt gur\u00ebve t\u00eb monumenteve kulturore t\u00eb Shasit\u00a0 \u00ebsht\u00eb e paligj\u00ebshme, dhe shumica e antar\u00ebve t\u00eb Facebookut kan\u00eb shprehur shqet\u00ebsimin e tyre lidhur me k\u00ebto ngjarje.<\/p>\n","protected":false},"excerpt":{"rendered":"<p>Ilir Taflaj n\u00eb faqen e tij\u00eb t\u00eb Facebookut ka denoncuar nj\u00eb\u00a0 vjedhje dit\u00ebn e sotme, t\u00eb monumenteve t\u00eb kultur\u00ebs t\u00eb vjet\u00ebr t\u00eb Shasit duke cekur:&#8221; Ndersa po shkonim te vizitonim kalan e Shasit, shoh nje makin te ngarkuar me gur nga muri rrethues i qytetit te vjeter!! Pyeta dhe me thane qe keshtu i marrin [&hellip;]<\/p>\n","protected":false},"author":1,"featured_media":0,"comment_status":"closed","ping_status":"closed","sticky":false,"template":"","format":"standard","meta":{"spay_email":"","jetpack_publicize_message":"","jetpack_is_tweetstorm":false,"jetpack_publicize_feature_enabled":true},"categories":[1,14],"tags":[],"jetpack_publicize_connections":[],"yoast_head":"<!-- This site is optimized with the Yoast SEO plugin v19.1 - https:\/\/yoast.com\/wordpress\/plugins\/seo\/ -->\n<title>Vidhen gur\u00ebt e Qytetit te lasht\u00eb t\u00eb Shasit - Lajme nga Ulqini<\/title>\n<meta name=\"description\" content=\"Ilir Taflaj n\u00eb faqen e tij\u00eb t\u00eb Facebookut ka denoncuar nj\u00eb\u00a0 vjedhje dit\u00ebn e sotme, t\u00eb monumenteve t\u00eb kultur\u00ebs t\u00eb vjet\u00ebr t\u00eb Shasit duke cekur:&quot; Ndersa po\" \/>\n<meta name=\"robots\" content=\"index, follow, max-snippet:-1, max-image-preview:large, max-video-preview:-1\" \/>\n<link rel=\"canonical\" href=\"https:\/\/www.visit-ulcinj.com\/blog\/2015\/01\/12\/vidhen-guret-e-qytetit-te-lashte-te-shasit\/\" \/>\n<meta property=\"og:locale\" content=\"en_US\" \/>\n<meta property=\"og:type\" content=\"article\" \/>\n<meta property=\"og:title\" content=\"Vidhen gur\u00ebt e Qytetit te lasht\u00eb t\u00eb Shasit - Lajme nga Ulqini\" \/>\n<meta property=\"og:description\" content=\"Ilir Taflaj n\u00eb faqen e tij\u00eb t\u00eb Facebookut ka denoncuar nj\u00eb\u00a0 vjedhje dit\u00ebn e sotme, t\u00eb monumenteve t\u00eb kultur\u00ebs t\u00eb vjet\u00ebr t\u00eb Shasit duke cekur:&quot; Ndersa po\" \/>\n<meta property=\"og:url\" content=\"https:\/\/www.visit-ulcinj.com\/blog\/2015\/01\/12\/vidhen-guret-e-qytetit-te-lashte-te-shasit\/\" \/>\n<meta property=\"og:site_name\" content=\"Lajme nga Ulqini\" \/>\n<meta property=\"article:published_time\" content=\"2015-01-12T17:32:14+00:00\" \/>\n<meta property=\"article:modified_time\" content=\"2015-01-13T15:31:32+00:00\" \/>\n<meta property=\"og:image\" content=\"http:\/\/www.visit-ulcinj.com\/blog\/wp-content\/uploads\/2015\/01\/Kisha-e-Shen-Gjonit-Shas.jpg\" \/>\n<meta name=\"twitter:label1\" content=\"Written by\" \/>\n\t<meta name=\"twitter:data1\" content=\"ulqini\" \/>\n\t<meta name=\"twitter:label2\" content=\"Est. reading time\" \/>\n\t<meta name=\"twitter:data2\" content=\"1 minute\" \/>\n<script type=\"application\/ld+json\" class=\"yoast-schema-graph\">{\"@context\":\"https:\/\/schema.org\",\"@graph\":[{\"@type\":\"WebSite\",\"@id\":\"https:\/\/www.visit-ulcinj.com\/blog\/#website\",\"url\":\"https:\/\/www.visit-ulcinj.com\/blog\/\",\"name\":\"Lajme nga Ulqini\",\"description\":\"Lajme,Vijesti,Ulqini,Ulqin,Crna Gora,Mali i Zi\",\"potentialAction\":[{\"@type\":\"SearchAction\",\"target\":{\"@type\":\"EntryPoint\",\"urlTemplate\":\"https:\/\/www.visit-ulcinj.com\/blog\/?s={search_term_string}\"},\"query-input\":\"required name=search_term_string\"}],\"inLanguage\":\"en-US\"},{\"@type\":\"ImageObject\",\"inLanguage\":\"en-US\",\"@id\":\"https:\/\/www.visit-ulcinj.com\/blog\/2015\/01\/12\/vidhen-guret-e-qytetit-te-lashte-te-shasit\/#primaryimage\",\"url\":\"https:\/\/www.visit-ulcinj.com\/blog\/wp-content\/uploads\/2015\/01\/Kisha-e-Shen-Gjonit-Shas.jpg\",\"contentUrl\":\"https:\/\/www.visit-ulcinj.com\/blog\/wp-content\/uploads\/2015\/01\/Kisha-e-Shen-Gjonit-Shas.jpg\",\"width\":960,\"height\":720},{\"@type\":\"WebPage\",\"@id\":\"https:\/\/www.visit-ulcinj.com\/blog\/2015\/01\/12\/vidhen-guret-e-qytetit-te-lashte-te-shasit\/#webpage\",\"url\":\"https:\/\/www.visit-ulcinj.com\/blog\/2015\/01\/12\/vidhen-guret-e-qytetit-te-lashte-te-shasit\/\",\"name\":\"Vidhen gur\u00ebt e Qytetit te lasht\u00eb t\u00eb Shasit - Lajme nga Ulqini\",\"isPartOf\":{\"@id\":\"https:\/\/www.visit-ulcinj.com\/blog\/#website\"},\"primaryImageOfPage\":{\"@id\":\"https:\/\/www.visit-ulcinj.com\/blog\/2015\/01\/12\/vidhen-guret-e-qytetit-te-lashte-te-shasit\/#primaryimage\"},\"datePublished\":\"2015-01-12T17:32:14+00:00\",\"dateModified\":\"2015-01-13T15:31:32+00:00\",\"author\":{\"@id\":\"https:\/\/www.visit-ulcinj.com\/blog\/#\/schema\/person\/dcab619c614d3038751c63bc2aadc06d\"},\"description\":\"Ilir Taflaj n\u00eb faqen e tij\u00eb t\u00eb Facebookut ka denoncuar nj\u00eb\u00a0 vjedhje dit\u00ebn e sotme, t\u00eb monumenteve t\u00eb kultur\u00ebs t\u00eb vjet\u00ebr t\u00eb Shasit duke cekur:\\\" Ndersa po\",\"breadcrumb\":{\"@id\":\"https:\/\/www.visit-ulcinj.com\/blog\/2015\/01\/12\/vidhen-guret-e-qytetit-te-lashte-te-shasit\/#breadcrumb\"},\"inLanguage\":\"en-US\",\"potentialAction\":[{\"@type\":\"ReadAction\",\"target\":[\"https:\/\/www.visit-ulcinj.com\/blog\/2015\/01\/12\/vidhen-guret-e-qytetit-te-lashte-te-shasit\/\"]}]},{\"@type\":\"BreadcrumbList\",\"@id\":\"https:\/\/www.visit-ulcinj.com\/blog\/2015\/01\/12\/vidhen-guret-e-qytetit-te-lashte-te-shasit\/#breadcrumb\",\"itemListElement\":[{\"@type\":\"ListItem\",\"position\":1,\"name\":\"Vidhen gur\u00ebt e Qytetit te lasht\u00eb t\u00eb Shasit\"}]},{\"@type\":\"Person\",\"@id\":\"https:\/\/www.visit-ulcinj.com\/blog\/#\/schema\/person\/dcab619c614d3038751c63bc2aadc06d\",\"name\":\"ulqini\",\"sameAs\":[\"http:\/\/www.visit-ulcinj.com\"],\"url\":\"https:\/\/www.visit-ulcinj.com\/blog\/author\/admin\/\"}]}<\/script>\n<!-- \/ Yoast SEO plugin. -->","yoast_head_json":{"title":"Vidhen gur\u00ebt e Qytetit te lasht\u00eb t\u00eb Shasit - Lajme nga Ulqini","description":"Ilir Taflaj n\u00eb faqen e tij\u00eb t\u00eb Facebookut ka denoncuar nj\u00eb\u00a0 vjedhje dit\u00ebn e sotme, t\u00eb monumenteve t\u00eb kultur\u00ebs t\u00eb vjet\u00ebr t\u00eb Shasit duke cekur:\" Ndersa po","robots":{"index":"index","follow":"follow","max-snippet":"max-snippet:-1","max-image-preview":"max-image-preview:large","max-video-preview":"max-video-preview:-1"},"canonical":"https:\/\/www.visit-ulcinj.com\/blog\/2015\/01\/12\/vidhen-guret-e-qytetit-te-lashte-te-shasit\/","og_locale":"en_US","og_type":"article","og_title":"Vidhen gur\u00ebt e Qytetit te lasht\u00eb t\u00eb Shasit - Lajme nga Ulqini","og_description":"Ilir Taflaj n\u00eb faqen e tij\u00eb t\u00eb Facebookut ka denoncuar nj\u00eb\u00a0 vjedhje dit\u00ebn e sotme, t\u00eb monumenteve t\u00eb kultur\u00ebs t\u00eb vjet\u00ebr t\u00eb Shasit duke cekur:\" Ndersa po","og_url":"https:\/\/www.visit-ulcinj.com\/blog\/2015\/01\/12\/vidhen-guret-e-qytetit-te-lashte-te-shasit\/","og_site_name":"Lajme nga Ulqini","article_published_time":"2015-01-12T17:32:14+00:00","article_modified_time":"2015-01-13T15:31:32+00:00","og_image":[{"url":"http:\/\/www.visit-ulcinj.com\/blog\/wp-content\/uploads\/2015\/01\/Kisha-e-Shen-Gjonit-Shas.jpg"}],"twitter_misc":{"Written by":"ulqini","Est. reading time":"1 minute"},"schema":{"@context":"https:\/\/schema.org","@graph":[{"@type":"WebSite","@id":"https:\/\/www.visit-ulcinj.com\/blog\/#website","url":"https:\/\/www.visit-ulcinj.com\/blog\/","name":"Lajme nga Ulqini","description":"Lajme,Vijesti,Ulqini,Ulqin,Crna Gora,Mali i Zi","potentialAction":[{"@type":"SearchAction","target":{"@type":"EntryPoint","urlTemplate":"https:\/\/www.visit-ulcinj.com\/blog\/?s={search_term_string}"},"query-input":"required name=search_term_string"}],"inLanguage":"en-US"},{"@type":"ImageObject","inLanguage":"en-US","@id":"https:\/\/www.visit-ulcinj.com\/blog\/2015\/01\/12\/vidhen-guret-e-qytetit-te-lashte-te-shasit\/#primaryimage","url":"https:\/\/www.visit-ulcinj.com\/blog\/wp-content\/uploads\/2015\/01\/Kisha-e-Shen-Gjonit-Shas.jpg","contentUrl":"https:\/\/www.visit-ulcinj.com\/blog\/wp-content\/uploads\/2015\/01\/Kisha-e-Shen-Gjonit-Shas.jpg","width":960,"height":720},{"@type":"WebPage","@id":"https:\/\/www.visit-ulcinj.com\/blog\/2015\/01\/12\/vidhen-guret-e-qytetit-te-lashte-te-shasit\/#webpage","url":"https:\/\/www.visit-ulcinj.com\/blog\/2015\/01\/12\/vidhen-guret-e-qytetit-te-lashte-te-shasit\/","name":"Vidhen gur\u00ebt e Qytetit te lasht\u00eb t\u00eb Shasit - Lajme nga Ulqini","isPartOf":{"@id":"https:\/\/www.visit-ulcinj.com\/blog\/#website"},"primaryImageOfPage":{"@id":"https:\/\/www.visit-ulcinj.com\/blog\/2015\/01\/12\/vidhen-guret-e-qytetit-te-lashte-te-shasit\/#primaryimage"},"datePublished":"2015-01-12T17:32:14+00:00","dateModified":"2015-01-13T15:31:32+00:00","author":{"@id":"https:\/\/www.visit-ulcinj.com\/blog\/#\/schema\/person\/dcab619c614d3038751c63bc2aadc06d"},"description":"Ilir Taflaj n\u00eb faqen e tij\u00eb t\u00eb Facebookut ka denoncuar nj\u00eb\u00a0 vjedhje dit\u00ebn e sotme, t\u00eb monumenteve t\u00eb kultur\u00ebs t\u00eb vjet\u00ebr t\u00eb Shasit duke cekur:\" Ndersa po","breadcrumb":{"@id":"https:\/\/www.visit-ulcinj.com\/blog\/2015\/01\/12\/vidhen-guret-e-qytetit-te-lashte-te-shasit\/#breadcrumb"},"inLanguage":"en-US","potentialAction":[{"@type":"ReadAction","target":["https:\/\/www.visit-ulcinj.com\/blog\/2015\/01\/12\/vidhen-guret-e-qytetit-te-lashte-te-shasit\/"]}]},{"@type":"BreadcrumbList","@id":"https:\/\/www.visit-ulcinj.com\/blog\/2015\/01\/12\/vidhen-guret-e-qytetit-te-lashte-te-shasit\/#breadcrumb","itemListElement":[{"@type":"ListItem","position":1,"name":"Vidhen gur\u00ebt e Qytetit te lasht\u00eb t\u00eb Shasit"}]},{"@type":"Person","@id":"https:\/\/www.visit-ulcinj.com\/blog\/#\/schema\/person\/dcab619c614d3038751c63bc2aadc06d","name":"ulqini","sameAs":["http:\/\/www.visit-ulcinj.com"],"url":"https:\/\/www.visit-ulcinj.com\/blog\/author\/admin\/"}]}},"jetpack_featured_media_url":"","jetpack_sharing_enabled":true,"jetpack_shortlink":"https:\/\/wp.me\/pe6lTn-mNS","_links":{"self":[{"href":"https:\/\/www.visit-ulcinj.com\/blog\/wp-json\/wp\/v2\/posts\/87660"}],"collection":[{"href":"https:\/\/www.visit-ulcinj.com\/blog\/wp-json\/wp\/v2\/posts"}],"about":[{"href":"https:\/\/www.visit-ulcinj.com\/blog\/wp-json\/wp\/v2\/types\/post"}],"author":[{"embeddable":true,"href":"https:\/\/www.visit-ulcinj.com\/blog\/wp-json\/wp\/v2\/users\/1"}],"replies":[{"embeddable":true,"href":"https:\/\/www.visit-ulcinj.com\/blog\/wp-json\/wp\/v2\/comments?post=87660"}],"version-history":[{"count":2,"href":"https:\/\/www.visit-ulcinj.com\/blog\/wp-json\/wp\/v2\/posts\/87660\/revisions"}],"predecessor-version":[{"id":87664,"href":"https:\/\/www.visit-ulcinj.com\/blog\/wp-json\/wp\/v2\/posts\/87660\/revisions\/87664"}],"wp:attachment":[{"href":"https:\/\/www.visit-ulcinj.com\/blog\/wp-json\/wp\/v2\/media?parent=87660"}],"wp:term":[{"taxonomy":"category","embeddable":true,"href":"https:\/\/www.visit-ulcinj.com\/blog\/wp-json\/wp\/v2\/categories?post=87660"},{"taxonomy":"post_tag","embeddable":true,"href":"https:\/\/www.visit-ulcinj.com\/blog\/wp-json\/wp\/v2\/tags?post=87660"}],"curies":[{"name":"wp","href":"https:\/\/api.w.org\/{rel}","templated":true}]}}