{"id":87666,"date":"2015-01-13T16:29:27","date_gmt":"2015-01-13T15:29:27","guid":{"rendered":"http:\/\/www.visit-ulcinj.com\/blog\/?p=87666"},"modified":"2015-01-14T19:08:47","modified_gmt":"2015-01-14T18:08:47","slug":"nika-lamshat-e-kupoles-islame-tokat-e-vakufit-harami-nuk-e-arsyeton-hallallin","status":"publish","type":"post","link":"https:\/\/www.visit-ulcinj.com\/blog\/2015\/01\/13\/nika-lamshat-e-kupoles-islame-tokat-e-vakufit-harami-nuk-e-arsyeton-hallallin\/","title":{"rendered":"Nika: Lamshat e kupol\u00ebs islame me tokat e vakufit &#8211; Harami nuk e arsyeton hallallin?!!!!"},"content":{"rendered":"<p><strong><a href=\"http:\/\/www.visit-ulcinj.com\/blog\/wp-content\/uploads\/2012\/03\/Tyrbja-e-Pultit-Ulqin.jpg\"><img loading=\"lazy\" class=\"alignleft wp-image-58841\" src=\"http:\/\/www.visit-ulcinj.com\/blog\/wp-content\/uploads\/2012\/03\/Tyrbja-e-Pultit-Ulqin.jpg\" alt=\"Tyrbja e Pultit Ulqin\" width=\"508\" height=\"375\" srcset=\"https:\/\/www.visit-ulcinj.com\/blog\/wp-content\/uploads\/2012\/03\/Tyrbja-e-Pultit-Ulqin.jpg 581w, https:\/\/www.visit-ulcinj.com\/blog\/wp-content\/uploads\/2012\/03\/Tyrbja-e-Pultit-Ulqin-300x221.jpg 300w\" sizes=\"(max-width: 508px) 100vw, 508px\" \/><\/a>Shkruan: Muhamet Nika<\/strong><\/p>\n<p><strong>K\u00ebt\u00eb shkrim vendosa ta b\u00ebj kur mu kujtuan th\u00ebniet nga transmetimet e shenjta, se njeriu dy her\u00eb do t\u00eb jet\u00eb i pyetur n\u00eb gjyqin mat an\u00eb rreth dijes\u00a0\u00a0 q\u00eb pati p\u00ebr \u00e7\u00ebshtjet e k\u00ebsaj bote. Her\u00ebn e par\u00eb , p\u00ebr at\u00eb , kur nuk e tha t\u00eb v\u00ebrtet\u00ebn , por g\u00ebnjeu dhe her\u00ebn e dyt\u00eb \u2013 kur e diti t\u00eb v\u00ebrtet\u00ebn, por me q\u00ebllim e heshti&#8230;?!!! Nd\u00ebrsa simbolika e th\u00ebn\u00eb n\u00eb titull, me k\u00ebt\u00eb rast, ka kuptimin se te Allahu a. xh. nuk lejohet q\u00eb parat\u00eb e fituara nga pun\u00ebt e k\u00ebqija t\u00eb shpenzohen p\u00ebr pun\u00eb t\u00eb mira( t\u00eb vjedh\u00ebsh p\u00ebr t\u00eb ushqyer t\u00eb varfrit , ose p\u00ebr t\u00eb nd\u00ebrtuar xhamin\u00eb&#8230;)?!!!<\/strong><\/p>\n<p>Transmetohet se pasi q\u00eb mysliman\u00ebt e koh\u00ebs s\u00eb par\u00eb e pushtuan Jerusalrmin ( qytetin e shenjt\u00eb), kalifi i tyre i radh\u00ebs, n\u00ebse nuk gabohemi Omeri , pat shkuar p\u00ebr vizit\u00eb te patriarku i qytetit dhe se aty e zuri vakti i drek\u00ebs. N\u00eb k\u00ebt\u00eb koh\u00eb, patriarku ia b\u00ebri me gisht q\u00eb t\u00eb ngrihej e t\u2019i lutet Zotit n\u00eb kish\u00eb, kurse ai refuzoi . Sh\u00ebnohet se pas k\u00ebsaj kalifi doli n\u00eb oborr t\u00eb kish\u00ebs p\u00ebr tu lutur me arsyetimin se po t\u00eb falej brenda n\u00eb kish\u00eb, ndoshta kjo mund t\u2019i sh\u00ebrbej\u00eb dikujt n\u00eb t\u00eb ardhmen si pretekst q\u00eb ta p\u00ebrvet\u00ebsojn\u00eb kish\u00ebn n\u00eb xhami . M\u00eb pas turqit, shohim se distancohen nga k\u00ebta praktika t\u00eb islamit burimor dhe se nuk ishin aq imun\u00eb n\u00eb transformimin e kishave n\u00eb xhami. Sipas islami n\u00eb fe nuk ka dhun\u00eb nga se dhuna provokon dhun\u00ebn dhe sherri nuk ka t\u00eb sosur..?! Por kjo nuk \u00ebsht\u00eb objekt trajtimi edhe pse e p\u00ebrmend\u00ebm , fjal\u00ebn k\u00ebsaj here e kemi t\u00eb nj\u00eb th\u00ebnie e shquar e kalifit, e cila thot\u00eb se \u201c buka del ashtu si \u00ebsht\u00eb brumi\u201d, n\u00eb kuptimin q\u00eb udh\u00ebheqja e popullit del ashtu si \u00ebsht\u00eb vet\u00eb populli&#8230;?!!!<\/p>\n<p><strong>Ku dua t\u00eb dal me k\u00ebt\u00eb?!!!<\/strong><\/p>\n<p>N\u00eb mandatin q\u00eb shkoi u sh\u00ebnua q\u00eb Kuvendi i Ulqinit ia dha Bashk\u00ebsis\u00eb Islame n\u00eb shfryt\u00ebzim tok\u00ebn e Xhamis\u00eb s\u00eb Meraj\u00ebs, t\u00eb eksproprijuar koh\u00eb m\u00eb par\u00eb nga pushteti komunist, duke ia marr\u00eb pa vullnetin e saj. Kuptohet q\u00eb ky akt do t\u00eb duhej t\u00eb p\u00ebrsh\u00ebndetej , kurse n\u00eb fakt k\u00ebtu po duket se k\u00ebtu u b\u00eb nj\u00eb manipulim i llojit t\u00eb vet i k\u00ebshilltar\u00ebve, kur n\u00eb em\u00ebr t\u00eb pron\u00ebs s\u00eb xhamis\u00eb(vakufit) , komuna i kthej tok\u00ebn e Xhamis\u00eb(me kadast\u00ebr), familjes Pult dhe at\u00eb hi\u00e7 m\u00eb pak se 130 metra katror\u00eb?!!! Kurse sot fal\u00eb k\u00ebtij veprimi , n\u00eb ven t\u00eb xhamis\u00eb s\u00eb p\u00ebrmendur, kemi t\u00eb sanuar k\u00ebt\u00eb tyrbe nga fotografia&#8230;?! Kjo u mor vesh , nga nj\u00eb lajm t\u00eb shp\u00ebrndar\u00eb nga rrjetet sociale n\u00eb t\u00eb cilin\u00a0\u00a0 thuhej se n\u00eb meremetimin e tyrbes mori pjes\u00eb edhe komuna?!!<\/p>\n<p>Sipas t\u00eb drejt\u00ebs islame( sheriatit- vakufi), \u00ebsht\u00eb pasuri q\u00eb rrjedh e besimtar\u00ebve t\u00eb devotsh\u00ebm t\u00eb cil\u00ebt pronat e veta ia dor\u00ebzojn\u00eb sht\u00ebpis\u00eb s\u00eb Zotit n\u00eb pron\u00ebsi, p\u00ebr q\u00ebllime bamir\u00ebsie, deri n\u00eb dit\u00ebn e gjykimit&#8230;?!!<\/p>\n<p>Kur Kuvendi i p\u00ebrb\u00ebrjes s\u00eb m\u00eb pashme ia kthej n\u00eb shfryt\u00ebzim k\u00ebt\u00eb tok\u00eb, nuk m\u00eb kujtohet q\u00eb t\u2019i ket\u00eb kthyer toka Pultajve- bile as q\u00eb i zuri kush me goj\u00eb&#8230;.?!!<\/p>\n<p>N\u00eb lajmin e cekur p\u00ebr meremetimin e tyrbes, u tha se si, \u201c Agjencioni turk p\u00ebr investime Tika <strong>n\u00eb bashk\u00ebpunim me Komun\u00ebn e Ulqinit dhe familjen Pulti<\/strong> \u00ebsht\u00eb duke riparuar tyrben e k\u00ebsaj familje e cila ndodhet tek stacioni i vjet\u00ebr i autobus\u00ebve n\u00eb Ulqin. Vlera e projektit \u00ebsht\u00eb 10 000\u20ac, shkruan Vijesti.<\/p>\n<p>Ajo q\u00eb nuk po e marr vesh dhe k\u00ebrkoj sqarim, \u00ebsht\u00eb fakti, se n\u00eb tok\u00eb t\u00eb kujt \u00ebsht\u00eb duke nd\u00ebrtuar familja Pulti. N\u00eb shkrim thuhet se Adem Pulti ka qen\u00eb imam n\u00eb xhamin\u00eb e cila ndodhej tek ish stacioni i vjet\u00ebr i autobus\u00ebve , kurse nga ana e tjet\u00ebr, nga d\u00ebshmit\u00eb q\u00eb kemi, n\u00eb kadast\u00ebr Pult\u00ebt nuk figurojn\u00eb fare si pronar\u00eb t\u00eb k\u00ebsaj toke. Andaj ky konstatim rreth Ademit &#8230;, nuk \u00ebsht\u00eb prov\u00eb e mjaftueshme q\u00eb ata t\u00eb fitojn\u00eb t\u00eb drejt\u00ebn e tok\u00ebs. Nd\u00ebrsa Bashk\u00ebsia Islame sipas nj\u00eb kalendari rreth marrjes s\u00eb tokave t\u00eb vakufit \u00a0t\u00eb n\u00ebnshkruar nga kryetari, Mahbub Resulbegoviq , me 22 .05.1967 dhe me num\u00ebr rendor 111,duke k\u00ebrkuar ndreqjen e vendimit , nga Kuvendi i Komun\u00ebs s\u00eb Ulqini, nr.03-209\/3 , prej me 21.04.1967, k\u00ebt\u00eb pron\u00eb e llogarit\u00eb si t\u00eb veten<strong>.<\/strong><\/p>\n<p>Statusi i k\u00ebtyre tokave t\u00eb grabitura t\u00eb Allahut, n\u00eb m\u00ebnyr\u00eb fare t\u00eb pa drejt\u00eb, n\u00eb fillim nga komunist\u00ebt e q\u00eb po duket se ende vazhdon edhe sot k\u00ebsaj dite, sipas dokumenteve zyrtare do t\u00eb dukej k\u00ebshtu:<\/p>\n<p><a href=\"http:\/\/www.visit-ulcinj.com\/blog\/wp-content\/uploads\/2015\/01\/Letra-poseduse-Dzevdet-Capriq-Ulqin.jpg\"><img loading=\"lazy\" class=\"alignleft wp-image-87667\" src=\"http:\/\/www.visit-ulcinj.com\/blog\/wp-content\/uploads\/2015\/01\/Letra-poseduse-Dzevdet-Capriq-Ulqin.jpg\" alt=\"Letra poseduse-Dzevdet-Capriq-Ulqin\" width=\"508\" height=\"459\" srcset=\"https:\/\/www.visit-ulcinj.com\/blog\/wp-content\/uploads\/2015\/01\/Letra-poseduse-Dzevdet-Capriq-Ulqin.jpg 613w, https:\/\/www.visit-ulcinj.com\/blog\/wp-content\/uploads\/2015\/01\/Letra-poseduse-Dzevdet-Capriq-Ulqin-300x271.jpg 300w\" sizes=\"(max-width: 508px) 100vw, 508px\" \/><\/a><br \/>\nSipas n\u00ebnshkrimit t\u00eb shefit t\u00eb Kadastrit- Xhavdet \u00c7apriqit, k\u00ebtu toka del se ishte pron\u00eb e Bashk\u00ebsis\u00eb Islame?!! E xhamis\u00eb s\u00eb Merajes- jo e familjes Pulti ?!<\/p>\n<p>N\u00eb regjistrin e pronave t\u00eb k\u00ebsaj Xhamije, gjendja kah fundi i vitit 1959, q\u00eb po sjellim k\u00ebtu, v\u00ebrejm\u00eb se nuk p\u00ebrmendet fare familja pulti, por thuhet se aty \u00ebsht\u00eb xhamia 119m katror\u00eb dhe me nj\u00eb sip\u00ebrfaqe tok\u00eb prej 1900m katror\u00eb, bashk\u00eb me sip\u00ebrfaqen e varrezave prej 900m 2..?! Ja dhe regjistri<br \/>\n1.<a href=\"http:\/\/www.visit-ulcinj.com\/blog\/wp-content\/uploads\/2015\/01\/Lista-Poseduese-Parking-Ulqin.jpg\"><img loading=\"lazy\" class=\"alignleft size-full wp-image-87668\" src=\"http:\/\/www.visit-ulcinj.com\/blog\/wp-content\/uploads\/2015\/01\/Lista-Poseduese-Parking-Ulqin.jpg\" alt=\"Lista-Poseduese-Parking-Ulqin\" width=\"508\" height=\"640\" \/><\/a><\/p>\n<p>2.<a href=\"http:\/\/www.visit-ulcinj.com\/blog\/wp-content\/uploads\/2015\/01\/Lista-Poseduese-Parking-Ulqin-1.jpg\"><img loading=\"lazy\" class=\"alignleft size-full wp-image-87669\" src=\"http:\/\/www.visit-ulcinj.com\/blog\/wp-content\/uploads\/2015\/01\/Lista-Poseduese-Parking-Ulqin-1.jpg\" alt=\"Lista-Poseduese-Parking-Ulqin-1\" width=\"508\" height=\"600\" \/><\/a><\/p>\n<p>Kurse e qitur e zez\u00eb mbi t\u00eb bardh\u00eb Xhamija me tok\u00ebn e Allahut n\u00eb kadaster dikur dukej k\u00ebshtu:<br \/>\n<a href=\"http:\/\/www.visit-ulcinj.com\/blog\/wp-content\/uploads\/2012\/03\/Xhamia-e-Meras\u00eb-Ulqin.jpg\"><img loading=\"lazy\" class=\"alignleft size-full wp-image-58839\" src=\"http:\/\/www.visit-ulcinj.com\/blog\/wp-content\/uploads\/2012\/03\/Xhamia-e-Meras\u00eb-Ulqin.jpg\" alt=\"Xhamia e Meras\u00eb Ulqin\" width=\"508\" height=\"360\" \/><\/a><br \/>\nPas k\u00ebsaj fotografie do t\u00eb mund t\u00eb postohen edhe nja 2-3 fotografi parkingu t\u00eb koh\u00ebs m\u00eb t\u00eb re(pasi toka iu kthye xhamis\u00eb nga kuvendi) n\u00eb t\u00eb cil\u00ebn shkruhej se lokaliteti \u00ebsht\u00eb parking i Xhamis\u00eb Meraja i Bashk\u00ebsis\u00eb Islame. Merret vesh q\u00eb m\u00eb von\u00eb inspektor\u00ebt\u201d i vun\u00eb drynin\u201d , sepse u tha se xhamit\u00eb, me ligjin ekzistues nuk mund t\u00eb ken\u00eb parkingje publike me pages\u00eb si dhe hotele e megamarkete &#8211; flitet si n\u00ebp\u00ebr dh\u00ebmb\u00eb, q\u00eb nj\u00eb i till\u00eb pritet t\u00eb nd\u00ebrtohet edhe k\u00ebtu. Kuptohet n\u00ebse nuk i paguhet tatimi shtetit.<br \/>\nSi iu fsheh Zotit fshatari i etur dhe puna e bashk\u00ebsis\u00eb islame..?!!<br \/>\nP\u00ebr t\u2019i ikur k\u00ebsaj ndalese ligjore n\u00eb forme, po duket Bashk\u00ebsia Islame, mund t\u00eb ket\u00eb regjistruar ndonj\u00eb firm\u00eb fantazm\u00eb , e cila , p\u00ebr momentin rri para saj dhe vjel t\u00eb ardhurat e parkingut e nes\u00ebr mbase edhe ndonj\u00eb megamarketi, i cili po t\u00eb nd\u00ebrtohej , bie ndesh edhe me ligj edhe me sheriat?!!!<br \/>\nN\u00ebse ligjit t\u00eb tok\u00ebs iu fshehen, pyesim- Po atij t\u00eb Zotit a mund t\u2019i fshihen ,me siguri q\u00eb jo..?!!! Puna e tyre , p\u00ebr momentin t\u00eb kujton pun\u00ebn e atij fshatari q\u00eb agj\u00ebronte n\u00eb ver\u00eb teksa i etur udh\u00ebtonte pas kafsh\u00ebs s\u00eb vet e cila u ndal t\u00eb pij\u00eb uj\u00eb te nj\u00eb burim?!! Ashtu i lodhur nga etja , fshatari i shkret, mendoi t\u2019i fshihej Zotit duke hedhur n\u00eb vete samarin e kafsh\u00ebs deri sa piu mir\u00eb e mir\u00eb uj\u00eb&#8230;.?!! ..?!!!!<br \/>\nSi duket pun\u00ebt n\u00eb k\u00ebt\u00eb kupol\u00eb nuk mbarojn\u00eb me kaq, nga burimet mir\u00eb t\u00eb informuara, m\u00ebsohet se kjo bashk\u00ebsi , pa dijen dhe gishtat e kuvendit, i pat ndar\u00eb tok\u00ebn e vakufit, edhe nj\u00eb funksionari t\u00eb lart\u00eb t\u00eb pushtetit vendor n\u00eb mandatin q\u00eb shkoi, andaj k\u00ebto \u201c transfere\u201d pronash t\u00eb fakuvit, duket se mund t\u00eb jen\u00eb krejt reale&#8230;?!!!<br \/>\nRr\u00ebfimi p\u00ebr zgjedhjet n\u00eb kupol\u00eb t\u00eb b\u00ebra nga Reisi Fejziq<br \/>\nGj\u00ebja e par\u00eb q\u00eb na u kujtua pas p\u00ebrfundimit t\u00eb k\u00ebtij shkrimi ishte pik\u00ebpamja e Augustinit, kur n\u00eb librin Mbi lirin\u00eb dhe Vullnetin, thot\u00eb q\u00eb: \u201c N\u00ebse populli \u00ebsht\u00eb i arsyesh\u00ebm edhe i nderuar dhe kujdes\u00ebt p\u00ebr t\u00eb mir\u00ebn e p\u00ebrgjithshme, ka t\u00eb drejt\u00eb t\u00eb zgjedh funksionar\u00ebt p\u00ebr t\u00eb qeverisur shtetin. Mir\u00ebpo n\u00ebse populli me kalimin e koh\u00ebs korruptohet dhe e shet vot\u00ebn, duke l\u00ebn\u00eb maskarenjt\u00eb dhe kriminel\u00ebt t\u00eb marrin frer\u00ebt e shtetit, k\u00ebtij popull duhet t\u2019i hiqet e drejta p\u00ebr t\u00eb zgjedhur organet e pushtetit. E drejta, p\u00ebr t\u00eb zgjedhur u takon atyre q\u00eb jan\u00eb pak t\u00eb drejt\u00eb&#8230;\u201d?!<br \/>\nMbase nga k\u00ebta parime mund t\u00eb jet\u00eb nxitur edhe reisi i Malit t\u00eb Zi- Fejziqi, kur organizoi n\u00eb Ulqin zgjedhjet p\u00ebr kupol\u00ebn e qytetit. Si duket me k\u00ebta zgjedhje u krijua nj\u00eb efekt qet\u00ebsues , por p\u00ebrgjith\u00ebsisht i pa kuptuesh\u00ebm?!!!<br \/>\nKu ka liri, thuhet se nuk ka frik\u00eb , si duket te ne n\u00eb Ulqin, (s)mungon as liria as frika..?!!!!<\/p>\n<p><a href=\"http:\/\/www.visit-ulcinj.com\/blog\/wp-content\/uploads\/2015\/01\/Parking-Vakuf-Ulqin.jpg\"><img loading=\"lazy\" class=\"alignleft wp-image-87670\" src=\"http:\/\/www.visit-ulcinj.com\/blog\/wp-content\/uploads\/2015\/01\/Parking-Vakuf-Ulqin.jpg\" alt=\"Parking-Vakuf-Ulqin\" width=\"508\" height=\"351\" srcset=\"https:\/\/www.visit-ulcinj.com\/blog\/wp-content\/uploads\/2015\/01\/Parking-Vakuf-Ulqin.jpg 700w, https:\/\/www.visit-ulcinj.com\/blog\/wp-content\/uploads\/2015\/01\/Parking-Vakuf-Ulqin-300x207.jpg 300w\" sizes=\"(max-width: 508px) 100vw, 508px\" \/><\/a><\/p>\n","protected":false},"excerpt":{"rendered":"<p>Shkruan: Muhamet Nika K\u00ebt\u00eb shkrim vendosa ta b\u00ebj kur mu kujtuan th\u00ebniet nga transmetimet e shenjta, se njeriu dy her\u00eb do t\u00eb jet\u00eb i pyetur n\u00eb gjyqin mat an\u00eb rreth dijes\u00a0\u00a0 q\u00eb pati p\u00ebr \u00e7\u00ebshtjet e k\u00ebsaj bote. Her\u00ebn e par\u00eb , p\u00ebr at\u00eb , kur nuk e tha t\u00eb v\u00ebrtet\u00ebn , por g\u00ebnjeu dhe [&hellip;]<\/p>\n","protected":false},"author":1,"featured_media":0,"comment_status":"closed","ping_status":"closed","sticky":false,"template":"","format":"standard","meta":{"spay_email":"","jetpack_publicize_message":"","jetpack_is_tweetstorm":false,"jetpack_publicize_feature_enabled":true},"categories":[1,14249],"tags":[],"jetpack_publicize_connections":[],"yoast_head":"<!-- This site is optimized with the Yoast SEO plugin v19.1 - https:\/\/yoast.com\/wordpress\/plugins\/seo\/ -->\n<title>Nika: Lamshat e kupol\u00ebs islame me tokat e vakufit - Harami nuk e arsyeton hallallin?!!!! - Lajme nga Ulqini<\/title>\n<meta name=\"description\" content=\"Shkruan: Muhamet Nika K\u00ebt\u00eb shkrim vendosa ta b\u00ebj kur mu kujtuan th\u00ebniet nga transmetimet e shenjta, se njeriu dy her\u00eb do t\u00eb jet\u00eb i pyetur n\u00eb gjyqin mat\" \/>\n<meta name=\"robots\" content=\"index, follow, max-snippet:-1, max-image-preview:large, max-video-preview:-1\" \/>\n<link rel=\"canonical\" href=\"https:\/\/www.visit-ulcinj.com\/blog\/2015\/01\/13\/nika-lamshat-e-kupoles-islame-tokat-e-vakufit-harami-nuk-e-arsyeton-hallallin\/\" \/>\n<meta property=\"og:locale\" content=\"en_US\" \/>\n<meta property=\"og:type\" content=\"article\" \/>\n<meta property=\"og:title\" content=\"Nika: Lamshat e kupol\u00ebs islame me tokat e vakufit - Harami nuk e arsyeton hallallin?!!!! - Lajme nga Ulqini\" \/>\n<meta property=\"og:description\" content=\"Shkruan: Muhamet Nika K\u00ebt\u00eb shkrim vendosa ta b\u00ebj kur mu kujtuan th\u00ebniet nga transmetimet e shenjta, se njeriu dy her\u00eb do t\u00eb jet\u00eb i pyetur n\u00eb gjyqin mat\" \/>\n<meta property=\"og:url\" content=\"https:\/\/www.visit-ulcinj.com\/blog\/2015\/01\/13\/nika-lamshat-e-kupoles-islame-tokat-e-vakufit-harami-nuk-e-arsyeton-hallallin\/\" \/>\n<meta property=\"og:site_name\" content=\"Lajme nga Ulqini\" \/>\n<meta property=\"article:published_time\" content=\"2015-01-13T15:29:27+00:00\" \/>\n<meta property=\"article:modified_time\" content=\"2015-01-14T18:08:47+00:00\" \/>\n<meta property=\"og:image\" content=\"http:\/\/www.visit-ulcinj.com\/blog\/wp-content\/uploads\/2012\/03\/Tyrbja-e-Pultit-Ulqin.jpg\" \/>\n<meta name=\"twitter:label1\" content=\"Written by\" \/>\n\t<meta name=\"twitter:data1\" content=\"ulqini\" \/>\n\t<meta name=\"twitter:label2\" content=\"Est. reading time\" \/>\n\t<meta name=\"twitter:data2\" content=\"7 minutes\" \/>\n<script type=\"application\/ld+json\" class=\"yoast-schema-graph\">{\"@context\":\"https:\/\/schema.org\",\"@graph\":[{\"@type\":\"WebSite\",\"@id\":\"https:\/\/www.visit-ulcinj.com\/blog\/#website\",\"url\":\"https:\/\/www.visit-ulcinj.com\/blog\/\",\"name\":\"Lajme nga Ulqini\",\"description\":\"Lajme,Vijesti,Ulqini,Ulqin,Crna Gora,Mali i Zi\",\"potentialAction\":[{\"@type\":\"SearchAction\",\"target\":{\"@type\":\"EntryPoint\",\"urlTemplate\":\"https:\/\/www.visit-ulcinj.com\/blog\/?s={search_term_string}\"},\"query-input\":\"required name=search_term_string\"}],\"inLanguage\":\"en-US\"},{\"@type\":\"ImageObject\",\"inLanguage\":\"en-US\",\"@id\":\"https:\/\/www.visit-ulcinj.com\/blog\/2015\/01\/13\/nika-lamshat-e-kupoles-islame-tokat-e-vakufit-harami-nuk-e-arsyeton-hallallin\/#primaryimage\",\"url\":\"https:\/\/www.visit-ulcinj.com\/blog\/wp-content\/uploads\/2012\/03\/Tyrbja-e-Pultit-Ulqin.jpg\",\"contentUrl\":\"https:\/\/www.visit-ulcinj.com\/blog\/wp-content\/uploads\/2012\/03\/Tyrbja-e-Pultit-Ulqin.jpg\",\"width\":\"581\",\"height\":\"429\"},{\"@type\":\"WebPage\",\"@id\":\"https:\/\/www.visit-ulcinj.com\/blog\/2015\/01\/13\/nika-lamshat-e-kupoles-islame-tokat-e-vakufit-harami-nuk-e-arsyeton-hallallin\/#webpage\",\"url\":\"https:\/\/www.visit-ulcinj.com\/blog\/2015\/01\/13\/nika-lamshat-e-kupoles-islame-tokat-e-vakufit-harami-nuk-e-arsyeton-hallallin\/\",\"name\":\"Nika: Lamshat e kupol\u00ebs islame me tokat e vakufit - Harami nuk e arsyeton hallallin?!!!! - Lajme nga Ulqini\",\"isPartOf\":{\"@id\":\"https:\/\/www.visit-ulcinj.com\/blog\/#website\"},\"primaryImageOfPage\":{\"@id\":\"https:\/\/www.visit-ulcinj.com\/blog\/2015\/01\/13\/nika-lamshat-e-kupoles-islame-tokat-e-vakufit-harami-nuk-e-arsyeton-hallallin\/#primaryimage\"},\"datePublished\":\"2015-01-13T15:29:27+00:00\",\"dateModified\":\"2015-01-14T18:08:47+00:00\",\"author\":{\"@id\":\"https:\/\/www.visit-ulcinj.com\/blog\/#\/schema\/person\/dcab619c614d3038751c63bc2aadc06d\"},\"description\":\"Shkruan: Muhamet Nika K\u00ebt\u00eb shkrim vendosa ta b\u00ebj kur mu kujtuan th\u00ebniet nga transmetimet e shenjta, se njeriu dy her\u00eb do t\u00eb jet\u00eb i pyetur n\u00eb gjyqin mat\",\"breadcrumb\":{\"@id\":\"https:\/\/www.visit-ulcinj.com\/blog\/2015\/01\/13\/nika-lamshat-e-kupoles-islame-tokat-e-vakufit-harami-nuk-e-arsyeton-hallallin\/#breadcrumb\"},\"inLanguage\":\"en-US\",\"potentialAction\":[{\"@type\":\"ReadAction\",\"target\":[\"https:\/\/www.visit-ulcinj.com\/blog\/2015\/01\/13\/nika-lamshat-e-kupoles-islame-tokat-e-vakufit-harami-nuk-e-arsyeton-hallallin\/\"]}]},{\"@type\":\"BreadcrumbList\",\"@id\":\"https:\/\/www.visit-ulcinj.com\/blog\/2015\/01\/13\/nika-lamshat-e-kupoles-islame-tokat-e-vakufit-harami-nuk-e-arsyeton-hallallin\/#breadcrumb\",\"itemListElement\":[{\"@type\":\"ListItem\",\"position\":1,\"name\":\"Nika: Lamshat e kupol\u00ebs islame me tokat e vakufit &#8211; Harami nuk e arsyeton hallallin?!!!!\"}]},{\"@type\":\"Person\",\"@id\":\"https:\/\/www.visit-ulcinj.com\/blog\/#\/schema\/person\/dcab619c614d3038751c63bc2aadc06d\",\"name\":\"ulqini\",\"sameAs\":[\"http:\/\/www.visit-ulcinj.com\"],\"url\":\"https:\/\/www.visit-ulcinj.com\/blog\/author\/admin\/\"}]}<\/script>\n<!-- \/ Yoast SEO plugin. -->","yoast_head_json":{"title":"Nika: Lamshat e kupol\u00ebs islame me tokat e vakufit - Harami nuk e arsyeton hallallin?!!!! - Lajme nga Ulqini","description":"Shkruan: Muhamet Nika K\u00ebt\u00eb shkrim vendosa ta b\u00ebj kur mu kujtuan th\u00ebniet nga transmetimet e shenjta, se njeriu dy her\u00eb do t\u00eb jet\u00eb i pyetur n\u00eb gjyqin mat","robots":{"index":"index","follow":"follow","max-snippet":"max-snippet:-1","max-image-preview":"max-image-preview:large","max-video-preview":"max-video-preview:-1"},"canonical":"https:\/\/www.visit-ulcinj.com\/blog\/2015\/01\/13\/nika-lamshat-e-kupoles-islame-tokat-e-vakufit-harami-nuk-e-arsyeton-hallallin\/","og_locale":"en_US","og_type":"article","og_title":"Nika: Lamshat e kupol\u00ebs islame me tokat e vakufit - Harami nuk e arsyeton hallallin?!!!! - Lajme nga Ulqini","og_description":"Shkruan: Muhamet Nika K\u00ebt\u00eb shkrim vendosa ta b\u00ebj kur mu kujtuan th\u00ebniet nga transmetimet e shenjta, se njeriu dy her\u00eb do t\u00eb jet\u00eb i pyetur n\u00eb gjyqin mat","og_url":"https:\/\/www.visit-ulcinj.com\/blog\/2015\/01\/13\/nika-lamshat-e-kupoles-islame-tokat-e-vakufit-harami-nuk-e-arsyeton-hallallin\/","og_site_name":"Lajme nga Ulqini","article_published_time":"2015-01-13T15:29:27+00:00","article_modified_time":"2015-01-14T18:08:47+00:00","og_image":[{"url":"http:\/\/www.visit-ulcinj.com\/blog\/wp-content\/uploads\/2012\/03\/Tyrbja-e-Pultit-Ulqin.jpg"}],"twitter_misc":{"Written by":"ulqini","Est. reading time":"7 minutes"},"schema":{"@context":"https:\/\/schema.org","@graph":[{"@type":"WebSite","@id":"https:\/\/www.visit-ulcinj.com\/blog\/#website","url":"https:\/\/www.visit-ulcinj.com\/blog\/","name":"Lajme nga Ulqini","description":"Lajme,Vijesti,Ulqini,Ulqin,Crna Gora,Mali i Zi","potentialAction":[{"@type":"SearchAction","target":{"@type":"EntryPoint","urlTemplate":"https:\/\/www.visit-ulcinj.com\/blog\/?s={search_term_string}"},"query-input":"required name=search_term_string"}],"inLanguage":"en-US"},{"@type":"ImageObject","inLanguage":"en-US","@id":"https:\/\/www.visit-ulcinj.com\/blog\/2015\/01\/13\/nika-lamshat-e-kupoles-islame-tokat-e-vakufit-harami-nuk-e-arsyeton-hallallin\/#primaryimage","url":"https:\/\/www.visit-ulcinj.com\/blog\/wp-content\/uploads\/2012\/03\/Tyrbja-e-Pultit-Ulqin.jpg","contentUrl":"https:\/\/www.visit-ulcinj.com\/blog\/wp-content\/uploads\/2012\/03\/Tyrbja-e-Pultit-Ulqin.jpg","width":"581","height":"429"},{"@type":"WebPage","@id":"https:\/\/www.visit-ulcinj.com\/blog\/2015\/01\/13\/nika-lamshat-e-kupoles-islame-tokat-e-vakufit-harami-nuk-e-arsyeton-hallallin\/#webpage","url":"https:\/\/www.visit-ulcinj.com\/blog\/2015\/01\/13\/nika-lamshat-e-kupoles-islame-tokat-e-vakufit-harami-nuk-e-arsyeton-hallallin\/","name":"Nika: Lamshat e kupol\u00ebs islame me tokat e vakufit - Harami nuk e arsyeton hallallin?!!!! - Lajme nga Ulqini","isPartOf":{"@id":"https:\/\/www.visit-ulcinj.com\/blog\/#website"},"primaryImageOfPage":{"@id":"https:\/\/www.visit-ulcinj.com\/blog\/2015\/01\/13\/nika-lamshat-e-kupoles-islame-tokat-e-vakufit-harami-nuk-e-arsyeton-hallallin\/#primaryimage"},"datePublished":"2015-01-13T15:29:27+00:00","dateModified":"2015-01-14T18:08:47+00:00","author":{"@id":"https:\/\/www.visit-ulcinj.com\/blog\/#\/schema\/person\/dcab619c614d3038751c63bc2aadc06d"},"description":"Shkruan: Muhamet Nika K\u00ebt\u00eb shkrim vendosa ta b\u00ebj kur mu kujtuan th\u00ebniet nga transmetimet e shenjta, se njeriu dy her\u00eb do t\u00eb jet\u00eb i pyetur n\u00eb gjyqin mat","breadcrumb":{"@id":"https:\/\/www.visit-ulcinj.com\/blog\/2015\/01\/13\/nika-lamshat-e-kupoles-islame-tokat-e-vakufit-harami-nuk-e-arsyeton-hallallin\/#breadcrumb"},"inLanguage":"en-US","potentialAction":[{"@type":"ReadAction","target":["https:\/\/www.visit-ulcinj.com\/blog\/2015\/01\/13\/nika-lamshat-e-kupoles-islame-tokat-e-vakufit-harami-nuk-e-arsyeton-hallallin\/"]}]},{"@type":"BreadcrumbList","@id":"https:\/\/www.visit-ulcinj.com\/blog\/2015\/01\/13\/nika-lamshat-e-kupoles-islame-tokat-e-vakufit-harami-nuk-e-arsyeton-hallallin\/#breadcrumb","itemListElement":[{"@type":"ListItem","position":1,"name":"Nika: Lamshat e kupol\u00ebs islame me tokat e vakufit &#8211; Harami nuk e arsyeton hallallin?!!!!"}]},{"@type":"Person","@id":"https:\/\/www.visit-ulcinj.com\/blog\/#\/schema\/person\/dcab619c614d3038751c63bc2aadc06d","name":"ulqini","sameAs":["http:\/\/www.visit-ulcinj.com"],"url":"https:\/\/www.visit-ulcinj.com\/blog\/author\/admin\/"}]}},"jetpack_featured_media_url":"","jetpack_sharing_enabled":true,"jetpack_shortlink":"https:\/\/wp.me\/pe6lTn-mNY","_links":{"self":[{"href":"https:\/\/www.visit-ulcinj.com\/blog\/wp-json\/wp\/v2\/posts\/87666"}],"collection":[{"href":"https:\/\/www.visit-ulcinj.com\/blog\/wp-json\/wp\/v2\/posts"}],"about":[{"href":"https:\/\/www.visit-ulcinj.com\/blog\/wp-json\/wp\/v2\/types\/post"}],"author":[{"embeddable":true,"href":"https:\/\/www.visit-ulcinj.com\/blog\/wp-json\/wp\/v2\/users\/1"}],"replies":[{"embeddable":true,"href":"https:\/\/www.visit-ulcinj.com\/blog\/wp-json\/wp\/v2\/comments?post=87666"}],"version-history":[{"count":1,"href":"https:\/\/www.visit-ulcinj.com\/blog\/wp-json\/wp\/v2\/posts\/87666\/revisions"}],"predecessor-version":[{"id":87671,"href":"https:\/\/www.visit-ulcinj.com\/blog\/wp-json\/wp\/v2\/posts\/87666\/revisions\/87671"}],"wp:attachment":[{"href":"https:\/\/www.visit-ulcinj.com\/blog\/wp-json\/wp\/v2\/media?parent=87666"}],"wp:term":[{"taxonomy":"category","embeddable":true,"href":"https:\/\/www.visit-ulcinj.com\/blog\/wp-json\/wp\/v2\/categories?post=87666"},{"taxonomy":"post_tag","embeddable":true,"href":"https:\/\/www.visit-ulcinj.com\/blog\/wp-json\/wp\/v2\/tags?post=87666"}],"curies":[{"name":"wp","href":"https:\/\/api.w.org\/{rel}","templated":true}]}}