{"id":87672,"date":"2015-01-13T16:49:33","date_gmt":"2015-01-13T15:49:33","guid":{"rendered":"http:\/\/www.visit-ulcinj.com\/blog\/?p=87672"},"modified":"2015-01-13T16:49:33","modified_gmt":"2015-01-13T15:49:33","slug":"mali-zi-si-serbia-pret-sqarime-per-flamurin-ne-muret-e-kryeministrise","status":"publish","type":"post","link":"https:\/\/www.visit-ulcinj.com\/blog\/2015\/01\/13\/mali-zi-si-serbia-pret-sqarime-per-flamurin-ne-muret-e-kryeministrise\/","title":{"rendered":"Mali i Zi si Serbia, pret sqarime p\u00ebr flamurin n\u00eb muret e kryeministris\u00eb"},"content":{"rendered":"<p><em><strong><a href=\"http:\/\/www.visit-ulcinj.com\/blog\/wp-content\/uploads\/2015\/01\/flamuri-n\u00eb-muret-e-kryeministris\u00eb.jpg\"><img loading=\"lazy\" class=\"alignleft wp-image-87673\" src=\"http:\/\/www.visit-ulcinj.com\/blog\/wp-content\/uploads\/2015\/01\/flamuri-n\u00eb-muret-e-kryeministris\u00eb.jpg\" alt=\"flamuri n\u00eb muret e kryeministris\u00eb\" width=\"508\" height=\"275\" srcset=\"https:\/\/www.visit-ulcinj.com\/blog\/wp-content\/uploads\/2015\/01\/flamuri-n\u00eb-muret-e-kryeministris\u00eb.jpg 640w, https:\/\/www.visit-ulcinj.com\/blog\/wp-content\/uploads\/2015\/01\/flamuri-n\u00eb-muret-e-kryeministris\u00eb-300x162.jpg 300w\" sizes=\"(max-width: 508px) 100vw, 508px\" \/><\/a>Mediat raportojn\u00eb se ambasada q\u00eb udh\u00ebheq shqiptari etnik nga Mali i Zi, Ferhat Dinosha, e ka marr\u00eb udh\u00ebzimin q\u00eb flet p\u00ebr mund\u00ebsin\u00eb e informacioneve shtes\u00eb nga autoritetet e Shqip\u00ebris\u00eb<\/strong><\/em><\/p>\n<p><strong>Denion Ndrenika<\/strong><\/p>\n<p>Mali i Zi iu bashkua pretendimeve t\u00eb Serbis\u00eb p\u00ebr sqarime mbi nj\u00eb paraqitje hartografike amatore t\u00eb shfaqur n\u00eb muret e kryeministris\u00eb n\u00eb Tiran\u00eb me t\u00eb element\u00eb t\u00eb kufijve t\u00eb Shqip\u00ebris\u00eb Etike.<\/p>\n<p>Ambasada e Malit t\u00eb Zi n\u00eb Tiran\u00eb ka marr\u00eb nj\u00eb udh\u00ebzim nga ministria e Jashtme e drejtuar nga Igor Lukshiq (Luk\u0161i\u0107) p\u00ebr t\u00eb qart\u00ebsuar nga qeveria e Shqip\u00ebris\u00eb shfaqjen e t\u00eb quajtur\u00ebs \u201cShqip\u00ebri e Madhe\u201d.<\/p>\n<p>Mediat n\u00eb Tiran\u00eb raportojn\u00eb se ambasada q\u00eb udh\u00ebheq shqiptari etnik nga Mali i Zi, Ferhat Dinosha, e ka marr\u00eb udh\u00ebzimin q\u00eb flet p\u00ebr mund\u00ebsin\u00eb e informacioneve shtes\u00eb nga autoritetet e Shqip\u00ebris\u00eb.<\/p>\n<p>Sh\u00ebrbimi i Ballkanit i Radios Evropa e Lir\u00eb raportoi sakaq se fotografia e k\u00ebtij flamuri \u00ebsht\u00eb postuar n\u00eb murin e kryeministris\u00eb n\u00eb kuad\u00ebr t\u00eb nj\u00eb fushate urimesh nga qytetar\u00ebt gjat\u00eb festave t\u00eb fundvitit.<\/p>\n<p>\u201cB\u00ebhet fjal\u00eb p\u00ebr flamurin me Ismail Qemalin dhe Isa Boletinin, t\u00eb nj\u00ebjtin flamur q\u00eb \u00ebsht\u00eb shfaqur n\u00eb stadiumin e Beogradit m\u00eb 14 tetor t\u00eb vitit t\u00eb kaluar, gjat\u00eb ndeshjes Serbi-Shqip\u00ebri\u201d-raporton radioja me qend\u00ebr n\u00eb Prag\u00eb t\u00eb Republik\u00ebs \u00c7eke.<\/p>\n<p>M\u00eb her\u00ebt ministri i Jasht\u00ebm i Serbis\u00eb, Ivic Da\u00e7iq tha se i d\u00ebrgoi Shqip\u00ebris\u00eb nj\u00eb not\u00eb proteste p\u00ebr t\u00eb njejt\u00ebn \u00e7\u00ebshtje.<\/p>\n<p>Ministria e Jashtme e Shqip\u00ebris\u00eb e drejtuar nga Ditmir Bushati ende nuk ka konfirmuar marrjen e not\u00ebs nga diplomacia n\u00eb Beograd.<\/p>\n<p><strong>illyriapress<\/strong><\/p>\n","protected":false},"excerpt":{"rendered":"<p>Mediat raportojn\u00eb se ambasada q\u00eb udh\u00ebheq shqiptari etnik nga Mali i Zi, Ferhat Dinosha, e ka marr\u00eb udh\u00ebzimin q\u00eb flet p\u00ebr mund\u00ebsin\u00eb e informacioneve shtes\u00eb nga autoritetet e Shqip\u00ebris\u00eb Denion Ndrenika Mali i Zi iu bashkua pretendimeve t\u00eb Serbis\u00eb p\u00ebr sqarime mbi nj\u00eb paraqitje hartografike amatore t\u00eb shfaqur n\u00eb muret e kryeministris\u00eb n\u00eb Tiran\u00eb me [&hellip;]<\/p>\n","protected":false},"author":1,"featured_media":0,"comment_status":"closed","ping_status":"closed","sticky":false,"template":"","format":"standard","meta":{"spay_email":"","jetpack_publicize_message":"","jetpack_is_tweetstorm":false,"jetpack_publicize_feature_enabled":true},"categories":[6],"tags":[],"jetpack_publicize_connections":[],"yoast_head":"<!-- This site is optimized with the Yoast SEO plugin v19.1 - https:\/\/yoast.com\/wordpress\/plugins\/seo\/ -->\n<title>Mali i Zi si Serbia, pret sqarime p\u00ebr flamurin n\u00eb muret e kryeministris\u00eb - Lajme nga Ulqini<\/title>\n<meta name=\"description\" content=\"Mediat raportojn\u00eb se ambasada q\u00eb udh\u00ebheq shqiptari etnik nga Mali i Zi, Ferhat Dinosha, e ka marr\u00eb udh\u00ebzimin q\u00eb flet p\u00ebr mund\u00ebsin\u00eb e informacioneve shtes\u00eb\" \/>\n<meta name=\"robots\" content=\"index, follow, max-snippet:-1, max-image-preview:large, max-video-preview:-1\" \/>\n<link rel=\"canonical\" href=\"https:\/\/www.visit-ulcinj.com\/blog\/2015\/01\/13\/mali-zi-si-serbia-pret-sqarime-per-flamurin-ne-muret-e-kryeministrise\/\" \/>\n<meta property=\"og:locale\" content=\"en_US\" \/>\n<meta property=\"og:type\" content=\"article\" \/>\n<meta property=\"og:title\" content=\"Mali i Zi si Serbia, pret sqarime p\u00ebr flamurin n\u00eb muret e kryeministris\u00eb - Lajme nga Ulqini\" \/>\n<meta property=\"og:description\" content=\"Mediat raportojn\u00eb se ambasada q\u00eb udh\u00ebheq shqiptari etnik nga Mali i Zi, Ferhat Dinosha, e ka marr\u00eb udh\u00ebzimin q\u00eb flet p\u00ebr mund\u00ebsin\u00eb e informacioneve shtes\u00eb\" \/>\n<meta property=\"og:url\" content=\"https:\/\/www.visit-ulcinj.com\/blog\/2015\/01\/13\/mali-zi-si-serbia-pret-sqarime-per-flamurin-ne-muret-e-kryeministrise\/\" \/>\n<meta property=\"og:site_name\" content=\"Lajme nga Ulqini\" \/>\n<meta property=\"article:published_time\" content=\"2015-01-13T15:49:33+00:00\" \/>\n<meta name=\"twitter:label1\" content=\"Written by\" \/>\n\t<meta name=\"twitter:data1\" content=\"ulqini\" \/>\n\t<meta name=\"twitter:label2\" content=\"Est. reading time\" \/>\n\t<meta name=\"twitter:data2\" content=\"1 minute\" \/>\n<script type=\"application\/ld+json\" class=\"yoast-schema-graph\">{\"@context\":\"https:\/\/schema.org\",\"@graph\":[{\"@type\":\"WebSite\",\"@id\":\"https:\/\/www.visit-ulcinj.com\/blog\/#website\",\"url\":\"https:\/\/www.visit-ulcinj.com\/blog\/\",\"name\":\"Lajme nga Ulqini\",\"description\":\"Lajme,Vijesti,Ulqini,Ulqin,Crna Gora,Mali i Zi\",\"potentialAction\":[{\"@type\":\"SearchAction\",\"target\":{\"@type\":\"EntryPoint\",\"urlTemplate\":\"https:\/\/www.visit-ulcinj.com\/blog\/?s={search_term_string}\"},\"query-input\":\"required name=search_term_string\"}],\"inLanguage\":\"en-US\"},{\"@type\":\"WebPage\",\"@id\":\"https:\/\/www.visit-ulcinj.com\/blog\/2015\/01\/13\/mali-zi-si-serbia-pret-sqarime-per-flamurin-ne-muret-e-kryeministrise\/#webpage\",\"url\":\"https:\/\/www.visit-ulcinj.com\/blog\/2015\/01\/13\/mali-zi-si-serbia-pret-sqarime-per-flamurin-ne-muret-e-kryeministrise\/\",\"name\":\"Mali i Zi si Serbia, pret sqarime p\u00ebr flamurin n\u00eb muret e kryeministris\u00eb - Lajme nga Ulqini\",\"isPartOf\":{\"@id\":\"https:\/\/www.visit-ulcinj.com\/blog\/#website\"},\"datePublished\":\"2015-01-13T15:49:33+00:00\",\"dateModified\":\"2015-01-13T15:49:33+00:00\",\"author\":{\"@id\":\"https:\/\/www.visit-ulcinj.com\/blog\/#\/schema\/person\/dcab619c614d3038751c63bc2aadc06d\"},\"description\":\"Mediat raportojn\u00eb se ambasada q\u00eb udh\u00ebheq shqiptari etnik nga Mali i Zi, Ferhat Dinosha, e ka marr\u00eb udh\u00ebzimin q\u00eb flet p\u00ebr mund\u00ebsin\u00eb e informacioneve shtes\u00eb\",\"breadcrumb\":{\"@id\":\"https:\/\/www.visit-ulcinj.com\/blog\/2015\/01\/13\/mali-zi-si-serbia-pret-sqarime-per-flamurin-ne-muret-e-kryeministrise\/#breadcrumb\"},\"inLanguage\":\"en-US\",\"potentialAction\":[{\"@type\":\"ReadAction\",\"target\":[\"https:\/\/www.visit-ulcinj.com\/blog\/2015\/01\/13\/mali-zi-si-serbia-pret-sqarime-per-flamurin-ne-muret-e-kryeministrise\/\"]}]},{\"@type\":\"BreadcrumbList\",\"@id\":\"https:\/\/www.visit-ulcinj.com\/blog\/2015\/01\/13\/mali-zi-si-serbia-pret-sqarime-per-flamurin-ne-muret-e-kryeministrise\/#breadcrumb\",\"itemListElement\":[{\"@type\":\"ListItem\",\"position\":1,\"name\":\"Mali i Zi si Serbia, pret sqarime p\u00ebr flamurin n\u00eb muret e kryeministris\u00eb\"}]},{\"@type\":\"Person\",\"@id\":\"https:\/\/www.visit-ulcinj.com\/blog\/#\/schema\/person\/dcab619c614d3038751c63bc2aadc06d\",\"name\":\"ulqini\",\"sameAs\":[\"http:\/\/www.visit-ulcinj.com\"],\"url\":\"https:\/\/www.visit-ulcinj.com\/blog\/author\/admin\/\"}]}<\/script>\n<!-- \/ Yoast SEO plugin. -->","yoast_head_json":{"title":"Mali i Zi si Serbia, pret sqarime p\u00ebr flamurin n\u00eb muret e kryeministris\u00eb - Lajme nga Ulqini","description":"Mediat raportojn\u00eb se ambasada q\u00eb udh\u00ebheq shqiptari etnik nga Mali i Zi, Ferhat Dinosha, e ka marr\u00eb udh\u00ebzimin q\u00eb flet p\u00ebr mund\u00ebsin\u00eb e informacioneve shtes\u00eb","robots":{"index":"index","follow":"follow","max-snippet":"max-snippet:-1","max-image-preview":"max-image-preview:large","max-video-preview":"max-video-preview:-1"},"canonical":"https:\/\/www.visit-ulcinj.com\/blog\/2015\/01\/13\/mali-zi-si-serbia-pret-sqarime-per-flamurin-ne-muret-e-kryeministrise\/","og_locale":"en_US","og_type":"article","og_title":"Mali i Zi si Serbia, pret sqarime p\u00ebr flamurin n\u00eb muret e kryeministris\u00eb - Lajme nga Ulqini","og_description":"Mediat raportojn\u00eb se ambasada q\u00eb udh\u00ebheq shqiptari etnik nga Mali i Zi, Ferhat Dinosha, e ka marr\u00eb udh\u00ebzimin q\u00eb flet p\u00ebr mund\u00ebsin\u00eb e informacioneve shtes\u00eb","og_url":"https:\/\/www.visit-ulcinj.com\/blog\/2015\/01\/13\/mali-zi-si-serbia-pret-sqarime-per-flamurin-ne-muret-e-kryeministrise\/","og_site_name":"Lajme nga Ulqini","article_published_time":"2015-01-13T15:49:33+00:00","twitter_misc":{"Written by":"ulqini","Est. reading time":"1 minute"},"schema":{"@context":"https:\/\/schema.org","@graph":[{"@type":"WebSite","@id":"https:\/\/www.visit-ulcinj.com\/blog\/#website","url":"https:\/\/www.visit-ulcinj.com\/blog\/","name":"Lajme nga Ulqini","description":"Lajme,Vijesti,Ulqini,Ulqin,Crna Gora,Mali i Zi","potentialAction":[{"@type":"SearchAction","target":{"@type":"EntryPoint","urlTemplate":"https:\/\/www.visit-ulcinj.com\/blog\/?s={search_term_string}"},"query-input":"required name=search_term_string"}],"inLanguage":"en-US"},{"@type":"WebPage","@id":"https:\/\/www.visit-ulcinj.com\/blog\/2015\/01\/13\/mali-zi-si-serbia-pret-sqarime-per-flamurin-ne-muret-e-kryeministrise\/#webpage","url":"https:\/\/www.visit-ulcinj.com\/blog\/2015\/01\/13\/mali-zi-si-serbia-pret-sqarime-per-flamurin-ne-muret-e-kryeministrise\/","name":"Mali i Zi si Serbia, pret sqarime p\u00ebr flamurin n\u00eb muret e kryeministris\u00eb - Lajme nga Ulqini","isPartOf":{"@id":"https:\/\/www.visit-ulcinj.com\/blog\/#website"},"datePublished":"2015-01-13T15:49:33+00:00","dateModified":"2015-01-13T15:49:33+00:00","author":{"@id":"https:\/\/www.visit-ulcinj.com\/blog\/#\/schema\/person\/dcab619c614d3038751c63bc2aadc06d"},"description":"Mediat raportojn\u00eb se ambasada q\u00eb udh\u00ebheq shqiptari etnik nga Mali i Zi, Ferhat Dinosha, e ka marr\u00eb udh\u00ebzimin q\u00eb flet p\u00ebr mund\u00ebsin\u00eb e informacioneve shtes\u00eb","breadcrumb":{"@id":"https:\/\/www.visit-ulcinj.com\/blog\/2015\/01\/13\/mali-zi-si-serbia-pret-sqarime-per-flamurin-ne-muret-e-kryeministrise\/#breadcrumb"},"inLanguage":"en-US","potentialAction":[{"@type":"ReadAction","target":["https:\/\/www.visit-ulcinj.com\/blog\/2015\/01\/13\/mali-zi-si-serbia-pret-sqarime-per-flamurin-ne-muret-e-kryeministrise\/"]}]},{"@type":"BreadcrumbList","@id":"https:\/\/www.visit-ulcinj.com\/blog\/2015\/01\/13\/mali-zi-si-serbia-pret-sqarime-per-flamurin-ne-muret-e-kryeministrise\/#breadcrumb","itemListElement":[{"@type":"ListItem","position":1,"name":"Mali i Zi si Serbia, pret sqarime p\u00ebr flamurin n\u00eb muret e kryeministris\u00eb"}]},{"@type":"Person","@id":"https:\/\/www.visit-ulcinj.com\/blog\/#\/schema\/person\/dcab619c614d3038751c63bc2aadc06d","name":"ulqini","sameAs":["http:\/\/www.visit-ulcinj.com"],"url":"https:\/\/www.visit-ulcinj.com\/blog\/author\/admin\/"}]}},"jetpack_featured_media_url":"","jetpack_sharing_enabled":true,"jetpack_shortlink":"https:\/\/wp.me\/pe6lTn-mO4","_links":{"self":[{"href":"https:\/\/www.visit-ulcinj.com\/blog\/wp-json\/wp\/v2\/posts\/87672"}],"collection":[{"href":"https:\/\/www.visit-ulcinj.com\/blog\/wp-json\/wp\/v2\/posts"}],"about":[{"href":"https:\/\/www.visit-ulcinj.com\/blog\/wp-json\/wp\/v2\/types\/post"}],"author":[{"embeddable":true,"href":"https:\/\/www.visit-ulcinj.com\/blog\/wp-json\/wp\/v2\/users\/1"}],"replies":[{"embeddable":true,"href":"https:\/\/www.visit-ulcinj.com\/blog\/wp-json\/wp\/v2\/comments?post=87672"}],"version-history":[{"count":1,"href":"https:\/\/www.visit-ulcinj.com\/blog\/wp-json\/wp\/v2\/posts\/87672\/revisions"}],"predecessor-version":[{"id":87674,"href":"https:\/\/www.visit-ulcinj.com\/blog\/wp-json\/wp\/v2\/posts\/87672\/revisions\/87674"}],"wp:attachment":[{"href":"https:\/\/www.visit-ulcinj.com\/blog\/wp-json\/wp\/v2\/media?parent=87672"}],"wp:term":[{"taxonomy":"category","embeddable":true,"href":"https:\/\/www.visit-ulcinj.com\/blog\/wp-json\/wp\/v2\/categories?post=87672"},{"taxonomy":"post_tag","embeddable":true,"href":"https:\/\/www.visit-ulcinj.com\/blog\/wp-json\/wp\/v2\/tags?post=87672"}],"curies":[{"name":"wp","href":"https:\/\/api.w.org\/{rel}","templated":true}]}}