{"id":87677,"date":"2015-01-13T16:59:39","date_gmt":"2015-01-13T15:59:39","guid":{"rendered":"http:\/\/www.visit-ulcinj.com\/blog\/?p=87677"},"modified":"2015-01-13T16:59:39","modified_gmt":"2015-01-13T15:59:39","slug":"vaselj-sinistaj-nesto-mi-mozemo-nauciti-od-kosova","status":"publish","type":"post","link":"https:\/\/www.visit-ulcinj.com\/blog\/2015\/01\/13\/vaselj-sinistaj-nesto-mi-mozemo-nauciti-od-kosova\/","title":{"rendered":"Vaselj Sini\u0161taj: Ne\u0161to i mi mo\u017eemo nau\u010diti od Kosova"},"content":{"rendered":"<p id=\"articleIntro\"><a href=\"http:\/\/www.visit-ulcinj.com\/blog\/wp-content\/uploads\/2013\/06\/Vaselj-Sinistaj-Foto-Vijesti.jpg\"><img loading=\"lazy\" class=\"alignleft wp-image-72218\" src=\"http:\/\/www.visit-ulcinj.com\/blog\/wp-content\/uploads\/2013\/06\/Vaselj-Sinistaj-Foto-Vijesti.jpg\" alt=\"Vaselj Sinistaj - Foto Vijesti\" width=\"508\" height=\"428\" srcset=\"https:\/\/www.visit-ulcinj.com\/blog\/wp-content\/uploads\/2013\/06\/Vaselj-Sinistaj-Foto-Vijesti.jpg 891w, https:\/\/www.visit-ulcinj.com\/blog\/wp-content\/uploads\/2013\/06\/Vaselj-Sinistaj-Foto-Vijesti-300x252.jpg 300w\" sizes=\"(max-width: 508px) 100vw, 508px\" \/><\/a>Vaselj Sini\u0161taj, odbornik Gra\u0111anske inicijative u Skup\u0161tini Gradske op\u0161tine Tuzi i poslani\u010dki kandidat Izborne liste \u201cForca za jedinstvo\u201d, ocijenio je da Crna Gora mo\u017ee pone\u0161to nau\u010diti od Kosova. On se, u kolumni koju je objavio portal ul.info, osvrnuo na dolazak potpredsjednika vlade Kosova Ha\u0161ima Ta\u010dija u Crnu Goru, prenosi Portal Ul.info.<\/p>\n<div id=\"articleContent\">\n<p>Pro\u0161lo je punih 24 godine od prvih vi\u0161estrana\u010dkih izbora u Crnoj Gori. U tih 24 zadnjih godina uspjeli smo uprapastiti jednu dr\u017eavu (SFRJ) a stvorili tri, do sada (SRJ, SCG i Crna Gora), a name\u0107u mi se pitanja: A \u0161ta smo uspjeli promijeniti do sada u jeziku komuniciranja sa drugima? Koliko uva\u017eavamo novonastale situacije i kako se odnosimo prema pripadnicima manjinskih naroda i kolika je etni\u010dka distanca prema njima? Za\u0161to se i dalje koristi jezik mr\u017enje prema novonastalim dr\u017eavama koje su me\u0111unarodno priznate i za\u0161to potreba za govorom mr\u017enje prema bilo kome, pa bio to i Ha\u0161im Ta\u010di, potpredsjednik vlade Kosova? I na kraju za\u0161to potreba za protestima koji su i onako unaprijed osu\u0111eni na propast? Za\u0161to sve to kada je svima nama isti cilj \u2013 Evropska unija i mir izme\u0111u svih naroda, posebno nas sa prostora biv\u0161e SFRJ. I sve to ne da bi zaboravili na\u0161u pro\u0161lost ili bilo \u010diju li\u010dnu odgovornost, nego zbog sre\u0107nije budu\u0107nosti svakog gra\u0111anina Crne Gore, Kosova, Srbije, Makedonije, Bosne i Hercegovine i Albanije.<\/p>\n<p>Mir u regionu i dobrosusjedski odnosi, sloboda kretanja ljudi i slobodan protok roba i kapitala i uva\u017eavanje dr\u017eavnika koje biraju njihovi glasa\u010di, treba da nam budu prioriteti. Pri tome ne treba zaboraviti doma\u0107i zadatak i postaviti pitanje odnosa prema manjinama u sopstvenoj dr\u017eavi \u2013 Crnoj Gori.<\/p>\n<p>Po\u010deo sam ovako jer u vi\u0161e navrata, iz dnevne \u0161tampe, \u010ditam oko nedobrodo\u0161lice gospodina Ha\u0161ima Ta\u010dija u Crnoj Gori. Pri tome ne \u017eelim osporiti nikome li\u010dno pravo da iznese svoj stav i svoj sud, i sada i kada bude vlast (mada vjerujem da \u0107e ga tada prihvatiti kao dr\u017eavnika samostalne dr\u017eave i dana\u0161nji kriti\u010dari), ali sada dozvolite i dajte za pravo institucijama sitema i dr\u017eavnicima Crne Gore da obavljaju svoje funkcije u skladu sa Ustavom, posebno one protokolarne.<\/p>\n<p>Do ovog trenutka neznam uop\u0161te ho\u0107u li sresti gospodina Ta\u010dija i neznam o \u010demu \u0107e se govoriti na tim zvani\u010dnim susretima, ali \u0107u nastojati da uka\u017eem na nekoliko pravnih i politi\u010dkih dilema za koje javnost u Crnoj Gori, mo\u017eda malo zna.<\/p>\n<p>Prvo \u2013 gospodin Ta\u010di dolazi u slu\u017ebenu posjetu Crnoj Gori, gdje ga \u010deka prvi \u010dovjek njegove vlade u Crnoj Gori, otpravnik ambasade\u00a0 Kosova, gospodin Sr\u0111an Senti\u0107, po nacionalnosti Srbin.<\/p>\n<p>Drugo \u2013 dolazi u samostalnu Crnu Goru, gdje su Albanci izgubili ste\u010dena izborna pitanja \u2013 posebnu izbornu jedinicu i pet poslani\u010dkih mandata. Danas, zahvaljuju\u0107i i vlasti i opoziciji u Crnoj Gori, poslani\u010dki mandat za autenti\u010dnog predstavnika Albanaca ko\u0161ta preko 6000 glasova, a za ostale 4173 glasa, a za neke \u010dak i manje od jedne hiljade. Uporedimo ovu \u010dinjenicu sa onom da na Kosovu, danas manjine imaju zagarantovana 20 poslani\u010dkih mandata (od ukupno 120), pri \u010demu je Srbima zagarantovano 10 mandata.<\/p>\n<p>Tre\u0107e \u2013 dolazi u vrijeme kada se na Kosovu, u sredinama gdje Srbi i Crnogorci \u010dine ve\u0107inu, osnivaju nove op\u0161tine, a gra\u0111anima Malesije\/Tuzi, to pravo se uporno odbija.<\/p>\n<p>\u010cetvrto \u2013 dolazi u vrijeme kada su u sastavu Vlade Kosova dva ministra i dva pomo\u0107nika ministra iz redova srpske manjine a u Vladi Crne Gore, sada nema mjesta ni za jednog ministra Albanca. Ne \u017eelim da optere\u0107ujem javnost Crne Gore \u010dinjenicama podjele vlasti i strukturama iste na Kosovu, gdje nema institucije u kojoj je recimo Albanac predsjednik, a da nije pomo\u0107nik\/zamjenik Srbin i obrnuto.<\/p>\n<p>Peto \u2013 dolazi u vrijeme kada zvani\u010dnu Pri\u0161tinu uslovljava priznavanjem crnogorske nacionalne manjine kroz ustavne izmjene, niko drugi no predsjednik dr\u017eave Crne Gore ili nema uspostavljanja diplomatskih odnosa na nivou ambasadora.<\/p>\n<p>\u0160esto \u2013 dolazi u vrijeme kada svi mi upu\u0107ujemo telegrame sau\u010de\u0161\u0107a dr\u017eavnicima Francuske i francuskom narodu zbog teroristi\u010dkog akta u Parizu a zaboravljavamo pri tome Srebrenicu ili nedu\u017eni narod na Kosovu.<\/p>\n<p>Zato, dragi politi\u010dari, uradimo sve da porodicama koje su izgubile svoje najmilije ne otvorimo stare rane. Dozvolimo da mrtvi i nestali po\u010divaju u miru a \u017eivima dajmo za pravo da imaju satisfakciju na ime pretrpjelog bola i du\u0161evnih patnji, zbog pogre\u0161ne politike pojedinaca koji \u0107e kad-tad morati odgovarati, ako ne pred zemaljskim sudom onda pred onim nebeskim i u\u010dinimo sve da ve\u0107ina preuzme odgovornost, i pravnu i politi\u010dku, za ostvarivanje prava nacionalnih manjina.<\/p>\n<p>Mo\u017eda je trenutak da i mi ne\u0161to od toga saznamo i nau\u010dimo upravo od dana\u0161nje Vlade Kosova.<\/p>\n<\/div>\n","protected":false},"excerpt":{"rendered":"<p>Vaselj Sini\u0161taj, odbornik Gra\u0111anske inicijative u Skup\u0161tini Gradske op\u0161tine Tuzi i poslani\u010dki kandidat Izborne liste \u201cForca za jedinstvo\u201d, ocijenio je da Crna Gora mo\u017ee pone\u0161to nau\u010diti od Kosova. On se, u kolumni koju je objavio portal ul.info, osvrnuo na dolazak potpredsjednika vlade Kosova Ha\u0161ima Ta\u010dija u Crnu Goru, prenosi Portal Ul.info. Pro\u0161lo je punih 24 [&hellip;]<\/p>\n","protected":false},"author":1,"featured_media":0,"comment_status":"closed","ping_status":"closed","sticky":false,"template":"","format":"standard","meta":{"spay_email":"","jetpack_publicize_message":"","jetpack_is_tweetstorm":false,"jetpack_publicize_feature_enabled":true},"categories":[6950],"tags":[],"jetpack_publicize_connections":[],"yoast_head":"<!-- This site is optimized with the Yoast SEO plugin v19.1 - https:\/\/yoast.com\/wordpress\/plugins\/seo\/ -->\n<title>Vaselj Sini\u0161taj: Ne\u0161to i mi mo\u017eemo nau\u010diti od Kosova - Lajme nga Ulqini<\/title>\n<meta name=\"description\" content=\"Vaselj Sini\u0161taj, odbornik Gra\u0111anske inicijative u Skup\u0161tini Gradske op\u0161tine Tuzi i poslani\u010dki kandidat Izborne liste \u201cForca za jedinstvo\u201d, ocijenio je da\" \/>\n<meta name=\"robots\" content=\"index, follow, max-snippet:-1, max-image-preview:large, max-video-preview:-1\" \/>\n<link rel=\"canonical\" href=\"https:\/\/www.visit-ulcinj.com\/blog\/2015\/01\/13\/vaselj-sinistaj-nesto-mi-mozemo-nauciti-od-kosova\/\" \/>\n<meta property=\"og:locale\" content=\"en_US\" \/>\n<meta property=\"og:type\" content=\"article\" \/>\n<meta property=\"og:title\" content=\"Vaselj Sini\u0161taj: Ne\u0161to i mi mo\u017eemo nau\u010diti od Kosova - Lajme nga Ulqini\" \/>\n<meta property=\"og:description\" content=\"Vaselj Sini\u0161taj, odbornik Gra\u0111anske inicijative u Skup\u0161tini Gradske op\u0161tine Tuzi i poslani\u010dki kandidat Izborne liste \u201cForca za jedinstvo\u201d, ocijenio je da\" \/>\n<meta property=\"og:url\" content=\"https:\/\/www.visit-ulcinj.com\/blog\/2015\/01\/13\/vaselj-sinistaj-nesto-mi-mozemo-nauciti-od-kosova\/\" \/>\n<meta property=\"og:site_name\" content=\"Lajme nga Ulqini\" \/>\n<meta property=\"article:published_time\" content=\"2015-01-13T15:59:39+00:00\" \/>\n<meta property=\"og:image\" content=\"http:\/\/www.visit-ulcinj.com\/blog\/wp-content\/uploads\/2013\/06\/Vaselj-Sinistaj-Foto-Vijesti.jpg\" \/>\n<meta name=\"twitter:label1\" content=\"Written by\" \/>\n\t<meta name=\"twitter:data1\" content=\"ulqini\" \/>\n\t<meta name=\"twitter:label2\" content=\"Est. reading time\" \/>\n\t<meta name=\"twitter:data2\" content=\"4 minutes\" \/>\n<script type=\"application\/ld+json\" class=\"yoast-schema-graph\">{\"@context\":\"https:\/\/schema.org\",\"@graph\":[{\"@type\":\"WebSite\",\"@id\":\"https:\/\/www.visit-ulcinj.com\/blog\/#website\",\"url\":\"https:\/\/www.visit-ulcinj.com\/blog\/\",\"name\":\"Lajme nga Ulqini\",\"description\":\"Lajme,Vijesti,Ulqini,Ulqin,Crna Gora,Mali i Zi\",\"potentialAction\":[{\"@type\":\"SearchAction\",\"target\":{\"@type\":\"EntryPoint\",\"urlTemplate\":\"https:\/\/www.visit-ulcinj.com\/blog\/?s={search_term_string}\"},\"query-input\":\"required name=search_term_string\"}],\"inLanguage\":\"en-US\"},{\"@type\":\"ImageObject\",\"inLanguage\":\"en-US\",\"@id\":\"https:\/\/www.visit-ulcinj.com\/blog\/2015\/01\/13\/vaselj-sinistaj-nesto-mi-mozemo-nauciti-od-kosova\/#primaryimage\",\"url\":\"https:\/\/www.visit-ulcinj.com\/blog\/wp-content\/uploads\/2013\/06\/Vaselj-Sinistaj-Foto-Vijesti.jpg\",\"contentUrl\":\"https:\/\/www.visit-ulcinj.com\/blog\/wp-content\/uploads\/2013\/06\/Vaselj-Sinistaj-Foto-Vijesti.jpg\",\"width\":891,\"height\":750},{\"@type\":\"WebPage\",\"@id\":\"https:\/\/www.visit-ulcinj.com\/blog\/2015\/01\/13\/vaselj-sinistaj-nesto-mi-mozemo-nauciti-od-kosova\/#webpage\",\"url\":\"https:\/\/www.visit-ulcinj.com\/blog\/2015\/01\/13\/vaselj-sinistaj-nesto-mi-mozemo-nauciti-od-kosova\/\",\"name\":\"Vaselj Sini\u0161taj: Ne\u0161to i mi mo\u017eemo nau\u010diti od Kosova - Lajme nga Ulqini\",\"isPartOf\":{\"@id\":\"https:\/\/www.visit-ulcinj.com\/blog\/#website\"},\"primaryImageOfPage\":{\"@id\":\"https:\/\/www.visit-ulcinj.com\/blog\/2015\/01\/13\/vaselj-sinistaj-nesto-mi-mozemo-nauciti-od-kosova\/#primaryimage\"},\"datePublished\":\"2015-01-13T15:59:39+00:00\",\"dateModified\":\"2015-01-13T15:59:39+00:00\",\"author\":{\"@id\":\"https:\/\/www.visit-ulcinj.com\/blog\/#\/schema\/person\/dcab619c614d3038751c63bc2aadc06d\"},\"description\":\"Vaselj Sini\u0161taj, odbornik Gra\u0111anske inicijative u Skup\u0161tini Gradske op\u0161tine Tuzi i poslani\u010dki kandidat Izborne liste \u201cForca za jedinstvo\u201d, ocijenio je da\",\"breadcrumb\":{\"@id\":\"https:\/\/www.visit-ulcinj.com\/blog\/2015\/01\/13\/vaselj-sinistaj-nesto-mi-mozemo-nauciti-od-kosova\/#breadcrumb\"},\"inLanguage\":\"en-US\",\"potentialAction\":[{\"@type\":\"ReadAction\",\"target\":[\"https:\/\/www.visit-ulcinj.com\/blog\/2015\/01\/13\/vaselj-sinistaj-nesto-mi-mozemo-nauciti-od-kosova\/\"]}]},{\"@type\":\"BreadcrumbList\",\"@id\":\"https:\/\/www.visit-ulcinj.com\/blog\/2015\/01\/13\/vaselj-sinistaj-nesto-mi-mozemo-nauciti-od-kosova\/#breadcrumb\",\"itemListElement\":[{\"@type\":\"ListItem\",\"position\":1,\"name\":\"Vaselj Sini\u0161taj: Ne\u0161to i mi mo\u017eemo nau\u010diti od Kosova\"}]},{\"@type\":\"Person\",\"@id\":\"https:\/\/www.visit-ulcinj.com\/blog\/#\/schema\/person\/dcab619c614d3038751c63bc2aadc06d\",\"name\":\"ulqini\",\"sameAs\":[\"http:\/\/www.visit-ulcinj.com\"],\"url\":\"https:\/\/www.visit-ulcinj.com\/blog\/author\/admin\/\"}]}<\/script>\n<!-- \/ Yoast SEO plugin. -->","yoast_head_json":{"title":"Vaselj Sini\u0161taj: Ne\u0161to i mi mo\u017eemo nau\u010diti od Kosova - Lajme nga Ulqini","description":"Vaselj Sini\u0161taj, odbornik Gra\u0111anske inicijative u Skup\u0161tini Gradske op\u0161tine Tuzi i poslani\u010dki kandidat Izborne liste \u201cForca za jedinstvo\u201d, ocijenio je da","robots":{"index":"index","follow":"follow","max-snippet":"max-snippet:-1","max-image-preview":"max-image-preview:large","max-video-preview":"max-video-preview:-1"},"canonical":"https:\/\/www.visit-ulcinj.com\/blog\/2015\/01\/13\/vaselj-sinistaj-nesto-mi-mozemo-nauciti-od-kosova\/","og_locale":"en_US","og_type":"article","og_title":"Vaselj Sini\u0161taj: Ne\u0161to i mi mo\u017eemo nau\u010diti od Kosova - Lajme nga Ulqini","og_description":"Vaselj Sini\u0161taj, odbornik Gra\u0111anske inicijative u Skup\u0161tini Gradske op\u0161tine Tuzi i poslani\u010dki kandidat Izborne liste \u201cForca za jedinstvo\u201d, ocijenio je da","og_url":"https:\/\/www.visit-ulcinj.com\/blog\/2015\/01\/13\/vaselj-sinistaj-nesto-mi-mozemo-nauciti-od-kosova\/","og_site_name":"Lajme nga Ulqini","article_published_time":"2015-01-13T15:59:39+00:00","og_image":[{"url":"http:\/\/www.visit-ulcinj.com\/blog\/wp-content\/uploads\/2013\/06\/Vaselj-Sinistaj-Foto-Vijesti.jpg"}],"twitter_misc":{"Written by":"ulqini","Est. reading time":"4 minutes"},"schema":{"@context":"https:\/\/schema.org","@graph":[{"@type":"WebSite","@id":"https:\/\/www.visit-ulcinj.com\/blog\/#website","url":"https:\/\/www.visit-ulcinj.com\/blog\/","name":"Lajme nga Ulqini","description":"Lajme,Vijesti,Ulqini,Ulqin,Crna Gora,Mali i Zi","potentialAction":[{"@type":"SearchAction","target":{"@type":"EntryPoint","urlTemplate":"https:\/\/www.visit-ulcinj.com\/blog\/?s={search_term_string}"},"query-input":"required name=search_term_string"}],"inLanguage":"en-US"},{"@type":"ImageObject","inLanguage":"en-US","@id":"https:\/\/www.visit-ulcinj.com\/blog\/2015\/01\/13\/vaselj-sinistaj-nesto-mi-mozemo-nauciti-od-kosova\/#primaryimage","url":"https:\/\/www.visit-ulcinj.com\/blog\/wp-content\/uploads\/2013\/06\/Vaselj-Sinistaj-Foto-Vijesti.jpg","contentUrl":"https:\/\/www.visit-ulcinj.com\/blog\/wp-content\/uploads\/2013\/06\/Vaselj-Sinistaj-Foto-Vijesti.jpg","width":891,"height":750},{"@type":"WebPage","@id":"https:\/\/www.visit-ulcinj.com\/blog\/2015\/01\/13\/vaselj-sinistaj-nesto-mi-mozemo-nauciti-od-kosova\/#webpage","url":"https:\/\/www.visit-ulcinj.com\/blog\/2015\/01\/13\/vaselj-sinistaj-nesto-mi-mozemo-nauciti-od-kosova\/","name":"Vaselj Sini\u0161taj: Ne\u0161to i mi mo\u017eemo nau\u010diti od Kosova - Lajme nga Ulqini","isPartOf":{"@id":"https:\/\/www.visit-ulcinj.com\/blog\/#website"},"primaryImageOfPage":{"@id":"https:\/\/www.visit-ulcinj.com\/blog\/2015\/01\/13\/vaselj-sinistaj-nesto-mi-mozemo-nauciti-od-kosova\/#primaryimage"},"datePublished":"2015-01-13T15:59:39+00:00","dateModified":"2015-01-13T15:59:39+00:00","author":{"@id":"https:\/\/www.visit-ulcinj.com\/blog\/#\/schema\/person\/dcab619c614d3038751c63bc2aadc06d"},"description":"Vaselj Sini\u0161taj, odbornik Gra\u0111anske inicijative u Skup\u0161tini Gradske op\u0161tine Tuzi i poslani\u010dki kandidat Izborne liste \u201cForca za jedinstvo\u201d, ocijenio je da","breadcrumb":{"@id":"https:\/\/www.visit-ulcinj.com\/blog\/2015\/01\/13\/vaselj-sinistaj-nesto-mi-mozemo-nauciti-od-kosova\/#breadcrumb"},"inLanguage":"en-US","potentialAction":[{"@type":"ReadAction","target":["https:\/\/www.visit-ulcinj.com\/blog\/2015\/01\/13\/vaselj-sinistaj-nesto-mi-mozemo-nauciti-od-kosova\/"]}]},{"@type":"BreadcrumbList","@id":"https:\/\/www.visit-ulcinj.com\/blog\/2015\/01\/13\/vaselj-sinistaj-nesto-mi-mozemo-nauciti-od-kosova\/#breadcrumb","itemListElement":[{"@type":"ListItem","position":1,"name":"Vaselj Sini\u0161taj: Ne\u0161to i mi mo\u017eemo nau\u010diti od Kosova"}]},{"@type":"Person","@id":"https:\/\/www.visit-ulcinj.com\/blog\/#\/schema\/person\/dcab619c614d3038751c63bc2aadc06d","name":"ulqini","sameAs":["http:\/\/www.visit-ulcinj.com"],"url":"https:\/\/www.visit-ulcinj.com\/blog\/author\/admin\/"}]}},"jetpack_featured_media_url":"","jetpack_sharing_enabled":true,"jetpack_shortlink":"https:\/\/wp.me\/pe6lTn-mO9","_links":{"self":[{"href":"https:\/\/www.visit-ulcinj.com\/blog\/wp-json\/wp\/v2\/posts\/87677"}],"collection":[{"href":"https:\/\/www.visit-ulcinj.com\/blog\/wp-json\/wp\/v2\/posts"}],"about":[{"href":"https:\/\/www.visit-ulcinj.com\/blog\/wp-json\/wp\/v2\/types\/post"}],"author":[{"embeddable":true,"href":"https:\/\/www.visit-ulcinj.com\/blog\/wp-json\/wp\/v2\/users\/1"}],"replies":[{"embeddable":true,"href":"https:\/\/www.visit-ulcinj.com\/blog\/wp-json\/wp\/v2\/comments?post=87677"}],"version-history":[{"count":1,"href":"https:\/\/www.visit-ulcinj.com\/blog\/wp-json\/wp\/v2\/posts\/87677\/revisions"}],"predecessor-version":[{"id":87678,"href":"https:\/\/www.visit-ulcinj.com\/blog\/wp-json\/wp\/v2\/posts\/87677\/revisions\/87678"}],"wp:attachment":[{"href":"https:\/\/www.visit-ulcinj.com\/blog\/wp-json\/wp\/v2\/media?parent=87677"}],"wp:term":[{"taxonomy":"category","embeddable":true,"href":"https:\/\/www.visit-ulcinj.com\/blog\/wp-json\/wp\/v2\/categories?post=87677"},{"taxonomy":"post_tag","embeddable":true,"href":"https:\/\/www.visit-ulcinj.com\/blog\/wp-json\/wp\/v2\/tags?post=87677"}],"curies":[{"name":"wp","href":"https:\/\/api.w.org\/{rel}","templated":true}]}}