{"id":87682,"date":"2015-01-13T17:28:02","date_gmt":"2015-01-13T16:28:02","guid":{"rendered":"http:\/\/www.visit-ulcinj.com\/blog\/?p=87682"},"modified":"2015-01-13T19:09:45","modified_gmt":"2015-01-13T18:09:45","slug":"eshte-kjo-rruga-dhe-tuneli-e-rrezikshme-ne-ulqin","status":"publish","type":"post","link":"https:\/\/www.visit-ulcinj.com\/blog\/2015\/01\/13\/eshte-kjo-rruga-dhe-tuneli-e-rrezikshme-ne-ulqin\/","title":{"rendered":"A \u00ebsht\u00eb kjo rruga dhe tuneli m\u00eb e rrezikshme n\u00eb Ulqin"},"content":{"rendered":"<p><a href=\"http:\/\/www.visit-ulcinj.com\/blog\/wp-content\/uploads\/2015\/01\/Tuneli-i-Kllezn\u00ebs-Ulqin.jpg\"><img loading=\"lazy\" class=\"alignleft wp-image-87684\" src=\"http:\/\/www.visit-ulcinj.com\/blog\/wp-content\/uploads\/2015\/01\/Tuneli-i-Kllezn\u00ebs-Ulqin.jpg\" alt=\"Tuneli i Kllezn\u00ebs-Ulqin\" width=\"508\" height=\"287\" srcset=\"https:\/\/www.visit-ulcinj.com\/blog\/wp-content\/uploads\/2015\/01\/Tuneli-i-Kllezn\u00ebs-Ulqin.jpg 1021w, https:\/\/www.visit-ulcinj.com\/blog\/wp-content\/uploads\/2015\/01\/Tuneli-i-Kllezn\u00ebs-Ulqin-300x169.jpg 300w\" sizes=\"(max-width: 508px) 100vw, 508px\" \/><\/a>Vazhdimi i faz\u00ebs se tret\u00eb t\u00eb rikonstruktimit te rrug\u00ebs \u00a0Krythe \u2013 Ulqin, \u00ebsht\u00eb tem\u00eb kryesore e cila dat\u00ebn e fillimit po e shtyn nga periudha ne periudhe tjet\u00ebr, rapoton Portali Tv Teuta.me<\/p>\n<p>Fillimi i zgjerimit t\u00eb k\u00ebtij aksi rrugor \u00ebsht\u00eb pritur t\u00eb filloj\u00eb n\u00eb fillim t\u00eb shtatorit t\u00eb vitit 2014,me nj\u00eb gjat\u00ebsi prej 13,5 kilomet\u00ebr. K\u00ebshtu kishte paralajm\u00ebruar edhe kryeministri malazez Igor Llukshiq me 13 korrik t\u00eb vitit 2012 mu n\u00eb hapjen e deponis\u00eb regjionale p\u00ebr Ulqin dhe Tivar \u201cvitin e ardhsh\u00ebm do t\u00eb filloi nd\u00ebrtimi i faz\u00ebs s\u00eb tret\u00eb, p\u00ebrfundimtare t\u00eb rrug\u00ebs Ulqin-Sukubin\u00eb\u201d.deklaroi Llukshiq.<\/p>\n<p>Zgj\u00ebrimi i k\u00ebtij aksi rrugor \u00ebsht\u00eb shtyr\u00eb edhe disa her\u00eb t\u00eb tjera.Sipas zyrtar\u00ebve t\u00eb lart\u00eb fillimi i punimeve pritet t\u00eb filloi\u00a0 n\u00eb stinen e pranver\u00ebs megjithat\u00eb \u00a0ende nuk po shihet asnj\u00eb l\u00ebvizje n\u00eb at\u00eb drejtim.<\/p>\n<p>T\u00eb trokas\u00ebsh n\u00eb dyert e komun\u00ebs tek \u00a0organet kompetente p\u00ebr k\u00ebt\u00eb gj\u00eb p\u00ebrgjigjet jan\u00eb gjithmon\u00eb t\u00eb njejta, q\u00eb urdh\u00ebri I fillimit t\u00eb\u00a0 pun\u00ebs vjen\u00a0 qendra , e megjithat\u00eb edhe n\u00ebse kjo nuk \u00ebsht\u00eb n\u00eb duart e tyre,sigurisht q\u00eb kan\u00eb p\u00ebrgjegj\u00ebsi p\u00ebr nj\u00eb mir\u00ebmbajtje m\u00eb t\u00eb rregullt t\u00eb k\u00ebtij aksi,e sidomos tani n\u00eb sezonin dim\u00ebror.<\/p>\n<p>E pik\u00ebrisht n\u00eb ket\u00eb aks t\u00eb rrug\u00ebs , pra n\u00eb tunelin e Kllezn\u00ebs ,ato q\u00eb udh\u00ebtojn\u00eb \u00e7do dite p\u00ebr shkoll\u00eb, apo p\u00ebr pun\u00eb, duke p\u00ebrjashtuar kalimtar t\u00eb rastit, mu n\u00eb k\u00ebt\u00eb vend u ballafaquan me probleme t\u00eb m\u00ebdha,aksidente ,por p\u00ebr fat t\u00eb mir\u00eb ka pasur vet\u00ebm d\u00ebme materiale.<\/p>\n<p>Ngricat dhe mos ekzistimi\u00a0 i an\u00ebsoreve\u00a0 bien deri ne at\u00eb pik\u00eb q\u00eb t\u00eb kesh frik t\u00eb marr\u00ebsh rrug\u00eb,nga Ulqini e deri ne Kryth\u00eb . Si\u00e7 e shihni edhe vet\u00eb ne shumic\u00ebn e pikave te rrug\u00ebs \u00ebsht\u00eb\u00a0 rrezik t\u00eb hasen dy automjete nj\u00ebher\u00ebsh.<\/p>\n<p>Rikujtojm\u00eb q\u00eb rruga magjistrale nga Ulqini deri n\u00eb Sukubin\u00eb \u00ebsht\u00eb nd\u00ebrtuar rreth viteve 50 t\u00eb shekullit 20, e me hapjen e kalimit kufitar Sukubin\u00eb, n\u00eb vitin 2002, \u00ebsht\u00eb b\u00ebr\u00eb rrug\u00eb nd\u00ebrkomb\u00ebtare n\u00eb t\u00eb cil\u00ebn \u00e7do vit kalojn\u00eb disa dhjet\u00ebra mij\u00ebra automjete.\u00cbsht\u00eb edhe rruga m\u00eb problematike p\u00ebr t\u00eb cil\u00ebn banor\u00ebt e zon\u00ebs shprehin shqetsimin e tyre sidomos gjat\u00eb sezonit veror,por edhe n\u00eb k\u00ebto dit\u00eb t\u00eb ftohta ,ku kemi ngrica e q\u00eb mund t\u00eb jen\u00eb fatale,pasi q\u00eb n\u00eb vendet m\u00eb kritike nuk kemi as an\u00ebsor\u00ebt.<\/p>\n<p>T\u00eb thuash nga zyret se punimet p\u00ebr rikonstruktimin e rrug\u00ebs do t\u00eb fillojn s\u00eb shpejti ,m\u00eb t\u00eb v\u00ebrtet \u00ebsht\u00eb bukur, por do t\u00eb ishte m\u00eb mir\u00eb q\u00eb t\u00eb dilnin n\u00eb teren dhe t\u00eb shohin m\u00eb nga af\u00ebr se me cka ballafaqohen banor\u00ebt e zon\u00ebs.<\/p>\n","protected":false},"excerpt":{"rendered":"<p>Vazhdimi i faz\u00ebs se tret\u00eb t\u00eb rikonstruktimit te rrug\u00ebs \u00a0Krythe \u2013 Ulqin, \u00ebsht\u00eb tem\u00eb kryesore e cila dat\u00ebn e fillimit po e shtyn nga periudha ne periudhe tjet\u00ebr, rapoton Portali Tv Teuta.me Fillimi i zgjerimit t\u00eb k\u00ebtij aksi rrugor \u00ebsht\u00eb pritur t\u00eb filloj\u00eb n\u00eb fillim t\u00eb shtatorit t\u00eb vitit 2014,me nj\u00eb gjat\u00ebsi prej 13,5 kilomet\u00ebr. [&hellip;]<\/p>\n","protected":false},"author":1,"featured_media":0,"comment_status":"closed","ping_status":"closed","sticky":false,"template":"","format":"standard","meta":{"spay_email":"","jetpack_publicize_message":"","jetpack_is_tweetstorm":false,"jetpack_publicize_feature_enabled":true},"categories":[13],"tags":[],"jetpack_publicize_connections":[],"yoast_head":"<!-- This site is optimized with the Yoast SEO plugin v19.1 - https:\/\/yoast.com\/wordpress\/plugins\/seo\/ -->\n<title>A \u00ebsht\u00eb kjo rruga dhe tuneli m\u00eb e rrezikshme n\u00eb Ulqin - Lajme nga Ulqini<\/title>\n<meta name=\"description\" content=\"Vazhdimi i faz\u00ebs se tret\u00eb t\u00eb rikonstruktimit te rrug\u00ebs \u00a0Krythe \u2013 Ulqin, \u00ebsht\u00eb tem\u00eb kryesore e cila dat\u00ebn e fillimit po e shtyn nga periudha ne periudhe\" \/>\n<meta name=\"robots\" content=\"index, follow, max-snippet:-1, max-image-preview:large, max-video-preview:-1\" \/>\n<link rel=\"canonical\" href=\"https:\/\/www.visit-ulcinj.com\/blog\/2015\/01\/13\/eshte-kjo-rruga-dhe-tuneli-e-rrezikshme-ne-ulqin\/\" \/>\n<meta property=\"og:locale\" content=\"en_US\" \/>\n<meta property=\"og:type\" content=\"article\" \/>\n<meta property=\"og:title\" content=\"A \u00ebsht\u00eb kjo rruga dhe tuneli m\u00eb e rrezikshme n\u00eb Ulqin - Lajme nga Ulqini\" \/>\n<meta property=\"og:description\" content=\"Vazhdimi i faz\u00ebs se tret\u00eb t\u00eb rikonstruktimit te rrug\u00ebs \u00a0Krythe \u2013 Ulqin, \u00ebsht\u00eb tem\u00eb kryesore e cila dat\u00ebn e fillimit po e shtyn nga periudha ne periudhe\" \/>\n<meta property=\"og:url\" content=\"https:\/\/www.visit-ulcinj.com\/blog\/2015\/01\/13\/eshte-kjo-rruga-dhe-tuneli-e-rrezikshme-ne-ulqin\/\" \/>\n<meta property=\"og:site_name\" content=\"Lajme nga Ulqini\" \/>\n<meta property=\"article:published_time\" content=\"2015-01-13T16:28:02+00:00\" \/>\n<meta property=\"article:modified_time\" content=\"2015-01-13T18:09:45+00:00\" \/>\n<meta name=\"twitter:label1\" content=\"Written by\" \/>\n\t<meta name=\"twitter:data1\" content=\"ulqini\" \/>\n\t<meta name=\"twitter:label2\" content=\"Est. reading time\" \/>\n\t<meta name=\"twitter:data2\" content=\"2 minutes\" \/>\n<script type=\"application\/ld+json\" class=\"yoast-schema-graph\">{\"@context\":\"https:\/\/schema.org\",\"@graph\":[{\"@type\":\"WebSite\",\"@id\":\"https:\/\/www.visit-ulcinj.com\/blog\/#website\",\"url\":\"https:\/\/www.visit-ulcinj.com\/blog\/\",\"name\":\"Lajme nga Ulqini\",\"description\":\"Lajme,Vijesti,Ulqini,Ulqin,Crna Gora,Mali i Zi\",\"potentialAction\":[{\"@type\":\"SearchAction\",\"target\":{\"@type\":\"EntryPoint\",\"urlTemplate\":\"https:\/\/www.visit-ulcinj.com\/blog\/?s={search_term_string}\"},\"query-input\":\"required name=search_term_string\"}],\"inLanguage\":\"en-US\"},{\"@type\":\"WebPage\",\"@id\":\"https:\/\/www.visit-ulcinj.com\/blog\/2015\/01\/13\/eshte-kjo-rruga-dhe-tuneli-e-rrezikshme-ne-ulqin\/#webpage\",\"url\":\"https:\/\/www.visit-ulcinj.com\/blog\/2015\/01\/13\/eshte-kjo-rruga-dhe-tuneli-e-rrezikshme-ne-ulqin\/\",\"name\":\"A \u00ebsht\u00eb kjo rruga dhe tuneli m\u00eb e rrezikshme n\u00eb Ulqin - Lajme nga Ulqini\",\"isPartOf\":{\"@id\":\"https:\/\/www.visit-ulcinj.com\/blog\/#website\"},\"datePublished\":\"2015-01-13T16:28:02+00:00\",\"dateModified\":\"2015-01-13T18:09:45+00:00\",\"author\":{\"@id\":\"https:\/\/www.visit-ulcinj.com\/blog\/#\/schema\/person\/dcab619c614d3038751c63bc2aadc06d\"},\"description\":\"Vazhdimi i faz\u00ebs se tret\u00eb t\u00eb rikonstruktimit te rrug\u00ebs \u00a0Krythe \u2013 Ulqin, \u00ebsht\u00eb tem\u00eb kryesore e cila dat\u00ebn e fillimit po e shtyn nga periudha ne periudhe\",\"breadcrumb\":{\"@id\":\"https:\/\/www.visit-ulcinj.com\/blog\/2015\/01\/13\/eshte-kjo-rruga-dhe-tuneli-e-rrezikshme-ne-ulqin\/#breadcrumb\"},\"inLanguage\":\"en-US\",\"potentialAction\":[{\"@type\":\"ReadAction\",\"target\":[\"https:\/\/www.visit-ulcinj.com\/blog\/2015\/01\/13\/eshte-kjo-rruga-dhe-tuneli-e-rrezikshme-ne-ulqin\/\"]}]},{\"@type\":\"BreadcrumbList\",\"@id\":\"https:\/\/www.visit-ulcinj.com\/blog\/2015\/01\/13\/eshte-kjo-rruga-dhe-tuneli-e-rrezikshme-ne-ulqin\/#breadcrumb\",\"itemListElement\":[{\"@type\":\"ListItem\",\"position\":1,\"name\":\"A \u00ebsht\u00eb kjo rruga dhe tuneli m\u00eb e rrezikshme n\u00eb Ulqin\"}]},{\"@type\":\"Person\",\"@id\":\"https:\/\/www.visit-ulcinj.com\/blog\/#\/schema\/person\/dcab619c614d3038751c63bc2aadc06d\",\"name\":\"ulqini\",\"sameAs\":[\"http:\/\/www.visit-ulcinj.com\"],\"url\":\"https:\/\/www.visit-ulcinj.com\/blog\/author\/admin\/\"}]}<\/script>\n<!-- \/ Yoast SEO plugin. -->","yoast_head_json":{"title":"A \u00ebsht\u00eb kjo rruga dhe tuneli m\u00eb e rrezikshme n\u00eb Ulqin - Lajme nga Ulqini","description":"Vazhdimi i faz\u00ebs se tret\u00eb t\u00eb rikonstruktimit te rrug\u00ebs \u00a0Krythe \u2013 Ulqin, \u00ebsht\u00eb tem\u00eb kryesore e cila dat\u00ebn e fillimit po e shtyn nga periudha ne periudhe","robots":{"index":"index","follow":"follow","max-snippet":"max-snippet:-1","max-image-preview":"max-image-preview:large","max-video-preview":"max-video-preview:-1"},"canonical":"https:\/\/www.visit-ulcinj.com\/blog\/2015\/01\/13\/eshte-kjo-rruga-dhe-tuneli-e-rrezikshme-ne-ulqin\/","og_locale":"en_US","og_type":"article","og_title":"A \u00ebsht\u00eb kjo rruga dhe tuneli m\u00eb e rrezikshme n\u00eb Ulqin - Lajme nga Ulqini","og_description":"Vazhdimi i faz\u00ebs se tret\u00eb t\u00eb rikonstruktimit te rrug\u00ebs \u00a0Krythe \u2013 Ulqin, \u00ebsht\u00eb tem\u00eb kryesore e cila dat\u00ebn e fillimit po e shtyn nga periudha ne periudhe","og_url":"https:\/\/www.visit-ulcinj.com\/blog\/2015\/01\/13\/eshte-kjo-rruga-dhe-tuneli-e-rrezikshme-ne-ulqin\/","og_site_name":"Lajme nga Ulqini","article_published_time":"2015-01-13T16:28:02+00:00","article_modified_time":"2015-01-13T18:09:45+00:00","twitter_misc":{"Written by":"ulqini","Est. reading time":"2 minutes"},"schema":{"@context":"https:\/\/schema.org","@graph":[{"@type":"WebSite","@id":"https:\/\/www.visit-ulcinj.com\/blog\/#website","url":"https:\/\/www.visit-ulcinj.com\/blog\/","name":"Lajme nga Ulqini","description":"Lajme,Vijesti,Ulqini,Ulqin,Crna Gora,Mali i Zi","potentialAction":[{"@type":"SearchAction","target":{"@type":"EntryPoint","urlTemplate":"https:\/\/www.visit-ulcinj.com\/blog\/?s={search_term_string}"},"query-input":"required name=search_term_string"}],"inLanguage":"en-US"},{"@type":"WebPage","@id":"https:\/\/www.visit-ulcinj.com\/blog\/2015\/01\/13\/eshte-kjo-rruga-dhe-tuneli-e-rrezikshme-ne-ulqin\/#webpage","url":"https:\/\/www.visit-ulcinj.com\/blog\/2015\/01\/13\/eshte-kjo-rruga-dhe-tuneli-e-rrezikshme-ne-ulqin\/","name":"A \u00ebsht\u00eb kjo rruga dhe tuneli m\u00eb e rrezikshme n\u00eb Ulqin - Lajme nga Ulqini","isPartOf":{"@id":"https:\/\/www.visit-ulcinj.com\/blog\/#website"},"datePublished":"2015-01-13T16:28:02+00:00","dateModified":"2015-01-13T18:09:45+00:00","author":{"@id":"https:\/\/www.visit-ulcinj.com\/blog\/#\/schema\/person\/dcab619c614d3038751c63bc2aadc06d"},"description":"Vazhdimi i faz\u00ebs se tret\u00eb t\u00eb rikonstruktimit te rrug\u00ebs \u00a0Krythe \u2013 Ulqin, \u00ebsht\u00eb tem\u00eb kryesore e cila dat\u00ebn e fillimit po e shtyn nga periudha ne periudhe","breadcrumb":{"@id":"https:\/\/www.visit-ulcinj.com\/blog\/2015\/01\/13\/eshte-kjo-rruga-dhe-tuneli-e-rrezikshme-ne-ulqin\/#breadcrumb"},"inLanguage":"en-US","potentialAction":[{"@type":"ReadAction","target":["https:\/\/www.visit-ulcinj.com\/blog\/2015\/01\/13\/eshte-kjo-rruga-dhe-tuneli-e-rrezikshme-ne-ulqin\/"]}]},{"@type":"BreadcrumbList","@id":"https:\/\/www.visit-ulcinj.com\/blog\/2015\/01\/13\/eshte-kjo-rruga-dhe-tuneli-e-rrezikshme-ne-ulqin\/#breadcrumb","itemListElement":[{"@type":"ListItem","position":1,"name":"A \u00ebsht\u00eb kjo rruga dhe tuneli m\u00eb e rrezikshme n\u00eb Ulqin"}]},{"@type":"Person","@id":"https:\/\/www.visit-ulcinj.com\/blog\/#\/schema\/person\/dcab619c614d3038751c63bc2aadc06d","name":"ulqini","sameAs":["http:\/\/www.visit-ulcinj.com"],"url":"https:\/\/www.visit-ulcinj.com\/blog\/author\/admin\/"}]}},"jetpack_featured_media_url":"","jetpack_sharing_enabled":true,"jetpack_shortlink":"https:\/\/wp.me\/pe6lTn-mOe","_links":{"self":[{"href":"https:\/\/www.visit-ulcinj.com\/blog\/wp-json\/wp\/v2\/posts\/87682"}],"collection":[{"href":"https:\/\/www.visit-ulcinj.com\/blog\/wp-json\/wp\/v2\/posts"}],"about":[{"href":"https:\/\/www.visit-ulcinj.com\/blog\/wp-json\/wp\/v2\/types\/post"}],"author":[{"embeddable":true,"href":"https:\/\/www.visit-ulcinj.com\/blog\/wp-json\/wp\/v2\/users\/1"}],"replies":[{"embeddable":true,"href":"https:\/\/www.visit-ulcinj.com\/blog\/wp-json\/wp\/v2\/comments?post=87682"}],"version-history":[{"count":2,"href":"https:\/\/www.visit-ulcinj.com\/blog\/wp-json\/wp\/v2\/posts\/87682\/revisions"}],"predecessor-version":[{"id":87707,"href":"https:\/\/www.visit-ulcinj.com\/blog\/wp-json\/wp\/v2\/posts\/87682\/revisions\/87707"}],"wp:attachment":[{"href":"https:\/\/www.visit-ulcinj.com\/blog\/wp-json\/wp\/v2\/media?parent=87682"}],"wp:term":[{"taxonomy":"category","embeddable":true,"href":"https:\/\/www.visit-ulcinj.com\/blog\/wp-json\/wp\/v2\/categories?post=87682"},{"taxonomy":"post_tag","embeddable":true,"href":"https:\/\/www.visit-ulcinj.com\/blog\/wp-json\/wp\/v2\/tags?post=87682"}],"curies":[{"name":"wp","href":"https:\/\/api.w.org\/{rel}","templated":true}]}}