{"id":87686,"date":"2015-01-13T17:35:44","date_gmt":"2015-01-13T16:35:44","guid":{"rendered":"http:\/\/www.visit-ulcinj.com\/blog\/?p=87686"},"modified":"2015-01-13T17:35:44","modified_gmt":"2015-01-13T16:35:44","slug":"gazeta-der-standard-kriporja-e-ulqinit-ne-rrezik","status":"publish","type":"post","link":"https:\/\/www.visit-ulcinj.com\/blog\/2015\/01\/13\/gazeta-der-standard-kriporja-e-ulqinit-ne-rrezik\/","title":{"rendered":"Gazeta Der Standard: Kriporja e Ulqinit n\u00eb rrezik!"},"content":{"rendered":"<p><a href=\"http:\/\/www.visit-ulcinj.com\/blog\/wp-content\/uploads\/2015\/01\/Gazeta-Der-Standard-Ulqin-Ulcinj-Montenegro.jpg\"><img loading=\"lazy\" class=\"alignleft wp-image-87688\" src=\"http:\/\/www.visit-ulcinj.com\/blog\/wp-content\/uploads\/2015\/01\/Gazeta-Der-Standard-Ulqin-Ulcinj-Montenegro.jpg\" alt=\"Gazeta Der Standard-Ulqin-Ulcinj-Montenegro\" width=\"508\" height=\"350\" srcset=\"https:\/\/www.visit-ulcinj.com\/blog\/wp-content\/uploads\/2015\/01\/Gazeta-Der-Standard-Ulqin-Ulcinj-Montenegro.jpg 1024w, https:\/\/www.visit-ulcinj.com\/blog\/wp-content\/uploads\/2015\/01\/Gazeta-Der-Standard-Ulqin-Ulcinj-Montenegro-300x206.jpg 300w\" sizes=\"(max-width: 508px) 100vw, 508px\" \/><\/a>\u201cN\u00eb Kriporen e Ulqinit v\u00ebshtire se do t\u00eb ket\u00eb prodhim, cka do t\u00eb shkaktoj\u00eb probleme p\u00ebr zogjt\u00eb n\u00eb k\u00ebt\u00eb rajon. Ambijentalist\u00ebt paralajm\u00ebrojn\u00eb nd\u00ebrtimin e komplekseve turistike\u201d, raporton Portali Lajm.me.<\/p>\n<p>Me k\u00ebto fjal\u00eb gazeta austriake \u201cDer Standard\u201d fillon artikullin p\u00ebr Kriporen e Ulqinit, ku edhe nj\u00eb her\u00eb shprehet shqetesimi p\u00ebr t\u00eb ardhmen e Kripores, por edhe t\u00eb rreth 250 llojeve t\u00eb shpend\u00ebve q\u00eb at\u00eb e kan\u00eb habitat natyror\u00eb.<\/p>\n<p>Nga k\u00ebto, p\u00ebr shkak t\u00eb bukuris\u00eb, \u00a0m\u00eb shum\u00eb ndoshta t\u00ebrheq vemendjen prania e flamingove, por Kriporja \u00ebsht\u00eb jetike p\u00ebr t\u00eb gjith\u00eb.<\/p>\n<p>N\u00ebse kjo situat\u00eb vazhdon, dhe nuk do t\u00eb ket\u00eb prodhim ashtu si vitin e kaluar, at\u00ebhere e gjithe kjo bot\u00eb shtazore do t\u00eb vihet n\u00eb rrezik.<\/p>\n<p>Dhe kjo, me perjashtime t\u00eb rralla, me tep\u00ebr shqeteson t\u00eb huajt se shtetin dhe banor\u00ebt e Malit t\u00eb Zi.<\/p>\n","protected":false},"excerpt":{"rendered":"<p>\u201cN\u00eb Kriporen e Ulqinit v\u00ebshtire se do t\u00eb ket\u00eb prodhim, cka do t\u00eb shkaktoj\u00eb probleme p\u00ebr zogjt\u00eb n\u00eb k\u00ebt\u00eb rajon. Ambijentalist\u00ebt paralajm\u00ebrojn\u00eb nd\u00ebrtimin e komplekseve turistike\u201d, raporton Portali Lajm.me. Me k\u00ebto fjal\u00eb gazeta austriake \u201cDer Standard\u201d fillon artikullin p\u00ebr Kriporen e Ulqinit, ku edhe nj\u00eb her\u00eb shprehet shqetesimi p\u00ebr t\u00eb ardhmen e Kripores, por edhe [&hellip;]<\/p>\n","protected":false},"author":1,"featured_media":0,"comment_status":"closed","ping_status":"closed","sticky":false,"template":"","format":"standard","meta":{"spay_email":"","jetpack_publicize_message":"","jetpack_is_tweetstorm":false,"jetpack_publicize_feature_enabled":true},"categories":[2451],"tags":[],"jetpack_publicize_connections":[],"yoast_head":"<!-- This site is optimized with the Yoast SEO plugin v19.1 - https:\/\/yoast.com\/wordpress\/plugins\/seo\/ -->\n<title>Gazeta Der Standard: Kriporja e Ulqinit n\u00eb rrezik! - Lajme nga Ulqini<\/title>\n<meta name=\"description\" content=\"\u201cN\u00eb Kriporen e Ulqinit v\u00ebshtire se do t\u00eb ket\u00eb prodhim, cka do t\u00eb shkaktoj\u00eb probleme p\u00ebr zogjt\u00eb n\u00eb k\u00ebt\u00eb rajon. Ambijentalist\u00ebt paralajm\u00ebrojn\u00eb nd\u00ebrtimin e\" \/>\n<meta name=\"robots\" content=\"index, follow, max-snippet:-1, max-image-preview:large, max-video-preview:-1\" \/>\n<link rel=\"canonical\" href=\"https:\/\/www.visit-ulcinj.com\/blog\/2015\/01\/13\/gazeta-der-standard-kriporja-e-ulqinit-ne-rrezik\/\" \/>\n<meta property=\"og:locale\" content=\"en_US\" \/>\n<meta property=\"og:type\" content=\"article\" \/>\n<meta property=\"og:title\" content=\"Gazeta Der Standard: Kriporja e Ulqinit n\u00eb rrezik! - Lajme nga Ulqini\" \/>\n<meta property=\"og:description\" content=\"\u201cN\u00eb Kriporen e Ulqinit v\u00ebshtire se do t\u00eb ket\u00eb prodhim, cka do t\u00eb shkaktoj\u00eb probleme p\u00ebr zogjt\u00eb n\u00eb k\u00ebt\u00eb rajon. Ambijentalist\u00ebt paralajm\u00ebrojn\u00eb nd\u00ebrtimin e\" \/>\n<meta property=\"og:url\" content=\"https:\/\/www.visit-ulcinj.com\/blog\/2015\/01\/13\/gazeta-der-standard-kriporja-e-ulqinit-ne-rrezik\/\" \/>\n<meta property=\"og:site_name\" content=\"Lajme nga Ulqini\" \/>\n<meta property=\"article:published_time\" content=\"2015-01-13T16:35:44+00:00\" \/>\n<meta property=\"og:image\" content=\"http:\/\/www.visit-ulcinj.com\/blog\/wp-content\/uploads\/2015\/01\/Gazeta-Der-Standard-Ulqin-Ulcinj-Montenegro.jpg\" \/>\n<meta name=\"twitter:label1\" content=\"Written by\" \/>\n\t<meta name=\"twitter:data1\" content=\"ulqini\" \/>\n\t<meta name=\"twitter:label2\" content=\"Est. reading time\" \/>\n\t<meta name=\"twitter:data2\" content=\"1 minute\" \/>\n<script type=\"application\/ld+json\" class=\"yoast-schema-graph\">{\"@context\":\"https:\/\/schema.org\",\"@graph\":[{\"@type\":\"WebSite\",\"@id\":\"https:\/\/www.visit-ulcinj.com\/blog\/#website\",\"url\":\"https:\/\/www.visit-ulcinj.com\/blog\/\",\"name\":\"Lajme nga Ulqini\",\"description\":\"Lajme,Vijesti,Ulqini,Ulqin,Crna Gora,Mali i Zi\",\"potentialAction\":[{\"@type\":\"SearchAction\",\"target\":{\"@type\":\"EntryPoint\",\"urlTemplate\":\"https:\/\/www.visit-ulcinj.com\/blog\/?s={search_term_string}\"},\"query-input\":\"required name=search_term_string\"}],\"inLanguage\":\"en-US\"},{\"@type\":\"ImageObject\",\"inLanguage\":\"en-US\",\"@id\":\"https:\/\/www.visit-ulcinj.com\/blog\/2015\/01\/13\/gazeta-der-standard-kriporja-e-ulqinit-ne-rrezik\/#primaryimage\",\"url\":\"https:\/\/www.visit-ulcinj.com\/blog\/wp-content\/uploads\/2015\/01\/Gazeta-Der-Standard-Ulqin-Ulcinj-Montenegro.jpg\",\"contentUrl\":\"https:\/\/www.visit-ulcinj.com\/blog\/wp-content\/uploads\/2015\/01\/Gazeta-Der-Standard-Ulqin-Ulcinj-Montenegro.jpg\",\"width\":1024,\"height\":706},{\"@type\":\"WebPage\",\"@id\":\"https:\/\/www.visit-ulcinj.com\/blog\/2015\/01\/13\/gazeta-der-standard-kriporja-e-ulqinit-ne-rrezik\/#webpage\",\"url\":\"https:\/\/www.visit-ulcinj.com\/blog\/2015\/01\/13\/gazeta-der-standard-kriporja-e-ulqinit-ne-rrezik\/\",\"name\":\"Gazeta Der Standard: Kriporja e Ulqinit n\u00eb rrezik! - Lajme nga Ulqini\",\"isPartOf\":{\"@id\":\"https:\/\/www.visit-ulcinj.com\/blog\/#website\"},\"primaryImageOfPage\":{\"@id\":\"https:\/\/www.visit-ulcinj.com\/blog\/2015\/01\/13\/gazeta-der-standard-kriporja-e-ulqinit-ne-rrezik\/#primaryimage\"},\"datePublished\":\"2015-01-13T16:35:44+00:00\",\"dateModified\":\"2015-01-13T16:35:44+00:00\",\"author\":{\"@id\":\"https:\/\/www.visit-ulcinj.com\/blog\/#\/schema\/person\/dcab619c614d3038751c63bc2aadc06d\"},\"description\":\"\u201cN\u00eb Kriporen e Ulqinit v\u00ebshtire se do t\u00eb ket\u00eb prodhim, cka do t\u00eb shkaktoj\u00eb probleme p\u00ebr zogjt\u00eb n\u00eb k\u00ebt\u00eb rajon. Ambijentalist\u00ebt paralajm\u00ebrojn\u00eb nd\u00ebrtimin e\",\"breadcrumb\":{\"@id\":\"https:\/\/www.visit-ulcinj.com\/blog\/2015\/01\/13\/gazeta-der-standard-kriporja-e-ulqinit-ne-rrezik\/#breadcrumb\"},\"inLanguage\":\"en-US\",\"potentialAction\":[{\"@type\":\"ReadAction\",\"target\":[\"https:\/\/www.visit-ulcinj.com\/blog\/2015\/01\/13\/gazeta-der-standard-kriporja-e-ulqinit-ne-rrezik\/\"]}]},{\"@type\":\"BreadcrumbList\",\"@id\":\"https:\/\/www.visit-ulcinj.com\/blog\/2015\/01\/13\/gazeta-der-standard-kriporja-e-ulqinit-ne-rrezik\/#breadcrumb\",\"itemListElement\":[{\"@type\":\"ListItem\",\"position\":1,\"name\":\"Gazeta Der Standard: Kriporja e Ulqinit n\u00eb rrezik!\"}]},{\"@type\":\"Person\",\"@id\":\"https:\/\/www.visit-ulcinj.com\/blog\/#\/schema\/person\/dcab619c614d3038751c63bc2aadc06d\",\"name\":\"ulqini\",\"sameAs\":[\"http:\/\/www.visit-ulcinj.com\"],\"url\":\"https:\/\/www.visit-ulcinj.com\/blog\/author\/admin\/\"}]}<\/script>\n<!-- \/ Yoast SEO plugin. -->","yoast_head_json":{"title":"Gazeta Der Standard: Kriporja e Ulqinit n\u00eb rrezik! - Lajme nga Ulqini","description":"\u201cN\u00eb Kriporen e Ulqinit v\u00ebshtire se do t\u00eb ket\u00eb prodhim, cka do t\u00eb shkaktoj\u00eb probleme p\u00ebr zogjt\u00eb n\u00eb k\u00ebt\u00eb rajon. Ambijentalist\u00ebt paralajm\u00ebrojn\u00eb nd\u00ebrtimin e","robots":{"index":"index","follow":"follow","max-snippet":"max-snippet:-1","max-image-preview":"max-image-preview:large","max-video-preview":"max-video-preview:-1"},"canonical":"https:\/\/www.visit-ulcinj.com\/blog\/2015\/01\/13\/gazeta-der-standard-kriporja-e-ulqinit-ne-rrezik\/","og_locale":"en_US","og_type":"article","og_title":"Gazeta Der Standard: Kriporja e Ulqinit n\u00eb rrezik! - Lajme nga Ulqini","og_description":"\u201cN\u00eb Kriporen e Ulqinit v\u00ebshtire se do t\u00eb ket\u00eb prodhim, cka do t\u00eb shkaktoj\u00eb probleme p\u00ebr zogjt\u00eb n\u00eb k\u00ebt\u00eb rajon. Ambijentalist\u00ebt paralajm\u00ebrojn\u00eb nd\u00ebrtimin e","og_url":"https:\/\/www.visit-ulcinj.com\/blog\/2015\/01\/13\/gazeta-der-standard-kriporja-e-ulqinit-ne-rrezik\/","og_site_name":"Lajme nga Ulqini","article_published_time":"2015-01-13T16:35:44+00:00","og_image":[{"url":"http:\/\/www.visit-ulcinj.com\/blog\/wp-content\/uploads\/2015\/01\/Gazeta-Der-Standard-Ulqin-Ulcinj-Montenegro.jpg"}],"twitter_misc":{"Written by":"ulqini","Est. reading time":"1 minute"},"schema":{"@context":"https:\/\/schema.org","@graph":[{"@type":"WebSite","@id":"https:\/\/www.visit-ulcinj.com\/blog\/#website","url":"https:\/\/www.visit-ulcinj.com\/blog\/","name":"Lajme nga Ulqini","description":"Lajme,Vijesti,Ulqini,Ulqin,Crna Gora,Mali i Zi","potentialAction":[{"@type":"SearchAction","target":{"@type":"EntryPoint","urlTemplate":"https:\/\/www.visit-ulcinj.com\/blog\/?s={search_term_string}"},"query-input":"required name=search_term_string"}],"inLanguage":"en-US"},{"@type":"ImageObject","inLanguage":"en-US","@id":"https:\/\/www.visit-ulcinj.com\/blog\/2015\/01\/13\/gazeta-der-standard-kriporja-e-ulqinit-ne-rrezik\/#primaryimage","url":"https:\/\/www.visit-ulcinj.com\/blog\/wp-content\/uploads\/2015\/01\/Gazeta-Der-Standard-Ulqin-Ulcinj-Montenegro.jpg","contentUrl":"https:\/\/www.visit-ulcinj.com\/blog\/wp-content\/uploads\/2015\/01\/Gazeta-Der-Standard-Ulqin-Ulcinj-Montenegro.jpg","width":1024,"height":706},{"@type":"WebPage","@id":"https:\/\/www.visit-ulcinj.com\/blog\/2015\/01\/13\/gazeta-der-standard-kriporja-e-ulqinit-ne-rrezik\/#webpage","url":"https:\/\/www.visit-ulcinj.com\/blog\/2015\/01\/13\/gazeta-der-standard-kriporja-e-ulqinit-ne-rrezik\/","name":"Gazeta Der Standard: Kriporja e Ulqinit n\u00eb rrezik! - Lajme nga Ulqini","isPartOf":{"@id":"https:\/\/www.visit-ulcinj.com\/blog\/#website"},"primaryImageOfPage":{"@id":"https:\/\/www.visit-ulcinj.com\/blog\/2015\/01\/13\/gazeta-der-standard-kriporja-e-ulqinit-ne-rrezik\/#primaryimage"},"datePublished":"2015-01-13T16:35:44+00:00","dateModified":"2015-01-13T16:35:44+00:00","author":{"@id":"https:\/\/www.visit-ulcinj.com\/blog\/#\/schema\/person\/dcab619c614d3038751c63bc2aadc06d"},"description":"\u201cN\u00eb Kriporen e Ulqinit v\u00ebshtire se do t\u00eb ket\u00eb prodhim, cka do t\u00eb shkaktoj\u00eb probleme p\u00ebr zogjt\u00eb n\u00eb k\u00ebt\u00eb rajon. Ambijentalist\u00ebt paralajm\u00ebrojn\u00eb nd\u00ebrtimin e","breadcrumb":{"@id":"https:\/\/www.visit-ulcinj.com\/blog\/2015\/01\/13\/gazeta-der-standard-kriporja-e-ulqinit-ne-rrezik\/#breadcrumb"},"inLanguage":"en-US","potentialAction":[{"@type":"ReadAction","target":["https:\/\/www.visit-ulcinj.com\/blog\/2015\/01\/13\/gazeta-der-standard-kriporja-e-ulqinit-ne-rrezik\/"]}]},{"@type":"BreadcrumbList","@id":"https:\/\/www.visit-ulcinj.com\/blog\/2015\/01\/13\/gazeta-der-standard-kriporja-e-ulqinit-ne-rrezik\/#breadcrumb","itemListElement":[{"@type":"ListItem","position":1,"name":"Gazeta Der Standard: Kriporja e Ulqinit n\u00eb rrezik!"}]},{"@type":"Person","@id":"https:\/\/www.visit-ulcinj.com\/blog\/#\/schema\/person\/dcab619c614d3038751c63bc2aadc06d","name":"ulqini","sameAs":["http:\/\/www.visit-ulcinj.com"],"url":"https:\/\/www.visit-ulcinj.com\/blog\/author\/admin\/"}]}},"jetpack_featured_media_url":"","jetpack_sharing_enabled":true,"jetpack_shortlink":"https:\/\/wp.me\/pe6lTn-mOi","_links":{"self":[{"href":"https:\/\/www.visit-ulcinj.com\/blog\/wp-json\/wp\/v2\/posts\/87686"}],"collection":[{"href":"https:\/\/www.visit-ulcinj.com\/blog\/wp-json\/wp\/v2\/posts"}],"about":[{"href":"https:\/\/www.visit-ulcinj.com\/blog\/wp-json\/wp\/v2\/types\/post"}],"author":[{"embeddable":true,"href":"https:\/\/www.visit-ulcinj.com\/blog\/wp-json\/wp\/v2\/users\/1"}],"replies":[{"embeddable":true,"href":"https:\/\/www.visit-ulcinj.com\/blog\/wp-json\/wp\/v2\/comments?post=87686"}],"version-history":[{"count":1,"href":"https:\/\/www.visit-ulcinj.com\/blog\/wp-json\/wp\/v2\/posts\/87686\/revisions"}],"predecessor-version":[{"id":87689,"href":"https:\/\/www.visit-ulcinj.com\/blog\/wp-json\/wp\/v2\/posts\/87686\/revisions\/87689"}],"wp:attachment":[{"href":"https:\/\/www.visit-ulcinj.com\/blog\/wp-json\/wp\/v2\/media?parent=87686"}],"wp:term":[{"taxonomy":"category","embeddable":true,"href":"https:\/\/www.visit-ulcinj.com\/blog\/wp-json\/wp\/v2\/categories?post=87686"},{"taxonomy":"post_tag","embeddable":true,"href":"https:\/\/www.visit-ulcinj.com\/blog\/wp-json\/wp\/v2\/tags?post=87686"}],"curies":[{"name":"wp","href":"https:\/\/api.w.org\/{rel}","templated":true}]}}