{"id":87690,"date":"2015-01-13T17:42:59","date_gmt":"2015-01-13T16:42:59","guid":{"rendered":"http:\/\/www.visit-ulcinj.com\/blog\/?p=87690"},"modified":"2015-01-13T17:42:59","modified_gmt":"2015-01-13T16:42:59","slug":"milo-gjukanoviq-kercenohet-padi-penale-nese-pranon-thacin-ne-vizite","status":"publish","type":"post","link":"https:\/\/www.visit-ulcinj.com\/blog\/2015\/01\/13\/milo-gjukanoviq-kercenohet-padi-penale-nese-pranon-thacin-ne-vizite\/","title":{"rendered":"Milo Gjukanoviq k\u00ebrc\u00ebnohet me padi penale n\u00ebse pranon Tha\u00e7in n\u00eb vizit\u00eb"},"content":{"rendered":"<p><a href=\"http:\/\/www.visit-ulcinj.com\/blog\/wp-content\/uploads\/2012\/12\/Milo-Gjukanoviq.jpg\"><img loading=\"lazy\" class=\"alignleft wp-image-66431\" src=\"http:\/\/www.visit-ulcinj.com\/blog\/wp-content\/uploads\/2012\/12\/Milo-Gjukanoviq.jpg\" alt=\"Milo-Gjukanoviq\" width=\"508\" height=\"233\" srcset=\"https:\/\/www.visit-ulcinj.com\/blog\/wp-content\/uploads\/2012\/12\/Milo-Gjukanoviq.jpg 490w, https:\/\/www.visit-ulcinj.com\/blog\/wp-content\/uploads\/2012\/12\/Milo-Gjukanoviq-300x137.jpg 300w\" sizes=\"(max-width: 508px) 100vw, 508px\" \/><\/a>Shoqata e serb\u00ebve t\u00eb Kosov\u00ebs n\u00eb Mal t\u00eb Zi, kan\u00eb paralajm\u00ebruar padi penale ndaj kryeministrit t\u00eb k\u00ebtij shteti, Milo Gjukanoviqit, n\u00ebse e pranon ministrin e Jasht\u00ebm t\u00eb Kosov\u00ebs, Hashim Tha\u00e7in n\u00eb takim.<\/p>\n<p>P\u00ebrmes nj\u00eb komunikate t\u00eb zyr\u00ebs s\u00eb k\u00ebsaj shoqate n\u00eb Beograd, b\u00ebhet e ditur se Tha\u00e7i, si\u00e7 e quajn\u00eb ata, nj\u00eb person i akuzuar p\u00ebr trafikim t\u00eb organeve, nuk duhet lejuar t\u00eb vizitoj\u00eb Podgoric\u00ebn, transmeton lajmi.net.<\/p>\n<p>Kjo padi e cila do t\u00eb parashtrohet kund\u00ebr kryeministrit t\u00eb Malit t\u00eb Zi, sipas p\u00ebrfaq\u00ebsuesve t\u00eb k\u00ebsaj shoqate, ka p\u00ebr q\u00ebllim akuzimin e tij p\u00ebr \u201cbashk\u00ebfaj\u00ebsi n\u00eb trafikimin e organeve njer\u00ebzore\u201d.<\/p>\n<p>Vizita e ministrit t\u00eb Jasht\u00ebm, Hashim Tha\u00e7it n\u00eb Podgoric\u00eb \u00ebsht\u00eb planifikuar t\u00eb b\u00ebhet t\u00eb enjten, m\u00eb 15 janar. P\u00ebrve\u00e7 k\u00ebtij reagimi, kund\u00ebr vizit\u00ebs s\u00eb Tha\u00e7it n\u00eb kryeqytetin malazez jan\u00eb dal edhe disa organizata tjera nacionaliste serbe n\u00eb k\u00ebt\u00eb shtet.<\/p>\n<p><strong>Lajmi.net<\/strong><\/p>\n","protected":false},"excerpt":{"rendered":"<p>Shoqata e serb\u00ebve t\u00eb Kosov\u00ebs n\u00eb Mal t\u00eb Zi, kan\u00eb paralajm\u00ebruar padi penale ndaj kryeministrit t\u00eb k\u00ebtij shteti, Milo Gjukanoviqit, n\u00ebse e pranon ministrin e Jasht\u00ebm t\u00eb Kosov\u00ebs, Hashim Tha\u00e7in n\u00eb takim. P\u00ebrmes nj\u00eb komunikate t\u00eb zyr\u00ebs s\u00eb k\u00ebsaj shoqate n\u00eb Beograd, b\u00ebhet e ditur se Tha\u00e7i, si\u00e7 e quajn\u00eb ata, nj\u00eb person i akuzuar [&hellip;]<\/p>\n","protected":false},"author":1,"featured_media":0,"comment_status":"closed","ping_status":"closed","sticky":false,"template":"","format":"standard","meta":{"spay_email":"","jetpack_publicize_message":"","jetpack_is_tweetstorm":false,"jetpack_publicize_feature_enabled":true},"categories":[6950],"tags":[],"jetpack_publicize_connections":[],"yoast_head":"<!-- This site is optimized with the Yoast SEO plugin v19.1 - https:\/\/yoast.com\/wordpress\/plugins\/seo\/ -->\n<title>Milo Gjukanoviq k\u00ebrc\u00ebnohet me padi penale n\u00ebse pranon Tha\u00e7in n\u00eb vizit\u00eb - Lajme nga Ulqini<\/title>\n<meta name=\"description\" content=\"Shoqata e serb\u00ebve t\u00eb Kosov\u00ebs n\u00eb Mal t\u00eb Zi, kan\u00eb paralajm\u00ebruar padi penale ndaj kryeministrit t\u00eb k\u00ebtij shteti, Milo Gjukanoviqit, n\u00ebse e pranon ministrin e\" \/>\n<meta name=\"robots\" content=\"index, follow, max-snippet:-1, max-image-preview:large, max-video-preview:-1\" \/>\n<link rel=\"canonical\" href=\"https:\/\/www.visit-ulcinj.com\/blog\/2015\/01\/13\/milo-gjukanoviq-kercenohet-padi-penale-nese-pranon-thacin-ne-vizite\/\" \/>\n<meta property=\"og:locale\" content=\"en_US\" \/>\n<meta property=\"og:type\" content=\"article\" \/>\n<meta property=\"og:title\" content=\"Milo Gjukanoviq k\u00ebrc\u00ebnohet me padi penale n\u00ebse pranon Tha\u00e7in n\u00eb vizit\u00eb - Lajme nga Ulqini\" \/>\n<meta property=\"og:description\" content=\"Shoqata e serb\u00ebve t\u00eb Kosov\u00ebs n\u00eb Mal t\u00eb Zi, kan\u00eb paralajm\u00ebruar padi penale ndaj kryeministrit t\u00eb k\u00ebtij shteti, Milo Gjukanoviqit, n\u00ebse e pranon ministrin e\" \/>\n<meta property=\"og:url\" content=\"https:\/\/www.visit-ulcinj.com\/blog\/2015\/01\/13\/milo-gjukanoviq-kercenohet-padi-penale-nese-pranon-thacin-ne-vizite\/\" \/>\n<meta property=\"og:site_name\" content=\"Lajme nga Ulqini\" \/>\n<meta property=\"article:published_time\" content=\"2015-01-13T16:42:59+00:00\" \/>\n<meta property=\"og:image\" content=\"http:\/\/www.visit-ulcinj.com\/blog\/wp-content\/uploads\/2012\/12\/Milo-Gjukanoviq.jpg\" \/>\n<meta name=\"twitter:label1\" content=\"Written by\" \/>\n\t<meta name=\"twitter:data1\" content=\"ulqini\" \/>\n\t<meta name=\"twitter:label2\" content=\"Est. reading time\" \/>\n\t<meta name=\"twitter:data2\" content=\"1 minute\" \/>\n<script type=\"application\/ld+json\" class=\"yoast-schema-graph\">{\"@context\":\"https:\/\/schema.org\",\"@graph\":[{\"@type\":\"WebSite\",\"@id\":\"https:\/\/www.visit-ulcinj.com\/blog\/#website\",\"url\":\"https:\/\/www.visit-ulcinj.com\/blog\/\",\"name\":\"Lajme nga Ulqini\",\"description\":\"Lajme,Vijesti,Ulqini,Ulqin,Crna Gora,Mali i Zi\",\"potentialAction\":[{\"@type\":\"SearchAction\",\"target\":{\"@type\":\"EntryPoint\",\"urlTemplate\":\"https:\/\/www.visit-ulcinj.com\/blog\/?s={search_term_string}\"},\"query-input\":\"required name=search_term_string\"}],\"inLanguage\":\"en-US\"},{\"@type\":\"ImageObject\",\"inLanguage\":\"en-US\",\"@id\":\"https:\/\/www.visit-ulcinj.com\/blog\/2015\/01\/13\/milo-gjukanoviq-kercenohet-padi-penale-nese-pranon-thacin-ne-vizite\/#primaryimage\",\"url\":\"https:\/\/www.visit-ulcinj.com\/blog\/wp-content\/uploads\/2012\/12\/Milo-Gjukanoviq.jpg\",\"contentUrl\":\"https:\/\/www.visit-ulcinj.com\/blog\/wp-content\/uploads\/2012\/12\/Milo-Gjukanoviq.jpg\",\"width\":\"490\",\"height\":\"225\"},{\"@type\":\"WebPage\",\"@id\":\"https:\/\/www.visit-ulcinj.com\/blog\/2015\/01\/13\/milo-gjukanoviq-kercenohet-padi-penale-nese-pranon-thacin-ne-vizite\/#webpage\",\"url\":\"https:\/\/www.visit-ulcinj.com\/blog\/2015\/01\/13\/milo-gjukanoviq-kercenohet-padi-penale-nese-pranon-thacin-ne-vizite\/\",\"name\":\"Milo Gjukanoviq k\u00ebrc\u00ebnohet me padi penale n\u00ebse pranon Tha\u00e7in n\u00eb vizit\u00eb - Lajme nga Ulqini\",\"isPartOf\":{\"@id\":\"https:\/\/www.visit-ulcinj.com\/blog\/#website\"},\"primaryImageOfPage\":{\"@id\":\"https:\/\/www.visit-ulcinj.com\/blog\/2015\/01\/13\/milo-gjukanoviq-kercenohet-padi-penale-nese-pranon-thacin-ne-vizite\/#primaryimage\"},\"datePublished\":\"2015-01-13T16:42:59+00:00\",\"dateModified\":\"2015-01-13T16:42:59+00:00\",\"author\":{\"@id\":\"https:\/\/www.visit-ulcinj.com\/blog\/#\/schema\/person\/dcab619c614d3038751c63bc2aadc06d\"},\"description\":\"Shoqata e serb\u00ebve t\u00eb Kosov\u00ebs n\u00eb Mal t\u00eb Zi, kan\u00eb paralajm\u00ebruar padi penale ndaj kryeministrit t\u00eb k\u00ebtij shteti, Milo Gjukanoviqit, n\u00ebse e pranon ministrin e\",\"breadcrumb\":{\"@id\":\"https:\/\/www.visit-ulcinj.com\/blog\/2015\/01\/13\/milo-gjukanoviq-kercenohet-padi-penale-nese-pranon-thacin-ne-vizite\/#breadcrumb\"},\"inLanguage\":\"en-US\",\"potentialAction\":[{\"@type\":\"ReadAction\",\"target\":[\"https:\/\/www.visit-ulcinj.com\/blog\/2015\/01\/13\/milo-gjukanoviq-kercenohet-padi-penale-nese-pranon-thacin-ne-vizite\/\"]}]},{\"@type\":\"BreadcrumbList\",\"@id\":\"https:\/\/www.visit-ulcinj.com\/blog\/2015\/01\/13\/milo-gjukanoviq-kercenohet-padi-penale-nese-pranon-thacin-ne-vizite\/#breadcrumb\",\"itemListElement\":[{\"@type\":\"ListItem\",\"position\":1,\"name\":\"Milo Gjukanoviq k\u00ebrc\u00ebnohet me padi penale n\u00ebse pranon Tha\u00e7in n\u00eb vizit\u00eb\"}]},{\"@type\":\"Person\",\"@id\":\"https:\/\/www.visit-ulcinj.com\/blog\/#\/schema\/person\/dcab619c614d3038751c63bc2aadc06d\",\"name\":\"ulqini\",\"sameAs\":[\"http:\/\/www.visit-ulcinj.com\"],\"url\":\"https:\/\/www.visit-ulcinj.com\/blog\/author\/admin\/\"}]}<\/script>\n<!-- \/ Yoast SEO plugin. -->","yoast_head_json":{"title":"Milo Gjukanoviq k\u00ebrc\u00ebnohet me padi penale n\u00ebse pranon Tha\u00e7in n\u00eb vizit\u00eb - Lajme nga Ulqini","description":"Shoqata e serb\u00ebve t\u00eb Kosov\u00ebs n\u00eb Mal t\u00eb Zi, kan\u00eb paralajm\u00ebruar padi penale ndaj kryeministrit t\u00eb k\u00ebtij shteti, Milo Gjukanoviqit, n\u00ebse e pranon ministrin e","robots":{"index":"index","follow":"follow","max-snippet":"max-snippet:-1","max-image-preview":"max-image-preview:large","max-video-preview":"max-video-preview:-1"},"canonical":"https:\/\/www.visit-ulcinj.com\/blog\/2015\/01\/13\/milo-gjukanoviq-kercenohet-padi-penale-nese-pranon-thacin-ne-vizite\/","og_locale":"en_US","og_type":"article","og_title":"Milo Gjukanoviq k\u00ebrc\u00ebnohet me padi penale n\u00ebse pranon Tha\u00e7in n\u00eb vizit\u00eb - Lajme nga Ulqini","og_description":"Shoqata e serb\u00ebve t\u00eb Kosov\u00ebs n\u00eb Mal t\u00eb Zi, kan\u00eb paralajm\u00ebruar padi penale ndaj kryeministrit t\u00eb k\u00ebtij shteti, Milo Gjukanoviqit, n\u00ebse e pranon ministrin e","og_url":"https:\/\/www.visit-ulcinj.com\/blog\/2015\/01\/13\/milo-gjukanoviq-kercenohet-padi-penale-nese-pranon-thacin-ne-vizite\/","og_site_name":"Lajme nga Ulqini","article_published_time":"2015-01-13T16:42:59+00:00","og_image":[{"url":"http:\/\/www.visit-ulcinj.com\/blog\/wp-content\/uploads\/2012\/12\/Milo-Gjukanoviq.jpg"}],"twitter_misc":{"Written by":"ulqini","Est. reading time":"1 minute"},"schema":{"@context":"https:\/\/schema.org","@graph":[{"@type":"WebSite","@id":"https:\/\/www.visit-ulcinj.com\/blog\/#website","url":"https:\/\/www.visit-ulcinj.com\/blog\/","name":"Lajme nga Ulqini","description":"Lajme,Vijesti,Ulqini,Ulqin,Crna Gora,Mali i Zi","potentialAction":[{"@type":"SearchAction","target":{"@type":"EntryPoint","urlTemplate":"https:\/\/www.visit-ulcinj.com\/blog\/?s={search_term_string}"},"query-input":"required name=search_term_string"}],"inLanguage":"en-US"},{"@type":"ImageObject","inLanguage":"en-US","@id":"https:\/\/www.visit-ulcinj.com\/blog\/2015\/01\/13\/milo-gjukanoviq-kercenohet-padi-penale-nese-pranon-thacin-ne-vizite\/#primaryimage","url":"https:\/\/www.visit-ulcinj.com\/blog\/wp-content\/uploads\/2012\/12\/Milo-Gjukanoviq.jpg","contentUrl":"https:\/\/www.visit-ulcinj.com\/blog\/wp-content\/uploads\/2012\/12\/Milo-Gjukanoviq.jpg","width":"490","height":"225"},{"@type":"WebPage","@id":"https:\/\/www.visit-ulcinj.com\/blog\/2015\/01\/13\/milo-gjukanoviq-kercenohet-padi-penale-nese-pranon-thacin-ne-vizite\/#webpage","url":"https:\/\/www.visit-ulcinj.com\/blog\/2015\/01\/13\/milo-gjukanoviq-kercenohet-padi-penale-nese-pranon-thacin-ne-vizite\/","name":"Milo Gjukanoviq k\u00ebrc\u00ebnohet me padi penale n\u00ebse pranon Tha\u00e7in n\u00eb vizit\u00eb - Lajme nga Ulqini","isPartOf":{"@id":"https:\/\/www.visit-ulcinj.com\/blog\/#website"},"primaryImageOfPage":{"@id":"https:\/\/www.visit-ulcinj.com\/blog\/2015\/01\/13\/milo-gjukanoviq-kercenohet-padi-penale-nese-pranon-thacin-ne-vizite\/#primaryimage"},"datePublished":"2015-01-13T16:42:59+00:00","dateModified":"2015-01-13T16:42:59+00:00","author":{"@id":"https:\/\/www.visit-ulcinj.com\/blog\/#\/schema\/person\/dcab619c614d3038751c63bc2aadc06d"},"description":"Shoqata e serb\u00ebve t\u00eb Kosov\u00ebs n\u00eb Mal t\u00eb Zi, kan\u00eb paralajm\u00ebruar padi penale ndaj kryeministrit t\u00eb k\u00ebtij shteti, Milo Gjukanoviqit, n\u00ebse e pranon ministrin e","breadcrumb":{"@id":"https:\/\/www.visit-ulcinj.com\/blog\/2015\/01\/13\/milo-gjukanoviq-kercenohet-padi-penale-nese-pranon-thacin-ne-vizite\/#breadcrumb"},"inLanguage":"en-US","potentialAction":[{"@type":"ReadAction","target":["https:\/\/www.visit-ulcinj.com\/blog\/2015\/01\/13\/milo-gjukanoviq-kercenohet-padi-penale-nese-pranon-thacin-ne-vizite\/"]}]},{"@type":"BreadcrumbList","@id":"https:\/\/www.visit-ulcinj.com\/blog\/2015\/01\/13\/milo-gjukanoviq-kercenohet-padi-penale-nese-pranon-thacin-ne-vizite\/#breadcrumb","itemListElement":[{"@type":"ListItem","position":1,"name":"Milo Gjukanoviq k\u00ebrc\u00ebnohet me padi penale n\u00ebse pranon Tha\u00e7in n\u00eb vizit\u00eb"}]},{"@type":"Person","@id":"https:\/\/www.visit-ulcinj.com\/blog\/#\/schema\/person\/dcab619c614d3038751c63bc2aadc06d","name":"ulqini","sameAs":["http:\/\/www.visit-ulcinj.com"],"url":"https:\/\/www.visit-ulcinj.com\/blog\/author\/admin\/"}]}},"jetpack_featured_media_url":"","jetpack_sharing_enabled":true,"jetpack_shortlink":"https:\/\/wp.me\/pe6lTn-mOm","_links":{"self":[{"href":"https:\/\/www.visit-ulcinj.com\/blog\/wp-json\/wp\/v2\/posts\/87690"}],"collection":[{"href":"https:\/\/www.visit-ulcinj.com\/blog\/wp-json\/wp\/v2\/posts"}],"about":[{"href":"https:\/\/www.visit-ulcinj.com\/blog\/wp-json\/wp\/v2\/types\/post"}],"author":[{"embeddable":true,"href":"https:\/\/www.visit-ulcinj.com\/blog\/wp-json\/wp\/v2\/users\/1"}],"replies":[{"embeddable":true,"href":"https:\/\/www.visit-ulcinj.com\/blog\/wp-json\/wp\/v2\/comments?post=87690"}],"version-history":[{"count":1,"href":"https:\/\/www.visit-ulcinj.com\/blog\/wp-json\/wp\/v2\/posts\/87690\/revisions"}],"predecessor-version":[{"id":87691,"href":"https:\/\/www.visit-ulcinj.com\/blog\/wp-json\/wp\/v2\/posts\/87690\/revisions\/87691"}],"wp:attachment":[{"href":"https:\/\/www.visit-ulcinj.com\/blog\/wp-json\/wp\/v2\/media?parent=87690"}],"wp:term":[{"taxonomy":"category","embeddable":true,"href":"https:\/\/www.visit-ulcinj.com\/blog\/wp-json\/wp\/v2\/categories?post=87690"},{"taxonomy":"post_tag","embeddable":true,"href":"https:\/\/www.visit-ulcinj.com\/blog\/wp-json\/wp\/v2\/tags?post=87690"}],"curies":[{"name":"wp","href":"https:\/\/api.w.org\/{rel}","templated":true}]}}