{"id":87692,"date":"2015-01-13T17:58:13","date_gmt":"2015-01-13T16:58:13","guid":{"rendered":"http:\/\/www.visit-ulcinj.com\/blog\/?p=87692"},"modified":"2015-01-13T17:58:13","modified_gmt":"2015-01-13T16:58:13","slug":"ulet-cmimi-naftes-ne-mal-te-zi","status":"publish","type":"post","link":"https:\/\/www.visit-ulcinj.com\/blog\/2015\/01\/13\/ulet-cmimi-naftes-ne-mal-te-zi\/","title":{"rendered":"Ulet \u00e7mimi i naft\u00ebs n\u00eb Mal t\u00eb Zi"},"content":{"rendered":"<p><a href=\"http:\/\/www.visit-ulcinj.com\/blog\/wp-content\/uploads\/2015\/01\/nafta-0-99.jpg\"><img loading=\"lazy\" class=\"alignleft wp-image-87693\" src=\"http:\/\/www.visit-ulcinj.com\/blog\/wp-content\/uploads\/2015\/01\/nafta-0-99.jpg\" alt=\"nafta-0-99\" width=\"508\" height=\"677\" srcset=\"https:\/\/www.visit-ulcinj.com\/blog\/wp-content\/uploads\/2015\/01\/nafta-0-99.jpg 720w, https:\/\/www.visit-ulcinj.com\/blog\/wp-content\/uploads\/2015\/01\/nafta-0-99-225x300.jpg 225w\" sizes=\"(max-width: 508px) 100vw, 508px\" \/><\/a>\u00c7mimi i naft\u00ebs n\u00eb minimume historike, kjo informat\u00eb t\u00eb h\u00ebn\u00ebn duhet t\u00eb v\u00ebrtetohet zyrtarisht nga Ministria e ekonomis\u00eb s\u00eb Malit t\u00eb Zi, ku mbas shtat\u00eb viteve t\u00eb plota, \u00e7mimi i naft\u00ebs n\u00eb Mal t\u00eb Zi do t\u00eb jet\u00eb n\u00ebn nj\u00eb euro dmth 99 cent.<\/p>\n<p>\u00c7mimi i nj\u00eb fu\u00e7ie naft\u00eb n\u00eb tregun bot\u00ebror llogaritet n\u00eb 44.50 dollar\u00eb. Nafta bruto amerikane WTI ra n\u00ebn nivelin e 45 dollar\u00ebve p\u00ebr fu\u00e7i, p\u00ebr t\u00eb par\u00ebn her\u00eb q\u00eb prej prillit t\u00eb vitit 2009.<\/p>\n<p>Dy faktor\u00ebt kryesor\u00eb q\u00eb q\u00ebndrojn\u00eb prapa k\u00ebsaj r\u00ebnie dramatike t\u00eb \u00e7mimeve n\u00eb burs\u00eb jan\u00eb k\u00ebrkesa e ul\u00ebt globale p\u00ebr naft\u00eb dhe prodhimi i naft\u00ebs argjilore n\u00eb Shtetet e Bashkuara t\u00eb Amerik\u00ebs. Faktori i tret\u00eb, i cili i dha goditjen p\u00ebrfundimtare \u00e7mimeve ka qen\u00eb vendimi i vendeve t\u00eb OPEC -ut p\u00ebr t\u00eb mos ndryshuar strategjin\u00eb e tyre t\u00eb prodhimit.<\/p>\n<p>Kuotimet e \u201carit t\u00eb zi\u201d kan\u00eb r\u00ebn\u00eb me 60 p\u00ebr qind, q\u00eb prej mesit t\u00eb muajit qershor 2014. Ministri i Naft\u00ebs i Emirateve t\u00eb Bashkuara Arabe deklaroi se \u00e7mimi pritet t\u00eb stabilizohet vet\u00ebm n\u00eb nj\u00eb periudh\u00eb dy ose trevje\u00e7are.<\/p>\n<p>&nbsp;<\/p>\n","protected":false},"excerpt":{"rendered":"<p>\u00c7mimi i naft\u00ebs n\u00eb minimume historike, kjo informat\u00eb t\u00eb h\u00ebn\u00ebn duhet t\u00eb v\u00ebrtetohet zyrtarisht nga Ministria e ekonomis\u00eb s\u00eb Malit t\u00eb Zi, ku mbas shtat\u00eb viteve t\u00eb plota, \u00e7mimi i naft\u00ebs n\u00eb Mal t\u00eb Zi do t\u00eb jet\u00eb n\u00ebn nj\u00eb euro dmth 99 cent. \u00c7mimi i nj\u00eb fu\u00e7ie naft\u00eb n\u00eb tregun bot\u00ebror llogaritet n\u00eb 44.50 [&hellip;]<\/p>\n","protected":false},"author":1,"featured_media":0,"comment_status":"closed","ping_status":"closed","sticky":false,"template":"","format":"standard","meta":{"spay_email":"","jetpack_publicize_message":"","jetpack_is_tweetstorm":false,"jetpack_publicize_feature_enabled":true},"categories":[10],"tags":[],"jetpack_publicize_connections":[],"yoast_head":"<!-- This site is optimized with the Yoast SEO plugin v19.1 - https:\/\/yoast.com\/wordpress\/plugins\/seo\/ -->\n<title>Ulet \u00e7mimi i naft\u00ebs n\u00eb Mal t\u00eb Zi - Lajme nga Ulqini<\/title>\n<meta name=\"description\" content=\"\u00c7mimi i naft\u00ebs n\u00eb minimume historike, kjo informat\u00eb t\u00eb h\u00ebn\u00ebn duhet t\u00eb v\u00ebrtetohet zyrtarisht nga Ministria e ekonomis\u00eb s\u00eb Malit t\u00eb Zi, ku mbas shtat\u00eb\" \/>\n<meta name=\"robots\" content=\"index, follow, max-snippet:-1, max-image-preview:large, max-video-preview:-1\" \/>\n<link rel=\"canonical\" href=\"https:\/\/www.visit-ulcinj.com\/blog\/2015\/01\/13\/ulet-cmimi-naftes-ne-mal-te-zi\/\" \/>\n<meta property=\"og:locale\" content=\"en_US\" \/>\n<meta property=\"og:type\" content=\"article\" \/>\n<meta property=\"og:title\" content=\"Ulet \u00e7mimi i naft\u00ebs n\u00eb Mal t\u00eb Zi - Lajme nga Ulqini\" \/>\n<meta property=\"og:description\" content=\"\u00c7mimi i naft\u00ebs n\u00eb minimume historike, kjo informat\u00eb t\u00eb h\u00ebn\u00ebn duhet t\u00eb v\u00ebrtetohet zyrtarisht nga Ministria e ekonomis\u00eb s\u00eb Malit t\u00eb Zi, ku mbas shtat\u00eb\" \/>\n<meta property=\"og:url\" content=\"https:\/\/www.visit-ulcinj.com\/blog\/2015\/01\/13\/ulet-cmimi-naftes-ne-mal-te-zi\/\" \/>\n<meta property=\"og:site_name\" content=\"Lajme nga Ulqini\" \/>\n<meta property=\"article:published_time\" content=\"2015-01-13T16:58:13+00:00\" \/>\n<meta property=\"og:image\" content=\"http:\/\/www.visit-ulcinj.com\/blog\/wp-content\/uploads\/2015\/01\/nafta-0-99.jpg\" \/>\n<meta name=\"twitter:label1\" content=\"Written by\" \/>\n\t<meta name=\"twitter:data1\" content=\"ulqini\" \/>\n\t<meta name=\"twitter:label2\" content=\"Est. reading time\" \/>\n\t<meta name=\"twitter:data2\" content=\"1 minute\" \/>\n<script type=\"application\/ld+json\" class=\"yoast-schema-graph\">{\"@context\":\"https:\/\/schema.org\",\"@graph\":[{\"@type\":\"WebSite\",\"@id\":\"https:\/\/www.visit-ulcinj.com\/blog\/#website\",\"url\":\"https:\/\/www.visit-ulcinj.com\/blog\/\",\"name\":\"Lajme nga Ulqini\",\"description\":\"Lajme,Vijesti,Ulqini,Ulqin,Crna Gora,Mali i Zi\",\"potentialAction\":[{\"@type\":\"SearchAction\",\"target\":{\"@type\":\"EntryPoint\",\"urlTemplate\":\"https:\/\/www.visit-ulcinj.com\/blog\/?s={search_term_string}\"},\"query-input\":\"required name=search_term_string\"}],\"inLanguage\":\"en-US\"},{\"@type\":\"ImageObject\",\"inLanguage\":\"en-US\",\"@id\":\"https:\/\/www.visit-ulcinj.com\/blog\/2015\/01\/13\/ulet-cmimi-naftes-ne-mal-te-zi\/#primaryimage\",\"url\":\"https:\/\/www.visit-ulcinj.com\/blog\/wp-content\/uploads\/2015\/01\/nafta-0-99.jpg\",\"contentUrl\":\"https:\/\/www.visit-ulcinj.com\/blog\/wp-content\/uploads\/2015\/01\/nafta-0-99.jpg\",\"width\":720,\"height\":960},{\"@type\":\"WebPage\",\"@id\":\"https:\/\/www.visit-ulcinj.com\/blog\/2015\/01\/13\/ulet-cmimi-naftes-ne-mal-te-zi\/#webpage\",\"url\":\"https:\/\/www.visit-ulcinj.com\/blog\/2015\/01\/13\/ulet-cmimi-naftes-ne-mal-te-zi\/\",\"name\":\"Ulet \u00e7mimi i naft\u00ebs n\u00eb Mal t\u00eb Zi - Lajme nga Ulqini\",\"isPartOf\":{\"@id\":\"https:\/\/www.visit-ulcinj.com\/blog\/#website\"},\"primaryImageOfPage\":{\"@id\":\"https:\/\/www.visit-ulcinj.com\/blog\/2015\/01\/13\/ulet-cmimi-naftes-ne-mal-te-zi\/#primaryimage\"},\"datePublished\":\"2015-01-13T16:58:13+00:00\",\"dateModified\":\"2015-01-13T16:58:13+00:00\",\"author\":{\"@id\":\"https:\/\/www.visit-ulcinj.com\/blog\/#\/schema\/person\/dcab619c614d3038751c63bc2aadc06d\"},\"description\":\"\u00c7mimi i naft\u00ebs n\u00eb minimume historike, kjo informat\u00eb t\u00eb h\u00ebn\u00ebn duhet t\u00eb v\u00ebrtetohet zyrtarisht nga Ministria e ekonomis\u00eb s\u00eb Malit t\u00eb Zi, ku mbas shtat\u00eb\",\"breadcrumb\":{\"@id\":\"https:\/\/www.visit-ulcinj.com\/blog\/2015\/01\/13\/ulet-cmimi-naftes-ne-mal-te-zi\/#breadcrumb\"},\"inLanguage\":\"en-US\",\"potentialAction\":[{\"@type\":\"ReadAction\",\"target\":[\"https:\/\/www.visit-ulcinj.com\/blog\/2015\/01\/13\/ulet-cmimi-naftes-ne-mal-te-zi\/\"]}]},{\"@type\":\"BreadcrumbList\",\"@id\":\"https:\/\/www.visit-ulcinj.com\/blog\/2015\/01\/13\/ulet-cmimi-naftes-ne-mal-te-zi\/#breadcrumb\",\"itemListElement\":[{\"@type\":\"ListItem\",\"position\":1,\"name\":\"Ulet \u00e7mimi i naft\u00ebs n\u00eb Mal t\u00eb Zi\"}]},{\"@type\":\"Person\",\"@id\":\"https:\/\/www.visit-ulcinj.com\/blog\/#\/schema\/person\/dcab619c614d3038751c63bc2aadc06d\",\"name\":\"ulqini\",\"sameAs\":[\"http:\/\/www.visit-ulcinj.com\"],\"url\":\"https:\/\/www.visit-ulcinj.com\/blog\/author\/admin\/\"}]}<\/script>\n<!-- \/ Yoast SEO plugin. -->","yoast_head_json":{"title":"Ulet \u00e7mimi i naft\u00ebs n\u00eb Mal t\u00eb Zi - Lajme nga Ulqini","description":"\u00c7mimi i naft\u00ebs n\u00eb minimume historike, kjo informat\u00eb t\u00eb h\u00ebn\u00ebn duhet t\u00eb v\u00ebrtetohet zyrtarisht nga Ministria e ekonomis\u00eb s\u00eb Malit t\u00eb Zi, ku mbas shtat\u00eb","robots":{"index":"index","follow":"follow","max-snippet":"max-snippet:-1","max-image-preview":"max-image-preview:large","max-video-preview":"max-video-preview:-1"},"canonical":"https:\/\/www.visit-ulcinj.com\/blog\/2015\/01\/13\/ulet-cmimi-naftes-ne-mal-te-zi\/","og_locale":"en_US","og_type":"article","og_title":"Ulet \u00e7mimi i naft\u00ebs n\u00eb Mal t\u00eb Zi - Lajme nga Ulqini","og_description":"\u00c7mimi i naft\u00ebs n\u00eb minimume historike, kjo informat\u00eb t\u00eb h\u00ebn\u00ebn duhet t\u00eb v\u00ebrtetohet zyrtarisht nga Ministria e ekonomis\u00eb s\u00eb Malit t\u00eb Zi, ku mbas shtat\u00eb","og_url":"https:\/\/www.visit-ulcinj.com\/blog\/2015\/01\/13\/ulet-cmimi-naftes-ne-mal-te-zi\/","og_site_name":"Lajme nga Ulqini","article_published_time":"2015-01-13T16:58:13+00:00","og_image":[{"url":"http:\/\/www.visit-ulcinj.com\/blog\/wp-content\/uploads\/2015\/01\/nafta-0-99.jpg"}],"twitter_misc":{"Written by":"ulqini","Est. reading time":"1 minute"},"schema":{"@context":"https:\/\/schema.org","@graph":[{"@type":"WebSite","@id":"https:\/\/www.visit-ulcinj.com\/blog\/#website","url":"https:\/\/www.visit-ulcinj.com\/blog\/","name":"Lajme nga Ulqini","description":"Lajme,Vijesti,Ulqini,Ulqin,Crna Gora,Mali i Zi","potentialAction":[{"@type":"SearchAction","target":{"@type":"EntryPoint","urlTemplate":"https:\/\/www.visit-ulcinj.com\/blog\/?s={search_term_string}"},"query-input":"required name=search_term_string"}],"inLanguage":"en-US"},{"@type":"ImageObject","inLanguage":"en-US","@id":"https:\/\/www.visit-ulcinj.com\/blog\/2015\/01\/13\/ulet-cmimi-naftes-ne-mal-te-zi\/#primaryimage","url":"https:\/\/www.visit-ulcinj.com\/blog\/wp-content\/uploads\/2015\/01\/nafta-0-99.jpg","contentUrl":"https:\/\/www.visit-ulcinj.com\/blog\/wp-content\/uploads\/2015\/01\/nafta-0-99.jpg","width":720,"height":960},{"@type":"WebPage","@id":"https:\/\/www.visit-ulcinj.com\/blog\/2015\/01\/13\/ulet-cmimi-naftes-ne-mal-te-zi\/#webpage","url":"https:\/\/www.visit-ulcinj.com\/blog\/2015\/01\/13\/ulet-cmimi-naftes-ne-mal-te-zi\/","name":"Ulet \u00e7mimi i naft\u00ebs n\u00eb Mal t\u00eb Zi - Lajme nga Ulqini","isPartOf":{"@id":"https:\/\/www.visit-ulcinj.com\/blog\/#website"},"primaryImageOfPage":{"@id":"https:\/\/www.visit-ulcinj.com\/blog\/2015\/01\/13\/ulet-cmimi-naftes-ne-mal-te-zi\/#primaryimage"},"datePublished":"2015-01-13T16:58:13+00:00","dateModified":"2015-01-13T16:58:13+00:00","author":{"@id":"https:\/\/www.visit-ulcinj.com\/blog\/#\/schema\/person\/dcab619c614d3038751c63bc2aadc06d"},"description":"\u00c7mimi i naft\u00ebs n\u00eb minimume historike, kjo informat\u00eb t\u00eb h\u00ebn\u00ebn duhet t\u00eb v\u00ebrtetohet zyrtarisht nga Ministria e ekonomis\u00eb s\u00eb Malit t\u00eb Zi, ku mbas shtat\u00eb","breadcrumb":{"@id":"https:\/\/www.visit-ulcinj.com\/blog\/2015\/01\/13\/ulet-cmimi-naftes-ne-mal-te-zi\/#breadcrumb"},"inLanguage":"en-US","potentialAction":[{"@type":"ReadAction","target":["https:\/\/www.visit-ulcinj.com\/blog\/2015\/01\/13\/ulet-cmimi-naftes-ne-mal-te-zi\/"]}]},{"@type":"BreadcrumbList","@id":"https:\/\/www.visit-ulcinj.com\/blog\/2015\/01\/13\/ulet-cmimi-naftes-ne-mal-te-zi\/#breadcrumb","itemListElement":[{"@type":"ListItem","position":1,"name":"Ulet \u00e7mimi i naft\u00ebs n\u00eb Mal t\u00eb Zi"}]},{"@type":"Person","@id":"https:\/\/www.visit-ulcinj.com\/blog\/#\/schema\/person\/dcab619c614d3038751c63bc2aadc06d","name":"ulqini","sameAs":["http:\/\/www.visit-ulcinj.com"],"url":"https:\/\/www.visit-ulcinj.com\/blog\/author\/admin\/"}]}},"jetpack_featured_media_url":"","jetpack_sharing_enabled":true,"jetpack_shortlink":"https:\/\/wp.me\/pe6lTn-mOo","_links":{"self":[{"href":"https:\/\/www.visit-ulcinj.com\/blog\/wp-json\/wp\/v2\/posts\/87692"}],"collection":[{"href":"https:\/\/www.visit-ulcinj.com\/blog\/wp-json\/wp\/v2\/posts"}],"about":[{"href":"https:\/\/www.visit-ulcinj.com\/blog\/wp-json\/wp\/v2\/types\/post"}],"author":[{"embeddable":true,"href":"https:\/\/www.visit-ulcinj.com\/blog\/wp-json\/wp\/v2\/users\/1"}],"replies":[{"embeddable":true,"href":"https:\/\/www.visit-ulcinj.com\/blog\/wp-json\/wp\/v2\/comments?post=87692"}],"version-history":[{"count":1,"href":"https:\/\/www.visit-ulcinj.com\/blog\/wp-json\/wp\/v2\/posts\/87692\/revisions"}],"predecessor-version":[{"id":87694,"href":"https:\/\/www.visit-ulcinj.com\/blog\/wp-json\/wp\/v2\/posts\/87692\/revisions\/87694"}],"wp:attachment":[{"href":"https:\/\/www.visit-ulcinj.com\/blog\/wp-json\/wp\/v2\/media?parent=87692"}],"wp:term":[{"taxonomy":"category","embeddable":true,"href":"https:\/\/www.visit-ulcinj.com\/blog\/wp-json\/wp\/v2\/categories?post=87692"},{"taxonomy":"post_tag","embeddable":true,"href":"https:\/\/www.visit-ulcinj.com\/blog\/wp-json\/wp\/v2\/tags?post=87692"}],"curies":[{"name":"wp","href":"https:\/\/api.w.org\/{rel}","templated":true}]}}