{"id":87695,"date":"2015-01-13T18:07:55","date_gmt":"2015-01-13T17:07:55","guid":{"rendered":"http:\/\/www.visit-ulcinj.com\/blog\/?p=87695"},"modified":"2015-01-13T18:07:55","modified_gmt":"2015-01-13T17:07:55","slug":"renzi-ne-smund-ta-bejme-pa-shqiperine-serbin-dhe-malin-e-zi-video","status":"publish","type":"post","link":"https:\/\/www.visit-ulcinj.com\/blog\/2015\/01\/13\/renzi-ne-smund-ta-bejme-pa-shqiperine-serbin-dhe-malin-e-zi-video\/","title":{"rendered":"Renzi: BE-n\u00eb s\u2019mund ta b\u00ebjm\u00eb pa Shqip\u00ebrin\u00eb, Serbin dhe Malin e Zi &#8211; Video"},"content":{"rendered":"<p><a href=\"http:\/\/www.visit-ulcinj.com\/blog\/wp-content\/uploads\/2015\/01\/Mateo-Renzi.jpg\"><img loading=\"lazy\" class=\"alignleft wp-image-87696\" src=\"http:\/\/www.visit-ulcinj.com\/blog\/wp-content\/uploads\/2015\/01\/Mateo-Renzi.jpg\" alt=\"Mateo-Renzi\" width=\"508\" height=\"293\" srcset=\"https:\/\/www.visit-ulcinj.com\/blog\/wp-content\/uploads\/2015\/01\/Mateo-Renzi.jpg 645w, https:\/\/www.visit-ulcinj.com\/blog\/wp-content\/uploads\/2015\/01\/Mateo-Renzi-300x173.jpg 300w\" sizes=\"(max-width: 508px) 100vw, 508px\" \/><\/a>Kryeministri italian, Matteo Renzi, deklaroi hapur mb\u00ebshtetjen p\u00ebr integrimin e Shqip\u00ebris\u00eb n\u00eb BE, duke th\u00ebn\u00eb se Unioni nuk mund t\u00eb b\u00ebj\u00eb dot pa vendet e Mesdheut.<\/p>\n<p>Deklarata u b\u00eb gjat\u00eb fjal\u00ebs s\u00eb tij n\u00eb Parlamentin Evropian, n\u00eb p\u00ebrfundim t\u00eb Presidenc\u00ebs s\u00eb Italis\u00eb p\u00ebr BE-n\u00eb.<br \/>\n\u201cNuk mund t\u00eb b\u00ebjm\u00eb pa Shqip\u00ebrin\u00eb, Serbin\u00eb, Malin e Zi dhe nuk mund t\u00eb lejojm\u00eb q\u00eb ky diskutim mbi zgjerimin t\u00eb udh\u00ebhiqet nga frika dhe pasiguria. N\u00eb t\u00eb kund\u00ebrt do t\u00eb mbetet n\u00eb fund t\u00eb bot\u00ebs q\u00eb ndryshon me ritme t\u00eb shpejta\u201d, tha Renzi.<\/p>\n<p>Gjat\u00eb fjal\u00ebs s\u00eb tij p\u00ebr 25 minuta, Renzi kujton se Europa e nd\u00ebrtuar vitet e fundit shpesh ka dh\u00ebn\u00eb iden\u00eb e t\u00eb qenurit nj\u00eb Europ\u00eb e mb\u00ebshtetur n\u00eb ekonomi, e kufizuar n\u00eb parametra duke e cil\u00ebsuar k\u00ebt\u00eb nj\u00eb gabim t\u00eb kreut t\u00eb Komisionit Claude Jean Juncker n\u00eb 6 muajt e fundit t\u00eb presidenc\u00ebs italiane, e nd\u00ebrsa ky i fundit p\u00ebrg\u00ebzoi pun\u00ebn e Italis\u00eb.<\/p>\n<p>\u201cPresidenca italiane ka b\u00ebr\u00eb nj\u00eb pun\u00eb t\u00eb mir\u00eb dhe shpresoj q\u00eb qeveria italiane t\u00eb kujtohet p\u00ebr frym\u00ebzimin dhe shpirtin pro-europian\u201d, tha Juncker.<\/p>\n<p><b>Rama n\u00eb italisht: Faleminderit Renzi p\u00ebr diskutimin e madh<\/b><\/p>\n<p>Kryeministri Rama ka felenderuar p\u00ebrmes rrjetit social \u201cTwitter\u201d homologun e italian, p\u00ebr diskutimin q\u00eb ky i fundit mbajti n\u00eb Parlamentin Evropian.<\/p>\n<p>\u201cFaleminderit Matteo Renzit p\u00ebr diskutimin e madh n\u00eb Strasburg! Europa duhet t\u2019i jap\u00eb fund frym\u00ebmarrjes dhe frym\u00ebzimit t\u00eb frik\u00ebs, para se t\u00eb jet\u00eb tep\u00ebr von\u00eb\u201d- shkruan kryeministri Rama n\u00eb gjuh\u00ebn italian n\u00eb rrjetin social \u201cTwitter\u201d, raportojn\u00eb mediat n\u00eb Shqip\u00ebri.<\/p>\n<p>Bota Sot<\/p>\n<!--YouTube Error: bad URL entered-->\n","protected":false},"excerpt":{"rendered":"<p>Kryeministri italian, Matteo Renzi, deklaroi hapur mb\u00ebshtetjen p\u00ebr integrimin e Shqip\u00ebris\u00eb n\u00eb BE, duke th\u00ebn\u00eb se Unioni nuk mund t\u00eb b\u00ebj\u00eb dot pa vendet e Mesdheut. Deklarata u b\u00eb gjat\u00eb fjal\u00ebs s\u00eb tij n\u00eb Parlamentin Evropian, n\u00eb p\u00ebrfundim t\u00eb Presidenc\u00ebs s\u00eb Italis\u00eb p\u00ebr BE-n\u00eb. \u201cNuk mund t\u00eb b\u00ebjm\u00eb pa Shqip\u00ebrin\u00eb, Serbin\u00eb, Malin e Zi dhe [&hellip;]<\/p>\n","protected":false},"author":1,"featured_media":0,"comment_status":"closed","ping_status":"closed","sticky":false,"template":"","format":"standard","meta":{"spay_email":"","jetpack_publicize_message":"","jetpack_is_tweetstorm":false,"jetpack_publicize_feature_enabled":true},"categories":[7],"tags":[],"jetpack_publicize_connections":[],"yoast_head":"<!-- This site is optimized with the Yoast SEO plugin v19.1 - https:\/\/yoast.com\/wordpress\/plugins\/seo\/ -->\n<title>Renzi: BE-n\u00eb s\u2019mund ta b\u00ebjm\u00eb pa Shqip\u00ebrin\u00eb, Serbin dhe Malin e Zi - Video - Lajme nga Ulqini<\/title>\n<meta name=\"description\" content=\"Kryeministri italian, Matteo Renzi, deklaroi hapur mb\u00ebshtetjen p\u00ebr integrimin e Shqip\u00ebris\u00eb n\u00eb BE, duke th\u00ebn\u00eb se Unioni nuk mund t\u00eb b\u00ebj\u00eb dot pa vendet e\" \/>\n<meta name=\"robots\" content=\"index, follow, max-snippet:-1, max-image-preview:large, max-video-preview:-1\" \/>\n<link rel=\"canonical\" href=\"https:\/\/www.visit-ulcinj.com\/blog\/2015\/01\/13\/renzi-ne-smund-ta-bejme-pa-shqiperine-serbin-dhe-malin-e-zi-video\/\" \/>\n<meta property=\"og:locale\" content=\"en_US\" \/>\n<meta property=\"og:type\" content=\"article\" \/>\n<meta property=\"og:title\" content=\"Renzi: BE-n\u00eb s\u2019mund ta b\u00ebjm\u00eb pa Shqip\u00ebrin\u00eb, Serbin dhe Malin e Zi - Video - Lajme nga Ulqini\" \/>\n<meta property=\"og:description\" content=\"Kryeministri italian, Matteo Renzi, deklaroi hapur mb\u00ebshtetjen p\u00ebr integrimin e Shqip\u00ebris\u00eb n\u00eb BE, duke th\u00ebn\u00eb se Unioni nuk mund t\u00eb b\u00ebj\u00eb dot pa vendet e\" \/>\n<meta property=\"og:url\" content=\"https:\/\/www.visit-ulcinj.com\/blog\/2015\/01\/13\/renzi-ne-smund-ta-bejme-pa-shqiperine-serbin-dhe-malin-e-zi-video\/\" \/>\n<meta property=\"og:site_name\" content=\"Lajme nga Ulqini\" \/>\n<meta property=\"article:published_time\" content=\"2015-01-13T17:07:55+00:00\" \/>\n<meta property=\"og:image\" content=\"http:\/\/www.visit-ulcinj.com\/blog\/wp-content\/uploads\/2015\/01\/Mateo-Renzi.jpg\" \/>\n<meta name=\"twitter:label1\" content=\"Written by\" \/>\n\t<meta name=\"twitter:data1\" content=\"ulqini\" \/>\n\t<meta name=\"twitter:label2\" content=\"Est. reading time\" \/>\n\t<meta name=\"twitter:data2\" content=\"1 minute\" \/>\n<script type=\"application\/ld+json\" class=\"yoast-schema-graph\">{\"@context\":\"https:\/\/schema.org\",\"@graph\":[{\"@type\":\"WebSite\",\"@id\":\"https:\/\/www.visit-ulcinj.com\/blog\/#website\",\"url\":\"https:\/\/www.visit-ulcinj.com\/blog\/\",\"name\":\"Lajme nga Ulqini\",\"description\":\"Lajme,Vijesti,Ulqini,Ulqin,Crna Gora,Mali i Zi\",\"potentialAction\":[{\"@type\":\"SearchAction\",\"target\":{\"@type\":\"EntryPoint\",\"urlTemplate\":\"https:\/\/www.visit-ulcinj.com\/blog\/?s={search_term_string}\"},\"query-input\":\"required name=search_term_string\"}],\"inLanguage\":\"en-US\"},{\"@type\":\"ImageObject\",\"inLanguage\":\"en-US\",\"@id\":\"https:\/\/www.visit-ulcinj.com\/blog\/2015\/01\/13\/renzi-ne-smund-ta-bejme-pa-shqiperine-serbin-dhe-malin-e-zi-video\/#primaryimage\",\"url\":\"https:\/\/www.visit-ulcinj.com\/blog\/wp-content\/uploads\/2015\/01\/Mateo-Renzi.jpg\",\"contentUrl\":\"https:\/\/www.visit-ulcinj.com\/blog\/wp-content\/uploads\/2015\/01\/Mateo-Renzi.jpg\",\"width\":645,\"height\":372},{\"@type\":\"WebPage\",\"@id\":\"https:\/\/www.visit-ulcinj.com\/blog\/2015\/01\/13\/renzi-ne-smund-ta-bejme-pa-shqiperine-serbin-dhe-malin-e-zi-video\/#webpage\",\"url\":\"https:\/\/www.visit-ulcinj.com\/blog\/2015\/01\/13\/renzi-ne-smund-ta-bejme-pa-shqiperine-serbin-dhe-malin-e-zi-video\/\",\"name\":\"Renzi: BE-n\u00eb s\u2019mund ta b\u00ebjm\u00eb pa Shqip\u00ebrin\u00eb, Serbin dhe Malin e Zi - Video - Lajme nga Ulqini\",\"isPartOf\":{\"@id\":\"https:\/\/www.visit-ulcinj.com\/blog\/#website\"},\"primaryImageOfPage\":{\"@id\":\"https:\/\/www.visit-ulcinj.com\/blog\/2015\/01\/13\/renzi-ne-smund-ta-bejme-pa-shqiperine-serbin-dhe-malin-e-zi-video\/#primaryimage\"},\"datePublished\":\"2015-01-13T17:07:55+00:00\",\"dateModified\":\"2015-01-13T17:07:55+00:00\",\"author\":{\"@id\":\"https:\/\/www.visit-ulcinj.com\/blog\/#\/schema\/person\/dcab619c614d3038751c63bc2aadc06d\"},\"description\":\"Kryeministri italian, Matteo Renzi, deklaroi hapur mb\u00ebshtetjen p\u00ebr integrimin e Shqip\u00ebris\u00eb n\u00eb BE, duke th\u00ebn\u00eb se Unioni nuk mund t\u00eb b\u00ebj\u00eb dot pa vendet e\",\"breadcrumb\":{\"@id\":\"https:\/\/www.visit-ulcinj.com\/blog\/2015\/01\/13\/renzi-ne-smund-ta-bejme-pa-shqiperine-serbin-dhe-malin-e-zi-video\/#breadcrumb\"},\"inLanguage\":\"en-US\",\"potentialAction\":[{\"@type\":\"ReadAction\",\"target\":[\"https:\/\/www.visit-ulcinj.com\/blog\/2015\/01\/13\/renzi-ne-smund-ta-bejme-pa-shqiperine-serbin-dhe-malin-e-zi-video\/\"]}]},{\"@type\":\"BreadcrumbList\",\"@id\":\"https:\/\/www.visit-ulcinj.com\/blog\/2015\/01\/13\/renzi-ne-smund-ta-bejme-pa-shqiperine-serbin-dhe-malin-e-zi-video\/#breadcrumb\",\"itemListElement\":[{\"@type\":\"ListItem\",\"position\":1,\"name\":\"Renzi: BE-n\u00eb s\u2019mund ta b\u00ebjm\u00eb pa Shqip\u00ebrin\u00eb, Serbin dhe Malin e Zi &#8211; Video\"}]},{\"@type\":\"Person\",\"@id\":\"https:\/\/www.visit-ulcinj.com\/blog\/#\/schema\/person\/dcab619c614d3038751c63bc2aadc06d\",\"name\":\"ulqini\",\"sameAs\":[\"http:\/\/www.visit-ulcinj.com\"],\"url\":\"https:\/\/www.visit-ulcinj.com\/blog\/author\/admin\/\"}]}<\/script>\n<!-- \/ Yoast SEO plugin. -->","yoast_head_json":{"title":"Renzi: BE-n\u00eb s\u2019mund ta b\u00ebjm\u00eb pa Shqip\u00ebrin\u00eb, Serbin dhe Malin e Zi - Video - Lajme nga Ulqini","description":"Kryeministri italian, Matteo Renzi, deklaroi hapur mb\u00ebshtetjen p\u00ebr integrimin e Shqip\u00ebris\u00eb n\u00eb BE, duke th\u00ebn\u00eb se Unioni nuk mund t\u00eb b\u00ebj\u00eb dot pa vendet e","robots":{"index":"index","follow":"follow","max-snippet":"max-snippet:-1","max-image-preview":"max-image-preview:large","max-video-preview":"max-video-preview:-1"},"canonical":"https:\/\/www.visit-ulcinj.com\/blog\/2015\/01\/13\/renzi-ne-smund-ta-bejme-pa-shqiperine-serbin-dhe-malin-e-zi-video\/","og_locale":"en_US","og_type":"article","og_title":"Renzi: BE-n\u00eb s\u2019mund ta b\u00ebjm\u00eb pa Shqip\u00ebrin\u00eb, Serbin dhe Malin e Zi - Video - Lajme nga Ulqini","og_description":"Kryeministri italian, Matteo Renzi, deklaroi hapur mb\u00ebshtetjen p\u00ebr integrimin e Shqip\u00ebris\u00eb n\u00eb BE, duke th\u00ebn\u00eb se Unioni nuk mund t\u00eb b\u00ebj\u00eb dot pa vendet e","og_url":"https:\/\/www.visit-ulcinj.com\/blog\/2015\/01\/13\/renzi-ne-smund-ta-bejme-pa-shqiperine-serbin-dhe-malin-e-zi-video\/","og_site_name":"Lajme nga Ulqini","article_published_time":"2015-01-13T17:07:55+00:00","og_image":[{"url":"http:\/\/www.visit-ulcinj.com\/blog\/wp-content\/uploads\/2015\/01\/Mateo-Renzi.jpg"}],"twitter_misc":{"Written by":"ulqini","Est. reading time":"1 minute"},"schema":{"@context":"https:\/\/schema.org","@graph":[{"@type":"WebSite","@id":"https:\/\/www.visit-ulcinj.com\/blog\/#website","url":"https:\/\/www.visit-ulcinj.com\/blog\/","name":"Lajme nga Ulqini","description":"Lajme,Vijesti,Ulqini,Ulqin,Crna Gora,Mali i Zi","potentialAction":[{"@type":"SearchAction","target":{"@type":"EntryPoint","urlTemplate":"https:\/\/www.visit-ulcinj.com\/blog\/?s={search_term_string}"},"query-input":"required name=search_term_string"}],"inLanguage":"en-US"},{"@type":"ImageObject","inLanguage":"en-US","@id":"https:\/\/www.visit-ulcinj.com\/blog\/2015\/01\/13\/renzi-ne-smund-ta-bejme-pa-shqiperine-serbin-dhe-malin-e-zi-video\/#primaryimage","url":"https:\/\/www.visit-ulcinj.com\/blog\/wp-content\/uploads\/2015\/01\/Mateo-Renzi.jpg","contentUrl":"https:\/\/www.visit-ulcinj.com\/blog\/wp-content\/uploads\/2015\/01\/Mateo-Renzi.jpg","width":645,"height":372},{"@type":"WebPage","@id":"https:\/\/www.visit-ulcinj.com\/blog\/2015\/01\/13\/renzi-ne-smund-ta-bejme-pa-shqiperine-serbin-dhe-malin-e-zi-video\/#webpage","url":"https:\/\/www.visit-ulcinj.com\/blog\/2015\/01\/13\/renzi-ne-smund-ta-bejme-pa-shqiperine-serbin-dhe-malin-e-zi-video\/","name":"Renzi: BE-n\u00eb s\u2019mund ta b\u00ebjm\u00eb pa Shqip\u00ebrin\u00eb, Serbin dhe Malin e Zi - Video - Lajme nga Ulqini","isPartOf":{"@id":"https:\/\/www.visit-ulcinj.com\/blog\/#website"},"primaryImageOfPage":{"@id":"https:\/\/www.visit-ulcinj.com\/blog\/2015\/01\/13\/renzi-ne-smund-ta-bejme-pa-shqiperine-serbin-dhe-malin-e-zi-video\/#primaryimage"},"datePublished":"2015-01-13T17:07:55+00:00","dateModified":"2015-01-13T17:07:55+00:00","author":{"@id":"https:\/\/www.visit-ulcinj.com\/blog\/#\/schema\/person\/dcab619c614d3038751c63bc2aadc06d"},"description":"Kryeministri italian, Matteo Renzi, deklaroi hapur mb\u00ebshtetjen p\u00ebr integrimin e Shqip\u00ebris\u00eb n\u00eb BE, duke th\u00ebn\u00eb se Unioni nuk mund t\u00eb b\u00ebj\u00eb dot pa vendet e","breadcrumb":{"@id":"https:\/\/www.visit-ulcinj.com\/blog\/2015\/01\/13\/renzi-ne-smund-ta-bejme-pa-shqiperine-serbin-dhe-malin-e-zi-video\/#breadcrumb"},"inLanguage":"en-US","potentialAction":[{"@type":"ReadAction","target":["https:\/\/www.visit-ulcinj.com\/blog\/2015\/01\/13\/renzi-ne-smund-ta-bejme-pa-shqiperine-serbin-dhe-malin-e-zi-video\/"]}]},{"@type":"BreadcrumbList","@id":"https:\/\/www.visit-ulcinj.com\/blog\/2015\/01\/13\/renzi-ne-smund-ta-bejme-pa-shqiperine-serbin-dhe-malin-e-zi-video\/#breadcrumb","itemListElement":[{"@type":"ListItem","position":1,"name":"Renzi: BE-n\u00eb s\u2019mund ta b\u00ebjm\u00eb pa Shqip\u00ebrin\u00eb, Serbin dhe Malin e Zi &#8211; Video"}]},{"@type":"Person","@id":"https:\/\/www.visit-ulcinj.com\/blog\/#\/schema\/person\/dcab619c614d3038751c63bc2aadc06d","name":"ulqini","sameAs":["http:\/\/www.visit-ulcinj.com"],"url":"https:\/\/www.visit-ulcinj.com\/blog\/author\/admin\/"}]}},"jetpack_featured_media_url":"","jetpack_sharing_enabled":true,"jetpack_shortlink":"https:\/\/wp.me\/pe6lTn-mOr","_links":{"self":[{"href":"https:\/\/www.visit-ulcinj.com\/blog\/wp-json\/wp\/v2\/posts\/87695"}],"collection":[{"href":"https:\/\/www.visit-ulcinj.com\/blog\/wp-json\/wp\/v2\/posts"}],"about":[{"href":"https:\/\/www.visit-ulcinj.com\/blog\/wp-json\/wp\/v2\/types\/post"}],"author":[{"embeddable":true,"href":"https:\/\/www.visit-ulcinj.com\/blog\/wp-json\/wp\/v2\/users\/1"}],"replies":[{"embeddable":true,"href":"https:\/\/www.visit-ulcinj.com\/blog\/wp-json\/wp\/v2\/comments?post=87695"}],"version-history":[{"count":1,"href":"https:\/\/www.visit-ulcinj.com\/blog\/wp-json\/wp\/v2\/posts\/87695\/revisions"}],"predecessor-version":[{"id":87697,"href":"https:\/\/www.visit-ulcinj.com\/blog\/wp-json\/wp\/v2\/posts\/87695\/revisions\/87697"}],"wp:attachment":[{"href":"https:\/\/www.visit-ulcinj.com\/blog\/wp-json\/wp\/v2\/media?parent=87695"}],"wp:term":[{"taxonomy":"category","embeddable":true,"href":"https:\/\/www.visit-ulcinj.com\/blog\/wp-json\/wp\/v2\/categories?post=87695"},{"taxonomy":"post_tag","embeddable":true,"href":"https:\/\/www.visit-ulcinj.com\/blog\/wp-json\/wp\/v2\/tags?post=87695"}],"curies":[{"name":"wp","href":"https:\/\/api.w.org\/{rel}","templated":true}]}}