{"id":87698,"date":"2015-01-13T18:24:50","date_gmt":"2015-01-13T17:24:50","guid":{"rendered":"http:\/\/www.visit-ulcinj.com\/blog\/?p=87698"},"modified":"2015-01-13T18:24:50","modified_gmt":"2015-01-13T17:24:50","slug":"berjashi-vizita-e-thacit-ne-mal-te-zi-sherben-fqinjesise-se-mire","status":"publish","type":"post","link":"https:\/\/www.visit-ulcinj.com\/blog\/2015\/01\/13\/berjashi-vizita-e-thacit-ne-mal-te-zi-sherben-fqinjesise-se-mire\/","title":{"rendered":"Berjashi: Vizita e Tha\u00e7it n\u00eb Mal t\u00eb Zi i sh\u00ebrben fqinj\u00ebsis\u00eb s\u00eb mir\u00eb"},"content":{"rendered":"<p><b><a href=\"http:\/\/www.visit-ulcinj.com\/blog\/wp-content\/uploads\/2015\/01\/Hashim-Thaci1.jpg\"><img loading=\"lazy\" class=\"alignleft wp-image-87699\" src=\"http:\/\/www.visit-ulcinj.com\/blog\/wp-content\/uploads\/2015\/01\/Hashim-Thaci1.jpg\" alt=\"Hashim-Thaci\" width=\"508\" height=\"279\" srcset=\"https:\/\/www.visit-ulcinj.com\/blog\/wp-content\/uploads\/2015\/01\/Hashim-Thaci1.jpg 645w, https:\/\/www.visit-ulcinj.com\/blog\/wp-content\/uploads\/2015\/01\/Hashim-Thaci1-300x164.jpg 300w\" sizes=\"(max-width: 508px) 100vw, 508px\" \/><\/a>Nga Ibrahim Berjashi<\/b><\/p>\n<p><b>Vizita e zv\/kryeministrit t\u00eb Kosov\u00ebs Hashim Tha\u00e7i n\u00eb Mal t\u00eb Zi, m\u00eb 15 dhe 16 janar \u00a0e ka ndar\u00eb opinionin public\u00a0 malazias, mendojn\u00eb mediat e Prishtin\u00ebs, raporton Portali Tv Teuta.me.<br \/>\n<\/b><\/p>\n<p>Disa shoqata,por edhe disa parti opozitare,t\u00eb cilat edhe sot e k\u00ebsaj dite vazhdojn\u00eb t\u00eb ushqehen me mentalitetin e luft\u00ebs dhe \u00a0t\u00eb urrjejtes s\u00eb fundshekullit t\u00eb kaluar,vizit\u00ebn e zv\/kryeministrit t\u00eb Republik\u00ebs s\u00eb Kosov\u00ebs,Hashim Tha\u00e7i\u00a0 Malit t\u00eb Zi \u00a0me ftes\u00eb t\u00eb homologut t\u00eb tij malzias, Igor Llukshiq, jo vet\u00ebm se nuk e p\u00eblqejn\u00eb,por ftojn\u00eb qytetar\u00ebt \u201cn\u00eb num\u00ebr sa m\u00eb t\u00eb madh t\u00eb protestojn\u00eb\u201d ?!<\/p>\n<p>Nd\u00ebrkaq, ka shoqata q\u00eb e mb\u00ebshtesin\u00a0 dhe p\u00ebrsh\u00ebndesin vizit\u00ebn e shefit t\u00eb diplomacies kosovare n\u00eb Podgoric\u00eb. E till\u00eb \u00ebsht\u00eb <strong>\u00a0Shoqata e Malazez\u00ebve t\u00eb Kosov\u00ebs.<\/strong><\/p>\n<p>N\u00eb komunikat\u00ebn p\u00ebr opinion kjo shoqat\u00eb e malazez\u00ebve t\u00eb Kosov\u00ebs thot\u00eb se \u201cMali i Zi pa dyshim gjithnj\u00eb ka qen\u00eb faktor i qet\u00ebsis\u00eb n\u00eb rajon dhe kjo vizit\u00eb \u00ebsht\u00eb vazhdim i k\u00ebsaj politike.<\/p>\n<p>N\u00eb an\u00ebn tjet\u00ebr, n\u00ebnshkrimi I marr\u00ebveshjes s\u00eb Brukselit dhe pjes\u00ebmarrja n\u00eb iniciativat rajonale t\u00eb Kosov\u00ebs \u00e7do dit\u00eb e m\u00eb shum\u00eb tregon shenja t\u00eb pozitiv\u00eb.<\/p>\n<p>Besojm\u00eb se vizita e Tha\u00e7it do t\u00eb sjell\u00eb qet\u00ebsi dhe stabilitet n\u00eb rajon q\u00eb \u00ebsht\u00eb edhe q\u00ebllimi yn\u00eb\u201d, thuhet m\u00eb tej n\u00eb komunikat\u00ebn e Shoqat\u00ebs s\u00eb Malazez\u00ebve t\u00eb Kosov\u00ebs.<\/p>\n<p>Gjithnj\u00eb,sipas sipas malazez\u00ebve t\u00eb Kosov\u00ebs kjo vizit\u00eb do t\u00eb p\u00ebrmir\u00ebsoj\u00eb kushtet e k\u00ebtij komuniteti q\u00eb jeton n\u00eb Kosov\u00eb e po ashtu do t\u00eb krijohen kushtet p\u00ebr kthimin e t\u00eb gjith\u00eb t\u00eb shp\u00ebrngulurve n\u00eb Kosov\u00eb.<\/p>\n<p>Krahas shoqatave t\u00eb t\u00eb zhvendos\u00ebrve,t\u00eb cilat prezantohen si serbo-malazeze,shefi I klubit t\u00eb deputet\u00ebve t\u00eb Partis\u00eb Popullore Socialiste, Aleksand\u00ebr Damjanoviq ka th\u00ebn\u00eb se vizita e n\u00ebnkryetarit t\u00eb Qeveris\u00eb s\u00eb Kosov\u00ebs dhe minist\u00ebr I jasht\u00ebm I k\u00ebtij vendi fqinj,Hashim Tha\u00e7i\u00a0 nuk do t\u00eb pritet mir\u00eb ,sipas tij, nga \u00a0shumica e qytetar\u00ebve t\u00eb Malit t\u00eb Zi.<br \/>\nDamjanoviq thekson se emri I Hashim Tha\u00e7it p\u00ebrmendet lidhur me krimet e luft\u00ebs,edhe sipas tij, mund t\u00eb ngriten aktakuza.<\/p>\n<p>Kurse, mitropoliti I Kish\u00ebs ortodokse serbe n\u00eb Malin e Zi, Amfillohije Radoviq\u00a0 thot\u00eb \u00a0me ironi \u201c shpresoj se n\u00ebnkryetari I\u00a0 Qeveris\u00eb s\u00eb Kosov\u00ebs ,Hashim Tha\u00e7i\u00a0 n\u00eb Malin e Zi\u00a0 vjen\u00a0 p\u00ebr t\u00eb kthyer\u00a0 territoret\u00a0 \u201c q\u00eb I kan\u00eb takuar \u201c dhe \u00e7el\u00ebsat e\u00a0 sht\u00ebpive t\u00eb t\u00eb ndjekurve\u00a0 nga Kosova.<\/p>\n<p>Nik\u00eb Gjeloshaj nga Alternativa shqiptare e Mal\u00ebsis\u00eb krahun opozitar e quan jokorrekt,edhe sipas tij,\u201dme k\u00ebt\u00eb veprim faktorin shqiptar e largojn\u00eb nga bashk\u00ebpunimi\u201d.<\/p>\n<p>Gjeloshaj shton se serb\u00ebt n\u00eb Qeverin\u00eb e Kosov\u00ebs kan\u00eb zv\/kryeminist\u00ebr edhe disa ministra dhe se Hashim Tha\u00e7i ka takuar edhe ka biseduar me autoritetet m\u00eb t\u00eb larta serbe,Ivica Da\u00e7iq edhe Aleksand\u00ebr Vu\u00e7iq.K\u00ebto q\u00ebndrime t\u00eb opozit\u00ebs nuk jan\u00eb korrekte ndaj pakicave,- mendon Gjeloshaj.<\/p>\n<p>\u00cbsht\u00eb interesante se as\u00a0 partit\u00eb\u00a0 opozitare, as\u00a0 shoqatat\u00a0 e t\u00eb zhvendosura\u00a0 nuk kan\u00eb kurajo q\u00eb t\u00eb p\u00ebrmendin\u00a0 kalvarin e t\u00eb d\u00ebbuarve shqiptar\u00eb nga\u00a0 vatrat e tyre n\u00eb Kosov\u00eb dhe strehimin\u00a0 n\u00eb Malin e Zi n\u00eb fundvitet e shekullit t\u00eb kaluar.<\/p>\n<p>Tani \u00ebsht\u00eb b\u00ebr\u00eb e ditur se vizita n\u00eb Mal t\u00eb Zi do t\u00eb jet\u00eb e karakterit zyrtar, meq\u00eb Tha\u00e7i do t\u00eb ket\u00eb nj\u00eb varg takimesh me krer\u00ebt e lart\u00eb shtet\u00ebror\u00eb, duke filluar nga kryetari Vujanoviq, kryeministrin Gjukanoviq, kryekuvendarin Krivokapiq si dhe do t\u00eb ket\u00eb nj\u00eb vizit\u00eb n\u00eb Ulqin ku do t\u00eb takohet me p\u00ebrfaq\u00ebsuesit politik\u00eb t\u00eb shqiptar\u00ebve n\u00eb Mal t\u00eb ZI.<\/p>\n<p>Shtypi i Prishtin\u00ebs, shkruan se Mali i Zi b\u00ebn me dije se udh\u00ebheq\u00ebsit malazez\u00eb d\u00ebshirojn\u00eb bashk\u00ebpunim m\u00eb t\u00eb ngusht\u00eb me Kosov\u00ebs, sidomos kur n\u00eb Serbi \u00ebsht\u00eb nj\u00eb lider si Vu\u00e7iq \u201cq\u00eb potencialisht rrezikon Malin e Zi.\u201c<\/p>\n<p>&nbsp;<\/p>\n","protected":false},"excerpt":{"rendered":"<p>Nga Ibrahim Berjashi Vizita e zv\/kryeministrit t\u00eb Kosov\u00ebs Hashim Tha\u00e7i n\u00eb Mal t\u00eb Zi, m\u00eb 15 dhe 16 janar \u00a0e ka ndar\u00eb opinionin public\u00a0 malazias, mendojn\u00eb mediat e Prishtin\u00ebs, raporton Portali Tv Teuta.me. Disa shoqata,por edhe disa parti opozitare,t\u00eb cilat edhe sot e k\u00ebsaj dite vazhdojn\u00eb t\u00eb ushqehen me mentalitetin e luft\u00ebs dhe \u00a0t\u00eb urrjejtes [&hellip;]<\/p>\n","protected":false},"author":1,"featured_media":0,"comment_status":"closed","ping_status":"closed","sticky":false,"template":"","format":"standard","meta":{"spay_email":"","jetpack_publicize_message":"","jetpack_is_tweetstorm":false,"jetpack_publicize_feature_enabled":true},"categories":[14249],"tags":[],"jetpack_publicize_connections":[],"yoast_head":"<!-- This site is optimized with the Yoast SEO plugin v19.1 - https:\/\/yoast.com\/wordpress\/plugins\/seo\/ -->\n<title>Berjashi: Vizita e Tha\u00e7it n\u00eb Mal t\u00eb Zi i sh\u00ebrben fqinj\u00ebsis\u00eb s\u00eb mir\u00eb - Lajme nga Ulqini<\/title>\n<meta name=\"description\" content=\"Nga Ibrahim Berjashi Vizita e zv\/kryeministrit t\u00eb Kosov\u00ebs Hashim Tha\u00e7i n\u00eb Mal t\u00eb Zi, m\u00eb 15 dhe 16 janar \u00a0e ka ndar\u00eb opinionin public\u00a0 malazias, mendojn\u00eb\" \/>\n<meta name=\"robots\" content=\"index, follow, max-snippet:-1, max-image-preview:large, max-video-preview:-1\" \/>\n<link rel=\"canonical\" href=\"https:\/\/www.visit-ulcinj.com\/blog\/2015\/01\/13\/berjashi-vizita-e-thacit-ne-mal-te-zi-sherben-fqinjesise-se-mire\/\" \/>\n<meta property=\"og:locale\" content=\"en_US\" \/>\n<meta property=\"og:type\" content=\"article\" \/>\n<meta property=\"og:title\" content=\"Berjashi: Vizita e Tha\u00e7it n\u00eb Mal t\u00eb Zi i sh\u00ebrben fqinj\u00ebsis\u00eb s\u00eb mir\u00eb - Lajme nga Ulqini\" \/>\n<meta property=\"og:description\" content=\"Nga Ibrahim Berjashi Vizita e zv\/kryeministrit t\u00eb Kosov\u00ebs Hashim Tha\u00e7i n\u00eb Mal t\u00eb Zi, m\u00eb 15 dhe 16 janar \u00a0e ka ndar\u00eb opinionin public\u00a0 malazias, mendojn\u00eb\" \/>\n<meta property=\"og:url\" content=\"https:\/\/www.visit-ulcinj.com\/blog\/2015\/01\/13\/berjashi-vizita-e-thacit-ne-mal-te-zi-sherben-fqinjesise-se-mire\/\" \/>\n<meta property=\"og:site_name\" content=\"Lajme nga Ulqini\" \/>\n<meta property=\"article:published_time\" content=\"2015-01-13T17:24:50+00:00\" \/>\n<meta property=\"og:image\" content=\"http:\/\/www.visit-ulcinj.com\/blog\/wp-content\/uploads\/2015\/01\/Hashim-Thaci1.jpg\" \/>\n<meta name=\"twitter:label1\" content=\"Written by\" \/>\n\t<meta name=\"twitter:data1\" content=\"ulqini\" \/>\n\t<meta name=\"twitter:label2\" content=\"Est. reading time\" \/>\n\t<meta name=\"twitter:data2\" content=\"3 minutes\" \/>\n<script type=\"application\/ld+json\" class=\"yoast-schema-graph\">{\"@context\":\"https:\/\/schema.org\",\"@graph\":[{\"@type\":\"WebSite\",\"@id\":\"https:\/\/www.visit-ulcinj.com\/blog\/#website\",\"url\":\"https:\/\/www.visit-ulcinj.com\/blog\/\",\"name\":\"Lajme nga Ulqini\",\"description\":\"Lajme,Vijesti,Ulqini,Ulqin,Crna Gora,Mali i Zi\",\"potentialAction\":[{\"@type\":\"SearchAction\",\"target\":{\"@type\":\"EntryPoint\",\"urlTemplate\":\"https:\/\/www.visit-ulcinj.com\/blog\/?s={search_term_string}\"},\"query-input\":\"required name=search_term_string\"}],\"inLanguage\":\"en-US\"},{\"@type\":\"ImageObject\",\"inLanguage\":\"en-US\",\"@id\":\"https:\/\/www.visit-ulcinj.com\/blog\/2015\/01\/13\/berjashi-vizita-e-thacit-ne-mal-te-zi-sherben-fqinjesise-se-mire\/#primaryimage\",\"url\":\"https:\/\/www.visit-ulcinj.com\/blog\/wp-content\/uploads\/2015\/01\/Hashim-Thaci1.jpg\",\"contentUrl\":\"https:\/\/www.visit-ulcinj.com\/blog\/wp-content\/uploads\/2015\/01\/Hashim-Thaci1.jpg\",\"width\":645,\"height\":354},{\"@type\":\"WebPage\",\"@id\":\"https:\/\/www.visit-ulcinj.com\/blog\/2015\/01\/13\/berjashi-vizita-e-thacit-ne-mal-te-zi-sherben-fqinjesise-se-mire\/#webpage\",\"url\":\"https:\/\/www.visit-ulcinj.com\/blog\/2015\/01\/13\/berjashi-vizita-e-thacit-ne-mal-te-zi-sherben-fqinjesise-se-mire\/\",\"name\":\"Berjashi: Vizita e Tha\u00e7it n\u00eb Mal t\u00eb Zi i sh\u00ebrben fqinj\u00ebsis\u00eb s\u00eb mir\u00eb - Lajme nga Ulqini\",\"isPartOf\":{\"@id\":\"https:\/\/www.visit-ulcinj.com\/blog\/#website\"},\"primaryImageOfPage\":{\"@id\":\"https:\/\/www.visit-ulcinj.com\/blog\/2015\/01\/13\/berjashi-vizita-e-thacit-ne-mal-te-zi-sherben-fqinjesise-se-mire\/#primaryimage\"},\"datePublished\":\"2015-01-13T17:24:50+00:00\",\"dateModified\":\"2015-01-13T17:24:50+00:00\",\"author\":{\"@id\":\"https:\/\/www.visit-ulcinj.com\/blog\/#\/schema\/person\/dcab619c614d3038751c63bc2aadc06d\"},\"description\":\"Nga Ibrahim Berjashi Vizita e zv\/kryeministrit t\u00eb Kosov\u00ebs Hashim Tha\u00e7i n\u00eb Mal t\u00eb Zi, m\u00eb 15 dhe 16 janar \u00a0e ka ndar\u00eb opinionin public\u00a0 malazias, mendojn\u00eb\",\"breadcrumb\":{\"@id\":\"https:\/\/www.visit-ulcinj.com\/blog\/2015\/01\/13\/berjashi-vizita-e-thacit-ne-mal-te-zi-sherben-fqinjesise-se-mire\/#breadcrumb\"},\"inLanguage\":\"en-US\",\"potentialAction\":[{\"@type\":\"ReadAction\",\"target\":[\"https:\/\/www.visit-ulcinj.com\/blog\/2015\/01\/13\/berjashi-vizita-e-thacit-ne-mal-te-zi-sherben-fqinjesise-se-mire\/\"]}]},{\"@type\":\"BreadcrumbList\",\"@id\":\"https:\/\/www.visit-ulcinj.com\/blog\/2015\/01\/13\/berjashi-vizita-e-thacit-ne-mal-te-zi-sherben-fqinjesise-se-mire\/#breadcrumb\",\"itemListElement\":[{\"@type\":\"ListItem\",\"position\":1,\"name\":\"Berjashi: Vizita e Tha\u00e7it n\u00eb Mal t\u00eb Zi i sh\u00ebrben fqinj\u00ebsis\u00eb s\u00eb mir\u00eb\"}]},{\"@type\":\"Person\",\"@id\":\"https:\/\/www.visit-ulcinj.com\/blog\/#\/schema\/person\/dcab619c614d3038751c63bc2aadc06d\",\"name\":\"ulqini\",\"sameAs\":[\"http:\/\/www.visit-ulcinj.com\"],\"url\":\"https:\/\/www.visit-ulcinj.com\/blog\/author\/admin\/\"}]}<\/script>\n<!-- \/ Yoast SEO plugin. -->","yoast_head_json":{"title":"Berjashi: Vizita e Tha\u00e7it n\u00eb Mal t\u00eb Zi i sh\u00ebrben fqinj\u00ebsis\u00eb s\u00eb mir\u00eb - Lajme nga Ulqini","description":"Nga Ibrahim Berjashi Vizita e zv\/kryeministrit t\u00eb Kosov\u00ebs Hashim Tha\u00e7i n\u00eb Mal t\u00eb Zi, m\u00eb 15 dhe 16 janar \u00a0e ka ndar\u00eb opinionin public\u00a0 malazias, mendojn\u00eb","robots":{"index":"index","follow":"follow","max-snippet":"max-snippet:-1","max-image-preview":"max-image-preview:large","max-video-preview":"max-video-preview:-1"},"canonical":"https:\/\/www.visit-ulcinj.com\/blog\/2015\/01\/13\/berjashi-vizita-e-thacit-ne-mal-te-zi-sherben-fqinjesise-se-mire\/","og_locale":"en_US","og_type":"article","og_title":"Berjashi: Vizita e Tha\u00e7it n\u00eb Mal t\u00eb Zi i sh\u00ebrben fqinj\u00ebsis\u00eb s\u00eb mir\u00eb - Lajme nga Ulqini","og_description":"Nga Ibrahim Berjashi Vizita e zv\/kryeministrit t\u00eb Kosov\u00ebs Hashim Tha\u00e7i n\u00eb Mal t\u00eb Zi, m\u00eb 15 dhe 16 janar \u00a0e ka ndar\u00eb opinionin public\u00a0 malazias, mendojn\u00eb","og_url":"https:\/\/www.visit-ulcinj.com\/blog\/2015\/01\/13\/berjashi-vizita-e-thacit-ne-mal-te-zi-sherben-fqinjesise-se-mire\/","og_site_name":"Lajme nga Ulqini","article_published_time":"2015-01-13T17:24:50+00:00","og_image":[{"url":"http:\/\/www.visit-ulcinj.com\/blog\/wp-content\/uploads\/2015\/01\/Hashim-Thaci1.jpg"}],"twitter_misc":{"Written by":"ulqini","Est. reading time":"3 minutes"},"schema":{"@context":"https:\/\/schema.org","@graph":[{"@type":"WebSite","@id":"https:\/\/www.visit-ulcinj.com\/blog\/#website","url":"https:\/\/www.visit-ulcinj.com\/blog\/","name":"Lajme nga Ulqini","description":"Lajme,Vijesti,Ulqini,Ulqin,Crna Gora,Mali i Zi","potentialAction":[{"@type":"SearchAction","target":{"@type":"EntryPoint","urlTemplate":"https:\/\/www.visit-ulcinj.com\/blog\/?s={search_term_string}"},"query-input":"required name=search_term_string"}],"inLanguage":"en-US"},{"@type":"ImageObject","inLanguage":"en-US","@id":"https:\/\/www.visit-ulcinj.com\/blog\/2015\/01\/13\/berjashi-vizita-e-thacit-ne-mal-te-zi-sherben-fqinjesise-se-mire\/#primaryimage","url":"https:\/\/www.visit-ulcinj.com\/blog\/wp-content\/uploads\/2015\/01\/Hashim-Thaci1.jpg","contentUrl":"https:\/\/www.visit-ulcinj.com\/blog\/wp-content\/uploads\/2015\/01\/Hashim-Thaci1.jpg","width":645,"height":354},{"@type":"WebPage","@id":"https:\/\/www.visit-ulcinj.com\/blog\/2015\/01\/13\/berjashi-vizita-e-thacit-ne-mal-te-zi-sherben-fqinjesise-se-mire\/#webpage","url":"https:\/\/www.visit-ulcinj.com\/blog\/2015\/01\/13\/berjashi-vizita-e-thacit-ne-mal-te-zi-sherben-fqinjesise-se-mire\/","name":"Berjashi: Vizita e Tha\u00e7it n\u00eb Mal t\u00eb Zi i sh\u00ebrben fqinj\u00ebsis\u00eb s\u00eb mir\u00eb - Lajme nga Ulqini","isPartOf":{"@id":"https:\/\/www.visit-ulcinj.com\/blog\/#website"},"primaryImageOfPage":{"@id":"https:\/\/www.visit-ulcinj.com\/blog\/2015\/01\/13\/berjashi-vizita-e-thacit-ne-mal-te-zi-sherben-fqinjesise-se-mire\/#primaryimage"},"datePublished":"2015-01-13T17:24:50+00:00","dateModified":"2015-01-13T17:24:50+00:00","author":{"@id":"https:\/\/www.visit-ulcinj.com\/blog\/#\/schema\/person\/dcab619c614d3038751c63bc2aadc06d"},"description":"Nga Ibrahim Berjashi Vizita e zv\/kryeministrit t\u00eb Kosov\u00ebs Hashim Tha\u00e7i n\u00eb Mal t\u00eb Zi, m\u00eb 15 dhe 16 janar \u00a0e ka ndar\u00eb opinionin public\u00a0 malazias, mendojn\u00eb","breadcrumb":{"@id":"https:\/\/www.visit-ulcinj.com\/blog\/2015\/01\/13\/berjashi-vizita-e-thacit-ne-mal-te-zi-sherben-fqinjesise-se-mire\/#breadcrumb"},"inLanguage":"en-US","potentialAction":[{"@type":"ReadAction","target":["https:\/\/www.visit-ulcinj.com\/blog\/2015\/01\/13\/berjashi-vizita-e-thacit-ne-mal-te-zi-sherben-fqinjesise-se-mire\/"]}]},{"@type":"BreadcrumbList","@id":"https:\/\/www.visit-ulcinj.com\/blog\/2015\/01\/13\/berjashi-vizita-e-thacit-ne-mal-te-zi-sherben-fqinjesise-se-mire\/#breadcrumb","itemListElement":[{"@type":"ListItem","position":1,"name":"Berjashi: Vizita e Tha\u00e7it n\u00eb Mal t\u00eb Zi i sh\u00ebrben fqinj\u00ebsis\u00eb s\u00eb mir\u00eb"}]},{"@type":"Person","@id":"https:\/\/www.visit-ulcinj.com\/blog\/#\/schema\/person\/dcab619c614d3038751c63bc2aadc06d","name":"ulqini","sameAs":["http:\/\/www.visit-ulcinj.com"],"url":"https:\/\/www.visit-ulcinj.com\/blog\/author\/admin\/"}]}},"jetpack_featured_media_url":"","jetpack_sharing_enabled":true,"jetpack_shortlink":"https:\/\/wp.me\/pe6lTn-mOu","_links":{"self":[{"href":"https:\/\/www.visit-ulcinj.com\/blog\/wp-json\/wp\/v2\/posts\/87698"}],"collection":[{"href":"https:\/\/www.visit-ulcinj.com\/blog\/wp-json\/wp\/v2\/posts"}],"about":[{"href":"https:\/\/www.visit-ulcinj.com\/blog\/wp-json\/wp\/v2\/types\/post"}],"author":[{"embeddable":true,"href":"https:\/\/www.visit-ulcinj.com\/blog\/wp-json\/wp\/v2\/users\/1"}],"replies":[{"embeddable":true,"href":"https:\/\/www.visit-ulcinj.com\/blog\/wp-json\/wp\/v2\/comments?post=87698"}],"version-history":[{"count":1,"href":"https:\/\/www.visit-ulcinj.com\/blog\/wp-json\/wp\/v2\/posts\/87698\/revisions"}],"predecessor-version":[{"id":87700,"href":"https:\/\/www.visit-ulcinj.com\/blog\/wp-json\/wp\/v2\/posts\/87698\/revisions\/87700"}],"wp:attachment":[{"href":"https:\/\/www.visit-ulcinj.com\/blog\/wp-json\/wp\/v2\/media?parent=87698"}],"wp:term":[{"taxonomy":"category","embeddable":true,"href":"https:\/\/www.visit-ulcinj.com\/blog\/wp-json\/wp\/v2\/categories?post=87698"},{"taxonomy":"post_tag","embeddable":true,"href":"https:\/\/www.visit-ulcinj.com\/blog\/wp-json\/wp\/v2\/tags?post=87698"}],"curies":[{"name":"wp","href":"https:\/\/api.w.org\/{rel}","templated":true}]}}