{"id":87704,"date":"2015-01-13T18:43:23","date_gmt":"2015-01-13T17:43:23","guid":{"rendered":"http:\/\/www.visit-ulcinj.com\/blog\/?p=87704"},"modified":"2015-01-13T18:43:23","modified_gmt":"2015-01-13T17:43:23","slug":"emina-cunmulaj-ju-fton-ne-darke-shqiptare","status":"publish","type":"post","link":"https:\/\/www.visit-ulcinj.com\/blog\/2015\/01\/13\/emina-cunmulaj-ju-fton-ne-darke-shqiptare\/","title":{"rendered":"Emina Cunmulaj ju fton n\u00eb dark\u00eb &#8220;shqiptare\u201d"},"content":{"rendered":"<p><strong><a href=\"http:\/\/www.visit-ulcinj.com\/blog\/wp-content\/uploads\/2015\/01\/Emina-Cunmulaj.jpg\"><img loading=\"lazy\" class=\"alignleft wp-image-87705\" src=\"http:\/\/www.visit-ulcinj.com\/blog\/wp-content\/uploads\/2015\/01\/Emina-Cunmulaj.jpg\" alt=\"Emina-Cunmulaj\" width=\"508\" height=\"498\" srcset=\"https:\/\/www.visit-ulcinj.com\/blog\/wp-content\/uploads\/2015\/01\/Emina-Cunmulaj.jpg 607w, https:\/\/www.visit-ulcinj.com\/blog\/wp-content\/uploads\/2015\/01\/Emina-Cunmulaj-300x294.jpg 300w\" sizes=\"(max-width: 508px) 100vw, 508px\" \/><\/a>Emina Cunmulaj \u00ebsht\u00eb nj\u00eb kuzhiniere e p\u00ebrkushtuar dhe k\u00ebt\u00eb na e tregon shpesh p\u00ebrmes rrjeteve sociale.<\/strong><\/p>\n<p>Modelja shqiptare nga Mali i Zi, e cila vepron n\u00eb Shtetet e Bashkuara t\u00eb Amerik\u00ebs, edhe nj\u00eb her\u00eb ka treguar zot\u00ebsit\u00eb e saj t\u00eb kuzhin\u00ebs.<\/p>\n<p>Emina ka gatuar ushqim shqiptar organik me pat\u00ebllxhan dhe sos domatesh, derisa nj\u00eb fotografi e ka postuar n\u00eb rrjetet sociale duke u b\u00ebr\u00eb ftes\u00eb fansave ta shijojn\u00eb.<\/p>\n<p>Telegrafi<\/p>\n","protected":false},"excerpt":{"rendered":"<p>Emina Cunmulaj \u00ebsht\u00eb nj\u00eb kuzhiniere e p\u00ebrkushtuar dhe k\u00ebt\u00eb na e tregon shpesh p\u00ebrmes rrjeteve sociale. Modelja shqiptare nga Mali i Zi, e cila vepron n\u00eb Shtetet e Bashkuara t\u00eb Amerik\u00ebs, edhe nj\u00eb her\u00eb ka treguar zot\u00ebsit\u00eb e saj t\u00eb kuzhin\u00ebs. Emina ka gatuar ushqim shqiptar organik me pat\u00ebllxhan dhe sos domatesh, derisa nj\u00eb fotografi [&hellip;]<\/p>\n","protected":false},"author":1,"featured_media":0,"comment_status":"closed","ping_status":"closed","sticky":false,"template":"","format":"standard","meta":{"spay_email":"","jetpack_publicize_message":"","jetpack_is_tweetstorm":false,"jetpack_publicize_feature_enabled":true},"categories":[1],"tags":[],"jetpack_publicize_connections":[],"yoast_head":"<!-- This site is optimized with the Yoast SEO plugin v19.1 - https:\/\/yoast.com\/wordpress\/plugins\/seo\/ -->\n<title>Emina Cunmulaj ju fton n\u00eb dark\u00eb &quot;shqiptare\u201d - Lajme nga Ulqini<\/title>\n<meta name=\"description\" content=\"Emina Cunmulaj \u00ebsht\u00eb nj\u00eb kuzhiniere e p\u00ebrkushtuar dhe k\u00ebt\u00eb na e tregon shpesh p\u00ebrmes rrjeteve sociale. Modelja shqiptare nga Mali i Zi, e cila vepron n\u00eb\" \/>\n<meta name=\"robots\" content=\"index, follow, max-snippet:-1, max-image-preview:large, max-video-preview:-1\" \/>\n<link rel=\"canonical\" href=\"https:\/\/www.visit-ulcinj.com\/blog\/2015\/01\/13\/emina-cunmulaj-ju-fton-ne-darke-shqiptare\/\" \/>\n<meta property=\"og:locale\" content=\"en_US\" \/>\n<meta property=\"og:type\" content=\"article\" \/>\n<meta property=\"og:title\" content=\"Emina Cunmulaj ju fton n\u00eb dark\u00eb &quot;shqiptare\u201d - Lajme nga Ulqini\" \/>\n<meta property=\"og:description\" content=\"Emina Cunmulaj \u00ebsht\u00eb nj\u00eb kuzhiniere e p\u00ebrkushtuar dhe k\u00ebt\u00eb na e tregon shpesh p\u00ebrmes rrjeteve sociale. Modelja shqiptare nga Mali i Zi, e cila vepron n\u00eb\" \/>\n<meta property=\"og:url\" content=\"https:\/\/www.visit-ulcinj.com\/blog\/2015\/01\/13\/emina-cunmulaj-ju-fton-ne-darke-shqiptare\/\" \/>\n<meta property=\"og:site_name\" content=\"Lajme nga Ulqini\" \/>\n<meta property=\"article:published_time\" content=\"2015-01-13T17:43:23+00:00\" \/>\n<meta property=\"og:image\" content=\"http:\/\/www.visit-ulcinj.com\/blog\/wp-content\/uploads\/2015\/01\/Emina-Cunmulaj.jpg\" \/>\n<meta name=\"twitter:label1\" content=\"Written by\" \/>\n\t<meta name=\"twitter:data1\" content=\"ulqini\" \/>\n<script type=\"application\/ld+json\" class=\"yoast-schema-graph\">{\"@context\":\"https:\/\/schema.org\",\"@graph\":[{\"@type\":\"WebSite\",\"@id\":\"https:\/\/www.visit-ulcinj.com\/blog\/#website\",\"url\":\"https:\/\/www.visit-ulcinj.com\/blog\/\",\"name\":\"Lajme nga Ulqini\",\"description\":\"Lajme,Vijesti,Ulqini,Ulqin,Crna Gora,Mali i Zi\",\"potentialAction\":[{\"@type\":\"SearchAction\",\"target\":{\"@type\":\"EntryPoint\",\"urlTemplate\":\"https:\/\/www.visit-ulcinj.com\/blog\/?s={search_term_string}\"},\"query-input\":\"required name=search_term_string\"}],\"inLanguage\":\"en-US\"},{\"@type\":\"ImageObject\",\"inLanguage\":\"en-US\",\"@id\":\"https:\/\/www.visit-ulcinj.com\/blog\/2015\/01\/13\/emina-cunmulaj-ju-fton-ne-darke-shqiptare\/#primaryimage\",\"url\":\"https:\/\/www.visit-ulcinj.com\/blog\/wp-content\/uploads\/2015\/01\/Emina-Cunmulaj.jpg\",\"contentUrl\":\"https:\/\/www.visit-ulcinj.com\/blog\/wp-content\/uploads\/2015\/01\/Emina-Cunmulaj.jpg\",\"width\":607,\"height\":595},{\"@type\":\"WebPage\",\"@id\":\"https:\/\/www.visit-ulcinj.com\/blog\/2015\/01\/13\/emina-cunmulaj-ju-fton-ne-darke-shqiptare\/#webpage\",\"url\":\"https:\/\/www.visit-ulcinj.com\/blog\/2015\/01\/13\/emina-cunmulaj-ju-fton-ne-darke-shqiptare\/\",\"name\":\"Emina Cunmulaj ju fton n\u00eb dark\u00eb \\\"shqiptare\u201d - Lajme nga Ulqini\",\"isPartOf\":{\"@id\":\"https:\/\/www.visit-ulcinj.com\/blog\/#website\"},\"primaryImageOfPage\":{\"@id\":\"https:\/\/www.visit-ulcinj.com\/blog\/2015\/01\/13\/emina-cunmulaj-ju-fton-ne-darke-shqiptare\/#primaryimage\"},\"datePublished\":\"2015-01-13T17:43:23+00:00\",\"dateModified\":\"2015-01-13T17:43:23+00:00\",\"author\":{\"@id\":\"https:\/\/www.visit-ulcinj.com\/blog\/#\/schema\/person\/dcab619c614d3038751c63bc2aadc06d\"},\"description\":\"Emina Cunmulaj \u00ebsht\u00eb nj\u00eb kuzhiniere e p\u00ebrkushtuar dhe k\u00ebt\u00eb na e tregon shpesh p\u00ebrmes rrjeteve sociale. Modelja shqiptare nga Mali i Zi, e cila vepron n\u00eb\",\"breadcrumb\":{\"@id\":\"https:\/\/www.visit-ulcinj.com\/blog\/2015\/01\/13\/emina-cunmulaj-ju-fton-ne-darke-shqiptare\/#breadcrumb\"},\"inLanguage\":\"en-US\",\"potentialAction\":[{\"@type\":\"ReadAction\",\"target\":[\"https:\/\/www.visit-ulcinj.com\/blog\/2015\/01\/13\/emina-cunmulaj-ju-fton-ne-darke-shqiptare\/\"]}]},{\"@type\":\"BreadcrumbList\",\"@id\":\"https:\/\/www.visit-ulcinj.com\/blog\/2015\/01\/13\/emina-cunmulaj-ju-fton-ne-darke-shqiptare\/#breadcrumb\",\"itemListElement\":[{\"@type\":\"ListItem\",\"position\":1,\"name\":\"Emina Cunmulaj ju fton n\u00eb dark\u00eb &#8220;shqiptare\u201d\"}]},{\"@type\":\"Person\",\"@id\":\"https:\/\/www.visit-ulcinj.com\/blog\/#\/schema\/person\/dcab619c614d3038751c63bc2aadc06d\",\"name\":\"ulqini\",\"sameAs\":[\"http:\/\/www.visit-ulcinj.com\"],\"url\":\"https:\/\/www.visit-ulcinj.com\/blog\/author\/admin\/\"}]}<\/script>\n<!-- \/ Yoast SEO plugin. -->","yoast_head_json":{"title":"Emina Cunmulaj ju fton n\u00eb dark\u00eb \"shqiptare\u201d - Lajme nga Ulqini","description":"Emina Cunmulaj \u00ebsht\u00eb nj\u00eb kuzhiniere e p\u00ebrkushtuar dhe k\u00ebt\u00eb na e tregon shpesh p\u00ebrmes rrjeteve sociale. Modelja shqiptare nga Mali i Zi, e cila vepron n\u00eb","robots":{"index":"index","follow":"follow","max-snippet":"max-snippet:-1","max-image-preview":"max-image-preview:large","max-video-preview":"max-video-preview:-1"},"canonical":"https:\/\/www.visit-ulcinj.com\/blog\/2015\/01\/13\/emina-cunmulaj-ju-fton-ne-darke-shqiptare\/","og_locale":"en_US","og_type":"article","og_title":"Emina Cunmulaj ju fton n\u00eb dark\u00eb \"shqiptare\u201d - Lajme nga Ulqini","og_description":"Emina Cunmulaj \u00ebsht\u00eb nj\u00eb kuzhiniere e p\u00ebrkushtuar dhe k\u00ebt\u00eb na e tregon shpesh p\u00ebrmes rrjeteve sociale. Modelja shqiptare nga Mali i Zi, e cila vepron n\u00eb","og_url":"https:\/\/www.visit-ulcinj.com\/blog\/2015\/01\/13\/emina-cunmulaj-ju-fton-ne-darke-shqiptare\/","og_site_name":"Lajme nga Ulqini","article_published_time":"2015-01-13T17:43:23+00:00","og_image":[{"url":"http:\/\/www.visit-ulcinj.com\/blog\/wp-content\/uploads\/2015\/01\/Emina-Cunmulaj.jpg"}],"twitter_misc":{"Written by":"ulqini"},"schema":{"@context":"https:\/\/schema.org","@graph":[{"@type":"WebSite","@id":"https:\/\/www.visit-ulcinj.com\/blog\/#website","url":"https:\/\/www.visit-ulcinj.com\/blog\/","name":"Lajme nga Ulqini","description":"Lajme,Vijesti,Ulqini,Ulqin,Crna Gora,Mali i Zi","potentialAction":[{"@type":"SearchAction","target":{"@type":"EntryPoint","urlTemplate":"https:\/\/www.visit-ulcinj.com\/blog\/?s={search_term_string}"},"query-input":"required name=search_term_string"}],"inLanguage":"en-US"},{"@type":"ImageObject","inLanguage":"en-US","@id":"https:\/\/www.visit-ulcinj.com\/blog\/2015\/01\/13\/emina-cunmulaj-ju-fton-ne-darke-shqiptare\/#primaryimage","url":"https:\/\/www.visit-ulcinj.com\/blog\/wp-content\/uploads\/2015\/01\/Emina-Cunmulaj.jpg","contentUrl":"https:\/\/www.visit-ulcinj.com\/blog\/wp-content\/uploads\/2015\/01\/Emina-Cunmulaj.jpg","width":607,"height":595},{"@type":"WebPage","@id":"https:\/\/www.visit-ulcinj.com\/blog\/2015\/01\/13\/emina-cunmulaj-ju-fton-ne-darke-shqiptare\/#webpage","url":"https:\/\/www.visit-ulcinj.com\/blog\/2015\/01\/13\/emina-cunmulaj-ju-fton-ne-darke-shqiptare\/","name":"Emina Cunmulaj ju fton n\u00eb dark\u00eb \"shqiptare\u201d - Lajme nga Ulqini","isPartOf":{"@id":"https:\/\/www.visit-ulcinj.com\/blog\/#website"},"primaryImageOfPage":{"@id":"https:\/\/www.visit-ulcinj.com\/blog\/2015\/01\/13\/emina-cunmulaj-ju-fton-ne-darke-shqiptare\/#primaryimage"},"datePublished":"2015-01-13T17:43:23+00:00","dateModified":"2015-01-13T17:43:23+00:00","author":{"@id":"https:\/\/www.visit-ulcinj.com\/blog\/#\/schema\/person\/dcab619c614d3038751c63bc2aadc06d"},"description":"Emina Cunmulaj \u00ebsht\u00eb nj\u00eb kuzhiniere e p\u00ebrkushtuar dhe k\u00ebt\u00eb na e tregon shpesh p\u00ebrmes rrjeteve sociale. Modelja shqiptare nga Mali i Zi, e cila vepron n\u00eb","breadcrumb":{"@id":"https:\/\/www.visit-ulcinj.com\/blog\/2015\/01\/13\/emina-cunmulaj-ju-fton-ne-darke-shqiptare\/#breadcrumb"},"inLanguage":"en-US","potentialAction":[{"@type":"ReadAction","target":["https:\/\/www.visit-ulcinj.com\/blog\/2015\/01\/13\/emina-cunmulaj-ju-fton-ne-darke-shqiptare\/"]}]},{"@type":"BreadcrumbList","@id":"https:\/\/www.visit-ulcinj.com\/blog\/2015\/01\/13\/emina-cunmulaj-ju-fton-ne-darke-shqiptare\/#breadcrumb","itemListElement":[{"@type":"ListItem","position":1,"name":"Emina Cunmulaj ju fton n\u00eb dark\u00eb &#8220;shqiptare\u201d"}]},{"@type":"Person","@id":"https:\/\/www.visit-ulcinj.com\/blog\/#\/schema\/person\/dcab619c614d3038751c63bc2aadc06d","name":"ulqini","sameAs":["http:\/\/www.visit-ulcinj.com"],"url":"https:\/\/www.visit-ulcinj.com\/blog\/author\/admin\/"}]}},"jetpack_featured_media_url":"","jetpack_sharing_enabled":true,"jetpack_shortlink":"https:\/\/wp.me\/pe6lTn-mOA","_links":{"self":[{"href":"https:\/\/www.visit-ulcinj.com\/blog\/wp-json\/wp\/v2\/posts\/87704"}],"collection":[{"href":"https:\/\/www.visit-ulcinj.com\/blog\/wp-json\/wp\/v2\/posts"}],"about":[{"href":"https:\/\/www.visit-ulcinj.com\/blog\/wp-json\/wp\/v2\/types\/post"}],"author":[{"embeddable":true,"href":"https:\/\/www.visit-ulcinj.com\/blog\/wp-json\/wp\/v2\/users\/1"}],"replies":[{"embeddable":true,"href":"https:\/\/www.visit-ulcinj.com\/blog\/wp-json\/wp\/v2\/comments?post=87704"}],"version-history":[{"count":1,"href":"https:\/\/www.visit-ulcinj.com\/blog\/wp-json\/wp\/v2\/posts\/87704\/revisions"}],"predecessor-version":[{"id":87706,"href":"https:\/\/www.visit-ulcinj.com\/blog\/wp-json\/wp\/v2\/posts\/87704\/revisions\/87706"}],"wp:attachment":[{"href":"https:\/\/www.visit-ulcinj.com\/blog\/wp-json\/wp\/v2\/media?parent=87704"}],"wp:term":[{"taxonomy":"category","embeddable":true,"href":"https:\/\/www.visit-ulcinj.com\/blog\/wp-json\/wp\/v2\/categories?post=87704"},{"taxonomy":"post_tag","embeddable":true,"href":"https:\/\/www.visit-ulcinj.com\/blog\/wp-json\/wp\/v2\/tags?post=87704"}],"curies":[{"name":"wp","href":"https:\/\/api.w.org\/{rel}","templated":true}]}}