{"id":87708,"date":"2015-01-13T19:23:18","date_gmt":"2015-01-13T18:23:18","guid":{"rendered":"http:\/\/www.visit-ulcinj.com\/blog\/?p=87708"},"modified":"2015-01-13T19:23:18","modified_gmt":"2015-01-13T18:23:18","slug":"veskoviq-ne-mal-te-zi-manipulohet-pakicat","status":"publish","type":"post","link":"https:\/\/www.visit-ulcinj.com\/blog\/2015\/01\/13\/veskoviq-ne-mal-te-zi-manipulohet-pakicat\/","title":{"rendered":"Veskoviq: N\u00eb Mal t\u00eb Zi manipulohet me pakicat"},"content":{"rendered":"<p><a href=\"http:\/\/www.visit-ulcinj.com\/blog\/wp-content\/uploads\/2015\/01\/Rifat-Veskoviq.jpg\"><img loading=\"lazy\" class=\"alignleft wp-image-87709\" src=\"http:\/\/www.visit-ulcinj.com\/blog\/wp-content\/uploads\/2015\/01\/Rifat-Veskoviq.jpg\" alt=\"Rifat Veskoviq\" width=\"508\" height=\"364\" srcset=\"https:\/\/www.visit-ulcinj.com\/blog\/wp-content\/uploads\/2015\/01\/Rifat-Veskoviq.jpg 800w, https:\/\/www.visit-ulcinj.com\/blog\/wp-content\/uploads\/2015\/01\/Rifat-Veskoviq-300x215.jpg 300w\" sizes=\"(max-width: 508px) 100vw, 508px\" \/><\/a>Pushteti n\u00eb Mal t\u00eb Zi i keqp\u00ebrdor pakicat ,kurse mjediset n\u00eb t\u00eb cilat ato p\u00ebrb\u00ebjn\u00eb shumic\u00ebn e banor\u00ebve jan\u00eb mjediset m\u00eb t\u00eb pa zhvilluara, ka vler\u00ebsuar an\u00ebtari i\u00a0 kryesis\u00eb\u00a0 se L\u00ebvizjes p\u00ebr ndryshime Rifat Veskoviq, raporton Portali i RTCG.<\/p>\n<p>Ai n\u00eb konferenc\u00ebn p\u00ebr\u00a0 manipulimin politik\u00eb dhe keqp\u00ebrdorimin e pakicave n\u00eb shtet , ka theksuar se partit\u00eb e popujve pakic\u00eb kryesisht jan\u00eb dor\u00eb e zgjatur e Partis\u00eb n\u00eb pushtet. Veskoviq ka theksuar se\u00a0 miratohen tekste ligjore\u00a0 dhe dokumente t\u00eb tjera t\u00eb cilat vet\u00ebm p\u00ebrfaq\u00ebsish rregullojn\u00eb pozit\u00ebn e pakicave , derisa situata n\u00eb praktik\u00eb \u00ebsht\u00eb krejt\u00ebsisht ndryshe dhe pozita e pakicave gjithnj\u00eb keq\u00ebsohet. Ai ka theksuar se pakicat duhet t\u00eb integrohen e jo t\u00eb ndahen.<\/p>\n","protected":false},"excerpt":{"rendered":"<p>Pushteti n\u00eb Mal t\u00eb Zi i keqp\u00ebrdor pakicat ,kurse mjediset n\u00eb t\u00eb cilat ato p\u00ebrb\u00ebjn\u00eb shumic\u00ebn e banor\u00ebve jan\u00eb mjediset m\u00eb t\u00eb pa zhvilluara, ka vler\u00ebsuar an\u00ebtari i\u00a0 kryesis\u00eb\u00a0 se L\u00ebvizjes p\u00ebr ndryshime Rifat Veskoviq, raporton Portali i RTCG. Ai n\u00eb konferenc\u00ebn p\u00ebr\u00a0 manipulimin politik\u00eb dhe keqp\u00ebrdorimin e pakicave n\u00eb shtet , ka theksuar se [&hellip;]<\/p>\n","protected":false},"author":1,"featured_media":0,"comment_status":"closed","ping_status":"closed","sticky":false,"template":"","format":"standard","meta":{"spay_email":"","jetpack_publicize_message":"","jetpack_is_tweetstorm":false,"jetpack_publicize_feature_enabled":true},"categories":[6950],"tags":[],"jetpack_publicize_connections":[],"yoast_head":"<!-- This site is optimized with the Yoast SEO plugin v19.1 - https:\/\/yoast.com\/wordpress\/plugins\/seo\/ -->\n<title>Veskoviq: N\u00eb Mal t\u00eb Zi manipulohet me pakicat - Lajme nga Ulqini<\/title>\n<meta name=\"description\" content=\"Pushteti n\u00eb Mal t\u00eb Zi i keqp\u00ebrdor pakicat ,kurse mjediset n\u00eb t\u00eb cilat ato p\u00ebrb\u00ebjn\u00eb shumic\u00ebn e banor\u00ebve jan\u00eb mjediset m\u00eb t\u00eb pa zhvilluara, ka vler\u00ebsuar\" \/>\n<meta name=\"robots\" content=\"index, follow, max-snippet:-1, max-image-preview:large, max-video-preview:-1\" \/>\n<link rel=\"canonical\" href=\"https:\/\/www.visit-ulcinj.com\/blog\/2015\/01\/13\/veskoviq-ne-mal-te-zi-manipulohet-pakicat\/\" \/>\n<meta property=\"og:locale\" content=\"en_US\" \/>\n<meta property=\"og:type\" content=\"article\" \/>\n<meta property=\"og:title\" content=\"Veskoviq: N\u00eb Mal t\u00eb Zi manipulohet me pakicat - Lajme nga Ulqini\" \/>\n<meta property=\"og:description\" content=\"Pushteti n\u00eb Mal t\u00eb Zi i keqp\u00ebrdor pakicat ,kurse mjediset n\u00eb t\u00eb cilat ato p\u00ebrb\u00ebjn\u00eb shumic\u00ebn e banor\u00ebve jan\u00eb mjediset m\u00eb t\u00eb pa zhvilluara, ka vler\u00ebsuar\" \/>\n<meta property=\"og:url\" content=\"https:\/\/www.visit-ulcinj.com\/blog\/2015\/01\/13\/veskoviq-ne-mal-te-zi-manipulohet-pakicat\/\" \/>\n<meta property=\"og:site_name\" content=\"Lajme nga Ulqini\" \/>\n<meta property=\"article:published_time\" content=\"2015-01-13T18:23:18+00:00\" \/>\n<meta property=\"og:image\" content=\"http:\/\/www.visit-ulcinj.com\/blog\/wp-content\/uploads\/2015\/01\/Rifat-Veskoviq.jpg\" \/>\n<meta name=\"twitter:label1\" content=\"Written by\" \/>\n\t<meta name=\"twitter:data1\" content=\"ulqini\" \/>\n\t<meta name=\"twitter:label2\" content=\"Est. reading time\" \/>\n\t<meta name=\"twitter:data2\" content=\"1 minute\" \/>\n<script type=\"application\/ld+json\" class=\"yoast-schema-graph\">{\"@context\":\"https:\/\/schema.org\",\"@graph\":[{\"@type\":\"WebSite\",\"@id\":\"https:\/\/www.visit-ulcinj.com\/blog\/#website\",\"url\":\"https:\/\/www.visit-ulcinj.com\/blog\/\",\"name\":\"Lajme nga Ulqini\",\"description\":\"Lajme,Vijesti,Ulqini,Ulqin,Crna Gora,Mali i Zi\",\"potentialAction\":[{\"@type\":\"SearchAction\",\"target\":{\"@type\":\"EntryPoint\",\"urlTemplate\":\"https:\/\/www.visit-ulcinj.com\/blog\/?s={search_term_string}\"},\"query-input\":\"required name=search_term_string\"}],\"inLanguage\":\"en-US\"},{\"@type\":\"ImageObject\",\"inLanguage\":\"en-US\",\"@id\":\"https:\/\/www.visit-ulcinj.com\/blog\/2015\/01\/13\/veskoviq-ne-mal-te-zi-manipulohet-pakicat\/#primaryimage\",\"url\":\"https:\/\/www.visit-ulcinj.com\/blog\/wp-content\/uploads\/2015\/01\/Rifat-Veskoviq.jpg\",\"contentUrl\":\"https:\/\/www.visit-ulcinj.com\/blog\/wp-content\/uploads\/2015\/01\/Rifat-Veskoviq.jpg\",\"width\":800,\"height\":574},{\"@type\":\"WebPage\",\"@id\":\"https:\/\/www.visit-ulcinj.com\/blog\/2015\/01\/13\/veskoviq-ne-mal-te-zi-manipulohet-pakicat\/#webpage\",\"url\":\"https:\/\/www.visit-ulcinj.com\/blog\/2015\/01\/13\/veskoviq-ne-mal-te-zi-manipulohet-pakicat\/\",\"name\":\"Veskoviq: N\u00eb Mal t\u00eb Zi manipulohet me pakicat - Lajme nga Ulqini\",\"isPartOf\":{\"@id\":\"https:\/\/www.visit-ulcinj.com\/blog\/#website\"},\"primaryImageOfPage\":{\"@id\":\"https:\/\/www.visit-ulcinj.com\/blog\/2015\/01\/13\/veskoviq-ne-mal-te-zi-manipulohet-pakicat\/#primaryimage\"},\"datePublished\":\"2015-01-13T18:23:18+00:00\",\"dateModified\":\"2015-01-13T18:23:18+00:00\",\"author\":{\"@id\":\"https:\/\/www.visit-ulcinj.com\/blog\/#\/schema\/person\/dcab619c614d3038751c63bc2aadc06d\"},\"description\":\"Pushteti n\u00eb Mal t\u00eb Zi i keqp\u00ebrdor pakicat ,kurse mjediset n\u00eb t\u00eb cilat ato p\u00ebrb\u00ebjn\u00eb shumic\u00ebn e banor\u00ebve jan\u00eb mjediset m\u00eb t\u00eb pa zhvilluara, ka vler\u00ebsuar\",\"breadcrumb\":{\"@id\":\"https:\/\/www.visit-ulcinj.com\/blog\/2015\/01\/13\/veskoviq-ne-mal-te-zi-manipulohet-pakicat\/#breadcrumb\"},\"inLanguage\":\"en-US\",\"potentialAction\":[{\"@type\":\"ReadAction\",\"target\":[\"https:\/\/www.visit-ulcinj.com\/blog\/2015\/01\/13\/veskoviq-ne-mal-te-zi-manipulohet-pakicat\/\"]}]},{\"@type\":\"BreadcrumbList\",\"@id\":\"https:\/\/www.visit-ulcinj.com\/blog\/2015\/01\/13\/veskoviq-ne-mal-te-zi-manipulohet-pakicat\/#breadcrumb\",\"itemListElement\":[{\"@type\":\"ListItem\",\"position\":1,\"name\":\"Veskoviq: N\u00eb Mal t\u00eb Zi manipulohet me pakicat\"}]},{\"@type\":\"Person\",\"@id\":\"https:\/\/www.visit-ulcinj.com\/blog\/#\/schema\/person\/dcab619c614d3038751c63bc2aadc06d\",\"name\":\"ulqini\",\"sameAs\":[\"http:\/\/www.visit-ulcinj.com\"],\"url\":\"https:\/\/www.visit-ulcinj.com\/blog\/author\/admin\/\"}]}<\/script>\n<!-- \/ Yoast SEO plugin. -->","yoast_head_json":{"title":"Veskoviq: N\u00eb Mal t\u00eb Zi manipulohet me pakicat - Lajme nga Ulqini","description":"Pushteti n\u00eb Mal t\u00eb Zi i keqp\u00ebrdor pakicat ,kurse mjediset n\u00eb t\u00eb cilat ato p\u00ebrb\u00ebjn\u00eb shumic\u00ebn e banor\u00ebve jan\u00eb mjediset m\u00eb t\u00eb pa zhvilluara, ka vler\u00ebsuar","robots":{"index":"index","follow":"follow","max-snippet":"max-snippet:-1","max-image-preview":"max-image-preview:large","max-video-preview":"max-video-preview:-1"},"canonical":"https:\/\/www.visit-ulcinj.com\/blog\/2015\/01\/13\/veskoviq-ne-mal-te-zi-manipulohet-pakicat\/","og_locale":"en_US","og_type":"article","og_title":"Veskoviq: N\u00eb Mal t\u00eb Zi manipulohet me pakicat - Lajme nga Ulqini","og_description":"Pushteti n\u00eb Mal t\u00eb Zi i keqp\u00ebrdor pakicat ,kurse mjediset n\u00eb t\u00eb cilat ato p\u00ebrb\u00ebjn\u00eb shumic\u00ebn e banor\u00ebve jan\u00eb mjediset m\u00eb t\u00eb pa zhvilluara, ka vler\u00ebsuar","og_url":"https:\/\/www.visit-ulcinj.com\/blog\/2015\/01\/13\/veskoviq-ne-mal-te-zi-manipulohet-pakicat\/","og_site_name":"Lajme nga Ulqini","article_published_time":"2015-01-13T18:23:18+00:00","og_image":[{"url":"http:\/\/www.visit-ulcinj.com\/blog\/wp-content\/uploads\/2015\/01\/Rifat-Veskoviq.jpg"}],"twitter_misc":{"Written by":"ulqini","Est. reading time":"1 minute"},"schema":{"@context":"https:\/\/schema.org","@graph":[{"@type":"WebSite","@id":"https:\/\/www.visit-ulcinj.com\/blog\/#website","url":"https:\/\/www.visit-ulcinj.com\/blog\/","name":"Lajme nga Ulqini","description":"Lajme,Vijesti,Ulqini,Ulqin,Crna Gora,Mali i Zi","potentialAction":[{"@type":"SearchAction","target":{"@type":"EntryPoint","urlTemplate":"https:\/\/www.visit-ulcinj.com\/blog\/?s={search_term_string}"},"query-input":"required name=search_term_string"}],"inLanguage":"en-US"},{"@type":"ImageObject","inLanguage":"en-US","@id":"https:\/\/www.visit-ulcinj.com\/blog\/2015\/01\/13\/veskoviq-ne-mal-te-zi-manipulohet-pakicat\/#primaryimage","url":"https:\/\/www.visit-ulcinj.com\/blog\/wp-content\/uploads\/2015\/01\/Rifat-Veskoviq.jpg","contentUrl":"https:\/\/www.visit-ulcinj.com\/blog\/wp-content\/uploads\/2015\/01\/Rifat-Veskoviq.jpg","width":800,"height":574},{"@type":"WebPage","@id":"https:\/\/www.visit-ulcinj.com\/blog\/2015\/01\/13\/veskoviq-ne-mal-te-zi-manipulohet-pakicat\/#webpage","url":"https:\/\/www.visit-ulcinj.com\/blog\/2015\/01\/13\/veskoviq-ne-mal-te-zi-manipulohet-pakicat\/","name":"Veskoviq: N\u00eb Mal t\u00eb Zi manipulohet me pakicat - Lajme nga Ulqini","isPartOf":{"@id":"https:\/\/www.visit-ulcinj.com\/blog\/#website"},"primaryImageOfPage":{"@id":"https:\/\/www.visit-ulcinj.com\/blog\/2015\/01\/13\/veskoviq-ne-mal-te-zi-manipulohet-pakicat\/#primaryimage"},"datePublished":"2015-01-13T18:23:18+00:00","dateModified":"2015-01-13T18:23:18+00:00","author":{"@id":"https:\/\/www.visit-ulcinj.com\/blog\/#\/schema\/person\/dcab619c614d3038751c63bc2aadc06d"},"description":"Pushteti n\u00eb Mal t\u00eb Zi i keqp\u00ebrdor pakicat ,kurse mjediset n\u00eb t\u00eb cilat ato p\u00ebrb\u00ebjn\u00eb shumic\u00ebn e banor\u00ebve jan\u00eb mjediset m\u00eb t\u00eb pa zhvilluara, ka vler\u00ebsuar","breadcrumb":{"@id":"https:\/\/www.visit-ulcinj.com\/blog\/2015\/01\/13\/veskoviq-ne-mal-te-zi-manipulohet-pakicat\/#breadcrumb"},"inLanguage":"en-US","potentialAction":[{"@type":"ReadAction","target":["https:\/\/www.visit-ulcinj.com\/blog\/2015\/01\/13\/veskoviq-ne-mal-te-zi-manipulohet-pakicat\/"]}]},{"@type":"BreadcrumbList","@id":"https:\/\/www.visit-ulcinj.com\/blog\/2015\/01\/13\/veskoviq-ne-mal-te-zi-manipulohet-pakicat\/#breadcrumb","itemListElement":[{"@type":"ListItem","position":1,"name":"Veskoviq: N\u00eb Mal t\u00eb Zi manipulohet me pakicat"}]},{"@type":"Person","@id":"https:\/\/www.visit-ulcinj.com\/blog\/#\/schema\/person\/dcab619c614d3038751c63bc2aadc06d","name":"ulqini","sameAs":["http:\/\/www.visit-ulcinj.com"],"url":"https:\/\/www.visit-ulcinj.com\/blog\/author\/admin\/"}]}},"jetpack_featured_media_url":"","jetpack_sharing_enabled":true,"jetpack_shortlink":"https:\/\/wp.me\/pe6lTn-mOE","_links":{"self":[{"href":"https:\/\/www.visit-ulcinj.com\/blog\/wp-json\/wp\/v2\/posts\/87708"}],"collection":[{"href":"https:\/\/www.visit-ulcinj.com\/blog\/wp-json\/wp\/v2\/posts"}],"about":[{"href":"https:\/\/www.visit-ulcinj.com\/blog\/wp-json\/wp\/v2\/types\/post"}],"author":[{"embeddable":true,"href":"https:\/\/www.visit-ulcinj.com\/blog\/wp-json\/wp\/v2\/users\/1"}],"replies":[{"embeddable":true,"href":"https:\/\/www.visit-ulcinj.com\/blog\/wp-json\/wp\/v2\/comments?post=87708"}],"version-history":[{"count":1,"href":"https:\/\/www.visit-ulcinj.com\/blog\/wp-json\/wp\/v2\/posts\/87708\/revisions"}],"predecessor-version":[{"id":87710,"href":"https:\/\/www.visit-ulcinj.com\/blog\/wp-json\/wp\/v2\/posts\/87708\/revisions\/87710"}],"wp:attachment":[{"href":"https:\/\/www.visit-ulcinj.com\/blog\/wp-json\/wp\/v2\/media?parent=87708"}],"wp:term":[{"taxonomy":"category","embeddable":true,"href":"https:\/\/www.visit-ulcinj.com\/blog\/wp-json\/wp\/v2\/categories?post=87708"},{"taxonomy":"post_tag","embeddable":true,"href":"https:\/\/www.visit-ulcinj.com\/blog\/wp-json\/wp\/v2\/tags?post=87708"}],"curies":[{"name":"wp","href":"https:\/\/api.w.org\/{rel}","templated":true}]}}