{"id":87711,"date":"2015-01-14T08:56:47","date_gmt":"2015-01-14T07:56:47","guid":{"rendered":"http:\/\/www.visit-ulcinj.com\/blog\/?p=87711"},"modified":"2015-01-14T08:56:47","modified_gmt":"2015-01-14T07:56:47","slug":"salaj-kalimera-poetike-feste-e-artit-te-fjales","status":"publish","type":"post","link":"https:\/\/www.visit-ulcinj.com\/blog\/2015\/01\/14\/salaj-kalimera-poetike-feste-e-artit-te-fjales\/","title":{"rendered":"Salaj: \u201cKalimera Poetike\u201d, fest\u00eb e artit t\u00eb fjal\u00ebs"},"content":{"rendered":"<p><strong><a href=\"http:\/\/www.visit-ulcinj.com\/blog\/wp-content\/uploads\/2013\/07\/Kalimera-Poetike-Art-Club-Ulqin.jpg\"><img loading=\"lazy\" class=\"alignleft wp-image-73789\" src=\"http:\/\/www.visit-ulcinj.com\/blog\/wp-content\/uploads\/2013\/07\/Kalimera-Poetike-Art-Club-Ulqin.jpg\" alt=\"Kalimera-Poetike-Art-Club-Ulqin\" width=\"508\" height=\"317\" srcset=\"https:\/\/www.visit-ulcinj.com\/blog\/wp-content\/uploads\/2013\/07\/Kalimera-Poetike-Art-Club-Ulqin.jpg 486w, https:\/\/www.visit-ulcinj.com\/blog\/wp-content\/uploads\/2013\/07\/Kalimera-Poetike-Art-Club-Ulqin-300x187.jpg 300w\" sizes=\"(max-width: 508px) 100vw, 508px\" \/><\/a>Ali Salaj<\/strong><\/p>\n<p>\u201cKalimera Poetike\u201d sh\u00ebnon sivjet edicionin e 22-t\u00eb me radh\u00eb duke bashkuar krijuesit m\u00eb t\u00eb mir\u00eb letrar\u00eb nga rajoni. Ky \u00ebsht\u00eb nj\u00eb festival i ve\u00e7ant\u00eb i artit, i cili q\u00eb n\u00eb zanafill\u00eb shfaqi synimin p\u00ebr t\u00eb nd\u00ebrtuar nj\u00eb fest\u00eb t\u00eb artit artizanal t\u00eb fjal\u00ebs.<\/p>\n<p>P\u00ebrgjat\u00eb gjith\u00eb k\u00ebtyre viteve u shfaq\u00ebn vler\u00ebsime dhe interpretime nga autor\u00eb t\u00eb njohur si: Ali Podrimja, Drit\u00ebro Agolli, Fatos Arapi, Enver Gjerqeku, Mehmet Kraja, Visar Zhiti, Basri \u00c7apriqi, Zuvdija Hoxhiq, Andrej Nikolaidis, Slavko Pregl etj. Ishin k\u00ebta personalitete mbi t\u00eb cil\u00ebt u nd\u00ebrtua historia e k\u00ebtij manifestimi duke u shnd\u00ebrruar n\u00eb nj\u00eb bibliotek\u00eb me thesare t\u00eb m\u00ebdha letrare, disa nga autor\u00ebt q\u00eb \u201cKalimer\u00ebs Poetike\u201d i dhan\u00eb dashuri, seriozitet dhe p\u00ebrgjegj\u00ebsi duke e kthyer at\u00eb n\u00eb nj\u00eb ngjarje v\u00ebrtet artistike dhe kulmore.<\/p>\n<p>Realiteti yn\u00eb kulturor \u00ebsht\u00eb ende i v\u00ebshtir\u00eb dhe i ashp\u00ebr si pasoj\u00eb e p\u00ebr\u00e7mimit q\u00eb i b\u00ebhet kultur\u00ebs nga ana e institucioneve p\u00ebrkat\u00ebse, por me kalimin e koh\u00ebs besoj se autor\u00ebt dhe librat e tyre do t\u00eb jen\u00eb shtylla kryesore mbi t\u00eb cil\u00ebn do t\u00eb nd\u00ebrtohet e ardhmja e k\u00ebtij qyteti dhe identiteti i v\u00ebrtet\u00eb i tij.<\/p>\n<p>K\u00ebsaj Kalaje t\u00eb lasht\u00eb dhe k\u00ebtij sheshi madh\u00ebshtor nuk u kan\u00eb munguar asnj\u00ebher\u00eb fjala me ngjyresa t\u00eb bukura e me finesa arkaike. N\u00eb k\u00ebt\u00eb amfiteat\u00ebr jan\u00eb zhvilluar drama t\u00eb ndryshme, t\u00eb g\u00ebrshetuara me tragjedin\u00eb dhe komedin\u00eb p\u00ebr t\u00eb cilat n\u00eb m\u00ebnyr\u00eb t\u00eb heshtur d\u00ebshmon \u00e7do gur i Kalas\u00eb. Prandaj q\u00ebllimisht zgjodh\u00ebm k\u00ebt\u00eb ambient t\u00eb lasht\u00eb dhe t\u00eb bukur ku fjal\u00ebs i jepet shum\u00ebkuptim\u00ebsia dhe ku poetja e k\u00ebtij edicioni Luljeta Lleshanaku, e cila mbijetoi n\u00eb nj\u00eb koh\u00eb \u201cPa koh\u00eb\u201d, do ta \u00e7liroj\u00eb intimitetin poetik para k\u00ebtij publiku artdash\u00ebs, apo ku autori i \u201cTeut\u00ebs\u201d, Mirash Martinoviq, do ta ringjall\u00eb mbret\u00ebresh\u00ebn ilire, e cila n\u00eb koh\u00ebrat m\u00eb t\u00eb v\u00ebshtira i mbrojti k\u00ebto bedena, apo shkrimtari Beq\u00eb Cufaj, i cili n\u00eb m\u00ebnyr\u00eb t\u00eb ve\u00e7ant\u00eb g\u00ebrshetoi kultur\u00ebn e kullave ballkanike me k\u00ebshtjellat per\u00ebndimore.<\/p>\n<p>Besoj q\u00eb k\u00ebta tre shkrimtar\u00eb t\u00eb mir\u00ebnjohur me krijimtarin\u00eb e tyre do ta ringjallin k\u00ebt\u00eb Kala t\u00eb lasht\u00eb dhe do ta himnizojn\u00eb \u201cKalimer\u00ebn Poetike\u201d duke i dh\u00ebn\u00eb k\u00ebtij manifestimi vlerat m\u00eb t\u00eb larta artistike.<\/p>\n","protected":false},"excerpt":{"rendered":"<p>Ali Salaj \u201cKalimera Poetike\u201d sh\u00ebnon sivjet edicionin e 22-t\u00eb me radh\u00eb duke bashkuar krijuesit m\u00eb t\u00eb mir\u00eb letrar\u00eb nga rajoni. Ky \u00ebsht\u00eb nj\u00eb festival i ve\u00e7ant\u00eb i artit, i cili q\u00eb n\u00eb zanafill\u00eb shfaqi synimin p\u00ebr t\u00eb nd\u00ebrtuar nj\u00eb fest\u00eb t\u00eb artit artizanal t\u00eb fjal\u00ebs. P\u00ebrgjat\u00eb gjith\u00eb k\u00ebtyre viteve u shfaq\u00ebn vler\u00ebsime dhe interpretime nga [&hellip;]<\/p>\n","protected":false},"author":1,"featured_media":0,"comment_status":"closed","ping_status":"closed","sticky":false,"template":"","format":"standard","meta":{"spay_email":"","jetpack_publicize_message":"","jetpack_is_tweetstorm":false,"jetpack_publicize_feature_enabled":true},"categories":[4],"tags":[],"jetpack_publicize_connections":[],"yoast_head":"<!-- This site is optimized with the Yoast SEO plugin v19.1 - https:\/\/yoast.com\/wordpress\/plugins\/seo\/ -->\n<title>Salaj: \u201cKalimera Poetike\u201d, fest\u00eb e artit t\u00eb fjal\u00ebs - Lajme nga Ulqini<\/title>\n<meta name=\"description\" content=\"Ali Salaj \u201cKalimera Poetike\u201d sh\u00ebnon sivjet edicionin e 22-t\u00eb me radh\u00eb duke bashkuar krijuesit m\u00eb t\u00eb mir\u00eb letrar\u00eb nga rajoni. Ky \u00ebsht\u00eb nj\u00eb festival i\" \/>\n<meta name=\"robots\" content=\"index, follow, max-snippet:-1, max-image-preview:large, max-video-preview:-1\" \/>\n<link rel=\"canonical\" href=\"https:\/\/www.visit-ulcinj.com\/blog\/2015\/01\/14\/salaj-kalimera-poetike-feste-e-artit-te-fjales\/\" \/>\n<meta property=\"og:locale\" content=\"en_US\" \/>\n<meta property=\"og:type\" content=\"article\" \/>\n<meta property=\"og:title\" content=\"Salaj: \u201cKalimera Poetike\u201d, fest\u00eb e artit t\u00eb fjal\u00ebs - Lajme nga Ulqini\" \/>\n<meta property=\"og:description\" content=\"Ali Salaj \u201cKalimera Poetike\u201d sh\u00ebnon sivjet edicionin e 22-t\u00eb me radh\u00eb duke bashkuar krijuesit m\u00eb t\u00eb mir\u00eb letrar\u00eb nga rajoni. Ky \u00ebsht\u00eb nj\u00eb festival i\" \/>\n<meta property=\"og:url\" content=\"https:\/\/www.visit-ulcinj.com\/blog\/2015\/01\/14\/salaj-kalimera-poetike-feste-e-artit-te-fjales\/\" \/>\n<meta property=\"og:site_name\" content=\"Lajme nga Ulqini\" \/>\n<meta property=\"article:published_time\" content=\"2015-01-14T07:56:47+00:00\" \/>\n<meta property=\"og:image\" content=\"http:\/\/www.visit-ulcinj.com\/blog\/wp-content\/uploads\/2013\/07\/Kalimera-Poetike-Art-Club-Ulqin.jpg\" \/>\n<meta name=\"twitter:label1\" content=\"Written by\" \/>\n\t<meta name=\"twitter:data1\" content=\"ulqini\" \/>\n\t<meta name=\"twitter:label2\" content=\"Est. reading time\" \/>\n\t<meta name=\"twitter:data2\" content=\"2 minutes\" \/>\n<script type=\"application\/ld+json\" class=\"yoast-schema-graph\">{\"@context\":\"https:\/\/schema.org\",\"@graph\":[{\"@type\":\"WebSite\",\"@id\":\"https:\/\/www.visit-ulcinj.com\/blog\/#website\",\"url\":\"https:\/\/www.visit-ulcinj.com\/blog\/\",\"name\":\"Lajme nga Ulqini\",\"description\":\"Lajme,Vijesti,Ulqini,Ulqin,Crna Gora,Mali i Zi\",\"potentialAction\":[{\"@type\":\"SearchAction\",\"target\":{\"@type\":\"EntryPoint\",\"urlTemplate\":\"https:\/\/www.visit-ulcinj.com\/blog\/?s={search_term_string}\"},\"query-input\":\"required name=search_term_string\"}],\"inLanguage\":\"en-US\"},{\"@type\":\"ImageObject\",\"inLanguage\":\"en-US\",\"@id\":\"https:\/\/www.visit-ulcinj.com\/blog\/2015\/01\/14\/salaj-kalimera-poetike-feste-e-artit-te-fjales\/#primaryimage\",\"url\":\"https:\/\/www.visit-ulcinj.com\/blog\/wp-content\/uploads\/2013\/07\/Kalimera-Poetike-Art-Club-Ulqin.jpg\",\"contentUrl\":\"https:\/\/www.visit-ulcinj.com\/blog\/wp-content\/uploads\/2013\/07\/Kalimera-Poetike-Art-Club-Ulqin.jpg\",\"width\":486,\"height\":303},{\"@type\":\"WebPage\",\"@id\":\"https:\/\/www.visit-ulcinj.com\/blog\/2015\/01\/14\/salaj-kalimera-poetike-feste-e-artit-te-fjales\/#webpage\",\"url\":\"https:\/\/www.visit-ulcinj.com\/blog\/2015\/01\/14\/salaj-kalimera-poetike-feste-e-artit-te-fjales\/\",\"name\":\"Salaj: \u201cKalimera Poetike\u201d, fest\u00eb e artit t\u00eb fjal\u00ebs - Lajme nga Ulqini\",\"isPartOf\":{\"@id\":\"https:\/\/www.visit-ulcinj.com\/blog\/#website\"},\"primaryImageOfPage\":{\"@id\":\"https:\/\/www.visit-ulcinj.com\/blog\/2015\/01\/14\/salaj-kalimera-poetike-feste-e-artit-te-fjales\/#primaryimage\"},\"datePublished\":\"2015-01-14T07:56:47+00:00\",\"dateModified\":\"2015-01-14T07:56:47+00:00\",\"author\":{\"@id\":\"https:\/\/www.visit-ulcinj.com\/blog\/#\/schema\/person\/dcab619c614d3038751c63bc2aadc06d\"},\"description\":\"Ali Salaj \u201cKalimera Poetike\u201d sh\u00ebnon sivjet edicionin e 22-t\u00eb me radh\u00eb duke bashkuar krijuesit m\u00eb t\u00eb mir\u00eb letrar\u00eb nga rajoni. Ky \u00ebsht\u00eb nj\u00eb festival i\",\"breadcrumb\":{\"@id\":\"https:\/\/www.visit-ulcinj.com\/blog\/2015\/01\/14\/salaj-kalimera-poetike-feste-e-artit-te-fjales\/#breadcrumb\"},\"inLanguage\":\"en-US\",\"potentialAction\":[{\"@type\":\"ReadAction\",\"target\":[\"https:\/\/www.visit-ulcinj.com\/blog\/2015\/01\/14\/salaj-kalimera-poetike-feste-e-artit-te-fjales\/\"]}]},{\"@type\":\"BreadcrumbList\",\"@id\":\"https:\/\/www.visit-ulcinj.com\/blog\/2015\/01\/14\/salaj-kalimera-poetike-feste-e-artit-te-fjales\/#breadcrumb\",\"itemListElement\":[{\"@type\":\"ListItem\",\"position\":1,\"name\":\"Salaj: \u201cKalimera Poetike\u201d, fest\u00eb e artit t\u00eb fjal\u00ebs\"}]},{\"@type\":\"Person\",\"@id\":\"https:\/\/www.visit-ulcinj.com\/blog\/#\/schema\/person\/dcab619c614d3038751c63bc2aadc06d\",\"name\":\"ulqini\",\"sameAs\":[\"http:\/\/www.visit-ulcinj.com\"],\"url\":\"https:\/\/www.visit-ulcinj.com\/blog\/author\/admin\/\"}]}<\/script>\n<!-- \/ Yoast SEO plugin. -->","yoast_head_json":{"title":"Salaj: \u201cKalimera Poetike\u201d, fest\u00eb e artit t\u00eb fjal\u00ebs - Lajme nga Ulqini","description":"Ali Salaj \u201cKalimera Poetike\u201d sh\u00ebnon sivjet edicionin e 22-t\u00eb me radh\u00eb duke bashkuar krijuesit m\u00eb t\u00eb mir\u00eb letrar\u00eb nga rajoni. Ky \u00ebsht\u00eb nj\u00eb festival i","robots":{"index":"index","follow":"follow","max-snippet":"max-snippet:-1","max-image-preview":"max-image-preview:large","max-video-preview":"max-video-preview:-1"},"canonical":"https:\/\/www.visit-ulcinj.com\/blog\/2015\/01\/14\/salaj-kalimera-poetike-feste-e-artit-te-fjales\/","og_locale":"en_US","og_type":"article","og_title":"Salaj: \u201cKalimera Poetike\u201d, fest\u00eb e artit t\u00eb fjal\u00ebs - Lajme nga Ulqini","og_description":"Ali Salaj \u201cKalimera Poetike\u201d sh\u00ebnon sivjet edicionin e 22-t\u00eb me radh\u00eb duke bashkuar krijuesit m\u00eb t\u00eb mir\u00eb letrar\u00eb nga rajoni. Ky \u00ebsht\u00eb nj\u00eb festival i","og_url":"https:\/\/www.visit-ulcinj.com\/blog\/2015\/01\/14\/salaj-kalimera-poetike-feste-e-artit-te-fjales\/","og_site_name":"Lajme nga Ulqini","article_published_time":"2015-01-14T07:56:47+00:00","og_image":[{"url":"http:\/\/www.visit-ulcinj.com\/blog\/wp-content\/uploads\/2013\/07\/Kalimera-Poetike-Art-Club-Ulqin.jpg"}],"twitter_misc":{"Written by":"ulqini","Est. reading time":"2 minutes"},"schema":{"@context":"https:\/\/schema.org","@graph":[{"@type":"WebSite","@id":"https:\/\/www.visit-ulcinj.com\/blog\/#website","url":"https:\/\/www.visit-ulcinj.com\/blog\/","name":"Lajme nga Ulqini","description":"Lajme,Vijesti,Ulqini,Ulqin,Crna Gora,Mali i Zi","potentialAction":[{"@type":"SearchAction","target":{"@type":"EntryPoint","urlTemplate":"https:\/\/www.visit-ulcinj.com\/blog\/?s={search_term_string}"},"query-input":"required name=search_term_string"}],"inLanguage":"en-US"},{"@type":"ImageObject","inLanguage":"en-US","@id":"https:\/\/www.visit-ulcinj.com\/blog\/2015\/01\/14\/salaj-kalimera-poetike-feste-e-artit-te-fjales\/#primaryimage","url":"https:\/\/www.visit-ulcinj.com\/blog\/wp-content\/uploads\/2013\/07\/Kalimera-Poetike-Art-Club-Ulqin.jpg","contentUrl":"https:\/\/www.visit-ulcinj.com\/blog\/wp-content\/uploads\/2013\/07\/Kalimera-Poetike-Art-Club-Ulqin.jpg","width":486,"height":303},{"@type":"WebPage","@id":"https:\/\/www.visit-ulcinj.com\/blog\/2015\/01\/14\/salaj-kalimera-poetike-feste-e-artit-te-fjales\/#webpage","url":"https:\/\/www.visit-ulcinj.com\/blog\/2015\/01\/14\/salaj-kalimera-poetike-feste-e-artit-te-fjales\/","name":"Salaj: \u201cKalimera Poetike\u201d, fest\u00eb e artit t\u00eb fjal\u00ebs - Lajme nga Ulqini","isPartOf":{"@id":"https:\/\/www.visit-ulcinj.com\/blog\/#website"},"primaryImageOfPage":{"@id":"https:\/\/www.visit-ulcinj.com\/blog\/2015\/01\/14\/salaj-kalimera-poetike-feste-e-artit-te-fjales\/#primaryimage"},"datePublished":"2015-01-14T07:56:47+00:00","dateModified":"2015-01-14T07:56:47+00:00","author":{"@id":"https:\/\/www.visit-ulcinj.com\/blog\/#\/schema\/person\/dcab619c614d3038751c63bc2aadc06d"},"description":"Ali Salaj \u201cKalimera Poetike\u201d sh\u00ebnon sivjet edicionin e 22-t\u00eb me radh\u00eb duke bashkuar krijuesit m\u00eb t\u00eb mir\u00eb letrar\u00eb nga rajoni. Ky \u00ebsht\u00eb nj\u00eb festival i","breadcrumb":{"@id":"https:\/\/www.visit-ulcinj.com\/blog\/2015\/01\/14\/salaj-kalimera-poetike-feste-e-artit-te-fjales\/#breadcrumb"},"inLanguage":"en-US","potentialAction":[{"@type":"ReadAction","target":["https:\/\/www.visit-ulcinj.com\/blog\/2015\/01\/14\/salaj-kalimera-poetike-feste-e-artit-te-fjales\/"]}]},{"@type":"BreadcrumbList","@id":"https:\/\/www.visit-ulcinj.com\/blog\/2015\/01\/14\/salaj-kalimera-poetike-feste-e-artit-te-fjales\/#breadcrumb","itemListElement":[{"@type":"ListItem","position":1,"name":"Salaj: \u201cKalimera Poetike\u201d, fest\u00eb e artit t\u00eb fjal\u00ebs"}]},{"@type":"Person","@id":"https:\/\/www.visit-ulcinj.com\/blog\/#\/schema\/person\/dcab619c614d3038751c63bc2aadc06d","name":"ulqini","sameAs":["http:\/\/www.visit-ulcinj.com"],"url":"https:\/\/www.visit-ulcinj.com\/blog\/author\/admin\/"}]}},"jetpack_featured_media_url":"","jetpack_sharing_enabled":true,"jetpack_shortlink":"https:\/\/wp.me\/pe6lTn-mOH","_links":{"self":[{"href":"https:\/\/www.visit-ulcinj.com\/blog\/wp-json\/wp\/v2\/posts\/87711"}],"collection":[{"href":"https:\/\/www.visit-ulcinj.com\/blog\/wp-json\/wp\/v2\/posts"}],"about":[{"href":"https:\/\/www.visit-ulcinj.com\/blog\/wp-json\/wp\/v2\/types\/post"}],"author":[{"embeddable":true,"href":"https:\/\/www.visit-ulcinj.com\/blog\/wp-json\/wp\/v2\/users\/1"}],"replies":[{"embeddable":true,"href":"https:\/\/www.visit-ulcinj.com\/blog\/wp-json\/wp\/v2\/comments?post=87711"}],"version-history":[{"count":1,"href":"https:\/\/www.visit-ulcinj.com\/blog\/wp-json\/wp\/v2\/posts\/87711\/revisions"}],"predecessor-version":[{"id":87712,"href":"https:\/\/www.visit-ulcinj.com\/blog\/wp-json\/wp\/v2\/posts\/87711\/revisions\/87712"}],"wp:attachment":[{"href":"https:\/\/www.visit-ulcinj.com\/blog\/wp-json\/wp\/v2\/media?parent=87711"}],"wp:term":[{"taxonomy":"category","embeddable":true,"href":"https:\/\/www.visit-ulcinj.com\/blog\/wp-json\/wp\/v2\/categories?post=87711"},{"taxonomy":"post_tag","embeddable":true,"href":"https:\/\/www.visit-ulcinj.com\/blog\/wp-json\/wp\/v2\/tags?post=87711"}],"curies":[{"name":"wp","href":"https:\/\/api.w.org\/{rel}","templated":true}]}}