{"id":87713,"date":"2015-01-14T09:02:14","date_gmt":"2015-01-14T08:02:14","guid":{"rendered":"http:\/\/www.visit-ulcinj.com\/blog\/?p=87713"},"modified":"2015-01-14T09:11:39","modified_gmt":"2015-01-14T08:11:39","slug":"shkreli-vidhet-historia-e-qytetit-ilir-te-shasit","status":"publish","type":"post","link":"https:\/\/www.visit-ulcinj.com\/blog\/2015\/01\/14\/shkreli-vidhet-historia-e-qytetit-ilir-te-shasit\/","title":{"rendered":"Shkreli: Vidhet historia e qytetit ilir t\u00eb Shasit"},"content":{"rendered":"<p><strong><a href=\"http:\/\/www.visit-ulcinj.com\/blog\/wp-content\/uploads\/2014\/08\/Frank-Shkreli.jpg\"><img loading=\"lazy\" class=\"alignleft wp-image-84592 size-full\" src=\"http:\/\/www.visit-ulcinj.com\/blog\/wp-content\/uploads\/2014\/08\/Frank-Shkreli.jpg\" alt=\"Frank-Shkreli\" width=\"267\" height=\"148\" \/><\/a>Nga Frank Shkreli\u00a0<\/strong><\/p>\n<p>Portalet elektronike t\u00eb lajmeve nga Ulqini, &#8220;ulqonline&#8221; dhe &#8220;lajmengaulqini&#8221;, njoftojn\u00eb lajmin trondit\u00ebs se d\u00ebshmitar\u00eb,\u00a0 t\u00eb cil\u00ebt\u00a0 koh\u00ebt e fundit kan\u00eb vizituar\u00a0g\u00ebrmadhat e qytetit t\u00eb\u00a0lasht\u00eb ilir t\u00eb\u00a0Shasit af\u00ebr Ulqinit, kan\u00eb ven\u00eb re se persona t\u00eb pa identifikuar po vjedhin gur\u00ebt e prer\u00eb dhe t\u00eb \u00e7muar nga muret q\u00eb kan\u00eb mbetur ende t\u00eb nd\u00ebrtesave, kryesisht kishave t\u00eb atij qyteti antic shqiptar. &#8220;Nd\u00ebrsa po shkonim t\u00eb vizitonim Kalan\u00eb e Shasit, shoh nj\u00eb makin\u00eb t\u00eb ngarkuar me gur\u00eb nga muri rrethues i qytetit t\u00eb vjet\u00ebr!! \u00a0Pyeta dhe m\u00eb than\u00eb q\u00eb k\u00ebshtu i marrin gati dhe s&#8217;kan\u00eb nevoj\u00eb t&#8217;i thyejn\u00eb!!!\u201d, citojn\u00eb portalet ulqinake t\u00eb lajmeve, d\u00ebshmitarin Ilir Taflaj.\u00a0\u00a0 Mediat ulqinake e cil\u00ebsojn\u00eb kj\u00ebt\u00eb ngjarje si t\u00eb \u201ctmershme\u201d<\/p>\n<p><a href=\"http:\/\/www.visit-ulcinj.com\/blog\/wp-content\/uploads\/2011\/05\/Shasi-qyteti-ilir-i-365-kishave_Ulqin_Ana-Malit.6.jpg\"><img loading=\"lazy\" class=\"alignleft wp-image-46612\" src=\"http:\/\/www.visit-ulcinj.com\/blog\/wp-content\/uploads\/2011\/05\/Shasi-qyteti-ilir-i-365-kishave_Ulqin_Ana-Malit.6.jpg\" alt=\"Shasi qyteti ilir i 365 kishave_Ulqin_Ana Malit.6\" width=\"508\" height=\"677\" srcset=\"https:\/\/www.visit-ulcinj.com\/blog\/wp-content\/uploads\/2011\/05\/Shasi-qyteti-ilir-i-365-kishave_Ulqin_Ana-Malit.6.jpg 450w, https:\/\/www.visit-ulcinj.com\/blog\/wp-content\/uploads\/2011\/05\/Shasi-qyteti-ilir-i-365-kishave_Ulqin_Ana-Malit.6-225x300.jpg 225w\" sizes=\"(max-width: 508px) 100vw, 508px\" \/><\/a><\/p>\n<p>Shasi antik, historia e t\u00eb cilit mbetet ende p\u00ebr tu zbuluar dhe studiuar, ka nj\u00eb histori t\u00eb lasht\u00eb dhe t\u00eb bujshme p\u00ebr kombin shqiptar dhe\u00a0t\u00eb para-ardh\u00ebsve t\u00eb tij, ilir\u00ebve.\u00a0 Pamjet, nga ajo hap\u00ebsir\u00eb e ish-qytetit q\u00eb e ka zanafill\u00ebn nga koha e ilir\u00ebve, megjith rr\u00ebnojat, madje\u00a0edhe sot jan\u00eb mbres\u00ebl\u00ebnse dhe flasin p\u00ebr nj\u00eb t\u00eb histori\u00a0qytet\u00ebrimi tep\u00ebr t\u00eb zhvilluar.\u00a0 Shasi, si qytet i lasht\u00eb, \u00ebsht\u00eb nj\u00eb monument\u00a0i gjall\u00eb\u00a0i autotoktonis\u00eb shqiptare dhe t\u00eb trashgimis\u00eb historike t\u00eb shqiptar\u00ebve, q\u00eb fatkeqsisht po shkat\u00ebrrohet dal ngadal\u00eb.\u00a0 Fatkeqsisht, si kudo tjet\u00ebr an\u00eb e mban\u00eb trojeve shqiptare n\u00eb Ballkan, trash\u00ebgimia kulturore dhe fisnore e shqiptar\u00ebve gj\u00ebndet n\u00ebn dhe e pa zbuluar dhe e pa studiuar, nd\u00ebrsa numri i madh i monumenteve q\u00eb ende mbijetojn\u00eb dhe dallohen mbi dhe e\u00a0q\u00eb flasin qart\u00eb p\u00ebr kultur\u00ebn dhe autoktonin\u00eb shqiptare n\u00eb ato troje si\u00e7 \u00ebsht\u00eb Shasi, po shkat\u00ebrrohen dhe po zhduken nga mos kujdesi zyrtar, nga rrethanat politike ose nga hajdut\u00eb q\u00eb vjedhin dit\u00ebn p\u00ebr diell, pasurin\u00eb kulturore dhe shpirt\u00ebrore t\u00eb kombit shqiptar, si\u00e7 \u00ebsht\u00eb rasti i fundit\u00a0i vjedhjes s\u00eb gur\u00ebve t\u00eb qytetit t\u00eb lasht\u00eb shqiptar af\u00ebr Ulqinit, p\u00ebr t\u00eb cilin raportojn\u00eb portalet e lajmeve t\u00eb Ulqinit.<\/p>\n<p>Shasi i\u00a0vjet\u00ebr, shtrihet n\u00eb nj\u00eb zon\u00eb tashti n\u00ebn Mal t\u00eb Zi,\u00a0midis Shkodr\u00ebs dhe Ulqinit. Aty\u00a0gj\u00ebnden rr\u00ebnojat q\u00eb ende b\u00ebrtasin &#8212; p\u00ebr ata q\u00eb duan t\u00eb d\u00ebgjojn\u00eb &#8212; p\u00ebr trash\u00ebgimin\u00eb e lasht\u00eb t\u00eb\u00a0kultur\u00ebs s\u00eb\u00a0iliro-shqiptare n\u00eb ato troje. Qyteti i dikursh\u00ebm i Shasit, ishte nj\u00ebri prej qyteteve satelite t\u00eb Shkodr\u00ebs q\u00eb njiheshin si &#8220;Arb\u00ebria Veneciane&#8221;, e q\u00eb kishte arritur nj\u00eb nivel\u00a0zhvillimi ekonomik dhe humanist\u00a0t\u00eb p\u00ebrmasave t\u00eb rilindjes europiane.\u00a0 Thuhet se\u00a0n\u00eb Shasin antik ilir, si nj\u00eb\u00a0qytet q\u00ebnd\u00ebr ipeshkvnore,\u00a0dikur\u00eb q\u00ebndronin 365 kisha katolike, aq sa dit\u00eb ka viti, di\u00e7ka q\u00eb\u00a0p\u00ebrputhet me goj\u00ebdhan\u00ebn popullore\u00a0q\u00eb banor\u00ebt e fshatit Shas thon\u00eb \u201dse t\u00eb gjitha kishat n\u00eb fillim ishin katolike\u201d shqiptare. \u00a0Kjo histori goj\u00ebdhanore p\u00ebrputhet, sipas disa sh\u00ebnimeve n\u00eb internet, edhe me nj\u00eb citim nga nj\u00eb autor i panjohur i dor\u00ebshkrimit\u00a0\u00a0\u201cDulcigno secondo l\u2019antica descrizione\u2026\u201d, ku thuhet se \u201cn\u00eb k\u00ebt\u00eb trev\u00eb gj\u00ebndej qyteti shum\u00eb i vjet\u00ebr i quajtur Shasi, ku duken gjurm\u00ebt e 365 kishave, larg nga Ulqini 15 milje\u201d. N\u00ebqoftse kjo mund t\u00eb dokumentohej si e v\u00ebrtet\u00eb nga hulumtimet e\u00a0historian\u00ebve, rasti i Shasit do t\u00eb ishte nj\u00eb rast unik n\u00eb bot\u00eb me nj\u00eb num\u00ebr\u00a0aq t\u00eb\u00a0madh kishash dhe me nj\u00eb lasht\u00ebsi prej m\u00eb shum\u00eb se 1300-vjet\u00ebsh n\u00eb trevat autoktone shqiptare.<\/p>\n<p>Sipas t\u00eb dh\u00ebnave historike, zhdukja barbare\u00a0e k\u00ebtij\u00a0qyteti fillon n\u00eb periudh\u00ebn kur ai pushtohet nga Stefan Nemanja, nd\u00ebrsa p\u00ebson sulmet e eg\u00ebra nga mongol\u00ebt dhe m\u00eb n\u00eb fund Shasi q\u00eb njihej si edhe\u00a0si q\u00ebnder e madhe tregtare,\u00a0shkat\u00ebrrohet dhe shkretohet p\u00ebrfundimisht nga pushtuesit turq m\u00eb 1571. Si rrjedhoj\u00eb,\u00a0 \u00e7&#8217;prej asaj periudhe e sot njihet si nj\u00eb &#8220;qytet i vdekur&#8221;.\u00a0 Jo vet\u00ebm, por nj\u00eb qytet ilir, t\u00eb cilin sllav\u00ebt gjat\u00eb gjith\u00eb historis\u00eb e deri n\u00eb koh\u00ebrat moderne, jan\u00eb p\u00ebrpjekur ta fshehin Shasin antik nga v\u00ebm\u00ebndja e historian\u00ebve dhe e studiuesve vendas dhe t\u00eb huaj p\u00ebr q\u00ebllimet e tyre t\u00eb shtr\u00ebmb\u00ebrimit ose t\u00eb mohimit t\u00eb historis\u00eb s\u00eb shqiptar\u00ebve dhe t\u00eb autoktonis\u00eb s\u00eb tyre\u00a0n\u00eb\u00a0trojet e veta. \u00a0Nd\u00ebrsa nga koha n\u00eb koh\u00eb, sidomos Kisha ortodokse serbe \u00ebsht\u00eb p\u00ebrpjekur\u00a0 t&#8217;i p\u00ebrvet\u00ebsoj\u00eb k\u00ebto kisha duke vendosur\u00a0simbole fetare ortodokse sllave n\u00eb disa prej g\u00ebrmadhave t\u00eb Shasit, si\u00e7 kishte ndodhur m\u00eb 2004, gj\u00eb q\u00eb me t\u00eb drejt\u00eb\u00a0shkaktoi indinjat\u00eb dhe protesta nga banor\u00ebt dhe autoritetet\u00a0vendore shqiptare.<\/p>\n<p>Qyteti i lasht\u00eb i Shasit, gjat\u00eb shekujve\u00a0u shkat\u00ebrrua nga sllav\u00ebt, nga otoman\u00ebt edhe nga mongol\u00ebt, nd\u00ebrsa\u00a0n\u00eb dit\u00ebt e sot\u00ebme duket se gjurm\u00ebt e\u00a0k\u00ebtij thesari t\u00eb trash\u00ebgimis\u00eb s\u00eb historis\u00eb dhe t\u00eb\u00a0kultur\u00ebs s\u00eb vjet\u00ebr t\u00eb\u00a0kombit shqiptar,\u00a0 fakeqsisht nuk po zhduken nga t\u00eb huajt, ndon\u00ebse do t\u00eb d\u00ebshironin t\u00eb b\u00ebnin nj\u00eb gj\u00eb t\u00eb till\u00eb, por\u00a0po zhduken nga hajdut\u00ebt vendas q\u00eb po vjedhin gur\u00ebt e \u00e7muar t\u00eb k\u00ebtij\u00a0qyteti shqiptaro-ilir.\u00a0\u00a0\u00cbsht\u00eb p\u00ebr t\u00eb ardhur keq q\u00eb, si\u00e7 duket, vet shqiptar\u00ebt vendas i jan\u00eb v\u00ebrsulur shkat\u00ebrrimit t\u00eb k\u00ebtij monumenit historik duke vjedhur gur\u00eb e themeleve t\u00eb g\u00ebrmadhave t\u00eb Shasit. Duket se kjo ngjarje \u00ebsht\u00eb vet\u00ebm nj\u00eb vazhdim i tragjedis\u00eb s\u00eb historis\u00eb s\u00eb k\u00ebtij qyteti t\u00eb vjet\u00ebr.<\/p>\n<p>Nd\u00ebrkoh\u00eb, q\u00eb Shasi \u00ebsht\u00eb nj\u00eb kujtes\u00eb e lavdis\u00eb s\u00eb historis\u00eb s\u00eb vjet\u00ebr iliro-shqiptare, ai \u00ebsht\u00eb gjithashtu edhe nj\u00eb simbol i\u00a0tragjedis\u00eb historike\u00a0nep\u00ebr t\u00eb cil\u00ebn \u00ebsht\u00eb p\u00ebrshkuar kombi shqiptar gjat\u00eb shekujve.\u00a0 Historia e\u00a0Shasit antik \u00ebsht\u00eb nj\u00eb histori sulmesh e okupimesh nga hordhit\u00eb sllave, mongole e otomane, t\u00eb cilat, me barbarizmat e tyre kund\u00ebr nj\u00eb popull\u00ebsie t\u00eb vjet\u00ebr autoktone, hodh\u00ebn n\u00eb humer\u00eb at\u00eb kultur\u00eb e tradit\u00eb t\u00eb vjet\u00ebr t\u00eb kombit\u00a0shqiptar,\u00a0 t\u00eb asaj toke arb\u00ebrore ku\u00a0Lindja i hapet Per\u00ebndimit dhe Per\u00ebndimi Lindjes. \u00a0\u00cbsht\u00eb fatkeq fakti se\u00a0Shasi i vjet\u00ebr po kalon nep\u00ebr nj\u00eb periudh\u00eb tjet\u00ebr\u00a0tragjedie, ku hajdut\u00ebt vendas po t\u00ebrheqin me kamion\u00eb\u00a0gur\u00ebt e themelit t\u00eb k\u00ebtij monumenti t\u00eb lasht\u00eb t\u00eb historis\u00eb\u00a0mija vje\u00e7are t\u00eb\u00a0kombit shqiptar, duke zhdukur k\u00ebshtu m\u00ebtej\u00a0nga ato troje, gjurm\u00ebt\u00a0e qytet\u00ebrimit t\u00eb lasht\u00eb e autokton\u00a0t\u00eb k\u00ebtij kombi fisnik.<\/p>\n<p>&nbsp;<\/p>\n<p>Nuk mund ta marr me mend se si mund t\u00eb ndohd\u00eb nj\u00eb gj\u00eb e till\u00eb, por fal\u00ebnder\u00ebs medias ulqinake q\u00eb e ven\u00eb n\u00eb dukje nj\u00eb gj\u00eb t\u00eb till\u00eb, duke ia b\u00ebr\u00eb t\u00eb ditur k\u00ebt\u00eb situat\u00eb opinionit publick vendas dhe m\u00eb gj\u00ebr\u00eb, me shpres\u00eb s\u00eb personat fajtor\u00eb do t\u00eb kapen dhe situate at\u00eb tilla t\u00eb mos p\u00ebrs\u00ebriten m\u00eb. Nevoja p\u00ebr ruajtjen e trash\u00ebgimis\u00eb s\u00eb kultur\u00ebs dhe historis\u00eb shqiptare n\u00eb Shasin antik duhet t\u00eb jet\u00eb nj\u00eb obligim, jo vet\u00ebm i autoriteteve vendase, por mbar\u00ebkomb\u00ebtar. U takon ekspert\u00ebve shqiptar\u00eb dhe qeverive p\u00ebrkat\u00ebse nga t\u00eb gjitha trojet, q\u00eb t\u00eb nd\u00ebrmarrin projekte arkeologjike p\u00ebr t\u00eb shp\u00ebtuar dhe p\u00ebr t\u00eb dokumentuar sadopak nga ato gjurm\u00eb t\u00eb t\u00eb qytet\u00ebrimit t\u00eb lasht\u00eb iliro-shqiptar q\u00eb kan\u00eb mbetur aty, para se hajdut\u00ebt e gur\u00ebve t\u00eb shlyejn\u00eb \u00e7do rr\u00ebnj\u00eb t\u00eb asaj kulture e historie t\u00eb mbrekullueshme, vlera e s\u00eb cil\u00ebs nuk mund t\u00eb matet me para. Shasi antik simbolizon nj\u00eb dimension vlere kulturore jo vet\u00ebm shqiptare, por edhe europiane dhe mund t\u00eb themi e qytet\u00ebrimit biot\u00ebror. Prandaj, vlerat historike t\u00eb Shasit i p\u00ebrkasin jo vet\u00ebm mbar\u00eb shqiptar\u00ebve por edhe gjith\u00eb njer\u00ebzimit dhe si t\u00eb tilla duhet t\u00eb ruhen dhe t\u00eb mbrohen si vlera t\u00eb p\u00ebrbashk\u00ebta e t\u00eb jashtzakonshme edhe p\u00ebr brezat e ardh\u00ebsh\u00ebm. Identiteti kulturor historik e komb\u00ebtar i shqiptar\u00ebve nuk duhet t\u00eb lihet n\u00eb dor\u00eb t\u00eb hajdut\u00ebve!<\/p>\n<p>&nbsp;<\/p>\n<p>Nga Frank Shkreli<\/p>\n","protected":false},"excerpt":{"rendered":"<p>Nga Frank Shkreli\u00a0 Portalet elektronike t\u00eb lajmeve nga Ulqini, &#8220;ulqonline&#8221; dhe &#8220;lajmengaulqini&#8221;, njoftojn\u00eb lajmin trondit\u00ebs se d\u00ebshmitar\u00eb,\u00a0 t\u00eb cil\u00ebt\u00a0 koh\u00ebt e fundit kan\u00eb vizituar\u00a0g\u00ebrmadhat e qytetit t\u00eb\u00a0lasht\u00eb ilir t\u00eb\u00a0Shasit af\u00ebr Ulqinit, kan\u00eb ven\u00eb re se persona t\u00eb pa identifikuar po vjedhin gur\u00ebt e prer\u00eb dhe t\u00eb \u00e7muar nga muret q\u00eb kan\u00eb mbetur ende t\u00eb nd\u00ebrtesave, [&hellip;]<\/p>\n","protected":false},"author":1,"featured_media":0,"comment_status":"closed","ping_status":"closed","sticky":false,"template":"","format":"standard","meta":{"spay_email":"","jetpack_publicize_message":"","jetpack_is_tweetstorm":false,"jetpack_publicize_feature_enabled":true},"categories":[7],"tags":[],"jetpack_publicize_connections":[],"yoast_head":"<!-- This site is optimized with the Yoast SEO plugin v19.1 - https:\/\/yoast.com\/wordpress\/plugins\/seo\/ -->\n<title>Shkreli: Vidhet historia e qytetit ilir t\u00eb Shasit - Lajme nga Ulqini<\/title>\n<meta name=\"description\" content=\"Nga Frank Shkreli\u00a0 Portalet elektronike t\u00eb lajmeve nga Ulqini, &quot;ulqonline&quot; dhe &quot;lajmengaulqini&quot;, njoftojn\u00eb lajmin trondit\u00ebs se d\u00ebshmitar\u00eb,\u00a0 t\u00eb cil\u00ebt\u00a0\" \/>\n<meta name=\"robots\" content=\"index, follow, max-snippet:-1, max-image-preview:large, max-video-preview:-1\" \/>\n<link rel=\"canonical\" href=\"https:\/\/www.visit-ulcinj.com\/blog\/2015\/01\/14\/shkreli-vidhet-historia-e-qytetit-ilir-te-shasit\/\" \/>\n<meta property=\"og:locale\" content=\"en_US\" \/>\n<meta property=\"og:type\" content=\"article\" \/>\n<meta property=\"og:title\" content=\"Shkreli: Vidhet historia e qytetit ilir t\u00eb Shasit - Lajme nga Ulqini\" \/>\n<meta property=\"og:description\" content=\"Nga Frank Shkreli\u00a0 Portalet elektronike t\u00eb lajmeve nga Ulqini, &quot;ulqonline&quot; dhe &quot;lajmengaulqini&quot;, njoftojn\u00eb lajmin trondit\u00ebs se d\u00ebshmitar\u00eb,\u00a0 t\u00eb cil\u00ebt\u00a0\" \/>\n<meta property=\"og:url\" content=\"https:\/\/www.visit-ulcinj.com\/blog\/2015\/01\/14\/shkreli-vidhet-historia-e-qytetit-ilir-te-shasit\/\" \/>\n<meta property=\"og:site_name\" content=\"Lajme nga Ulqini\" \/>\n<meta property=\"article:published_time\" content=\"2015-01-14T08:02:14+00:00\" \/>\n<meta property=\"article:modified_time\" content=\"2015-01-14T08:11:39+00:00\" \/>\n<meta property=\"og:image\" content=\"http:\/\/www.visit-ulcinj.com\/blog\/wp-content\/uploads\/2014\/08\/Frank-Shkreli.jpg\" \/>\n<meta name=\"twitter:label1\" content=\"Written by\" \/>\n\t<meta name=\"twitter:data1\" content=\"ulqini\" \/>\n\t<meta name=\"twitter:label2\" content=\"Est. reading time\" \/>\n\t<meta name=\"twitter:data2\" content=\"7 minutes\" \/>\n<script type=\"application\/ld+json\" class=\"yoast-schema-graph\">{\"@context\":\"https:\/\/schema.org\",\"@graph\":[{\"@type\":\"WebSite\",\"@id\":\"https:\/\/www.visit-ulcinj.com\/blog\/#website\",\"url\":\"https:\/\/www.visit-ulcinj.com\/blog\/\",\"name\":\"Lajme nga Ulqini\",\"description\":\"Lajme,Vijesti,Ulqini,Ulqin,Crna Gora,Mali i Zi\",\"potentialAction\":[{\"@type\":\"SearchAction\",\"target\":{\"@type\":\"EntryPoint\",\"urlTemplate\":\"https:\/\/www.visit-ulcinj.com\/blog\/?s={search_term_string}\"},\"query-input\":\"required name=search_term_string\"}],\"inLanguage\":\"en-US\"},{\"@type\":\"ImageObject\",\"inLanguage\":\"en-US\",\"@id\":\"https:\/\/www.visit-ulcinj.com\/blog\/2015\/01\/14\/shkreli-vidhet-historia-e-qytetit-ilir-te-shasit\/#primaryimage\",\"url\":\"https:\/\/www.visit-ulcinj.com\/blog\/wp-content\/uploads\/2014\/08\/Frank-Shkreli.jpg\",\"contentUrl\":\"https:\/\/www.visit-ulcinj.com\/blog\/wp-content\/uploads\/2014\/08\/Frank-Shkreli.jpg\",\"width\":267,\"height\":148},{\"@type\":\"WebPage\",\"@id\":\"https:\/\/www.visit-ulcinj.com\/blog\/2015\/01\/14\/shkreli-vidhet-historia-e-qytetit-ilir-te-shasit\/#webpage\",\"url\":\"https:\/\/www.visit-ulcinj.com\/blog\/2015\/01\/14\/shkreli-vidhet-historia-e-qytetit-ilir-te-shasit\/\",\"name\":\"Shkreli: Vidhet historia e qytetit ilir t\u00eb Shasit - Lajme nga Ulqini\",\"isPartOf\":{\"@id\":\"https:\/\/www.visit-ulcinj.com\/blog\/#website\"},\"primaryImageOfPage\":{\"@id\":\"https:\/\/www.visit-ulcinj.com\/blog\/2015\/01\/14\/shkreli-vidhet-historia-e-qytetit-ilir-te-shasit\/#primaryimage\"},\"datePublished\":\"2015-01-14T08:02:14+00:00\",\"dateModified\":\"2015-01-14T08:11:39+00:00\",\"author\":{\"@id\":\"https:\/\/www.visit-ulcinj.com\/blog\/#\/schema\/person\/dcab619c614d3038751c63bc2aadc06d\"},\"description\":\"Nga Frank Shkreli\u00a0 Portalet elektronike t\u00eb lajmeve nga Ulqini, \\\"ulqonline\\\" dhe \\\"lajmengaulqini\\\", njoftojn\u00eb lajmin trondit\u00ebs se d\u00ebshmitar\u00eb,\u00a0 t\u00eb cil\u00ebt\u00a0\",\"breadcrumb\":{\"@id\":\"https:\/\/www.visit-ulcinj.com\/blog\/2015\/01\/14\/shkreli-vidhet-historia-e-qytetit-ilir-te-shasit\/#breadcrumb\"},\"inLanguage\":\"en-US\",\"potentialAction\":[{\"@type\":\"ReadAction\",\"target\":[\"https:\/\/www.visit-ulcinj.com\/blog\/2015\/01\/14\/shkreli-vidhet-historia-e-qytetit-ilir-te-shasit\/\"]}]},{\"@type\":\"BreadcrumbList\",\"@id\":\"https:\/\/www.visit-ulcinj.com\/blog\/2015\/01\/14\/shkreli-vidhet-historia-e-qytetit-ilir-te-shasit\/#breadcrumb\",\"itemListElement\":[{\"@type\":\"ListItem\",\"position\":1,\"name\":\"Shkreli: Vidhet historia e qytetit ilir t\u00eb Shasit\"}]},{\"@type\":\"Person\",\"@id\":\"https:\/\/www.visit-ulcinj.com\/blog\/#\/schema\/person\/dcab619c614d3038751c63bc2aadc06d\",\"name\":\"ulqini\",\"sameAs\":[\"http:\/\/www.visit-ulcinj.com\"],\"url\":\"https:\/\/www.visit-ulcinj.com\/blog\/author\/admin\/\"}]}<\/script>\n<!-- \/ Yoast SEO plugin. -->","yoast_head_json":{"title":"Shkreli: Vidhet historia e qytetit ilir t\u00eb Shasit - Lajme nga Ulqini","description":"Nga Frank Shkreli\u00a0 Portalet elektronike t\u00eb lajmeve nga Ulqini, \"ulqonline\" dhe \"lajmengaulqini\", njoftojn\u00eb lajmin trondit\u00ebs se d\u00ebshmitar\u00eb,\u00a0 t\u00eb cil\u00ebt\u00a0","robots":{"index":"index","follow":"follow","max-snippet":"max-snippet:-1","max-image-preview":"max-image-preview:large","max-video-preview":"max-video-preview:-1"},"canonical":"https:\/\/www.visit-ulcinj.com\/blog\/2015\/01\/14\/shkreli-vidhet-historia-e-qytetit-ilir-te-shasit\/","og_locale":"en_US","og_type":"article","og_title":"Shkreli: Vidhet historia e qytetit ilir t\u00eb Shasit - Lajme nga Ulqini","og_description":"Nga Frank Shkreli\u00a0 Portalet elektronike t\u00eb lajmeve nga Ulqini, \"ulqonline\" dhe \"lajmengaulqini\", njoftojn\u00eb lajmin trondit\u00ebs se d\u00ebshmitar\u00eb,\u00a0 t\u00eb cil\u00ebt\u00a0","og_url":"https:\/\/www.visit-ulcinj.com\/blog\/2015\/01\/14\/shkreli-vidhet-historia-e-qytetit-ilir-te-shasit\/","og_site_name":"Lajme nga Ulqini","article_published_time":"2015-01-14T08:02:14+00:00","article_modified_time":"2015-01-14T08:11:39+00:00","og_image":[{"url":"http:\/\/www.visit-ulcinj.com\/blog\/wp-content\/uploads\/2014\/08\/Frank-Shkreli.jpg"}],"twitter_misc":{"Written by":"ulqini","Est. reading time":"7 minutes"},"schema":{"@context":"https:\/\/schema.org","@graph":[{"@type":"WebSite","@id":"https:\/\/www.visit-ulcinj.com\/blog\/#website","url":"https:\/\/www.visit-ulcinj.com\/blog\/","name":"Lajme nga Ulqini","description":"Lajme,Vijesti,Ulqini,Ulqin,Crna Gora,Mali i Zi","potentialAction":[{"@type":"SearchAction","target":{"@type":"EntryPoint","urlTemplate":"https:\/\/www.visit-ulcinj.com\/blog\/?s={search_term_string}"},"query-input":"required name=search_term_string"}],"inLanguage":"en-US"},{"@type":"ImageObject","inLanguage":"en-US","@id":"https:\/\/www.visit-ulcinj.com\/blog\/2015\/01\/14\/shkreli-vidhet-historia-e-qytetit-ilir-te-shasit\/#primaryimage","url":"https:\/\/www.visit-ulcinj.com\/blog\/wp-content\/uploads\/2014\/08\/Frank-Shkreli.jpg","contentUrl":"https:\/\/www.visit-ulcinj.com\/blog\/wp-content\/uploads\/2014\/08\/Frank-Shkreli.jpg","width":267,"height":148},{"@type":"WebPage","@id":"https:\/\/www.visit-ulcinj.com\/blog\/2015\/01\/14\/shkreli-vidhet-historia-e-qytetit-ilir-te-shasit\/#webpage","url":"https:\/\/www.visit-ulcinj.com\/blog\/2015\/01\/14\/shkreli-vidhet-historia-e-qytetit-ilir-te-shasit\/","name":"Shkreli: Vidhet historia e qytetit ilir t\u00eb Shasit - Lajme nga Ulqini","isPartOf":{"@id":"https:\/\/www.visit-ulcinj.com\/blog\/#website"},"primaryImageOfPage":{"@id":"https:\/\/www.visit-ulcinj.com\/blog\/2015\/01\/14\/shkreli-vidhet-historia-e-qytetit-ilir-te-shasit\/#primaryimage"},"datePublished":"2015-01-14T08:02:14+00:00","dateModified":"2015-01-14T08:11:39+00:00","author":{"@id":"https:\/\/www.visit-ulcinj.com\/blog\/#\/schema\/person\/dcab619c614d3038751c63bc2aadc06d"},"description":"Nga Frank Shkreli\u00a0 Portalet elektronike t\u00eb lajmeve nga Ulqini, \"ulqonline\" dhe \"lajmengaulqini\", njoftojn\u00eb lajmin trondit\u00ebs se d\u00ebshmitar\u00eb,\u00a0 t\u00eb cil\u00ebt\u00a0","breadcrumb":{"@id":"https:\/\/www.visit-ulcinj.com\/blog\/2015\/01\/14\/shkreli-vidhet-historia-e-qytetit-ilir-te-shasit\/#breadcrumb"},"inLanguage":"en-US","potentialAction":[{"@type":"ReadAction","target":["https:\/\/www.visit-ulcinj.com\/blog\/2015\/01\/14\/shkreli-vidhet-historia-e-qytetit-ilir-te-shasit\/"]}]},{"@type":"BreadcrumbList","@id":"https:\/\/www.visit-ulcinj.com\/blog\/2015\/01\/14\/shkreli-vidhet-historia-e-qytetit-ilir-te-shasit\/#breadcrumb","itemListElement":[{"@type":"ListItem","position":1,"name":"Shkreli: Vidhet historia e qytetit ilir t\u00eb Shasit"}]},{"@type":"Person","@id":"https:\/\/www.visit-ulcinj.com\/blog\/#\/schema\/person\/dcab619c614d3038751c63bc2aadc06d","name":"ulqini","sameAs":["http:\/\/www.visit-ulcinj.com"],"url":"https:\/\/www.visit-ulcinj.com\/blog\/author\/admin\/"}]}},"jetpack_featured_media_url":"","jetpack_sharing_enabled":true,"jetpack_shortlink":"https:\/\/wp.me\/pe6lTn-mOJ","_links":{"self":[{"href":"https:\/\/www.visit-ulcinj.com\/blog\/wp-json\/wp\/v2\/posts\/87713"}],"collection":[{"href":"https:\/\/www.visit-ulcinj.com\/blog\/wp-json\/wp\/v2\/posts"}],"about":[{"href":"https:\/\/www.visit-ulcinj.com\/blog\/wp-json\/wp\/v2\/types\/post"}],"author":[{"embeddable":true,"href":"https:\/\/www.visit-ulcinj.com\/blog\/wp-json\/wp\/v2\/users\/1"}],"replies":[{"embeddable":true,"href":"https:\/\/www.visit-ulcinj.com\/blog\/wp-json\/wp\/v2\/comments?post=87713"}],"version-history":[{"count":3,"href":"https:\/\/www.visit-ulcinj.com\/blog\/wp-json\/wp\/v2\/posts\/87713\/revisions"}],"predecessor-version":[{"id":87716,"href":"https:\/\/www.visit-ulcinj.com\/blog\/wp-json\/wp\/v2\/posts\/87713\/revisions\/87716"}],"wp:attachment":[{"href":"https:\/\/www.visit-ulcinj.com\/blog\/wp-json\/wp\/v2\/media?parent=87713"}],"wp:term":[{"taxonomy":"category","embeddable":true,"href":"https:\/\/www.visit-ulcinj.com\/blog\/wp-json\/wp\/v2\/categories?post=87713"},{"taxonomy":"post_tag","embeddable":true,"href":"https:\/\/www.visit-ulcinj.com\/blog\/wp-json\/wp\/v2\/tags?post=87713"}],"curies":[{"name":"wp","href":"https:\/\/api.w.org\/{rel}","templated":true}]}}