{"id":87717,"date":"2015-01-14T16:23:26","date_gmt":"2015-01-14T15:23:26","guid":{"rendered":"http:\/\/www.visit-ulcinj.com\/blog\/?p=87717"},"modified":"2015-01-14T18:07:16","modified_gmt":"2015-01-14T17:07:16","slug":"beci-komuna-nuk-mund-te-hesht-qe-askush-per-asgje-te-mos-marre-pergjegjesi","status":"publish","type":"post","link":"https:\/\/www.visit-ulcinj.com\/blog\/2015\/01\/14\/beci-komuna-nuk-mund-te-hesht-qe-askush-per-asgje-te-mos-marre-pergjegjesi\/","title":{"rendered":"Beci: Komuna nuk mund t\u00eb hesht, q\u00eb askush p\u00ebr asgj\u00eb t\u00eb mos marr\u00eb p\u00ebrgjegj\u00ebsi"},"content":{"rendered":"<p><a href=\"http:\/\/www.visit-ulcinj.com\/blog\/wp-content\/uploads\/2015\/01\/Safet-Beci-Ulqin.jpg\"><img loading=\"lazy\" class=\"alignleft wp-image-87718\" src=\"http:\/\/www.visit-ulcinj.com\/blog\/wp-content\/uploads\/2015\/01\/Safet-Beci-Ulqin.jpg\" alt=\"Safet-Beci-Ulqin\" width=\"508\" height=\"278\" srcset=\"https:\/\/www.visit-ulcinj.com\/blog\/wp-content\/uploads\/2015\/01\/Safet-Beci-Ulqin.jpg 702w, https:\/\/www.visit-ulcinj.com\/blog\/wp-content\/uploads\/2015\/01\/Safet-Beci-Ulqin-300x164.jpg 300w\" sizes=\"(max-width: 508px) 100vw, 508px\" \/><\/a>N\u00ebnkryetari i komun\u00ebs s\u00eb Ulqinit Safet Beci i dor\u00ebzoi Portalit UL-info deklarat\u00ebn lidhur me \u201crastin Kino bah\u00e7ja\u201d t\u00eb cilin e p\u00ebrcjellim integralisht, raporton Portali Ul.info.<\/p>\n<p>Komuna e Ulqinit k\u00ebto dit\u00eb ka humbur procesin gjyq\u00ebsor rreth pron\u00ebsi\u00eb s\u00eb hap\u00ebsir\u00ebs ku dikur ishte \u201cKino bah\u00e7ja\u201d. Duke mos dashur t\u00eb komentoj\u00eb vendimit gjyq\u00ebsor, apo t\u00eb drejt\u00ebn legale t\u00eb pasardh\u00ebsve t\u00eb familjes Zuber ndaj k\u00ebsaj prone, si dhe as p\u00ebrdoruesin e tanish\u00ebm t\u00eb k\u00ebsaj hap\u00ebsire, nuk \u00ebsht\u00eb morale q\u00eb njeriu t\u00eb hesht faktin se kjo ndodhi, p\u00ebrve\u00e7 t\u00eb tjerash, sepse ai lokalitet tash n\u00ebnt\u00eb vite nuk \u00ebsht\u00eb p\u00ebrdor p\u00ebr ngjarje kulturore.<\/p>\n<p><a href=\"http:\/\/www.visit-ulcinj.com\/blog\/wp-content\/uploads\/2015\/01\/Lale-Zuber.jpg\"><img loading=\"lazy\" class=\"alignleft wp-image-87745\" src=\"http:\/\/www.visit-ulcinj.com\/blog\/wp-content\/uploads\/2015\/01\/Lale-Zuber.jpg\" alt=\"Lale Zuber\" width=\"508\" height=\"541\" srcset=\"https:\/\/www.visit-ulcinj.com\/blog\/wp-content\/uploads\/2015\/01\/Lale-Zuber.jpg 338w, https:\/\/www.visit-ulcinj.com\/blog\/wp-content\/uploads\/2015\/01\/Lale-Zuber-281x300.jpg 281w\" sizes=\"(max-width: 508px) 100vw, 508px\" \/><\/a><\/p>\n<p>Veprimet e pap\u00ebrgjegjshme dhe t\u00eb d\u00ebmshme, t\u00eb drejtor\u00ebve t\u00eb dikursh\u00ebm dhe t\u00eb tanish\u00ebm t\u00eb Qendr\u00ebs p\u00ebr kultur\u00eb, si dhe sjellja e ngjashme e drejtuesve t\u00eb Komun\u00ebs, prap\u00eb kan\u00eb rezultuar me d\u00ebm t\u00eb madh p\u00ebr Komun\u00ebn dhe qytetar\u00ebt e Ulqinit.<\/p>\n<p>N\u00eb Komun\u00eb t\u00eb Ulqinit \u00ebsht\u00eb b\u00ebr\u00eb krejt\u00ebsisht normale q\u00eb askush p\u00ebr asgj\u00eb t\u00eb mos marr\u00eb p\u00ebrgjegj\u00ebsi dhe q\u00eb vendimet e d\u00ebmshme t\u00eb individ\u00ebve t\u00eb mos sanksionohet n\u00eb \u00e7far\u00eb do lloj m\u00ebnyre.<\/p>\n<p>Ngatht\u00ebsia e cila ishte deri tani e pranishme n\u00eb mbrojtjen e interesit publik duhet t\u00eb ndaloj\u00eb! N\u00eb t\u00eb kund\u00ebrt, Komuna e Ulqinit rrezikon t\u00eb mbes pa \u00e7do gj\u00eb t\u00eb vlefshme q\u00eb posedon, e shum\u00eb\u00e7ka tanim\u00eb \u00ebsht\u00eb humbur n\u00eb m\u00ebnyr\u00eb t\u00eb pakthyeshme.<\/p>\n<p>Si n\u00ebnkryetar i Komun\u00ebs nuk mundem n\u00eb heshtje, me sy mbyll dhe kok\u00eb ulur t\u00eb v\u00ebshtroj\u00eb si zhvillohen ngjarjet. P\u00ebr k\u00ebt\u00eb arsye ftoj\u00eb koleg\u00ebt, por edhe qytetar\u00ebt, q\u00eb bashk\u00ebrisht t\u00eb b\u00ebjm\u00eb p\u00ebrpjekje q\u00eb t\u00eb mbrojm\u00eb interesin publik dhe pron\u00ebn komunale nga individ\u00ebt e pap\u00ebrgjegjsh\u00ebm apo drejtor\u00ebt, si dhe t\u00eb ndryshojm\u00eb praktik\u00ebn e deritashme q\u00eb p\u00ebr interes personal ose partiak t\u00eb mos nd\u00ebrmarrim veprime n\u00eb interes t\u00eb p\u00ebrgjithsh\u00ebm.<\/p>\n<p>Propozoj q\u00eb urgjentisht t\u00eb formohet komisioni i cili, n\u00eb afat sa m\u00eb t\u00eb shkurt\u00eb, do t\u00eb shqyrtoj\u00eb faktet dhe veprat e organeve komunale dhe t\u00eb Qendr\u00ebs p\u00ebr kultur\u00eb n\u00eb k\u00ebt\u00eb rast dhe me k\u00ebt\u00eb t\u00eb njoftoj\u00eb opinionin.<\/p>\n<p>Po ashtu, propozoj\u00eb q\u00eb kjo \u00e7\u00ebshtje t\u00eb aktualizohet edhe n\u00eb Parlamentin lokal.<\/p>\n","protected":false},"excerpt":{"rendered":"<p>N\u00ebnkryetari i komun\u00ebs s\u00eb Ulqinit Safet Beci i dor\u00ebzoi Portalit UL-info deklarat\u00ebn lidhur me \u201crastin Kino bah\u00e7ja\u201d t\u00eb cilin e p\u00ebrcjellim integralisht, raporton Portali Ul.info. Komuna e Ulqinit k\u00ebto dit\u00eb ka humbur procesin gjyq\u00ebsor rreth pron\u00ebsi\u00eb s\u00eb hap\u00ebsir\u00ebs ku dikur ishte \u201cKino bah\u00e7ja\u201d. Duke mos dashur t\u00eb komentoj\u00eb vendimit gjyq\u00ebsor, apo t\u00eb drejt\u00ebn legale t\u00eb [&hellip;]<\/p>\n","protected":false},"author":1,"featured_media":0,"comment_status":"closed","ping_status":"closed","sticky":false,"template":"","format":"standard","meta":{"spay_email":"","jetpack_publicize_message":"","jetpack_is_tweetstorm":false,"jetpack_publicize_feature_enabled":true},"categories":[5],"tags":[],"jetpack_publicize_connections":[],"yoast_head":"<!-- This site is optimized with the Yoast SEO plugin v19.1 - https:\/\/yoast.com\/wordpress\/plugins\/seo\/ -->\n<title>Beci: Komuna nuk mund t\u00eb hesht, q\u00eb askush p\u00ebr asgj\u00eb t\u00eb mos marr\u00eb p\u00ebrgjegj\u00ebsi - Lajme nga Ulqini<\/title>\n<meta name=\"description\" content=\"N\u00ebnkryetari i komun\u00ebs s\u00eb Ulqinit Safet Beci i dor\u00ebzoi Portalit UL-info deklarat\u00ebn lidhur me \u201crastin Kino bah\u00e7ja\u201d t\u00eb cilin e p\u00ebrcjellim integralisht,\" \/>\n<meta name=\"robots\" content=\"index, follow, max-snippet:-1, max-image-preview:large, max-video-preview:-1\" \/>\n<link rel=\"canonical\" href=\"https:\/\/www.visit-ulcinj.com\/blog\/2015\/01\/14\/beci-komuna-nuk-mund-te-hesht-qe-askush-per-asgje-te-mos-marre-pergjegjesi\/\" \/>\n<meta property=\"og:locale\" content=\"en_US\" \/>\n<meta property=\"og:type\" content=\"article\" \/>\n<meta property=\"og:title\" content=\"Beci: Komuna nuk mund t\u00eb hesht, q\u00eb askush p\u00ebr asgj\u00eb t\u00eb mos marr\u00eb p\u00ebrgjegj\u00ebsi - Lajme nga Ulqini\" \/>\n<meta property=\"og:description\" content=\"N\u00ebnkryetari i komun\u00ebs s\u00eb Ulqinit Safet Beci i dor\u00ebzoi Portalit UL-info deklarat\u00ebn lidhur me \u201crastin Kino bah\u00e7ja\u201d t\u00eb cilin e p\u00ebrcjellim integralisht,\" \/>\n<meta property=\"og:url\" content=\"https:\/\/www.visit-ulcinj.com\/blog\/2015\/01\/14\/beci-komuna-nuk-mund-te-hesht-qe-askush-per-asgje-te-mos-marre-pergjegjesi\/\" \/>\n<meta property=\"og:site_name\" content=\"Lajme nga Ulqini\" \/>\n<meta property=\"article:published_time\" content=\"2015-01-14T15:23:26+00:00\" \/>\n<meta property=\"article:modified_time\" content=\"2015-01-14T17:07:16+00:00\" \/>\n<meta property=\"og:image\" content=\"http:\/\/www.visit-ulcinj.com\/blog\/wp-content\/uploads\/2015\/01\/Safet-Beci-Ulqin.jpg\" \/>\n<meta name=\"twitter:label1\" content=\"Written by\" \/>\n\t<meta name=\"twitter:data1\" content=\"ulqini\" \/>\n\t<meta name=\"twitter:label2\" content=\"Est. reading time\" \/>\n\t<meta name=\"twitter:data2\" content=\"2 minutes\" \/>\n<script type=\"application\/ld+json\" class=\"yoast-schema-graph\">{\"@context\":\"https:\/\/schema.org\",\"@graph\":[{\"@type\":\"WebSite\",\"@id\":\"https:\/\/www.visit-ulcinj.com\/blog\/#website\",\"url\":\"https:\/\/www.visit-ulcinj.com\/blog\/\",\"name\":\"Lajme nga Ulqini\",\"description\":\"Lajme,Vijesti,Ulqini,Ulqin,Crna Gora,Mali i Zi\",\"potentialAction\":[{\"@type\":\"SearchAction\",\"target\":{\"@type\":\"EntryPoint\",\"urlTemplate\":\"https:\/\/www.visit-ulcinj.com\/blog\/?s={search_term_string}\"},\"query-input\":\"required name=search_term_string\"}],\"inLanguage\":\"en-US\"},{\"@type\":\"ImageObject\",\"inLanguage\":\"en-US\",\"@id\":\"https:\/\/www.visit-ulcinj.com\/blog\/2015\/01\/14\/beci-komuna-nuk-mund-te-hesht-qe-askush-per-asgje-te-mos-marre-pergjegjesi\/#primaryimage\",\"url\":\"https:\/\/www.visit-ulcinj.com\/blog\/wp-content\/uploads\/2015\/01\/Safet-Beci-Ulqin.jpg\",\"contentUrl\":\"https:\/\/www.visit-ulcinj.com\/blog\/wp-content\/uploads\/2015\/01\/Safet-Beci-Ulqin.jpg\",\"width\":702,\"height\":384},{\"@type\":\"WebPage\",\"@id\":\"https:\/\/www.visit-ulcinj.com\/blog\/2015\/01\/14\/beci-komuna-nuk-mund-te-hesht-qe-askush-per-asgje-te-mos-marre-pergjegjesi\/#webpage\",\"url\":\"https:\/\/www.visit-ulcinj.com\/blog\/2015\/01\/14\/beci-komuna-nuk-mund-te-hesht-qe-askush-per-asgje-te-mos-marre-pergjegjesi\/\",\"name\":\"Beci: Komuna nuk mund t\u00eb hesht, q\u00eb askush p\u00ebr asgj\u00eb t\u00eb mos marr\u00eb p\u00ebrgjegj\u00ebsi - Lajme nga Ulqini\",\"isPartOf\":{\"@id\":\"https:\/\/www.visit-ulcinj.com\/blog\/#website\"},\"primaryImageOfPage\":{\"@id\":\"https:\/\/www.visit-ulcinj.com\/blog\/2015\/01\/14\/beci-komuna-nuk-mund-te-hesht-qe-askush-per-asgje-te-mos-marre-pergjegjesi\/#primaryimage\"},\"datePublished\":\"2015-01-14T15:23:26+00:00\",\"dateModified\":\"2015-01-14T17:07:16+00:00\",\"author\":{\"@id\":\"https:\/\/www.visit-ulcinj.com\/blog\/#\/schema\/person\/dcab619c614d3038751c63bc2aadc06d\"},\"description\":\"N\u00ebnkryetari i komun\u00ebs s\u00eb Ulqinit Safet Beci i dor\u00ebzoi Portalit UL-info deklarat\u00ebn lidhur me \u201crastin Kino bah\u00e7ja\u201d t\u00eb cilin e p\u00ebrcjellim integralisht,\",\"breadcrumb\":{\"@id\":\"https:\/\/www.visit-ulcinj.com\/blog\/2015\/01\/14\/beci-komuna-nuk-mund-te-hesht-qe-askush-per-asgje-te-mos-marre-pergjegjesi\/#breadcrumb\"},\"inLanguage\":\"en-US\",\"potentialAction\":[{\"@type\":\"ReadAction\",\"target\":[\"https:\/\/www.visit-ulcinj.com\/blog\/2015\/01\/14\/beci-komuna-nuk-mund-te-hesht-qe-askush-per-asgje-te-mos-marre-pergjegjesi\/\"]}]},{\"@type\":\"BreadcrumbList\",\"@id\":\"https:\/\/www.visit-ulcinj.com\/blog\/2015\/01\/14\/beci-komuna-nuk-mund-te-hesht-qe-askush-per-asgje-te-mos-marre-pergjegjesi\/#breadcrumb\",\"itemListElement\":[{\"@type\":\"ListItem\",\"position\":1,\"name\":\"Beci: Komuna nuk mund t\u00eb hesht, q\u00eb askush p\u00ebr asgj\u00eb t\u00eb mos marr\u00eb p\u00ebrgjegj\u00ebsi\"}]},{\"@type\":\"Person\",\"@id\":\"https:\/\/www.visit-ulcinj.com\/blog\/#\/schema\/person\/dcab619c614d3038751c63bc2aadc06d\",\"name\":\"ulqini\",\"sameAs\":[\"http:\/\/www.visit-ulcinj.com\"],\"url\":\"https:\/\/www.visit-ulcinj.com\/blog\/author\/admin\/\"}]}<\/script>\n<!-- \/ Yoast SEO plugin. -->","yoast_head_json":{"title":"Beci: Komuna nuk mund t\u00eb hesht, q\u00eb askush p\u00ebr asgj\u00eb t\u00eb mos marr\u00eb p\u00ebrgjegj\u00ebsi - Lajme nga Ulqini","description":"N\u00ebnkryetari i komun\u00ebs s\u00eb Ulqinit Safet Beci i dor\u00ebzoi Portalit UL-info deklarat\u00ebn lidhur me \u201crastin Kino bah\u00e7ja\u201d t\u00eb cilin e p\u00ebrcjellim integralisht,","robots":{"index":"index","follow":"follow","max-snippet":"max-snippet:-1","max-image-preview":"max-image-preview:large","max-video-preview":"max-video-preview:-1"},"canonical":"https:\/\/www.visit-ulcinj.com\/blog\/2015\/01\/14\/beci-komuna-nuk-mund-te-hesht-qe-askush-per-asgje-te-mos-marre-pergjegjesi\/","og_locale":"en_US","og_type":"article","og_title":"Beci: Komuna nuk mund t\u00eb hesht, q\u00eb askush p\u00ebr asgj\u00eb t\u00eb mos marr\u00eb p\u00ebrgjegj\u00ebsi - Lajme nga Ulqini","og_description":"N\u00ebnkryetari i komun\u00ebs s\u00eb Ulqinit Safet Beci i dor\u00ebzoi Portalit UL-info deklarat\u00ebn lidhur me \u201crastin Kino bah\u00e7ja\u201d t\u00eb cilin e p\u00ebrcjellim integralisht,","og_url":"https:\/\/www.visit-ulcinj.com\/blog\/2015\/01\/14\/beci-komuna-nuk-mund-te-hesht-qe-askush-per-asgje-te-mos-marre-pergjegjesi\/","og_site_name":"Lajme nga Ulqini","article_published_time":"2015-01-14T15:23:26+00:00","article_modified_time":"2015-01-14T17:07:16+00:00","og_image":[{"url":"http:\/\/www.visit-ulcinj.com\/blog\/wp-content\/uploads\/2015\/01\/Safet-Beci-Ulqin.jpg"}],"twitter_misc":{"Written by":"ulqini","Est. reading time":"2 minutes"},"schema":{"@context":"https:\/\/schema.org","@graph":[{"@type":"WebSite","@id":"https:\/\/www.visit-ulcinj.com\/blog\/#website","url":"https:\/\/www.visit-ulcinj.com\/blog\/","name":"Lajme nga Ulqini","description":"Lajme,Vijesti,Ulqini,Ulqin,Crna Gora,Mali i Zi","potentialAction":[{"@type":"SearchAction","target":{"@type":"EntryPoint","urlTemplate":"https:\/\/www.visit-ulcinj.com\/blog\/?s={search_term_string}"},"query-input":"required name=search_term_string"}],"inLanguage":"en-US"},{"@type":"ImageObject","inLanguage":"en-US","@id":"https:\/\/www.visit-ulcinj.com\/blog\/2015\/01\/14\/beci-komuna-nuk-mund-te-hesht-qe-askush-per-asgje-te-mos-marre-pergjegjesi\/#primaryimage","url":"https:\/\/www.visit-ulcinj.com\/blog\/wp-content\/uploads\/2015\/01\/Safet-Beci-Ulqin.jpg","contentUrl":"https:\/\/www.visit-ulcinj.com\/blog\/wp-content\/uploads\/2015\/01\/Safet-Beci-Ulqin.jpg","width":702,"height":384},{"@type":"WebPage","@id":"https:\/\/www.visit-ulcinj.com\/blog\/2015\/01\/14\/beci-komuna-nuk-mund-te-hesht-qe-askush-per-asgje-te-mos-marre-pergjegjesi\/#webpage","url":"https:\/\/www.visit-ulcinj.com\/blog\/2015\/01\/14\/beci-komuna-nuk-mund-te-hesht-qe-askush-per-asgje-te-mos-marre-pergjegjesi\/","name":"Beci: Komuna nuk mund t\u00eb hesht, q\u00eb askush p\u00ebr asgj\u00eb t\u00eb mos marr\u00eb p\u00ebrgjegj\u00ebsi - Lajme nga Ulqini","isPartOf":{"@id":"https:\/\/www.visit-ulcinj.com\/blog\/#website"},"primaryImageOfPage":{"@id":"https:\/\/www.visit-ulcinj.com\/blog\/2015\/01\/14\/beci-komuna-nuk-mund-te-hesht-qe-askush-per-asgje-te-mos-marre-pergjegjesi\/#primaryimage"},"datePublished":"2015-01-14T15:23:26+00:00","dateModified":"2015-01-14T17:07:16+00:00","author":{"@id":"https:\/\/www.visit-ulcinj.com\/blog\/#\/schema\/person\/dcab619c614d3038751c63bc2aadc06d"},"description":"N\u00ebnkryetari i komun\u00ebs s\u00eb Ulqinit Safet Beci i dor\u00ebzoi Portalit UL-info deklarat\u00ebn lidhur me \u201crastin Kino bah\u00e7ja\u201d t\u00eb cilin e p\u00ebrcjellim integralisht,","breadcrumb":{"@id":"https:\/\/www.visit-ulcinj.com\/blog\/2015\/01\/14\/beci-komuna-nuk-mund-te-hesht-qe-askush-per-asgje-te-mos-marre-pergjegjesi\/#breadcrumb"},"inLanguage":"en-US","potentialAction":[{"@type":"ReadAction","target":["https:\/\/www.visit-ulcinj.com\/blog\/2015\/01\/14\/beci-komuna-nuk-mund-te-hesht-qe-askush-per-asgje-te-mos-marre-pergjegjesi\/"]}]},{"@type":"BreadcrumbList","@id":"https:\/\/www.visit-ulcinj.com\/blog\/2015\/01\/14\/beci-komuna-nuk-mund-te-hesht-qe-askush-per-asgje-te-mos-marre-pergjegjesi\/#breadcrumb","itemListElement":[{"@type":"ListItem","position":1,"name":"Beci: Komuna nuk mund t\u00eb hesht, q\u00eb askush p\u00ebr asgj\u00eb t\u00eb mos marr\u00eb p\u00ebrgjegj\u00ebsi"}]},{"@type":"Person","@id":"https:\/\/www.visit-ulcinj.com\/blog\/#\/schema\/person\/dcab619c614d3038751c63bc2aadc06d","name":"ulqini","sameAs":["http:\/\/www.visit-ulcinj.com"],"url":"https:\/\/www.visit-ulcinj.com\/blog\/author\/admin\/"}]}},"jetpack_featured_media_url":"","jetpack_sharing_enabled":true,"jetpack_shortlink":"https:\/\/wp.me\/pe6lTn-mON","_links":{"self":[{"href":"https:\/\/www.visit-ulcinj.com\/blog\/wp-json\/wp\/v2\/posts\/87717"}],"collection":[{"href":"https:\/\/www.visit-ulcinj.com\/blog\/wp-json\/wp\/v2\/posts"}],"about":[{"href":"https:\/\/www.visit-ulcinj.com\/blog\/wp-json\/wp\/v2\/types\/post"}],"author":[{"embeddable":true,"href":"https:\/\/www.visit-ulcinj.com\/blog\/wp-json\/wp\/v2\/users\/1"}],"replies":[{"embeddable":true,"href":"https:\/\/www.visit-ulcinj.com\/blog\/wp-json\/wp\/v2\/comments?post=87717"}],"version-history":[{"count":3,"href":"https:\/\/www.visit-ulcinj.com\/blog\/wp-json\/wp\/v2\/posts\/87717\/revisions"}],"predecessor-version":[{"id":87746,"href":"https:\/\/www.visit-ulcinj.com\/blog\/wp-json\/wp\/v2\/posts\/87717\/revisions\/87746"}],"wp:attachment":[{"href":"https:\/\/www.visit-ulcinj.com\/blog\/wp-json\/wp\/v2\/media?parent=87717"}],"wp:term":[{"taxonomy":"category","embeddable":true,"href":"https:\/\/www.visit-ulcinj.com\/blog\/wp-json\/wp\/v2\/categories?post=87717"},{"taxonomy":"post_tag","embeddable":true,"href":"https:\/\/www.visit-ulcinj.com\/blog\/wp-json\/wp\/v2\/tags?post=87717"}],"curies":[{"name":"wp","href":"https:\/\/api.w.org\/{rel}","templated":true}]}}