{"id":87721,"date":"2015-01-14T16:48:21","date_gmt":"2015-01-14T15:48:21","guid":{"rendered":"http:\/\/www.visit-ulcinj.com\/blog\/?p=87721"},"modified":"2015-01-14T18:08:18","modified_gmt":"2015-01-14T17:08:18","slug":"zuberima-vracen-dio-imovine-u-ulcinju","status":"publish","type":"post","link":"https:\/\/www.visit-ulcinj.com\/blog\/2015\/01\/14\/zuberima-vracen-dio-imovine-u-ulcinju\/","title":{"rendered":"Zuberima vra\u0107en dio imovine u Ulcinju"},"content":{"rendered":"<p><strong><a href=\"http:\/\/www.visit-ulcinj.com\/blog\/wp-content\/uploads\/2015\/01\/Imovina-porodici-Zuber-Gregovic.jpg\"><img loading=\"lazy\" class=\"alignleft wp-image-87722\" src=\"http:\/\/www.visit-ulcinj.com\/blog\/wp-content\/uploads\/2015\/01\/Imovina-porodici-Zuber-Gregovic.jpg\" alt=\"Imovina porodici Zuber-Gregovic\" width=\"508\" height=\"319\" srcset=\"https:\/\/www.visit-ulcinj.com\/blog\/wp-content\/uploads\/2015\/01\/Imovina-porodici-Zuber-Gregovic.jpg 560w, https:\/\/www.visit-ulcinj.com\/blog\/wp-content\/uploads\/2015\/01\/Imovina-porodici-Zuber-Gregovic-300x188.jpg 300w\" sizes=\"(max-width: 508px) 100vw, 508px\" \/><\/a>Imovina porodici Zuber-Gregovi\u0107 oduzeta je u periodu od 1948. do 1958. godine, a po obimu i vrijednosti najve\u0107a je u Crnoj Gori u odnosu na ostale zahtjeve koji su biv\u0161i vlasnici pokrenuli pred nadle\u017enim komisijama<\/strong><\/p>\n<p><strong><span class=\"credits__author\"> Autor: Mina Business<\/span> \/ Vijesti Online<\/strong><\/p>\n<p>Nasljednicima nekada\u0161njeg brodovlasnika i bankara Lala Zubera, koji \u017eive u Herceg Novom, vra\u0107en je dio imovine koji su potra\u017eivali u Ulcinju, odnosno dio Kino ba\u0161te na Pristanu.<\/p>\n<p>Portal Ul-info prenosi da su Zuberi Komisiji za restituciju u Baru predali dokumenta u kojima se navodi da je na teritoriji Op\u0161tine Ulcinj njihov predak posjedovao devet gra\u0111evina, jugoisto\u010dne zidine Starog grada i jo\u0161 neke druge objekte u ru\u0161evnom stanju.<\/p>\n<p>Vrijednost ukupne imovine koju Zuberi potra\u017euju u Crnoj Gori procjenjuje se na 67,5 miliona eura.<\/p>\n<p><a href=\"http:\/\/www.visit-ulcinj.com\/blog\/wp-content\/uploads\/2015\/01\/Disco-Fama-Ulqin.jpg\"><img loading=\"lazy\" class=\"alignleft wp-image-87680\" src=\"http:\/\/www.visit-ulcinj.com\/blog\/wp-content\/uploads\/2015\/01\/Disco-Fama-Ulqin.jpg\" alt=\"Disco-Fama-Ulqin\" width=\"508\" height=\"339\" srcset=\"https:\/\/www.visit-ulcinj.com\/blog\/wp-content\/uploads\/2015\/01\/Disco-Fama-Ulqin.jpg 960w, https:\/\/www.visit-ulcinj.com\/blog\/wp-content\/uploads\/2015\/01\/Disco-Fama-Ulqin-300x200.jpg 300w\" sizes=\"(max-width: 508px) 100vw, 508px\" \/><\/a><\/p>\n<p>Imovina porodici Zuber-Gregovi\u0107 oduzeta je u periodu od 1948. do 1958. godine, a po obimu i vrijednosti najve\u0107a je u Crnoj Gori u odnosu na ostale zahtjeve koji su biv\u0161i vlasnici pokrenuli pred nadle\u017enim komisijama.<\/p>\n<p>Nasljednici Lala Zubera i Anastasije Gregovi\u0107, sin Ivan Zuber i k\u0107erke Dijana Decli\u0107, koja je italijanska dr\u017eavljanka i Lidija Ranganath, dr\u017eavljanka Sjedinjenih Ameri\u010dkih Dr\u017eava (SAD) kod nadle\u017enih op\u0161tinskih, a kasnije i regionalnih, komisija vode postupke za povra\u0107aj i obe\u0161te\u0107enje oduzetih imovinskih prava jo\u0161 od 2004. godine.<\/p>\n<p>Lale Zuber je ro\u0111en na Cetinju, a u Sjedinjenim Ameri\u010dkim Dr\u017eavama (SAD) je \u017eivio 20 godina, gdje se bavio transportom vo\u0107a iz centralne u sjevernu Ameriku.<\/p>\n<p><a href=\"http:\/\/www.visit-ulcinj.com\/blog\/wp-content\/uploads\/2015\/01\/Lale-Zuber.jpg\"><img loading=\"lazy\" class=\"alignleft wp-image-87745\" src=\"http:\/\/www.visit-ulcinj.com\/blog\/wp-content\/uploads\/2015\/01\/Lale-Zuber.jpg\" alt=\"Lale Zuber\" width=\"508\" height=\"541\" srcset=\"https:\/\/www.visit-ulcinj.com\/blog\/wp-content\/uploads\/2015\/01\/Lale-Zuber.jpg 338w, https:\/\/www.visit-ulcinj.com\/blog\/wp-content\/uploads\/2015\/01\/Lale-Zuber-281x300.jpg 281w\" sizes=\"(max-width: 508px) 100vw, 508px\" \/><\/a><\/p>\n<p>Vratio se u Crnu Goru 1920. godine i donio sav kapital. Bavio se transportom, saobra\u0107ajem, povezao luke u Kotoru, Baru, Herceg Novom, Petrovcu i Rijeci Crnojevi\u0107a i Virpazaru i osnovao prvu kompaniju koja se bavila brodskim transportom u Crnoj Gori.<\/p>\n<p>Kompanija, u koju je bilo zaposleno 500 ljudi, imala je 37 brodova koji su povezivali Crnu Goru sa Turskom, Italijom, a postojala je linija i za SAD.<\/p>\n<p>Zuber je posjedovao imovinu na Cetinju, u Kotoru, Budvi, Petrovcu i Ulcinju. Nakon Drugog svjetskog rata sva imovina je nacionalizovana i oduzeta, kao i neke nekretnine poput privatne ku\u0107e u Petrovcu.<\/p>\n","protected":false},"excerpt":{"rendered":"<p>Imovina porodici Zuber-Gregovi\u0107 oduzeta je u periodu od 1948. do 1958. godine, a po obimu i vrijednosti najve\u0107a je u Crnoj Gori u odnosu na ostale zahtjeve koji su biv\u0161i vlasnici pokrenuli pred nadle\u017enim komisijama Autor: Mina Business \/ Vijesti Online Nasljednicima nekada\u0161njeg brodovlasnika i bankara Lala Zubera, koji \u017eive u Herceg Novom, vra\u0107en je [&hellip;]<\/p>\n","protected":false},"author":1,"featured_media":0,"comment_status":"closed","ping_status":"closed","sticky":false,"template":"","format":"standard","meta":{"spay_email":"","jetpack_publicize_message":"","jetpack_is_tweetstorm":false,"jetpack_publicize_feature_enabled":true},"categories":[8337],"tags":[],"jetpack_publicize_connections":[],"yoast_head":"<!-- This site is optimized with the Yoast SEO plugin v19.1 - https:\/\/yoast.com\/wordpress\/plugins\/seo\/ -->\n<title>Zuberima vra\u0107en dio imovine u Ulcinju - Lajme nga Ulqini<\/title>\n<meta name=\"description\" content=\"Imovina porodici Zuber-Gregovi\u0107 oduzeta je u periodu od 1948. do 1958. godine, a po obimu i vrijednosti najve\u0107a je u Crnoj Gori u odnosu na ostale\" \/>\n<meta name=\"robots\" content=\"index, follow, max-snippet:-1, max-image-preview:large, max-video-preview:-1\" \/>\n<link rel=\"canonical\" href=\"https:\/\/www.visit-ulcinj.com\/blog\/2015\/01\/14\/zuberima-vracen-dio-imovine-u-ulcinju\/\" \/>\n<meta property=\"og:locale\" content=\"en_US\" \/>\n<meta property=\"og:type\" content=\"article\" \/>\n<meta property=\"og:title\" content=\"Zuberima vra\u0107en dio imovine u Ulcinju - Lajme nga Ulqini\" \/>\n<meta property=\"og:description\" content=\"Imovina porodici Zuber-Gregovi\u0107 oduzeta je u periodu od 1948. do 1958. godine, a po obimu i vrijednosti najve\u0107a je u Crnoj Gori u odnosu na ostale\" \/>\n<meta property=\"og:url\" content=\"https:\/\/www.visit-ulcinj.com\/blog\/2015\/01\/14\/zuberima-vracen-dio-imovine-u-ulcinju\/\" \/>\n<meta property=\"og:site_name\" content=\"Lajme nga Ulqini\" \/>\n<meta property=\"article:published_time\" content=\"2015-01-14T15:48:21+00:00\" \/>\n<meta property=\"article:modified_time\" content=\"2015-01-14T17:08:18+00:00\" \/>\n<meta property=\"og:image\" content=\"http:\/\/www.visit-ulcinj.com\/blog\/wp-content\/uploads\/2015\/01\/Imovina-porodici-Zuber-Gregovic.jpg\" \/>\n<meta name=\"twitter:label1\" content=\"Written by\" \/>\n\t<meta name=\"twitter:data1\" content=\"ulqini\" \/>\n\t<meta name=\"twitter:label2\" content=\"Est. reading time\" \/>\n\t<meta name=\"twitter:data2\" content=\"2 minutes\" \/>\n<script type=\"application\/ld+json\" class=\"yoast-schema-graph\">{\"@context\":\"https:\/\/schema.org\",\"@graph\":[{\"@type\":\"WebSite\",\"@id\":\"https:\/\/www.visit-ulcinj.com\/blog\/#website\",\"url\":\"https:\/\/www.visit-ulcinj.com\/blog\/\",\"name\":\"Lajme nga Ulqini\",\"description\":\"Lajme,Vijesti,Ulqini,Ulqin,Crna Gora,Mali i Zi\",\"potentialAction\":[{\"@type\":\"SearchAction\",\"target\":{\"@type\":\"EntryPoint\",\"urlTemplate\":\"https:\/\/www.visit-ulcinj.com\/blog\/?s={search_term_string}\"},\"query-input\":\"required name=search_term_string\"}],\"inLanguage\":\"en-US\"},{\"@type\":\"ImageObject\",\"inLanguage\":\"en-US\",\"@id\":\"https:\/\/www.visit-ulcinj.com\/blog\/2015\/01\/14\/zuberima-vracen-dio-imovine-u-ulcinju\/#primaryimage\",\"url\":\"https:\/\/www.visit-ulcinj.com\/blog\/wp-content\/uploads\/2015\/01\/Imovina-porodici-Zuber-Gregovic.jpg\",\"contentUrl\":\"https:\/\/www.visit-ulcinj.com\/blog\/wp-content\/uploads\/2015\/01\/Imovina-porodici-Zuber-Gregovic.jpg\",\"width\":560,\"height\":352},{\"@type\":\"WebPage\",\"@id\":\"https:\/\/www.visit-ulcinj.com\/blog\/2015\/01\/14\/zuberima-vracen-dio-imovine-u-ulcinju\/#webpage\",\"url\":\"https:\/\/www.visit-ulcinj.com\/blog\/2015\/01\/14\/zuberima-vracen-dio-imovine-u-ulcinju\/\",\"name\":\"Zuberima vra\u0107en dio imovine u Ulcinju - Lajme nga Ulqini\",\"isPartOf\":{\"@id\":\"https:\/\/www.visit-ulcinj.com\/blog\/#website\"},\"primaryImageOfPage\":{\"@id\":\"https:\/\/www.visit-ulcinj.com\/blog\/2015\/01\/14\/zuberima-vracen-dio-imovine-u-ulcinju\/#primaryimage\"},\"datePublished\":\"2015-01-14T15:48:21+00:00\",\"dateModified\":\"2015-01-14T17:08:18+00:00\",\"author\":{\"@id\":\"https:\/\/www.visit-ulcinj.com\/blog\/#\/schema\/person\/dcab619c614d3038751c63bc2aadc06d\"},\"description\":\"Imovina porodici Zuber-Gregovi\u0107 oduzeta je u periodu od 1948. do 1958. godine, a po obimu i vrijednosti najve\u0107a je u Crnoj Gori u odnosu na ostale\",\"breadcrumb\":{\"@id\":\"https:\/\/www.visit-ulcinj.com\/blog\/2015\/01\/14\/zuberima-vracen-dio-imovine-u-ulcinju\/#breadcrumb\"},\"inLanguage\":\"en-US\",\"potentialAction\":[{\"@type\":\"ReadAction\",\"target\":[\"https:\/\/www.visit-ulcinj.com\/blog\/2015\/01\/14\/zuberima-vracen-dio-imovine-u-ulcinju\/\"]}]},{\"@type\":\"BreadcrumbList\",\"@id\":\"https:\/\/www.visit-ulcinj.com\/blog\/2015\/01\/14\/zuberima-vracen-dio-imovine-u-ulcinju\/#breadcrumb\",\"itemListElement\":[{\"@type\":\"ListItem\",\"position\":1,\"name\":\"Zuberima vra\u0107en dio imovine u Ulcinju\"}]},{\"@type\":\"Person\",\"@id\":\"https:\/\/www.visit-ulcinj.com\/blog\/#\/schema\/person\/dcab619c614d3038751c63bc2aadc06d\",\"name\":\"ulqini\",\"sameAs\":[\"http:\/\/www.visit-ulcinj.com\"],\"url\":\"https:\/\/www.visit-ulcinj.com\/blog\/author\/admin\/\"}]}<\/script>\n<!-- \/ Yoast SEO plugin. -->","yoast_head_json":{"title":"Zuberima vra\u0107en dio imovine u Ulcinju - Lajme nga Ulqini","description":"Imovina porodici Zuber-Gregovi\u0107 oduzeta je u periodu od 1948. do 1958. godine, a po obimu i vrijednosti najve\u0107a je u Crnoj Gori u odnosu na ostale","robots":{"index":"index","follow":"follow","max-snippet":"max-snippet:-1","max-image-preview":"max-image-preview:large","max-video-preview":"max-video-preview:-1"},"canonical":"https:\/\/www.visit-ulcinj.com\/blog\/2015\/01\/14\/zuberima-vracen-dio-imovine-u-ulcinju\/","og_locale":"en_US","og_type":"article","og_title":"Zuberima vra\u0107en dio imovine u Ulcinju - Lajme nga Ulqini","og_description":"Imovina porodici Zuber-Gregovi\u0107 oduzeta je u periodu od 1948. do 1958. godine, a po obimu i vrijednosti najve\u0107a je u Crnoj Gori u odnosu na ostale","og_url":"https:\/\/www.visit-ulcinj.com\/blog\/2015\/01\/14\/zuberima-vracen-dio-imovine-u-ulcinju\/","og_site_name":"Lajme nga Ulqini","article_published_time":"2015-01-14T15:48:21+00:00","article_modified_time":"2015-01-14T17:08:18+00:00","og_image":[{"url":"http:\/\/www.visit-ulcinj.com\/blog\/wp-content\/uploads\/2015\/01\/Imovina-porodici-Zuber-Gregovic.jpg"}],"twitter_misc":{"Written by":"ulqini","Est. reading time":"2 minutes"},"schema":{"@context":"https:\/\/schema.org","@graph":[{"@type":"WebSite","@id":"https:\/\/www.visit-ulcinj.com\/blog\/#website","url":"https:\/\/www.visit-ulcinj.com\/blog\/","name":"Lajme nga Ulqini","description":"Lajme,Vijesti,Ulqini,Ulqin,Crna Gora,Mali i Zi","potentialAction":[{"@type":"SearchAction","target":{"@type":"EntryPoint","urlTemplate":"https:\/\/www.visit-ulcinj.com\/blog\/?s={search_term_string}"},"query-input":"required name=search_term_string"}],"inLanguage":"en-US"},{"@type":"ImageObject","inLanguage":"en-US","@id":"https:\/\/www.visit-ulcinj.com\/blog\/2015\/01\/14\/zuberima-vracen-dio-imovine-u-ulcinju\/#primaryimage","url":"https:\/\/www.visit-ulcinj.com\/blog\/wp-content\/uploads\/2015\/01\/Imovina-porodici-Zuber-Gregovic.jpg","contentUrl":"https:\/\/www.visit-ulcinj.com\/blog\/wp-content\/uploads\/2015\/01\/Imovina-porodici-Zuber-Gregovic.jpg","width":560,"height":352},{"@type":"WebPage","@id":"https:\/\/www.visit-ulcinj.com\/blog\/2015\/01\/14\/zuberima-vracen-dio-imovine-u-ulcinju\/#webpage","url":"https:\/\/www.visit-ulcinj.com\/blog\/2015\/01\/14\/zuberima-vracen-dio-imovine-u-ulcinju\/","name":"Zuberima vra\u0107en dio imovine u Ulcinju - Lajme nga Ulqini","isPartOf":{"@id":"https:\/\/www.visit-ulcinj.com\/blog\/#website"},"primaryImageOfPage":{"@id":"https:\/\/www.visit-ulcinj.com\/blog\/2015\/01\/14\/zuberima-vracen-dio-imovine-u-ulcinju\/#primaryimage"},"datePublished":"2015-01-14T15:48:21+00:00","dateModified":"2015-01-14T17:08:18+00:00","author":{"@id":"https:\/\/www.visit-ulcinj.com\/blog\/#\/schema\/person\/dcab619c614d3038751c63bc2aadc06d"},"description":"Imovina porodici Zuber-Gregovi\u0107 oduzeta je u periodu od 1948. do 1958. godine, a po obimu i vrijednosti najve\u0107a je u Crnoj Gori u odnosu na ostale","breadcrumb":{"@id":"https:\/\/www.visit-ulcinj.com\/blog\/2015\/01\/14\/zuberima-vracen-dio-imovine-u-ulcinju\/#breadcrumb"},"inLanguage":"en-US","potentialAction":[{"@type":"ReadAction","target":["https:\/\/www.visit-ulcinj.com\/blog\/2015\/01\/14\/zuberima-vracen-dio-imovine-u-ulcinju\/"]}]},{"@type":"BreadcrumbList","@id":"https:\/\/www.visit-ulcinj.com\/blog\/2015\/01\/14\/zuberima-vracen-dio-imovine-u-ulcinju\/#breadcrumb","itemListElement":[{"@type":"ListItem","position":1,"name":"Zuberima vra\u0107en dio imovine u Ulcinju"}]},{"@type":"Person","@id":"https:\/\/www.visit-ulcinj.com\/blog\/#\/schema\/person\/dcab619c614d3038751c63bc2aadc06d","name":"ulqini","sameAs":["http:\/\/www.visit-ulcinj.com"],"url":"https:\/\/www.visit-ulcinj.com\/blog\/author\/admin\/"}]}},"jetpack_featured_media_url":"","jetpack_sharing_enabled":true,"jetpack_shortlink":"https:\/\/wp.me\/pe6lTn-mOR","_links":{"self":[{"href":"https:\/\/www.visit-ulcinj.com\/blog\/wp-json\/wp\/v2\/posts\/87721"}],"collection":[{"href":"https:\/\/www.visit-ulcinj.com\/blog\/wp-json\/wp\/v2\/posts"}],"about":[{"href":"https:\/\/www.visit-ulcinj.com\/blog\/wp-json\/wp\/v2\/types\/post"}],"author":[{"embeddable":true,"href":"https:\/\/www.visit-ulcinj.com\/blog\/wp-json\/wp\/v2\/users\/1"}],"replies":[{"embeddable":true,"href":"https:\/\/www.visit-ulcinj.com\/blog\/wp-json\/wp\/v2\/comments?post=87721"}],"version-history":[{"count":3,"href":"https:\/\/www.visit-ulcinj.com\/blog\/wp-json\/wp\/v2\/posts\/87721\/revisions"}],"predecessor-version":[{"id":87747,"href":"https:\/\/www.visit-ulcinj.com\/blog\/wp-json\/wp\/v2\/posts\/87721\/revisions\/87747"}],"wp:attachment":[{"href":"https:\/\/www.visit-ulcinj.com\/blog\/wp-json\/wp\/v2\/media?parent=87721"}],"wp:term":[{"taxonomy":"category","embeddable":true,"href":"https:\/\/www.visit-ulcinj.com\/blog\/wp-json\/wp\/v2\/categories?post=87721"},{"taxonomy":"post_tag","embeddable":true,"href":"https:\/\/www.visit-ulcinj.com\/blog\/wp-json\/wp\/v2\/tags?post=87721"}],"curies":[{"name":"wp","href":"https:\/\/api.w.org\/{rel}","templated":true}]}}