{"id":87725,"date":"2015-01-14T16:59:31","date_gmt":"2015-01-14T15:59:31","guid":{"rendered":"http:\/\/www.visit-ulcinj.com\/blog\/?p=87725"},"modified":"2015-01-14T16:59:31","modified_gmt":"2015-01-14T15:59:31","slug":"komplot-serbeve-per-atentat-ndaj-hashim-thacit","status":"publish","type":"post","link":"https:\/\/www.visit-ulcinj.com\/blog\/2015\/01\/14\/komplot-serbeve-per-atentat-ndaj-hashim-thacit\/","title":{"rendered":"Komplot i serb\u00ebve p\u00ebr atentat ndaj Hashim Tha\u00e7it?"},"content":{"rendered":"<div class=\"itemBody\">\n<div class=\"itemFullText\">\n<p><a href=\"http:\/\/www.visit-ulcinj.com\/blog\/wp-content\/uploads\/2015\/01\/Hashim-Thaci.jpg\"><img loading=\"lazy\" class=\"alignleft wp-image-87464\" src=\"http:\/\/www.visit-ulcinj.com\/blog\/wp-content\/uploads\/2015\/01\/Hashim-Thaci.jpg\" alt=\"Hashim-Thaci\" width=\"508\" height=\"338\" \/><\/a>Sh\u00ebrbimet inteligjente t\u00eb Malit t\u00eb Zi si dhe Forcat e Siguris\u00eb jan\u00eb v\u00ebn\u00eb n\u00eb gjendje te gatishm\u00ebris\u00eb s\u00eb lart\u00eb me rastin e vizit\u00ebs s\u00eb z\u00ebvend\u00ebskryeministrit t\u00eb Kosov\u00ebs, Hashim Tha\u00e7i, p\u00ebr shkak t\u00eb informacioneve q\u00eb Tha\u00e7i mund t\u00eb jet\u00eb objekt i nj\u00eb atentati nga qarqet nacionaliste serbe, konfirmojn\u00eb burime t\u00eb IndeksOnline.<\/p>\n<p>Kjo ka ndikuar edhe n\u00eb ndryshimin e agjend\u00ebs dhe shtim t\u00eb personelit t\u00eb siguris\u00eb gjat\u00eb vizit\u00ebs.<\/p>\n<p>Shoqatat serbe si dhe ato pro- ruse kund\u00ebr NATO-s, ndihmuar nga Kisha Ortodokse serbe, kan\u00eb paralajm\u00ebruar protesta kund\u00ebr vizit\u00ebs s\u00eb ministrit t\u00eb Jasht\u00ebm t\u00eb Kosov\u00ebs.<\/p>\n<p>Por, e t\u00ebr\u00eb situata \u00ebsht\u00eb b\u00ebr\u00eb shum\u00eb m\u00eb serioze me informacionin q\u00eb kan\u00eb siguruar sh\u00ebrbimet e siguris\u00eb s\u00eb Malit t\u00eb Zi se delegacioni kosovar mund t\u00eb jet\u00eb objekt i nj\u00eb sulmi.<\/p>\n<p>Edhe nj\u00eb fjalim mbi NATO-n i z\u00ebvend\u00ebskryeministrit t\u00eb Kosov\u00ebs, q\u00eb pritej t\u00eb mbahej n\u00eb Podgoric\u00eb, \u00ebsht\u00eb anuluar p\u00ebr shkak t\u00eb rrezikut t\u00eb lart\u00eb.<\/p>\n<p>Vizita e Hashim Thacit n\u00eb Malin e Zi ka marr\u00eb karakter presidencial pasi ai do t\u00eb vendoset n\u00eb nj\u00eb nga rezidencat q\u00eb dikur shfryt\u00ebzoheshin nga ish- lideri jugosllav, Josip Broz Tito, dhe ku tani vendosen rregullisht krer\u00ebt e shteteve q\u00eb e vizitojn\u00eb Malin e Zi.<\/p>\n<p>N\u00eb agjend\u00eb ka takime me presidenti Vujanovi\u00e7, kryeministrin Gjukanovi\u00e7, z\u00ebvend\u00ebskryeministrin Lukshi\u00e7 dhe kryeparlamentarin e Malit t\u00eb Zi, Krivokapi\u00e7.<\/p>\n<p><strong>Gazeta &#8220;Koha Jone&#8221;<\/strong><\/p>\n<\/div>\n<\/div>\n","protected":false},"excerpt":{"rendered":"<p>Sh\u00ebrbimet inteligjente t\u00eb Malit t\u00eb Zi si dhe Forcat e Siguris\u00eb jan\u00eb v\u00ebn\u00eb n\u00eb gjendje te gatishm\u00ebris\u00eb s\u00eb lart\u00eb me rastin e vizit\u00ebs s\u00eb z\u00ebvend\u00ebskryeministrit t\u00eb Kosov\u00ebs, Hashim Tha\u00e7i, p\u00ebr shkak t\u00eb informacioneve q\u00eb Tha\u00e7i mund t\u00eb jet\u00eb objekt i nj\u00eb atentati nga qarqet nacionaliste serbe, konfirmojn\u00eb burime t\u00eb IndeksOnline. Kjo ka ndikuar edhe n\u00eb [&hellip;]<\/p>\n","protected":false},"author":1,"featured_media":0,"comment_status":"closed","ping_status":"closed","sticky":false,"template":"","format":"standard","meta":{"spay_email":"","jetpack_publicize_message":"","jetpack_is_tweetstorm":false,"jetpack_publicize_feature_enabled":true},"categories":[12],"tags":[],"jetpack_publicize_connections":[],"yoast_head":"<!-- This site is optimized with the Yoast SEO plugin v19.1 - https:\/\/yoast.com\/wordpress\/plugins\/seo\/ -->\n<title>Komplot i serb\u00ebve p\u00ebr atentat ndaj Hashim Tha\u00e7it? - Lajme nga Ulqini<\/title>\n<meta name=\"description\" content=\"Sh\u00ebrbimet inteligjente t\u00eb Malit t\u00eb Zi si dhe Forcat e Siguris\u00eb jan\u00eb v\u00ebn\u00eb n\u00eb gjendje te gatishm\u00ebris\u00eb s\u00eb lart\u00eb me rastin e vizit\u00ebs s\u00eb z\u00ebvend\u00ebskryeministrit\" \/>\n<meta name=\"robots\" content=\"index, follow, max-snippet:-1, max-image-preview:large, max-video-preview:-1\" \/>\n<link rel=\"canonical\" href=\"https:\/\/www.visit-ulcinj.com\/blog\/2015\/01\/14\/komplot-serbeve-per-atentat-ndaj-hashim-thacit\/\" \/>\n<meta property=\"og:locale\" content=\"en_US\" \/>\n<meta property=\"og:type\" content=\"article\" \/>\n<meta property=\"og:title\" content=\"Komplot i serb\u00ebve p\u00ebr atentat ndaj Hashim Tha\u00e7it? - Lajme nga Ulqini\" \/>\n<meta property=\"og:description\" content=\"Sh\u00ebrbimet inteligjente t\u00eb Malit t\u00eb Zi si dhe Forcat e Siguris\u00eb jan\u00eb v\u00ebn\u00eb n\u00eb gjendje te gatishm\u00ebris\u00eb s\u00eb lart\u00eb me rastin e vizit\u00ebs s\u00eb z\u00ebvend\u00ebskryeministrit\" \/>\n<meta property=\"og:url\" content=\"https:\/\/www.visit-ulcinj.com\/blog\/2015\/01\/14\/komplot-serbeve-per-atentat-ndaj-hashim-thacit\/\" \/>\n<meta property=\"og:site_name\" content=\"Lajme nga Ulqini\" \/>\n<meta property=\"article:published_time\" content=\"2015-01-14T15:59:31+00:00\" \/>\n<meta property=\"og:image\" content=\"http:\/\/www.visit-ulcinj.com\/blog\/wp-content\/uploads\/2015\/01\/Hashim-Thaci.jpg\" \/>\n<meta name=\"twitter:label1\" content=\"Written by\" \/>\n\t<meta name=\"twitter:data1\" content=\"ulqini\" \/>\n\t<meta name=\"twitter:label2\" content=\"Est. reading time\" \/>\n\t<meta name=\"twitter:data2\" content=\"1 minute\" \/>\n<script type=\"application\/ld+json\" class=\"yoast-schema-graph\">{\"@context\":\"https:\/\/schema.org\",\"@graph\":[{\"@type\":\"WebSite\",\"@id\":\"https:\/\/www.visit-ulcinj.com\/blog\/#website\",\"url\":\"https:\/\/www.visit-ulcinj.com\/blog\/\",\"name\":\"Lajme nga Ulqini\",\"description\":\"Lajme,Vijesti,Ulqini,Ulqin,Crna Gora,Mali i Zi\",\"potentialAction\":[{\"@type\":\"SearchAction\",\"target\":{\"@type\":\"EntryPoint\",\"urlTemplate\":\"https:\/\/www.visit-ulcinj.com\/blog\/?s={search_term_string}\"},\"query-input\":\"required name=search_term_string\"}],\"inLanguage\":\"en-US\"},{\"@type\":\"ImageObject\",\"inLanguage\":\"en-US\",\"@id\":\"https:\/\/www.visit-ulcinj.com\/blog\/2015\/01\/14\/komplot-serbeve-per-atentat-ndaj-hashim-thacit\/#primaryimage\",\"url\":\"http:\/\/www.visit-ulcinj.com\/blog\/wp-content\/uploads\/2015\/01\/Hashim-Thaci.jpg\",\"contentUrl\":\"http:\/\/www.visit-ulcinj.com\/blog\/wp-content\/uploads\/2015\/01\/Hashim-Thaci.jpg\"},{\"@type\":\"WebPage\",\"@id\":\"https:\/\/www.visit-ulcinj.com\/blog\/2015\/01\/14\/komplot-serbeve-per-atentat-ndaj-hashim-thacit\/#webpage\",\"url\":\"https:\/\/www.visit-ulcinj.com\/blog\/2015\/01\/14\/komplot-serbeve-per-atentat-ndaj-hashim-thacit\/\",\"name\":\"Komplot i serb\u00ebve p\u00ebr atentat ndaj Hashim Tha\u00e7it? - Lajme nga Ulqini\",\"isPartOf\":{\"@id\":\"https:\/\/www.visit-ulcinj.com\/blog\/#website\"},\"primaryImageOfPage\":{\"@id\":\"https:\/\/www.visit-ulcinj.com\/blog\/2015\/01\/14\/komplot-serbeve-per-atentat-ndaj-hashim-thacit\/#primaryimage\"},\"datePublished\":\"2015-01-14T15:59:31+00:00\",\"dateModified\":\"2015-01-14T15:59:31+00:00\",\"author\":{\"@id\":\"https:\/\/www.visit-ulcinj.com\/blog\/#\/schema\/person\/dcab619c614d3038751c63bc2aadc06d\"},\"description\":\"Sh\u00ebrbimet inteligjente t\u00eb Malit t\u00eb Zi si dhe Forcat e Siguris\u00eb jan\u00eb v\u00ebn\u00eb n\u00eb gjendje te gatishm\u00ebris\u00eb s\u00eb lart\u00eb me rastin e vizit\u00ebs s\u00eb z\u00ebvend\u00ebskryeministrit\",\"breadcrumb\":{\"@id\":\"https:\/\/www.visit-ulcinj.com\/blog\/2015\/01\/14\/komplot-serbeve-per-atentat-ndaj-hashim-thacit\/#breadcrumb\"},\"inLanguage\":\"en-US\",\"potentialAction\":[{\"@type\":\"ReadAction\",\"target\":[\"https:\/\/www.visit-ulcinj.com\/blog\/2015\/01\/14\/komplot-serbeve-per-atentat-ndaj-hashim-thacit\/\"]}]},{\"@type\":\"BreadcrumbList\",\"@id\":\"https:\/\/www.visit-ulcinj.com\/blog\/2015\/01\/14\/komplot-serbeve-per-atentat-ndaj-hashim-thacit\/#breadcrumb\",\"itemListElement\":[{\"@type\":\"ListItem\",\"position\":1,\"name\":\"Komplot i serb\u00ebve p\u00ebr atentat ndaj Hashim Tha\u00e7it?\"}]},{\"@type\":\"Person\",\"@id\":\"https:\/\/www.visit-ulcinj.com\/blog\/#\/schema\/person\/dcab619c614d3038751c63bc2aadc06d\",\"name\":\"ulqini\",\"sameAs\":[\"http:\/\/www.visit-ulcinj.com\"],\"url\":\"https:\/\/www.visit-ulcinj.com\/blog\/author\/admin\/\"}]}<\/script>\n<!-- \/ Yoast SEO plugin. -->","yoast_head_json":{"title":"Komplot i serb\u00ebve p\u00ebr atentat ndaj Hashim Tha\u00e7it? - Lajme nga Ulqini","description":"Sh\u00ebrbimet inteligjente t\u00eb Malit t\u00eb Zi si dhe Forcat e Siguris\u00eb jan\u00eb v\u00ebn\u00eb n\u00eb gjendje te gatishm\u00ebris\u00eb s\u00eb lart\u00eb me rastin e vizit\u00ebs s\u00eb z\u00ebvend\u00ebskryeministrit","robots":{"index":"index","follow":"follow","max-snippet":"max-snippet:-1","max-image-preview":"max-image-preview:large","max-video-preview":"max-video-preview:-1"},"canonical":"https:\/\/www.visit-ulcinj.com\/blog\/2015\/01\/14\/komplot-serbeve-per-atentat-ndaj-hashim-thacit\/","og_locale":"en_US","og_type":"article","og_title":"Komplot i serb\u00ebve p\u00ebr atentat ndaj Hashim Tha\u00e7it? - Lajme nga Ulqini","og_description":"Sh\u00ebrbimet inteligjente t\u00eb Malit t\u00eb Zi si dhe Forcat e Siguris\u00eb jan\u00eb v\u00ebn\u00eb n\u00eb gjendje te gatishm\u00ebris\u00eb s\u00eb lart\u00eb me rastin e vizit\u00ebs s\u00eb z\u00ebvend\u00ebskryeministrit","og_url":"https:\/\/www.visit-ulcinj.com\/blog\/2015\/01\/14\/komplot-serbeve-per-atentat-ndaj-hashim-thacit\/","og_site_name":"Lajme nga Ulqini","article_published_time":"2015-01-14T15:59:31+00:00","og_image":[{"url":"http:\/\/www.visit-ulcinj.com\/blog\/wp-content\/uploads\/2015\/01\/Hashim-Thaci.jpg"}],"twitter_misc":{"Written by":"ulqini","Est. reading time":"1 minute"},"schema":{"@context":"https:\/\/schema.org","@graph":[{"@type":"WebSite","@id":"https:\/\/www.visit-ulcinj.com\/blog\/#website","url":"https:\/\/www.visit-ulcinj.com\/blog\/","name":"Lajme nga Ulqini","description":"Lajme,Vijesti,Ulqini,Ulqin,Crna Gora,Mali i Zi","potentialAction":[{"@type":"SearchAction","target":{"@type":"EntryPoint","urlTemplate":"https:\/\/www.visit-ulcinj.com\/blog\/?s={search_term_string}"},"query-input":"required name=search_term_string"}],"inLanguage":"en-US"},{"@type":"ImageObject","inLanguage":"en-US","@id":"https:\/\/www.visit-ulcinj.com\/blog\/2015\/01\/14\/komplot-serbeve-per-atentat-ndaj-hashim-thacit\/#primaryimage","url":"http:\/\/www.visit-ulcinj.com\/blog\/wp-content\/uploads\/2015\/01\/Hashim-Thaci.jpg","contentUrl":"http:\/\/www.visit-ulcinj.com\/blog\/wp-content\/uploads\/2015\/01\/Hashim-Thaci.jpg"},{"@type":"WebPage","@id":"https:\/\/www.visit-ulcinj.com\/blog\/2015\/01\/14\/komplot-serbeve-per-atentat-ndaj-hashim-thacit\/#webpage","url":"https:\/\/www.visit-ulcinj.com\/blog\/2015\/01\/14\/komplot-serbeve-per-atentat-ndaj-hashim-thacit\/","name":"Komplot i serb\u00ebve p\u00ebr atentat ndaj Hashim Tha\u00e7it? - Lajme nga Ulqini","isPartOf":{"@id":"https:\/\/www.visit-ulcinj.com\/blog\/#website"},"primaryImageOfPage":{"@id":"https:\/\/www.visit-ulcinj.com\/blog\/2015\/01\/14\/komplot-serbeve-per-atentat-ndaj-hashim-thacit\/#primaryimage"},"datePublished":"2015-01-14T15:59:31+00:00","dateModified":"2015-01-14T15:59:31+00:00","author":{"@id":"https:\/\/www.visit-ulcinj.com\/blog\/#\/schema\/person\/dcab619c614d3038751c63bc2aadc06d"},"description":"Sh\u00ebrbimet inteligjente t\u00eb Malit t\u00eb Zi si dhe Forcat e Siguris\u00eb jan\u00eb v\u00ebn\u00eb n\u00eb gjendje te gatishm\u00ebris\u00eb s\u00eb lart\u00eb me rastin e vizit\u00ebs s\u00eb z\u00ebvend\u00ebskryeministrit","breadcrumb":{"@id":"https:\/\/www.visit-ulcinj.com\/blog\/2015\/01\/14\/komplot-serbeve-per-atentat-ndaj-hashim-thacit\/#breadcrumb"},"inLanguage":"en-US","potentialAction":[{"@type":"ReadAction","target":["https:\/\/www.visit-ulcinj.com\/blog\/2015\/01\/14\/komplot-serbeve-per-atentat-ndaj-hashim-thacit\/"]}]},{"@type":"BreadcrumbList","@id":"https:\/\/www.visit-ulcinj.com\/blog\/2015\/01\/14\/komplot-serbeve-per-atentat-ndaj-hashim-thacit\/#breadcrumb","itemListElement":[{"@type":"ListItem","position":1,"name":"Komplot i serb\u00ebve p\u00ebr atentat ndaj Hashim Tha\u00e7it?"}]},{"@type":"Person","@id":"https:\/\/www.visit-ulcinj.com\/blog\/#\/schema\/person\/dcab619c614d3038751c63bc2aadc06d","name":"ulqini","sameAs":["http:\/\/www.visit-ulcinj.com"],"url":"https:\/\/www.visit-ulcinj.com\/blog\/author\/admin\/"}]}},"jetpack_featured_media_url":"","jetpack_sharing_enabled":true,"jetpack_shortlink":"https:\/\/wp.me\/pe6lTn-mOV","_links":{"self":[{"href":"https:\/\/www.visit-ulcinj.com\/blog\/wp-json\/wp\/v2\/posts\/87725"}],"collection":[{"href":"https:\/\/www.visit-ulcinj.com\/blog\/wp-json\/wp\/v2\/posts"}],"about":[{"href":"https:\/\/www.visit-ulcinj.com\/blog\/wp-json\/wp\/v2\/types\/post"}],"author":[{"embeddable":true,"href":"https:\/\/www.visit-ulcinj.com\/blog\/wp-json\/wp\/v2\/users\/1"}],"replies":[{"embeddable":true,"href":"https:\/\/www.visit-ulcinj.com\/blog\/wp-json\/wp\/v2\/comments?post=87725"}],"version-history":[{"count":1,"href":"https:\/\/www.visit-ulcinj.com\/blog\/wp-json\/wp\/v2\/posts\/87725\/revisions"}],"predecessor-version":[{"id":87726,"href":"https:\/\/www.visit-ulcinj.com\/blog\/wp-json\/wp\/v2\/posts\/87725\/revisions\/87726"}],"wp:attachment":[{"href":"https:\/\/www.visit-ulcinj.com\/blog\/wp-json\/wp\/v2\/media?parent=87725"}],"wp:term":[{"taxonomy":"category","embeddable":true,"href":"https:\/\/www.visit-ulcinj.com\/blog\/wp-json\/wp\/v2\/categories?post=87725"},{"taxonomy":"post_tag","embeddable":true,"href":"https:\/\/www.visit-ulcinj.com\/blog\/wp-json\/wp\/v2\/tags?post=87725"}],"curies":[{"name":"wp","href":"https:\/\/api.w.org\/{rel}","templated":true}]}}