{"id":87727,"date":"2015-01-14T17:10:31","date_gmt":"2015-01-14T16:10:31","guid":{"rendered":"http:\/\/www.visit-ulcinj.com\/blog\/?p=87727"},"modified":"2015-01-14T17:10:31","modified_gmt":"2015-01-14T16:10:31","slug":"liria-e-shtypit-ne-mali-te-zi-serish-shenon-renie","status":"publish","type":"post","link":"https:\/\/www.visit-ulcinj.com\/blog\/2015\/01\/14\/liria-e-shtypit-ne-mali-te-zi-serish-shenon-renie\/","title":{"rendered":"Liria e shtypit n\u00eb Mali t\u00eb Zi s\u00ebrish sh\u00ebnon r\u00ebnie"},"content":{"rendered":"<p><a href=\"http:\/\/www.visit-ulcinj.com\/blog\/wp-content\/uploads\/2015\/01\/bez.odgovori.jpg\"><img loading=\"lazy\" class=\"alignleft wp-image-87728\" src=\"http:\/\/www.visit-ulcinj.com\/blog\/wp-content\/uploads\/2015\/01\/bez.odgovori.jpg\" alt=\"bez.odgovori\" width=\"508\" height=\"677\" srcset=\"https:\/\/www.visit-ulcinj.com\/blog\/wp-content\/uploads\/2015\/01\/bez.odgovori.jpg 540w, https:\/\/www.visit-ulcinj.com\/blog\/wp-content\/uploads\/2015\/01\/bez.odgovori-225x300.jpg 225w\" sizes=\"(max-width: 508px) 100vw, 508px\" \/><\/a>Paris, 14 janar 2015 &#8211; Mali i Zi sh\u00ebnon nj\u00eb tjet\u00ebr r\u00ebnie n\u00eb indeksin e organizat\u00ebs \u201cReporter\u00eb pa Kufij\u201d (Reporters Without Borders) p\u00ebr sa i p\u00ebrket liris\u00eb s\u00eb shtypit.<\/p>\n<p>N\u00eb list\u00ebn p\u00ebr vitin 2014, Mali i Zi sh\u00ebnon edhe nj\u00eb r\u00ebnie tjet\u00ebr krahasuar me vitet e kaluara dhe renditet n\u00eb pozit\u00ebn 114-t\u00eb, nga gjithsej 180 shtete.<\/p>\n<p>Mali i Zi n\u00eb vitin 2009 ishte e pozicionuar n\u00eb vendin e 77-t\u00eb, n\u00eb 2010 n\u00eb vendin 104-t\u00eb, vitin 2011\/12 n\u00eb vendin 107-t\u00eb dhe vitin 2013 n\u00eb vendin 113-t\u00eb.<\/p>\n<p>Nga shtetet e kontinentit t\u00eb Evrop\u00ebs m\u00eb keq se Mali i Zi r\u00ebnkohen vet\u00ebm Maqedonia, Rusia, Ukraina dhe Bjellorusia.<\/p>\n<p>Mali i Zi shpesh ka fituar kritika nga organizata t\u00eb huaja si dhe nga politika zyrtare e Bashkimit Evropian p\u00ebr trendin negativ n\u00eb fush\u00ebn e liris\u00eb s\u00eb medies.<\/p>\n<p><strong>Qendra p\u00ebr Informim e Kosov\u00ebs<\/strong><\/p>\n","protected":false},"excerpt":{"rendered":"<p>Paris, 14 janar 2015 &#8211; Mali i Zi sh\u00ebnon nj\u00eb tjet\u00ebr r\u00ebnie n\u00eb indeksin e organizat\u00ebs \u201cReporter\u00eb pa Kufij\u201d (Reporters Without Borders) p\u00ebr sa i p\u00ebrket liris\u00eb s\u00eb shtypit. N\u00eb list\u00ebn p\u00ebr vitin 2014, Mali i Zi sh\u00ebnon edhe nj\u00eb r\u00ebnie tjet\u00ebr krahasuar me vitet e kaluara dhe renditet n\u00eb pozit\u00ebn 114-t\u00eb, nga gjithsej 180 [&hellip;]<\/p>\n","protected":false},"author":1,"featured_media":0,"comment_status":"closed","ping_status":"closed","sticky":false,"template":"","format":"standard","meta":{"spay_email":"","jetpack_publicize_message":"","jetpack_is_tweetstorm":false,"jetpack_publicize_feature_enabled":true},"categories":[6950],"tags":[],"jetpack_publicize_connections":[],"yoast_head":"<!-- This site is optimized with the Yoast SEO plugin v19.1 - https:\/\/yoast.com\/wordpress\/plugins\/seo\/ -->\n<title>Liria e shtypit n\u00eb Mali t\u00eb Zi s\u00ebrish sh\u00ebnon r\u00ebnie - Lajme nga Ulqini<\/title>\n<meta name=\"description\" content=\"Paris, 14 janar 2015 - Mali i Zi sh\u00ebnon nj\u00eb tjet\u00ebr r\u00ebnie n\u00eb indeksin e organizat\u00ebs \u201cReporter\u00eb pa Kufij\u201d (Reporters Without Borders) p\u00ebr sa i p\u00ebrket liris\u00eb\" \/>\n<meta name=\"robots\" content=\"index, follow, max-snippet:-1, max-image-preview:large, max-video-preview:-1\" \/>\n<link rel=\"canonical\" href=\"https:\/\/www.visit-ulcinj.com\/blog\/2015\/01\/14\/liria-e-shtypit-ne-mali-te-zi-serish-shenon-renie\/\" \/>\n<meta property=\"og:locale\" content=\"en_US\" \/>\n<meta property=\"og:type\" content=\"article\" \/>\n<meta property=\"og:title\" content=\"Liria e shtypit n\u00eb Mali t\u00eb Zi s\u00ebrish sh\u00ebnon r\u00ebnie - Lajme nga Ulqini\" \/>\n<meta property=\"og:description\" content=\"Paris, 14 janar 2015 - Mali i Zi sh\u00ebnon nj\u00eb tjet\u00ebr r\u00ebnie n\u00eb indeksin e organizat\u00ebs \u201cReporter\u00eb pa Kufij\u201d (Reporters Without Borders) p\u00ebr sa i p\u00ebrket liris\u00eb\" \/>\n<meta property=\"og:url\" content=\"https:\/\/www.visit-ulcinj.com\/blog\/2015\/01\/14\/liria-e-shtypit-ne-mali-te-zi-serish-shenon-renie\/\" \/>\n<meta property=\"og:site_name\" content=\"Lajme nga Ulqini\" \/>\n<meta property=\"article:published_time\" content=\"2015-01-14T16:10:31+00:00\" \/>\n<meta property=\"og:image\" content=\"http:\/\/www.visit-ulcinj.com\/blog\/wp-content\/uploads\/2015\/01\/bez.odgovori.jpg\" \/>\n<meta name=\"twitter:label1\" content=\"Written by\" \/>\n\t<meta name=\"twitter:data1\" content=\"ulqini\" \/>\n\t<meta name=\"twitter:label2\" content=\"Est. reading time\" \/>\n\t<meta name=\"twitter:data2\" content=\"1 minute\" \/>\n<script type=\"application\/ld+json\" class=\"yoast-schema-graph\">{\"@context\":\"https:\/\/schema.org\",\"@graph\":[{\"@type\":\"WebSite\",\"@id\":\"https:\/\/www.visit-ulcinj.com\/blog\/#website\",\"url\":\"https:\/\/www.visit-ulcinj.com\/blog\/\",\"name\":\"Lajme nga Ulqini\",\"description\":\"Lajme,Vijesti,Ulqini,Ulqin,Crna Gora,Mali i Zi\",\"potentialAction\":[{\"@type\":\"SearchAction\",\"target\":{\"@type\":\"EntryPoint\",\"urlTemplate\":\"https:\/\/www.visit-ulcinj.com\/blog\/?s={search_term_string}\"},\"query-input\":\"required name=search_term_string\"}],\"inLanguage\":\"en-US\"},{\"@type\":\"ImageObject\",\"inLanguage\":\"en-US\",\"@id\":\"https:\/\/www.visit-ulcinj.com\/blog\/2015\/01\/14\/liria-e-shtypit-ne-mali-te-zi-serish-shenon-renie\/#primaryimage\",\"url\":\"https:\/\/www.visit-ulcinj.com\/blog\/wp-content\/uploads\/2015\/01\/bez.odgovori.jpg\",\"contentUrl\":\"https:\/\/www.visit-ulcinj.com\/blog\/wp-content\/uploads\/2015\/01\/bez.odgovori.jpg\",\"width\":540,\"height\":720},{\"@type\":\"WebPage\",\"@id\":\"https:\/\/www.visit-ulcinj.com\/blog\/2015\/01\/14\/liria-e-shtypit-ne-mali-te-zi-serish-shenon-renie\/#webpage\",\"url\":\"https:\/\/www.visit-ulcinj.com\/blog\/2015\/01\/14\/liria-e-shtypit-ne-mali-te-zi-serish-shenon-renie\/\",\"name\":\"Liria e shtypit n\u00eb Mali t\u00eb Zi s\u00ebrish sh\u00ebnon r\u00ebnie - Lajme nga Ulqini\",\"isPartOf\":{\"@id\":\"https:\/\/www.visit-ulcinj.com\/blog\/#website\"},\"primaryImageOfPage\":{\"@id\":\"https:\/\/www.visit-ulcinj.com\/blog\/2015\/01\/14\/liria-e-shtypit-ne-mali-te-zi-serish-shenon-renie\/#primaryimage\"},\"datePublished\":\"2015-01-14T16:10:31+00:00\",\"dateModified\":\"2015-01-14T16:10:31+00:00\",\"author\":{\"@id\":\"https:\/\/www.visit-ulcinj.com\/blog\/#\/schema\/person\/dcab619c614d3038751c63bc2aadc06d\"},\"description\":\"Paris, 14 janar 2015 - Mali i Zi sh\u00ebnon nj\u00eb tjet\u00ebr r\u00ebnie n\u00eb indeksin e organizat\u00ebs \u201cReporter\u00eb pa Kufij\u201d (Reporters Without Borders) p\u00ebr sa i p\u00ebrket liris\u00eb\",\"breadcrumb\":{\"@id\":\"https:\/\/www.visit-ulcinj.com\/blog\/2015\/01\/14\/liria-e-shtypit-ne-mali-te-zi-serish-shenon-renie\/#breadcrumb\"},\"inLanguage\":\"en-US\",\"potentialAction\":[{\"@type\":\"ReadAction\",\"target\":[\"https:\/\/www.visit-ulcinj.com\/blog\/2015\/01\/14\/liria-e-shtypit-ne-mali-te-zi-serish-shenon-renie\/\"]}]},{\"@type\":\"BreadcrumbList\",\"@id\":\"https:\/\/www.visit-ulcinj.com\/blog\/2015\/01\/14\/liria-e-shtypit-ne-mali-te-zi-serish-shenon-renie\/#breadcrumb\",\"itemListElement\":[{\"@type\":\"ListItem\",\"position\":1,\"name\":\"Liria e shtypit n\u00eb Mali t\u00eb Zi s\u00ebrish sh\u00ebnon r\u00ebnie\"}]},{\"@type\":\"Person\",\"@id\":\"https:\/\/www.visit-ulcinj.com\/blog\/#\/schema\/person\/dcab619c614d3038751c63bc2aadc06d\",\"name\":\"ulqini\",\"sameAs\":[\"http:\/\/www.visit-ulcinj.com\"],\"url\":\"https:\/\/www.visit-ulcinj.com\/blog\/author\/admin\/\"}]}<\/script>\n<!-- \/ Yoast SEO plugin. -->","yoast_head_json":{"title":"Liria e shtypit n\u00eb Mali t\u00eb Zi s\u00ebrish sh\u00ebnon r\u00ebnie - Lajme nga Ulqini","description":"Paris, 14 janar 2015 - Mali i Zi sh\u00ebnon nj\u00eb tjet\u00ebr r\u00ebnie n\u00eb indeksin e organizat\u00ebs \u201cReporter\u00eb pa Kufij\u201d (Reporters Without Borders) p\u00ebr sa i p\u00ebrket liris\u00eb","robots":{"index":"index","follow":"follow","max-snippet":"max-snippet:-1","max-image-preview":"max-image-preview:large","max-video-preview":"max-video-preview:-1"},"canonical":"https:\/\/www.visit-ulcinj.com\/blog\/2015\/01\/14\/liria-e-shtypit-ne-mali-te-zi-serish-shenon-renie\/","og_locale":"en_US","og_type":"article","og_title":"Liria e shtypit n\u00eb Mali t\u00eb Zi s\u00ebrish sh\u00ebnon r\u00ebnie - Lajme nga Ulqini","og_description":"Paris, 14 janar 2015 - Mali i Zi sh\u00ebnon nj\u00eb tjet\u00ebr r\u00ebnie n\u00eb indeksin e organizat\u00ebs \u201cReporter\u00eb pa Kufij\u201d (Reporters Without Borders) p\u00ebr sa i p\u00ebrket liris\u00eb","og_url":"https:\/\/www.visit-ulcinj.com\/blog\/2015\/01\/14\/liria-e-shtypit-ne-mali-te-zi-serish-shenon-renie\/","og_site_name":"Lajme nga Ulqini","article_published_time":"2015-01-14T16:10:31+00:00","og_image":[{"url":"http:\/\/www.visit-ulcinj.com\/blog\/wp-content\/uploads\/2015\/01\/bez.odgovori.jpg"}],"twitter_misc":{"Written by":"ulqini","Est. reading time":"1 minute"},"schema":{"@context":"https:\/\/schema.org","@graph":[{"@type":"WebSite","@id":"https:\/\/www.visit-ulcinj.com\/blog\/#website","url":"https:\/\/www.visit-ulcinj.com\/blog\/","name":"Lajme nga Ulqini","description":"Lajme,Vijesti,Ulqini,Ulqin,Crna Gora,Mali i Zi","potentialAction":[{"@type":"SearchAction","target":{"@type":"EntryPoint","urlTemplate":"https:\/\/www.visit-ulcinj.com\/blog\/?s={search_term_string}"},"query-input":"required name=search_term_string"}],"inLanguage":"en-US"},{"@type":"ImageObject","inLanguage":"en-US","@id":"https:\/\/www.visit-ulcinj.com\/blog\/2015\/01\/14\/liria-e-shtypit-ne-mali-te-zi-serish-shenon-renie\/#primaryimage","url":"https:\/\/www.visit-ulcinj.com\/blog\/wp-content\/uploads\/2015\/01\/bez.odgovori.jpg","contentUrl":"https:\/\/www.visit-ulcinj.com\/blog\/wp-content\/uploads\/2015\/01\/bez.odgovori.jpg","width":540,"height":720},{"@type":"WebPage","@id":"https:\/\/www.visit-ulcinj.com\/blog\/2015\/01\/14\/liria-e-shtypit-ne-mali-te-zi-serish-shenon-renie\/#webpage","url":"https:\/\/www.visit-ulcinj.com\/blog\/2015\/01\/14\/liria-e-shtypit-ne-mali-te-zi-serish-shenon-renie\/","name":"Liria e shtypit n\u00eb Mali t\u00eb Zi s\u00ebrish sh\u00ebnon r\u00ebnie - Lajme nga Ulqini","isPartOf":{"@id":"https:\/\/www.visit-ulcinj.com\/blog\/#website"},"primaryImageOfPage":{"@id":"https:\/\/www.visit-ulcinj.com\/blog\/2015\/01\/14\/liria-e-shtypit-ne-mali-te-zi-serish-shenon-renie\/#primaryimage"},"datePublished":"2015-01-14T16:10:31+00:00","dateModified":"2015-01-14T16:10:31+00:00","author":{"@id":"https:\/\/www.visit-ulcinj.com\/blog\/#\/schema\/person\/dcab619c614d3038751c63bc2aadc06d"},"description":"Paris, 14 janar 2015 - Mali i Zi sh\u00ebnon nj\u00eb tjet\u00ebr r\u00ebnie n\u00eb indeksin e organizat\u00ebs \u201cReporter\u00eb pa Kufij\u201d (Reporters Without Borders) p\u00ebr sa i p\u00ebrket liris\u00eb","breadcrumb":{"@id":"https:\/\/www.visit-ulcinj.com\/blog\/2015\/01\/14\/liria-e-shtypit-ne-mali-te-zi-serish-shenon-renie\/#breadcrumb"},"inLanguage":"en-US","potentialAction":[{"@type":"ReadAction","target":["https:\/\/www.visit-ulcinj.com\/blog\/2015\/01\/14\/liria-e-shtypit-ne-mali-te-zi-serish-shenon-renie\/"]}]},{"@type":"BreadcrumbList","@id":"https:\/\/www.visit-ulcinj.com\/blog\/2015\/01\/14\/liria-e-shtypit-ne-mali-te-zi-serish-shenon-renie\/#breadcrumb","itemListElement":[{"@type":"ListItem","position":1,"name":"Liria e shtypit n\u00eb Mali t\u00eb Zi s\u00ebrish sh\u00ebnon r\u00ebnie"}]},{"@type":"Person","@id":"https:\/\/www.visit-ulcinj.com\/blog\/#\/schema\/person\/dcab619c614d3038751c63bc2aadc06d","name":"ulqini","sameAs":["http:\/\/www.visit-ulcinj.com"],"url":"https:\/\/www.visit-ulcinj.com\/blog\/author\/admin\/"}]}},"jetpack_featured_media_url":"","jetpack_sharing_enabled":true,"jetpack_shortlink":"https:\/\/wp.me\/pe6lTn-mOX","_links":{"self":[{"href":"https:\/\/www.visit-ulcinj.com\/blog\/wp-json\/wp\/v2\/posts\/87727"}],"collection":[{"href":"https:\/\/www.visit-ulcinj.com\/blog\/wp-json\/wp\/v2\/posts"}],"about":[{"href":"https:\/\/www.visit-ulcinj.com\/blog\/wp-json\/wp\/v2\/types\/post"}],"author":[{"embeddable":true,"href":"https:\/\/www.visit-ulcinj.com\/blog\/wp-json\/wp\/v2\/users\/1"}],"replies":[{"embeddable":true,"href":"https:\/\/www.visit-ulcinj.com\/blog\/wp-json\/wp\/v2\/comments?post=87727"}],"version-history":[{"count":1,"href":"https:\/\/www.visit-ulcinj.com\/blog\/wp-json\/wp\/v2\/posts\/87727\/revisions"}],"predecessor-version":[{"id":87729,"href":"https:\/\/www.visit-ulcinj.com\/blog\/wp-json\/wp\/v2\/posts\/87727\/revisions\/87729"}],"wp:attachment":[{"href":"https:\/\/www.visit-ulcinj.com\/blog\/wp-json\/wp\/v2\/media?parent=87727"}],"wp:term":[{"taxonomy":"category","embeddable":true,"href":"https:\/\/www.visit-ulcinj.com\/blog\/wp-json\/wp\/v2\/categories?post=87727"},{"taxonomy":"post_tag","embeddable":true,"href":"https:\/\/www.visit-ulcinj.com\/blog\/wp-json\/wp\/v2\/tags?post=87727"}],"curies":[{"name":"wp","href":"https:\/\/api.w.org\/{rel}","templated":true}]}}