{"id":87730,"date":"2015-01-14T17:19:25","date_gmt":"2015-01-14T16:19:25","guid":{"rendered":"http:\/\/www.visit-ulcinj.com\/blog\/?p=87730"},"modified":"2015-01-14T17:19:25","modified_gmt":"2015-01-14T16:19:25","slug":"hashim-thacit-anulohet-fjalimi-ne-mal-te-zi","status":"publish","type":"post","link":"https:\/\/www.visit-ulcinj.com\/blog\/2015\/01\/14\/hashim-thacit-anulohet-fjalimi-ne-mal-te-zi\/","title":{"rendered":"Hashim Tha\u00e7it i anulohet fjalimi n\u00eb Mal t\u00eb Zi?"},"content":{"rendered":"<p><a href=\"http:\/\/www.visit-ulcinj.com\/blog\/wp-content\/uploads\/2015\/01\/Ashton-Dacic-Thaci.jpg\"><img loading=\"lazy\" class=\"alignleft wp-image-87731\" src=\"http:\/\/www.visit-ulcinj.com\/blog\/wp-content\/uploads\/2015\/01\/Ashton-Dacic-Thaci.jpg\" alt=\"Ashton-Dacic-Thaci\" width=\"508\" height=\"339\" \/><\/a>Vizita e par\u00eb zyrtare n\u00eb Mal t\u00eb Zi e Ministrit t\u00eb Jasht\u00ebm t\u00eb Kosov\u00ebs, Hashim Tha\u00e7i, ka shkaktuar reagime t\u00eb shumta tek opinioni malazez, nd\u00ebrsa p\u00ebr arsye sigurie \u00ebsht\u00eb anuluar fjalimi rreth integrimit n\u00eb NATO q\u00eb ishte planifikuar p\u00ebr dit\u00ebn e nes\u00ebrme, raportojn\u00eb mediat e Podgoric\u00ebs.<\/p>\n<p>&#8220;\u00cbsht\u00eb vler\u00ebsuar se ky do t\u00eb ishte nj\u00eb shkas p\u00ebr t\u00eb shprehur pak\u00ebnaq\u00ebsin\u00eb qytetar\u00ebve me rastin e vizit\u00ebs s\u00eb Tha\u00e7it, k\u00ebshtu q\u00eb kjo ide \u00ebsht\u00eb hedhur posht\u00eb&#8221;, tha nj\u00eb burim p\u00ebr \u201cDnevnik\u201d, transmeton Telegrafi.<\/p>\n<p>Shoqata t\u00eb shumta t\u00eb refugjat\u00ebve kan\u00eb paralajm\u00ebruar se do t\u00eb mbajn\u00eb protesta n\u00eb Podgoric\u00eb duke k\u00ebrkuar anulimin e ardhjes s\u00eb z\u00ebvend\u00ebskryeministrit kosovar, Tha\u00e7i, p\u00ebr shkak t\u00eb munges\u00ebs s\u00eb t\u00eb drejtave t\u00eb malazez\u00ebve n\u00eb Kosov\u00eb, por edhe pamund\u00ebsin\u00eb e kthimit t\u00eb refugjat\u00ebve dhe personave t\u00eb zhvendosur.<\/p>\n<p>Kujtojm\u00eb se jav\u00eb m\u00eb par\u00eb ministrit Tha\u00e7i ka paralajm\u00ebruar nj\u00eb turne vizitor n\u00eb vendet e ish-Jugosllavis\u00eb. \/Telegrafi\/<\/p>\n","protected":false},"excerpt":{"rendered":"<p>Vizita e par\u00eb zyrtare n\u00eb Mal t\u00eb Zi e Ministrit t\u00eb Jasht\u00ebm t\u00eb Kosov\u00ebs, Hashim Tha\u00e7i, ka shkaktuar reagime t\u00eb shumta tek opinioni malazez, nd\u00ebrsa p\u00ebr arsye sigurie \u00ebsht\u00eb anuluar fjalimi rreth integrimit n\u00eb NATO q\u00eb ishte planifikuar p\u00ebr dit\u00ebn e nes\u00ebrme, raportojn\u00eb mediat e Podgoric\u00ebs. &#8220;\u00cbsht\u00eb vler\u00ebsuar se ky do t\u00eb ishte nj\u00eb shkas [&hellip;]<\/p>\n","protected":false},"author":1,"featured_media":0,"comment_status":"closed","ping_status":"closed","sticky":false,"template":"","format":"standard","meta":{"spay_email":"","jetpack_publicize_message":"","jetpack_is_tweetstorm":false,"jetpack_publicize_feature_enabled":true},"categories":[14249],"tags":[],"jetpack_publicize_connections":[],"yoast_head":"<!-- This site is optimized with the Yoast SEO plugin v19.1 - https:\/\/yoast.com\/wordpress\/plugins\/seo\/ -->\n<title>Hashim Tha\u00e7it i anulohet fjalimi n\u00eb Mal t\u00eb Zi? - Lajme nga Ulqini<\/title>\n<meta name=\"description\" content=\"Vizita e par\u00eb zyrtare n\u00eb Mal t\u00eb Zi e Ministrit t\u00eb Jasht\u00ebm t\u00eb Kosov\u00ebs, Hashim Tha\u00e7i, ka shkaktuar reagime t\u00eb shumta tek opinioni malazez, nd\u00ebrsa p\u00ebr arsye\" \/>\n<meta name=\"robots\" content=\"index, follow, max-snippet:-1, max-image-preview:large, max-video-preview:-1\" \/>\n<link rel=\"canonical\" href=\"https:\/\/www.visit-ulcinj.com\/blog\/2015\/01\/14\/hashim-thacit-anulohet-fjalimi-ne-mal-te-zi\/\" \/>\n<meta property=\"og:locale\" content=\"en_US\" \/>\n<meta property=\"og:type\" content=\"article\" \/>\n<meta property=\"og:title\" content=\"Hashim Tha\u00e7it i anulohet fjalimi n\u00eb Mal t\u00eb Zi? - Lajme nga Ulqini\" \/>\n<meta property=\"og:description\" content=\"Vizita e par\u00eb zyrtare n\u00eb Mal t\u00eb Zi e Ministrit t\u00eb Jasht\u00ebm t\u00eb Kosov\u00ebs, Hashim Tha\u00e7i, ka shkaktuar reagime t\u00eb shumta tek opinioni malazez, nd\u00ebrsa p\u00ebr arsye\" \/>\n<meta property=\"og:url\" content=\"https:\/\/www.visit-ulcinj.com\/blog\/2015\/01\/14\/hashim-thacit-anulohet-fjalimi-ne-mal-te-zi\/\" \/>\n<meta property=\"og:site_name\" content=\"Lajme nga Ulqini\" \/>\n<meta property=\"article:published_time\" content=\"2015-01-14T16:19:25+00:00\" \/>\n<meta property=\"og:image\" content=\"http:\/\/www.visit-ulcinj.com\/blog\/wp-content\/uploads\/2015\/01\/Ashton-Dacic-Thaci.jpg\" \/>\n<meta name=\"twitter:label1\" content=\"Written by\" \/>\n\t<meta name=\"twitter:data1\" content=\"ulqini\" \/>\n\t<meta name=\"twitter:label2\" content=\"Est. reading time\" \/>\n\t<meta name=\"twitter:data2\" content=\"1 minute\" \/>\n<script type=\"application\/ld+json\" class=\"yoast-schema-graph\">{\"@context\":\"https:\/\/schema.org\",\"@graph\":[{\"@type\":\"WebSite\",\"@id\":\"https:\/\/www.visit-ulcinj.com\/blog\/#website\",\"url\":\"https:\/\/www.visit-ulcinj.com\/blog\/\",\"name\":\"Lajme nga Ulqini\",\"description\":\"Lajme,Vijesti,Ulqini,Ulqin,Crna Gora,Mali i Zi\",\"potentialAction\":[{\"@type\":\"SearchAction\",\"target\":{\"@type\":\"EntryPoint\",\"urlTemplate\":\"https:\/\/www.visit-ulcinj.com\/blog\/?s={search_term_string}\"},\"query-input\":\"required name=search_term_string\"}],\"inLanguage\":\"en-US\"},{\"@type\":\"ImageObject\",\"inLanguage\":\"en-US\",\"@id\":\"https:\/\/www.visit-ulcinj.com\/blog\/2015\/01\/14\/hashim-thacit-anulohet-fjalimi-ne-mal-te-zi\/#primaryimage\",\"url\":\"http:\/\/www.visit-ulcinj.com\/blog\/wp-content\/uploads\/2015\/01\/Ashton-Dacic-Thaci.jpg\",\"contentUrl\":\"http:\/\/www.visit-ulcinj.com\/blog\/wp-content\/uploads\/2015\/01\/Ashton-Dacic-Thaci.jpg\"},{\"@type\":\"WebPage\",\"@id\":\"https:\/\/www.visit-ulcinj.com\/blog\/2015\/01\/14\/hashim-thacit-anulohet-fjalimi-ne-mal-te-zi\/#webpage\",\"url\":\"https:\/\/www.visit-ulcinj.com\/blog\/2015\/01\/14\/hashim-thacit-anulohet-fjalimi-ne-mal-te-zi\/\",\"name\":\"Hashim Tha\u00e7it i anulohet fjalimi n\u00eb Mal t\u00eb Zi? - Lajme nga Ulqini\",\"isPartOf\":{\"@id\":\"https:\/\/www.visit-ulcinj.com\/blog\/#website\"},\"primaryImageOfPage\":{\"@id\":\"https:\/\/www.visit-ulcinj.com\/blog\/2015\/01\/14\/hashim-thacit-anulohet-fjalimi-ne-mal-te-zi\/#primaryimage\"},\"datePublished\":\"2015-01-14T16:19:25+00:00\",\"dateModified\":\"2015-01-14T16:19:25+00:00\",\"author\":{\"@id\":\"https:\/\/www.visit-ulcinj.com\/blog\/#\/schema\/person\/dcab619c614d3038751c63bc2aadc06d\"},\"description\":\"Vizita e par\u00eb zyrtare n\u00eb Mal t\u00eb Zi e Ministrit t\u00eb Jasht\u00ebm t\u00eb Kosov\u00ebs, Hashim Tha\u00e7i, ka shkaktuar reagime t\u00eb shumta tek opinioni malazez, nd\u00ebrsa p\u00ebr arsye\",\"breadcrumb\":{\"@id\":\"https:\/\/www.visit-ulcinj.com\/blog\/2015\/01\/14\/hashim-thacit-anulohet-fjalimi-ne-mal-te-zi\/#breadcrumb\"},\"inLanguage\":\"en-US\",\"potentialAction\":[{\"@type\":\"ReadAction\",\"target\":[\"https:\/\/www.visit-ulcinj.com\/blog\/2015\/01\/14\/hashim-thacit-anulohet-fjalimi-ne-mal-te-zi\/\"]}]},{\"@type\":\"BreadcrumbList\",\"@id\":\"https:\/\/www.visit-ulcinj.com\/blog\/2015\/01\/14\/hashim-thacit-anulohet-fjalimi-ne-mal-te-zi\/#breadcrumb\",\"itemListElement\":[{\"@type\":\"ListItem\",\"position\":1,\"name\":\"Hashim Tha\u00e7it i anulohet fjalimi n\u00eb Mal t\u00eb Zi?\"}]},{\"@type\":\"Person\",\"@id\":\"https:\/\/www.visit-ulcinj.com\/blog\/#\/schema\/person\/dcab619c614d3038751c63bc2aadc06d\",\"name\":\"ulqini\",\"sameAs\":[\"http:\/\/www.visit-ulcinj.com\"],\"url\":\"https:\/\/www.visit-ulcinj.com\/blog\/author\/admin\/\"}]}<\/script>\n<!-- \/ Yoast SEO plugin. -->","yoast_head_json":{"title":"Hashim Tha\u00e7it i anulohet fjalimi n\u00eb Mal t\u00eb Zi? - Lajme nga Ulqini","description":"Vizita e par\u00eb zyrtare n\u00eb Mal t\u00eb Zi e Ministrit t\u00eb Jasht\u00ebm t\u00eb Kosov\u00ebs, Hashim Tha\u00e7i, ka shkaktuar reagime t\u00eb shumta tek opinioni malazez, nd\u00ebrsa p\u00ebr arsye","robots":{"index":"index","follow":"follow","max-snippet":"max-snippet:-1","max-image-preview":"max-image-preview:large","max-video-preview":"max-video-preview:-1"},"canonical":"https:\/\/www.visit-ulcinj.com\/blog\/2015\/01\/14\/hashim-thacit-anulohet-fjalimi-ne-mal-te-zi\/","og_locale":"en_US","og_type":"article","og_title":"Hashim Tha\u00e7it i anulohet fjalimi n\u00eb Mal t\u00eb Zi? - Lajme nga Ulqini","og_description":"Vizita e par\u00eb zyrtare n\u00eb Mal t\u00eb Zi e Ministrit t\u00eb Jasht\u00ebm t\u00eb Kosov\u00ebs, Hashim Tha\u00e7i, ka shkaktuar reagime t\u00eb shumta tek opinioni malazez, nd\u00ebrsa p\u00ebr arsye","og_url":"https:\/\/www.visit-ulcinj.com\/blog\/2015\/01\/14\/hashim-thacit-anulohet-fjalimi-ne-mal-te-zi\/","og_site_name":"Lajme nga Ulqini","article_published_time":"2015-01-14T16:19:25+00:00","og_image":[{"url":"http:\/\/www.visit-ulcinj.com\/blog\/wp-content\/uploads\/2015\/01\/Ashton-Dacic-Thaci.jpg"}],"twitter_misc":{"Written by":"ulqini","Est. reading time":"1 minute"},"schema":{"@context":"https:\/\/schema.org","@graph":[{"@type":"WebSite","@id":"https:\/\/www.visit-ulcinj.com\/blog\/#website","url":"https:\/\/www.visit-ulcinj.com\/blog\/","name":"Lajme nga Ulqini","description":"Lajme,Vijesti,Ulqini,Ulqin,Crna Gora,Mali i Zi","potentialAction":[{"@type":"SearchAction","target":{"@type":"EntryPoint","urlTemplate":"https:\/\/www.visit-ulcinj.com\/blog\/?s={search_term_string}"},"query-input":"required name=search_term_string"}],"inLanguage":"en-US"},{"@type":"ImageObject","inLanguage":"en-US","@id":"https:\/\/www.visit-ulcinj.com\/blog\/2015\/01\/14\/hashim-thacit-anulohet-fjalimi-ne-mal-te-zi\/#primaryimage","url":"http:\/\/www.visit-ulcinj.com\/blog\/wp-content\/uploads\/2015\/01\/Ashton-Dacic-Thaci.jpg","contentUrl":"http:\/\/www.visit-ulcinj.com\/blog\/wp-content\/uploads\/2015\/01\/Ashton-Dacic-Thaci.jpg"},{"@type":"WebPage","@id":"https:\/\/www.visit-ulcinj.com\/blog\/2015\/01\/14\/hashim-thacit-anulohet-fjalimi-ne-mal-te-zi\/#webpage","url":"https:\/\/www.visit-ulcinj.com\/blog\/2015\/01\/14\/hashim-thacit-anulohet-fjalimi-ne-mal-te-zi\/","name":"Hashim Tha\u00e7it i anulohet fjalimi n\u00eb Mal t\u00eb Zi? - Lajme nga Ulqini","isPartOf":{"@id":"https:\/\/www.visit-ulcinj.com\/blog\/#website"},"primaryImageOfPage":{"@id":"https:\/\/www.visit-ulcinj.com\/blog\/2015\/01\/14\/hashim-thacit-anulohet-fjalimi-ne-mal-te-zi\/#primaryimage"},"datePublished":"2015-01-14T16:19:25+00:00","dateModified":"2015-01-14T16:19:25+00:00","author":{"@id":"https:\/\/www.visit-ulcinj.com\/blog\/#\/schema\/person\/dcab619c614d3038751c63bc2aadc06d"},"description":"Vizita e par\u00eb zyrtare n\u00eb Mal t\u00eb Zi e Ministrit t\u00eb Jasht\u00ebm t\u00eb Kosov\u00ebs, Hashim Tha\u00e7i, ka shkaktuar reagime t\u00eb shumta tek opinioni malazez, nd\u00ebrsa p\u00ebr arsye","breadcrumb":{"@id":"https:\/\/www.visit-ulcinj.com\/blog\/2015\/01\/14\/hashim-thacit-anulohet-fjalimi-ne-mal-te-zi\/#breadcrumb"},"inLanguage":"en-US","potentialAction":[{"@type":"ReadAction","target":["https:\/\/www.visit-ulcinj.com\/blog\/2015\/01\/14\/hashim-thacit-anulohet-fjalimi-ne-mal-te-zi\/"]}]},{"@type":"BreadcrumbList","@id":"https:\/\/www.visit-ulcinj.com\/blog\/2015\/01\/14\/hashim-thacit-anulohet-fjalimi-ne-mal-te-zi\/#breadcrumb","itemListElement":[{"@type":"ListItem","position":1,"name":"Hashim Tha\u00e7it i anulohet fjalimi n\u00eb Mal t\u00eb Zi?"}]},{"@type":"Person","@id":"https:\/\/www.visit-ulcinj.com\/blog\/#\/schema\/person\/dcab619c614d3038751c63bc2aadc06d","name":"ulqini","sameAs":["http:\/\/www.visit-ulcinj.com"],"url":"https:\/\/www.visit-ulcinj.com\/blog\/author\/admin\/"}]}},"jetpack_featured_media_url":"","jetpack_sharing_enabled":true,"jetpack_shortlink":"https:\/\/wp.me\/pe6lTn-mP0","_links":{"self":[{"href":"https:\/\/www.visit-ulcinj.com\/blog\/wp-json\/wp\/v2\/posts\/87730"}],"collection":[{"href":"https:\/\/www.visit-ulcinj.com\/blog\/wp-json\/wp\/v2\/posts"}],"about":[{"href":"https:\/\/www.visit-ulcinj.com\/blog\/wp-json\/wp\/v2\/types\/post"}],"author":[{"embeddable":true,"href":"https:\/\/www.visit-ulcinj.com\/blog\/wp-json\/wp\/v2\/users\/1"}],"replies":[{"embeddable":true,"href":"https:\/\/www.visit-ulcinj.com\/blog\/wp-json\/wp\/v2\/comments?post=87730"}],"version-history":[{"count":1,"href":"https:\/\/www.visit-ulcinj.com\/blog\/wp-json\/wp\/v2\/posts\/87730\/revisions"}],"predecessor-version":[{"id":87732,"href":"https:\/\/www.visit-ulcinj.com\/blog\/wp-json\/wp\/v2\/posts\/87730\/revisions\/87732"}],"wp:attachment":[{"href":"https:\/\/www.visit-ulcinj.com\/blog\/wp-json\/wp\/v2\/media?parent=87730"}],"wp:term":[{"taxonomy":"category","embeddable":true,"href":"https:\/\/www.visit-ulcinj.com\/blog\/wp-json\/wp\/v2\/categories?post=87730"},{"taxonomy":"post_tag","embeddable":true,"href":"https:\/\/www.visit-ulcinj.com\/blog\/wp-json\/wp\/v2\/tags?post=87730"}],"curies":[{"name":"wp","href":"https:\/\/api.w.org\/{rel}","templated":true}]}}