{"id":87736,"date":"2015-01-14T17:40:54","date_gmt":"2015-01-14T16:40:54","guid":{"rendered":"http:\/\/www.visit-ulcinj.com\/blog\/?p=87736"},"modified":"2015-01-14T17:40:54","modified_gmt":"2015-01-14T16:40:54","slug":"thaci-vizita-ime-duhet-ta-forcojne-mesazhin-per-bashkepunimit-reciprok","status":"publish","type":"post","link":"https:\/\/www.visit-ulcinj.com\/blog\/2015\/01\/14\/thaci-vizita-ime-duhet-ta-forcojne-mesazhin-per-bashkepunimit-reciprok\/","title":{"rendered":"Tha\u00e7i, vizita ime duhet ta forcojn\u00eb mesazhin p\u00ebr bashk\u00ebpunimit reciprok"},"content":{"rendered":"<p><a href=\"http:\/\/www.visit-ulcinj.com\/blog\/wp-content\/uploads\/2015\/01\/Hashim-Thaci-Milo-Gjukanoviq.jpg\"><img loading=\"lazy\" class=\"alignleft wp-image-87737\" src=\"http:\/\/www.visit-ulcinj.com\/blog\/wp-content\/uploads\/2015\/01\/Hashim-Thaci-Milo-Gjukanoviq.jpg\" alt=\"Hashim-Thaci-Milo-Gjukanoviq\" width=\"508\" height=\"381\" srcset=\"https:\/\/www.visit-ulcinj.com\/blog\/wp-content\/uploads\/2015\/01\/Hashim-Thaci-Milo-Gjukanoviq.jpg 600w, https:\/\/www.visit-ulcinj.com\/blog\/wp-content\/uploads\/2015\/01\/Hashim-Thaci-Milo-Gjukanoviq-300x225.jpg 300w\" sizes=\"(max-width: 508px) 100vw, 508px\" \/><\/a>N\u00ebnkryetari i qeveris\u00eb s\u00eb Kosov\u00ebs Hashim Tha\u00e7i ka theksuar se vizitat e tij n\u00eb rajon duhet ta forcojn\u00eb mesazhin p\u00ebr\u00a0 nevoj\u00ebn e r\u00ebnd\u00ebsis\u00eb s\u00eb marr\u00ebdh\u00ebnieve dhe bashk\u00ebpunimit\u00a0 reciprok\u00eb , duke shtuar\u00a0 se Kosova \u00ebsht\u00eb\u00a0 njeri nd\u00ebr projektet m\u00eb t\u00eb suksesshme t\u00eb intervenimit ushtarak per\u00ebndimor n\u00eb historin\u00eb moderne. Ai ka theksuar se Kosova nuk ka asnj\u00eb \u00e7\u00ebshtje t\u00eb hapur me Malin e Zi dhe se t\u00eb gjitha temat reciproke para s\u00eb gjithash jan\u00eb teknike e jo k\u00ebrkesa politike, ka deklaruar Tha\u00e7i p\u00ebr Pobjed\u00ebn. Duke komentuar paralajm\u00ebrimet e protest\u00ebs n\u00eb Podgoric\u00eb, p\u00ebr shkak t\u00eb ardhjes s\u00eb tij, Tha\u00e7i ka shtuar se n\u00eb t\u00eb gjitha republikat ish jugosllave n\u00eb Ballkan\u00eb ekzistojn\u00eb individ\u00eb q\u00eb jan\u00eb rob\u00ebr t\u00eb t\u00eb kaluar\u00ebs e q\u00eb vazhdojn\u00eb t\u00eb jen\u00eb t\u00eb nj\u00ebjt\u00eb , t\u00eb ngarkuar\u00a0 me tema nacionaliste dhe p\u00ebrdorin gjuhen e urrejtjes. Tha\u00e7i shpreson se\u00a0 bashk\u00ebsia serbe n\u00eb Mal t\u00eb Zi do ti ndjek k\u00ebto ide dhe risit\u00eb nga Kosova por edhe do t\u00eb respektojn\u00eb faktin se t\u00eb gjith\u00eb serb\u00ebt nga Kosova tani marrin pjes\u00eb n\u00eb pun\u00ebn e parlamentit dhe t\u00eb qeveris\u00eb s\u00eb Kosov\u00ebs duke respektuar kushtetut\u00ebn e vendit.<\/p>\n<p>RTCG<\/p>\n","protected":false},"excerpt":{"rendered":"<p>N\u00ebnkryetari i qeveris\u00eb s\u00eb Kosov\u00ebs Hashim Tha\u00e7i ka theksuar se vizitat e tij n\u00eb rajon duhet ta forcojn\u00eb mesazhin p\u00ebr\u00a0 nevoj\u00ebn e r\u00ebnd\u00ebsis\u00eb s\u00eb marr\u00ebdh\u00ebnieve dhe bashk\u00ebpunimit\u00a0 reciprok\u00eb , duke shtuar\u00a0 se Kosova \u00ebsht\u00eb\u00a0 njeri nd\u00ebr projektet m\u00eb t\u00eb suksesshme t\u00eb intervenimit ushtarak per\u00ebndimor n\u00eb historin\u00eb moderne. Ai ka theksuar se Kosova nuk ka asnj\u00eb [&hellip;]<\/p>\n","protected":false},"author":1,"featured_media":0,"comment_status":"closed","ping_status":"closed","sticky":false,"template":"","format":"standard","meta":{"spay_email":"","jetpack_publicize_message":"","jetpack_is_tweetstorm":false,"jetpack_publicize_feature_enabled":true},"categories":[14],"tags":[],"jetpack_publicize_connections":[],"yoast_head":"<!-- This site is optimized with the Yoast SEO plugin v19.1 - https:\/\/yoast.com\/wordpress\/plugins\/seo\/ -->\n<title>Tha\u00e7i, vizita ime duhet ta forcojn\u00eb mesazhin p\u00ebr bashk\u00ebpunimit reciprok - Lajme nga Ulqini<\/title>\n<meta name=\"description\" content=\"N\u00ebnkryetari i qeveris\u00eb s\u00eb Kosov\u00ebs Hashim Tha\u00e7i ka theksuar se vizitat e tij n\u00eb rajon duhet ta forcojn\u00eb mesazhin p\u00ebr\u00a0 nevoj\u00ebn e r\u00ebnd\u00ebsis\u00eb s\u00eb marr\u00ebdh\u00ebnieve\" \/>\n<meta name=\"robots\" content=\"index, follow, max-snippet:-1, max-image-preview:large, max-video-preview:-1\" \/>\n<link rel=\"canonical\" href=\"https:\/\/www.visit-ulcinj.com\/blog\/2015\/01\/14\/thaci-vizita-ime-duhet-ta-forcojne-mesazhin-per-bashkepunimit-reciprok\/\" \/>\n<meta property=\"og:locale\" content=\"en_US\" \/>\n<meta property=\"og:type\" content=\"article\" \/>\n<meta property=\"og:title\" content=\"Tha\u00e7i, vizita ime duhet ta forcojn\u00eb mesazhin p\u00ebr bashk\u00ebpunimit reciprok - Lajme nga Ulqini\" \/>\n<meta property=\"og:description\" content=\"N\u00ebnkryetari i qeveris\u00eb s\u00eb Kosov\u00ebs Hashim Tha\u00e7i ka theksuar se vizitat e tij n\u00eb rajon duhet ta forcojn\u00eb mesazhin p\u00ebr\u00a0 nevoj\u00ebn e r\u00ebnd\u00ebsis\u00eb s\u00eb marr\u00ebdh\u00ebnieve\" \/>\n<meta property=\"og:url\" content=\"https:\/\/www.visit-ulcinj.com\/blog\/2015\/01\/14\/thaci-vizita-ime-duhet-ta-forcojne-mesazhin-per-bashkepunimit-reciprok\/\" \/>\n<meta property=\"og:site_name\" content=\"Lajme nga Ulqini\" \/>\n<meta property=\"article:published_time\" content=\"2015-01-14T16:40:54+00:00\" \/>\n<meta property=\"og:image\" content=\"http:\/\/www.visit-ulcinj.com\/blog\/wp-content\/uploads\/2015\/01\/Hashim-Thaci-Milo-Gjukanoviq.jpg\" \/>\n<meta name=\"twitter:label1\" content=\"Written by\" \/>\n\t<meta name=\"twitter:data1\" content=\"ulqini\" \/>\n\t<meta name=\"twitter:label2\" content=\"Est. reading time\" \/>\n\t<meta name=\"twitter:data2\" content=\"1 minute\" \/>\n<script type=\"application\/ld+json\" class=\"yoast-schema-graph\">{\"@context\":\"https:\/\/schema.org\",\"@graph\":[{\"@type\":\"WebSite\",\"@id\":\"https:\/\/www.visit-ulcinj.com\/blog\/#website\",\"url\":\"https:\/\/www.visit-ulcinj.com\/blog\/\",\"name\":\"Lajme nga Ulqini\",\"description\":\"Lajme,Vijesti,Ulqini,Ulqin,Crna Gora,Mali i Zi\",\"potentialAction\":[{\"@type\":\"SearchAction\",\"target\":{\"@type\":\"EntryPoint\",\"urlTemplate\":\"https:\/\/www.visit-ulcinj.com\/blog\/?s={search_term_string}\"},\"query-input\":\"required name=search_term_string\"}],\"inLanguage\":\"en-US\"},{\"@type\":\"ImageObject\",\"inLanguage\":\"en-US\",\"@id\":\"https:\/\/www.visit-ulcinj.com\/blog\/2015\/01\/14\/thaci-vizita-ime-duhet-ta-forcojne-mesazhin-per-bashkepunimit-reciprok\/#primaryimage\",\"url\":\"https:\/\/www.visit-ulcinj.com\/blog\/wp-content\/uploads\/2015\/01\/Hashim-Thaci-Milo-Gjukanoviq.jpg\",\"contentUrl\":\"https:\/\/www.visit-ulcinj.com\/blog\/wp-content\/uploads\/2015\/01\/Hashim-Thaci-Milo-Gjukanoviq.jpg\",\"width\":600,\"height\":450},{\"@type\":\"WebPage\",\"@id\":\"https:\/\/www.visit-ulcinj.com\/blog\/2015\/01\/14\/thaci-vizita-ime-duhet-ta-forcojne-mesazhin-per-bashkepunimit-reciprok\/#webpage\",\"url\":\"https:\/\/www.visit-ulcinj.com\/blog\/2015\/01\/14\/thaci-vizita-ime-duhet-ta-forcojne-mesazhin-per-bashkepunimit-reciprok\/\",\"name\":\"Tha\u00e7i, vizita ime duhet ta forcojn\u00eb mesazhin p\u00ebr bashk\u00ebpunimit reciprok - Lajme nga Ulqini\",\"isPartOf\":{\"@id\":\"https:\/\/www.visit-ulcinj.com\/blog\/#website\"},\"primaryImageOfPage\":{\"@id\":\"https:\/\/www.visit-ulcinj.com\/blog\/2015\/01\/14\/thaci-vizita-ime-duhet-ta-forcojne-mesazhin-per-bashkepunimit-reciprok\/#primaryimage\"},\"datePublished\":\"2015-01-14T16:40:54+00:00\",\"dateModified\":\"2015-01-14T16:40:54+00:00\",\"author\":{\"@id\":\"https:\/\/www.visit-ulcinj.com\/blog\/#\/schema\/person\/dcab619c614d3038751c63bc2aadc06d\"},\"description\":\"N\u00ebnkryetari i qeveris\u00eb s\u00eb Kosov\u00ebs Hashim Tha\u00e7i ka theksuar se vizitat e tij n\u00eb rajon duhet ta forcojn\u00eb mesazhin p\u00ebr\u00a0 nevoj\u00ebn e r\u00ebnd\u00ebsis\u00eb s\u00eb marr\u00ebdh\u00ebnieve\",\"breadcrumb\":{\"@id\":\"https:\/\/www.visit-ulcinj.com\/blog\/2015\/01\/14\/thaci-vizita-ime-duhet-ta-forcojne-mesazhin-per-bashkepunimit-reciprok\/#breadcrumb\"},\"inLanguage\":\"en-US\",\"potentialAction\":[{\"@type\":\"ReadAction\",\"target\":[\"https:\/\/www.visit-ulcinj.com\/blog\/2015\/01\/14\/thaci-vizita-ime-duhet-ta-forcojne-mesazhin-per-bashkepunimit-reciprok\/\"]}]},{\"@type\":\"BreadcrumbList\",\"@id\":\"https:\/\/www.visit-ulcinj.com\/blog\/2015\/01\/14\/thaci-vizita-ime-duhet-ta-forcojne-mesazhin-per-bashkepunimit-reciprok\/#breadcrumb\",\"itemListElement\":[{\"@type\":\"ListItem\",\"position\":1,\"name\":\"Tha\u00e7i, vizita ime duhet ta forcojn\u00eb mesazhin p\u00ebr bashk\u00ebpunimit reciprok\"}]},{\"@type\":\"Person\",\"@id\":\"https:\/\/www.visit-ulcinj.com\/blog\/#\/schema\/person\/dcab619c614d3038751c63bc2aadc06d\",\"name\":\"ulqini\",\"sameAs\":[\"http:\/\/www.visit-ulcinj.com\"],\"url\":\"https:\/\/www.visit-ulcinj.com\/blog\/author\/admin\/\"}]}<\/script>\n<!-- \/ Yoast SEO plugin. -->","yoast_head_json":{"title":"Tha\u00e7i, vizita ime duhet ta forcojn\u00eb mesazhin p\u00ebr bashk\u00ebpunimit reciprok - Lajme nga Ulqini","description":"N\u00ebnkryetari i qeveris\u00eb s\u00eb Kosov\u00ebs Hashim Tha\u00e7i ka theksuar se vizitat e tij n\u00eb rajon duhet ta forcojn\u00eb mesazhin p\u00ebr\u00a0 nevoj\u00ebn e r\u00ebnd\u00ebsis\u00eb s\u00eb marr\u00ebdh\u00ebnieve","robots":{"index":"index","follow":"follow","max-snippet":"max-snippet:-1","max-image-preview":"max-image-preview:large","max-video-preview":"max-video-preview:-1"},"canonical":"https:\/\/www.visit-ulcinj.com\/blog\/2015\/01\/14\/thaci-vizita-ime-duhet-ta-forcojne-mesazhin-per-bashkepunimit-reciprok\/","og_locale":"en_US","og_type":"article","og_title":"Tha\u00e7i, vizita ime duhet ta forcojn\u00eb mesazhin p\u00ebr bashk\u00ebpunimit reciprok - Lajme nga Ulqini","og_description":"N\u00ebnkryetari i qeveris\u00eb s\u00eb Kosov\u00ebs Hashim Tha\u00e7i ka theksuar se vizitat e tij n\u00eb rajon duhet ta forcojn\u00eb mesazhin p\u00ebr\u00a0 nevoj\u00ebn e r\u00ebnd\u00ebsis\u00eb s\u00eb marr\u00ebdh\u00ebnieve","og_url":"https:\/\/www.visit-ulcinj.com\/blog\/2015\/01\/14\/thaci-vizita-ime-duhet-ta-forcojne-mesazhin-per-bashkepunimit-reciprok\/","og_site_name":"Lajme nga Ulqini","article_published_time":"2015-01-14T16:40:54+00:00","og_image":[{"url":"http:\/\/www.visit-ulcinj.com\/blog\/wp-content\/uploads\/2015\/01\/Hashim-Thaci-Milo-Gjukanoviq.jpg"}],"twitter_misc":{"Written by":"ulqini","Est. reading time":"1 minute"},"schema":{"@context":"https:\/\/schema.org","@graph":[{"@type":"WebSite","@id":"https:\/\/www.visit-ulcinj.com\/blog\/#website","url":"https:\/\/www.visit-ulcinj.com\/blog\/","name":"Lajme nga Ulqini","description":"Lajme,Vijesti,Ulqini,Ulqin,Crna Gora,Mali i Zi","potentialAction":[{"@type":"SearchAction","target":{"@type":"EntryPoint","urlTemplate":"https:\/\/www.visit-ulcinj.com\/blog\/?s={search_term_string}"},"query-input":"required name=search_term_string"}],"inLanguage":"en-US"},{"@type":"ImageObject","inLanguage":"en-US","@id":"https:\/\/www.visit-ulcinj.com\/blog\/2015\/01\/14\/thaci-vizita-ime-duhet-ta-forcojne-mesazhin-per-bashkepunimit-reciprok\/#primaryimage","url":"https:\/\/www.visit-ulcinj.com\/blog\/wp-content\/uploads\/2015\/01\/Hashim-Thaci-Milo-Gjukanoviq.jpg","contentUrl":"https:\/\/www.visit-ulcinj.com\/blog\/wp-content\/uploads\/2015\/01\/Hashim-Thaci-Milo-Gjukanoviq.jpg","width":600,"height":450},{"@type":"WebPage","@id":"https:\/\/www.visit-ulcinj.com\/blog\/2015\/01\/14\/thaci-vizita-ime-duhet-ta-forcojne-mesazhin-per-bashkepunimit-reciprok\/#webpage","url":"https:\/\/www.visit-ulcinj.com\/blog\/2015\/01\/14\/thaci-vizita-ime-duhet-ta-forcojne-mesazhin-per-bashkepunimit-reciprok\/","name":"Tha\u00e7i, vizita ime duhet ta forcojn\u00eb mesazhin p\u00ebr bashk\u00ebpunimit reciprok - Lajme nga Ulqini","isPartOf":{"@id":"https:\/\/www.visit-ulcinj.com\/blog\/#website"},"primaryImageOfPage":{"@id":"https:\/\/www.visit-ulcinj.com\/blog\/2015\/01\/14\/thaci-vizita-ime-duhet-ta-forcojne-mesazhin-per-bashkepunimit-reciprok\/#primaryimage"},"datePublished":"2015-01-14T16:40:54+00:00","dateModified":"2015-01-14T16:40:54+00:00","author":{"@id":"https:\/\/www.visit-ulcinj.com\/blog\/#\/schema\/person\/dcab619c614d3038751c63bc2aadc06d"},"description":"N\u00ebnkryetari i qeveris\u00eb s\u00eb Kosov\u00ebs Hashim Tha\u00e7i ka theksuar se vizitat e tij n\u00eb rajon duhet ta forcojn\u00eb mesazhin p\u00ebr\u00a0 nevoj\u00ebn e r\u00ebnd\u00ebsis\u00eb s\u00eb marr\u00ebdh\u00ebnieve","breadcrumb":{"@id":"https:\/\/www.visit-ulcinj.com\/blog\/2015\/01\/14\/thaci-vizita-ime-duhet-ta-forcojne-mesazhin-per-bashkepunimit-reciprok\/#breadcrumb"},"inLanguage":"en-US","potentialAction":[{"@type":"ReadAction","target":["https:\/\/www.visit-ulcinj.com\/blog\/2015\/01\/14\/thaci-vizita-ime-duhet-ta-forcojne-mesazhin-per-bashkepunimit-reciprok\/"]}]},{"@type":"BreadcrumbList","@id":"https:\/\/www.visit-ulcinj.com\/blog\/2015\/01\/14\/thaci-vizita-ime-duhet-ta-forcojne-mesazhin-per-bashkepunimit-reciprok\/#breadcrumb","itemListElement":[{"@type":"ListItem","position":1,"name":"Tha\u00e7i, vizita ime duhet ta forcojn\u00eb mesazhin p\u00ebr bashk\u00ebpunimit reciprok"}]},{"@type":"Person","@id":"https:\/\/www.visit-ulcinj.com\/blog\/#\/schema\/person\/dcab619c614d3038751c63bc2aadc06d","name":"ulqini","sameAs":["http:\/\/www.visit-ulcinj.com"],"url":"https:\/\/www.visit-ulcinj.com\/blog\/author\/admin\/"}]}},"jetpack_featured_media_url":"","jetpack_sharing_enabled":true,"jetpack_shortlink":"https:\/\/wp.me\/pe6lTn-mP6","_links":{"self":[{"href":"https:\/\/www.visit-ulcinj.com\/blog\/wp-json\/wp\/v2\/posts\/87736"}],"collection":[{"href":"https:\/\/www.visit-ulcinj.com\/blog\/wp-json\/wp\/v2\/posts"}],"about":[{"href":"https:\/\/www.visit-ulcinj.com\/blog\/wp-json\/wp\/v2\/types\/post"}],"author":[{"embeddable":true,"href":"https:\/\/www.visit-ulcinj.com\/blog\/wp-json\/wp\/v2\/users\/1"}],"replies":[{"embeddable":true,"href":"https:\/\/www.visit-ulcinj.com\/blog\/wp-json\/wp\/v2\/comments?post=87736"}],"version-history":[{"count":1,"href":"https:\/\/www.visit-ulcinj.com\/blog\/wp-json\/wp\/v2\/posts\/87736\/revisions"}],"predecessor-version":[{"id":87738,"href":"https:\/\/www.visit-ulcinj.com\/blog\/wp-json\/wp\/v2\/posts\/87736\/revisions\/87738"}],"wp:attachment":[{"href":"https:\/\/www.visit-ulcinj.com\/blog\/wp-json\/wp\/v2\/media?parent=87736"}],"wp:term":[{"taxonomy":"category","embeddable":true,"href":"https:\/\/www.visit-ulcinj.com\/blog\/wp-json\/wp\/v2\/categories?post=87736"},{"taxonomy":"post_tag","embeddable":true,"href":"https:\/\/www.visit-ulcinj.com\/blog\/wp-json\/wp\/v2\/tags?post=87736"}],"curies":[{"name":"wp","href":"https:\/\/api.w.org\/{rel}","templated":true}]}}