{"id":87739,"date":"2015-01-14T17:48:31","date_gmt":"2015-01-14T16:48:31","guid":{"rendered":"http:\/\/www.visit-ulcinj.com\/blog\/?p=87739"},"modified":"2015-01-14T17:48:31","modified_gmt":"2015-01-14T16:48:31","slug":"dritan-abazoviq-thaci-eshte-perfaqesues-legjitim-shtetit-te-kosoves","status":"publish","type":"post","link":"https:\/\/www.visit-ulcinj.com\/blog\/2015\/01\/14\/dritan-abazoviq-thaci-eshte-perfaqesues-legjitim-shtetit-te-kosoves\/","title":{"rendered":"Dritan Abazoviq: Tha\u00e7i \u00ebsht\u00eb p\u00ebrfaq\u00ebsues legjitim i shtetit t\u00eb Kosov\u00ebs"},"content":{"rendered":"<p><a href=\"http:\/\/www.visit-ulcinj.com\/blog\/wp-content\/uploads\/2015\/01\/Abazoviq.jpg\"><img loading=\"lazy\" class=\"alignleft wp-image-87740\" src=\"http:\/\/www.visit-ulcinj.com\/blog\/wp-content\/uploads\/2015\/01\/Abazoviq.jpg\" alt=\"Abazoviq\" width=\"508\" height=\"387\" srcset=\"https:\/\/www.visit-ulcinj.com\/blog\/wp-content\/uploads\/2015\/01\/Abazoviq.jpg 700w, https:\/\/www.visit-ulcinj.com\/blog\/wp-content\/uploads\/2015\/01\/Abazoviq-300x228.jpg 300w\" sizes=\"(max-width: 508px) 100vw, 508px\" \/><\/a>Deputeti n\u00eb Kuvendin e Malit t\u00eb Zi Dritan Abazoviq ka th\u00ebn\u00eb se nuk sheh asnj\u00eb arsye p\u00ebr politizimin dhe ngritjen e pluhurit rreth ardhjes s\u00eb n\u00ebnkryetarit t\u00eb Qeveris\u00eb dhe ministrit t\u00eb pun\u00ebve t\u00eb jashtme t\u00eb Kosov\u00ebs Hashim Tha\u00e7i n\u00eb Mal t\u00eb Zi, raporton Portali Ul.info.<\/p>\n<p>\u201cNuk ekziston asnj\u00eb nevoj\u00eb p\u00ebr politizim shtes\u00eb t\u00eb situat\u00ebs rreth ardhjes s\u00eb Tha\u00e7it. Absolutisht nuk shoh asnj\u00eb nevoj\u00eb q\u00eb rreth k\u00ebsaj t\u00eb \u00e7ohet pluhur. \u00cbsht\u00eb e sakt\u00eb q\u00eb plag\u00ebt nga e kaluara e af\u00ebrt n\u00eb regjion nuk u sh\u00ebruan, por duhet t\u00eb shohim kah e ardhmja dhe t\u00eb tentojm\u00eb t\u00eb sillemi si\u00e7 sillen shtetet e BE-s\u00eb\u201d, tha Abazoviq p\u00ebr Portal Analitika.<\/p>\n<p>Ai p\u00ebrkujtoi se b\u00ebhet fjal\u00eb p\u00ebr p\u00ebrfaq\u00ebsuesin e nj\u00eb shteti t\u00eb zgjedhur n\u00eb m\u00ebnyr\u00eb legjitime t\u00eb cilin n\u00eb nj\u00eb far\u00eb m\u00ebnyre e ka p\u00ebrkrahur edhe Serbia zyrtare.<\/p>\n","protected":false},"excerpt":{"rendered":"<p>Deputeti n\u00eb Kuvendin e Malit t\u00eb Zi Dritan Abazoviq ka th\u00ebn\u00eb se nuk sheh asnj\u00eb arsye p\u00ebr politizimin dhe ngritjen e pluhurit rreth ardhjes s\u00eb n\u00ebnkryetarit t\u00eb Qeveris\u00eb dhe ministrit t\u00eb pun\u00ebve t\u00eb jashtme t\u00eb Kosov\u00ebs Hashim Tha\u00e7i n\u00eb Mal t\u00eb Zi, raporton Portali Ul.info. \u201cNuk ekziston asnj\u00eb nevoj\u00eb p\u00ebr politizim shtes\u00eb t\u00eb situat\u00ebs rreth [&hellip;]<\/p>\n","protected":false},"author":1,"featured_media":0,"comment_status":"closed","ping_status":"closed","sticky":false,"template":"","format":"standard","meta":{"spay_email":"","jetpack_publicize_message":"","jetpack_is_tweetstorm":false,"jetpack_publicize_feature_enabled":true},"categories":[6],"tags":[],"jetpack_publicize_connections":[],"yoast_head":"<!-- This site is optimized with the Yoast SEO plugin v19.1 - https:\/\/yoast.com\/wordpress\/plugins\/seo\/ -->\n<title>Dritan Abazoviq: Tha\u00e7i \u00ebsht\u00eb p\u00ebrfaq\u00ebsues legjitim i shtetit t\u00eb Kosov\u00ebs - Lajme nga Ulqini<\/title>\n<meta name=\"description\" content=\"Deputeti n\u00eb Kuvendin e Malit t\u00eb Zi Dritan Abazoviq ka th\u00ebn\u00eb se nuk sheh asnj\u00eb arsye p\u00ebr politizimin dhe ngritjen e pluhurit rreth ardhjes s\u00eb n\u00ebnkryetarit\" \/>\n<meta name=\"robots\" content=\"index, follow, max-snippet:-1, max-image-preview:large, max-video-preview:-1\" \/>\n<link rel=\"canonical\" href=\"https:\/\/www.visit-ulcinj.com\/blog\/2015\/01\/14\/dritan-abazoviq-thaci-eshte-perfaqesues-legjitim-shtetit-te-kosoves\/\" \/>\n<meta property=\"og:locale\" content=\"en_US\" \/>\n<meta property=\"og:type\" content=\"article\" \/>\n<meta property=\"og:title\" content=\"Dritan Abazoviq: Tha\u00e7i \u00ebsht\u00eb p\u00ebrfaq\u00ebsues legjitim i shtetit t\u00eb Kosov\u00ebs - Lajme nga Ulqini\" \/>\n<meta property=\"og:description\" content=\"Deputeti n\u00eb Kuvendin e Malit t\u00eb Zi Dritan Abazoviq ka th\u00ebn\u00eb se nuk sheh asnj\u00eb arsye p\u00ebr politizimin dhe ngritjen e pluhurit rreth ardhjes s\u00eb n\u00ebnkryetarit\" \/>\n<meta property=\"og:url\" content=\"https:\/\/www.visit-ulcinj.com\/blog\/2015\/01\/14\/dritan-abazoviq-thaci-eshte-perfaqesues-legjitim-shtetit-te-kosoves\/\" \/>\n<meta property=\"og:site_name\" content=\"Lajme nga Ulqini\" \/>\n<meta property=\"article:published_time\" content=\"2015-01-14T16:48:31+00:00\" \/>\n<meta property=\"og:image\" content=\"http:\/\/www.visit-ulcinj.com\/blog\/wp-content\/uploads\/2015\/01\/Abazoviq.jpg\" \/>\n<meta name=\"twitter:label1\" content=\"Written by\" \/>\n\t<meta name=\"twitter:data1\" content=\"ulqini\" \/>\n\t<meta name=\"twitter:label2\" content=\"Est. reading time\" \/>\n\t<meta name=\"twitter:data2\" content=\"1 minute\" \/>\n<script type=\"application\/ld+json\" class=\"yoast-schema-graph\">{\"@context\":\"https:\/\/schema.org\",\"@graph\":[{\"@type\":\"WebSite\",\"@id\":\"https:\/\/www.visit-ulcinj.com\/blog\/#website\",\"url\":\"https:\/\/www.visit-ulcinj.com\/blog\/\",\"name\":\"Lajme nga Ulqini\",\"description\":\"Lajme,Vijesti,Ulqini,Ulqin,Crna Gora,Mali i Zi\",\"potentialAction\":[{\"@type\":\"SearchAction\",\"target\":{\"@type\":\"EntryPoint\",\"urlTemplate\":\"https:\/\/www.visit-ulcinj.com\/blog\/?s={search_term_string}\"},\"query-input\":\"required name=search_term_string\"}],\"inLanguage\":\"en-US\"},{\"@type\":\"ImageObject\",\"inLanguage\":\"en-US\",\"@id\":\"https:\/\/www.visit-ulcinj.com\/blog\/2015\/01\/14\/dritan-abazoviq-thaci-eshte-perfaqesues-legjitim-shtetit-te-kosoves\/#primaryimage\",\"url\":\"https:\/\/www.visit-ulcinj.com\/blog\/wp-content\/uploads\/2015\/01\/Abazoviq.jpg\",\"contentUrl\":\"https:\/\/www.visit-ulcinj.com\/blog\/wp-content\/uploads\/2015\/01\/Abazoviq.jpg\",\"width\":700,\"height\":533},{\"@type\":\"WebPage\",\"@id\":\"https:\/\/www.visit-ulcinj.com\/blog\/2015\/01\/14\/dritan-abazoviq-thaci-eshte-perfaqesues-legjitim-shtetit-te-kosoves\/#webpage\",\"url\":\"https:\/\/www.visit-ulcinj.com\/blog\/2015\/01\/14\/dritan-abazoviq-thaci-eshte-perfaqesues-legjitim-shtetit-te-kosoves\/\",\"name\":\"Dritan Abazoviq: Tha\u00e7i \u00ebsht\u00eb p\u00ebrfaq\u00ebsues legjitim i shtetit t\u00eb Kosov\u00ebs - Lajme nga Ulqini\",\"isPartOf\":{\"@id\":\"https:\/\/www.visit-ulcinj.com\/blog\/#website\"},\"primaryImageOfPage\":{\"@id\":\"https:\/\/www.visit-ulcinj.com\/blog\/2015\/01\/14\/dritan-abazoviq-thaci-eshte-perfaqesues-legjitim-shtetit-te-kosoves\/#primaryimage\"},\"datePublished\":\"2015-01-14T16:48:31+00:00\",\"dateModified\":\"2015-01-14T16:48:31+00:00\",\"author\":{\"@id\":\"https:\/\/www.visit-ulcinj.com\/blog\/#\/schema\/person\/dcab619c614d3038751c63bc2aadc06d\"},\"description\":\"Deputeti n\u00eb Kuvendin e Malit t\u00eb Zi Dritan Abazoviq ka th\u00ebn\u00eb se nuk sheh asnj\u00eb arsye p\u00ebr politizimin dhe ngritjen e pluhurit rreth ardhjes s\u00eb n\u00ebnkryetarit\",\"breadcrumb\":{\"@id\":\"https:\/\/www.visit-ulcinj.com\/blog\/2015\/01\/14\/dritan-abazoviq-thaci-eshte-perfaqesues-legjitim-shtetit-te-kosoves\/#breadcrumb\"},\"inLanguage\":\"en-US\",\"potentialAction\":[{\"@type\":\"ReadAction\",\"target\":[\"https:\/\/www.visit-ulcinj.com\/blog\/2015\/01\/14\/dritan-abazoviq-thaci-eshte-perfaqesues-legjitim-shtetit-te-kosoves\/\"]}]},{\"@type\":\"BreadcrumbList\",\"@id\":\"https:\/\/www.visit-ulcinj.com\/blog\/2015\/01\/14\/dritan-abazoviq-thaci-eshte-perfaqesues-legjitim-shtetit-te-kosoves\/#breadcrumb\",\"itemListElement\":[{\"@type\":\"ListItem\",\"position\":1,\"name\":\"Dritan Abazoviq: Tha\u00e7i \u00ebsht\u00eb p\u00ebrfaq\u00ebsues legjitim i shtetit t\u00eb Kosov\u00ebs\"}]},{\"@type\":\"Person\",\"@id\":\"https:\/\/www.visit-ulcinj.com\/blog\/#\/schema\/person\/dcab619c614d3038751c63bc2aadc06d\",\"name\":\"ulqini\",\"sameAs\":[\"http:\/\/www.visit-ulcinj.com\"],\"url\":\"https:\/\/www.visit-ulcinj.com\/blog\/author\/admin\/\"}]}<\/script>\n<!-- \/ Yoast SEO plugin. -->","yoast_head_json":{"title":"Dritan Abazoviq: Tha\u00e7i \u00ebsht\u00eb p\u00ebrfaq\u00ebsues legjitim i shtetit t\u00eb Kosov\u00ebs - Lajme nga Ulqini","description":"Deputeti n\u00eb Kuvendin e Malit t\u00eb Zi Dritan Abazoviq ka th\u00ebn\u00eb se nuk sheh asnj\u00eb arsye p\u00ebr politizimin dhe ngritjen e pluhurit rreth ardhjes s\u00eb n\u00ebnkryetarit","robots":{"index":"index","follow":"follow","max-snippet":"max-snippet:-1","max-image-preview":"max-image-preview:large","max-video-preview":"max-video-preview:-1"},"canonical":"https:\/\/www.visit-ulcinj.com\/blog\/2015\/01\/14\/dritan-abazoviq-thaci-eshte-perfaqesues-legjitim-shtetit-te-kosoves\/","og_locale":"en_US","og_type":"article","og_title":"Dritan Abazoviq: Tha\u00e7i \u00ebsht\u00eb p\u00ebrfaq\u00ebsues legjitim i shtetit t\u00eb Kosov\u00ebs - Lajme nga Ulqini","og_description":"Deputeti n\u00eb Kuvendin e Malit t\u00eb Zi Dritan Abazoviq ka th\u00ebn\u00eb se nuk sheh asnj\u00eb arsye p\u00ebr politizimin dhe ngritjen e pluhurit rreth ardhjes s\u00eb n\u00ebnkryetarit","og_url":"https:\/\/www.visit-ulcinj.com\/blog\/2015\/01\/14\/dritan-abazoviq-thaci-eshte-perfaqesues-legjitim-shtetit-te-kosoves\/","og_site_name":"Lajme nga Ulqini","article_published_time":"2015-01-14T16:48:31+00:00","og_image":[{"url":"http:\/\/www.visit-ulcinj.com\/blog\/wp-content\/uploads\/2015\/01\/Abazoviq.jpg"}],"twitter_misc":{"Written by":"ulqini","Est. reading time":"1 minute"},"schema":{"@context":"https:\/\/schema.org","@graph":[{"@type":"WebSite","@id":"https:\/\/www.visit-ulcinj.com\/blog\/#website","url":"https:\/\/www.visit-ulcinj.com\/blog\/","name":"Lajme nga Ulqini","description":"Lajme,Vijesti,Ulqini,Ulqin,Crna Gora,Mali i Zi","potentialAction":[{"@type":"SearchAction","target":{"@type":"EntryPoint","urlTemplate":"https:\/\/www.visit-ulcinj.com\/blog\/?s={search_term_string}"},"query-input":"required name=search_term_string"}],"inLanguage":"en-US"},{"@type":"ImageObject","inLanguage":"en-US","@id":"https:\/\/www.visit-ulcinj.com\/blog\/2015\/01\/14\/dritan-abazoviq-thaci-eshte-perfaqesues-legjitim-shtetit-te-kosoves\/#primaryimage","url":"https:\/\/www.visit-ulcinj.com\/blog\/wp-content\/uploads\/2015\/01\/Abazoviq.jpg","contentUrl":"https:\/\/www.visit-ulcinj.com\/blog\/wp-content\/uploads\/2015\/01\/Abazoviq.jpg","width":700,"height":533},{"@type":"WebPage","@id":"https:\/\/www.visit-ulcinj.com\/blog\/2015\/01\/14\/dritan-abazoviq-thaci-eshte-perfaqesues-legjitim-shtetit-te-kosoves\/#webpage","url":"https:\/\/www.visit-ulcinj.com\/blog\/2015\/01\/14\/dritan-abazoviq-thaci-eshte-perfaqesues-legjitim-shtetit-te-kosoves\/","name":"Dritan Abazoviq: Tha\u00e7i \u00ebsht\u00eb p\u00ebrfaq\u00ebsues legjitim i shtetit t\u00eb Kosov\u00ebs - Lajme nga Ulqini","isPartOf":{"@id":"https:\/\/www.visit-ulcinj.com\/blog\/#website"},"primaryImageOfPage":{"@id":"https:\/\/www.visit-ulcinj.com\/blog\/2015\/01\/14\/dritan-abazoviq-thaci-eshte-perfaqesues-legjitim-shtetit-te-kosoves\/#primaryimage"},"datePublished":"2015-01-14T16:48:31+00:00","dateModified":"2015-01-14T16:48:31+00:00","author":{"@id":"https:\/\/www.visit-ulcinj.com\/blog\/#\/schema\/person\/dcab619c614d3038751c63bc2aadc06d"},"description":"Deputeti n\u00eb Kuvendin e Malit t\u00eb Zi Dritan Abazoviq ka th\u00ebn\u00eb se nuk sheh asnj\u00eb arsye p\u00ebr politizimin dhe ngritjen e pluhurit rreth ardhjes s\u00eb n\u00ebnkryetarit","breadcrumb":{"@id":"https:\/\/www.visit-ulcinj.com\/blog\/2015\/01\/14\/dritan-abazoviq-thaci-eshte-perfaqesues-legjitim-shtetit-te-kosoves\/#breadcrumb"},"inLanguage":"en-US","potentialAction":[{"@type":"ReadAction","target":["https:\/\/www.visit-ulcinj.com\/blog\/2015\/01\/14\/dritan-abazoviq-thaci-eshte-perfaqesues-legjitim-shtetit-te-kosoves\/"]}]},{"@type":"BreadcrumbList","@id":"https:\/\/www.visit-ulcinj.com\/blog\/2015\/01\/14\/dritan-abazoviq-thaci-eshte-perfaqesues-legjitim-shtetit-te-kosoves\/#breadcrumb","itemListElement":[{"@type":"ListItem","position":1,"name":"Dritan Abazoviq: Tha\u00e7i \u00ebsht\u00eb p\u00ebrfaq\u00ebsues legjitim i shtetit t\u00eb Kosov\u00ebs"}]},{"@type":"Person","@id":"https:\/\/www.visit-ulcinj.com\/blog\/#\/schema\/person\/dcab619c614d3038751c63bc2aadc06d","name":"ulqini","sameAs":["http:\/\/www.visit-ulcinj.com"],"url":"https:\/\/www.visit-ulcinj.com\/blog\/author\/admin\/"}]}},"jetpack_featured_media_url":"","jetpack_sharing_enabled":true,"jetpack_shortlink":"https:\/\/wp.me\/pe6lTn-mP9","_links":{"self":[{"href":"https:\/\/www.visit-ulcinj.com\/blog\/wp-json\/wp\/v2\/posts\/87739"}],"collection":[{"href":"https:\/\/www.visit-ulcinj.com\/blog\/wp-json\/wp\/v2\/posts"}],"about":[{"href":"https:\/\/www.visit-ulcinj.com\/blog\/wp-json\/wp\/v2\/types\/post"}],"author":[{"embeddable":true,"href":"https:\/\/www.visit-ulcinj.com\/blog\/wp-json\/wp\/v2\/users\/1"}],"replies":[{"embeddable":true,"href":"https:\/\/www.visit-ulcinj.com\/blog\/wp-json\/wp\/v2\/comments?post=87739"}],"version-history":[{"count":1,"href":"https:\/\/www.visit-ulcinj.com\/blog\/wp-json\/wp\/v2\/posts\/87739\/revisions"}],"predecessor-version":[{"id":87741,"href":"https:\/\/www.visit-ulcinj.com\/blog\/wp-json\/wp\/v2\/posts\/87739\/revisions\/87741"}],"wp:attachment":[{"href":"https:\/\/www.visit-ulcinj.com\/blog\/wp-json\/wp\/v2\/media?parent=87739"}],"wp:term":[{"taxonomy":"category","embeddable":true,"href":"https:\/\/www.visit-ulcinj.com\/blog\/wp-json\/wp\/v2\/categories?post=87739"},{"taxonomy":"post_tag","embeddable":true,"href":"https:\/\/www.visit-ulcinj.com\/blog\/wp-json\/wp\/v2\/tags?post=87739"}],"curies":[{"name":"wp","href":"https:\/\/api.w.org\/{rel}","templated":true}]}}