{"id":87742,"date":"2015-01-14T17:58:36","date_gmt":"2015-01-14T16:58:36","guid":{"rendered":"http:\/\/www.visit-ulcinj.com\/blog\/?p=87742"},"modified":"2015-01-14T17:58:36","modified_gmt":"2015-01-14T16:58:36","slug":"akuza-te-ashpra-mbi-deputetin-e-pavarur-dritan-abazoviq","status":"publish","type":"post","link":"https:\/\/www.visit-ulcinj.com\/blog\/2015\/01\/14\/akuza-te-ashpra-mbi-deputetin-e-pavarur-dritan-abazoviq\/","title":{"rendered":"Akuza t\u00eb ashpra mbi deputetin e pavarur Dritan Abazoviq"},"content":{"rendered":"<p><a href=\"http:\/\/www.visit-ulcinj.com\/blog\/wp-content\/uploads\/2015\/01\/demokratski-front-crne-gore.jpg\"><img loading=\"lazy\" class=\"alignleft wp-image-87743\" src=\"http:\/\/www.visit-ulcinj.com\/blog\/wp-content\/uploads\/2015\/01\/demokratski-front-crne-gore.jpg\" alt=\"demokratski front crne gore\" width=\"508\" height=\"381\" srcset=\"https:\/\/www.visit-ulcinj.com\/blog\/wp-content\/uploads\/2015\/01\/demokratski-front-crne-gore.jpg 600w, https:\/\/www.visit-ulcinj.com\/blog\/wp-content\/uploads\/2015\/01\/demokratski-front-crne-gore-300x225.jpg 300w\" sizes=\"(max-width: 508px) 100vw, 508px\" \/><\/a>Partit\u00eb Demokracia Serbe e Re (NOVA) dhe Partia Popullore Demokratike (DNP), kan\u00eb hedhur akuza t\u00eb ashpra mbi deputetin e pavarur Dritan Abazoviq, raporton Portali Lajme.me.<\/p>\n<p>Pas deklarat\u00ebs s\u00eb tij se nuk sheh asgj\u00eb problematike n\u00eb vizit\u00ebn e Hashim Tha\u00e7it , partit\u00eb pro serbe kan\u00eb harruar shpejt deklarat\u00ebn e tij se serb\u00ebt jan\u00eb populli m\u00eb i rrezikuar n\u00eb Mal t\u00eb Zi. Bile ato e kan\u00eb quajtur at\u00eb deklarat\u00eb si tentativ\u00eb p\u00ebr t\u00eb hyr\u00eb n\u00eb korpusin zgjedhor t\u00eb tyre.<\/p>\n<p>Funksioneri i NOVA-s Radosh Ze\u00e7eciq e akuzoi Abazoviqin edhe si shkakun kryesor q\u00eb nuk u arrit marr\u00ebveshja n\u00eb mes tyre dhe Malit t\u00eb Zi Pozitiv n\u00eb Nikshiq vitin e kaluar. Sipas tij, Abazoviqi ishte ideator i platform\u00ebs ku kerkohej nga k\u00ebto parti pranimi i Kosov\u00ebs dhe intergrimet euroatlantike.<\/p>\n<p>Ai quajti t\u00eb papranueshme t\u00eb jepen deklarata n\u00eb favor t\u00eb vizit\u00ebs se \u201ckasapit t\u00eb Drenic\u00ebs\u201d si\u00e7 e quan ai, dhe se kjo \u00ebsht\u00eb fyerje p\u00ebr popullin serb dhe malazez n\u00eb Mal t\u00eb Zi.<\/p>\n<p>Edhe Milun Zogoviq i DNP-s\u00eb nuk shprehu habi p\u00ebr deklaratat e Abazoviqit, duke th\u00ebn\u00eb se politika e Abazoviqit \u00ebsht\u00eb e nj\u00ebjt\u00eb me at\u00eb t\u00eb PDS-s\u00eb (DPS).<\/p>\n<p>\u201c\u00cbsht\u00eb e par\u00ebnd\u00ebsishme n\u00eb k\u00ebt\u00eb moment n\u00ebse k\u00ebto deklarata jan\u00eb q\u00ebndrimi i tij personal apo edhe i grupacionit q\u00eb ai p\u00ebrfaq\u00ebson. Me r\u00ebnd\u00ebsi \u00ebsht\u00eb mesazhi q\u00eb ato p\u00ebrcjellin dhe t\u00eb cilin ne e kemi marrur shum\u00eb seriozisht.\u201d, tha n\u00eb mes tjerash Zogoviq.<\/p>\n<div class=\"clearfix\"><\/div>\n","protected":false},"excerpt":{"rendered":"<p>Partit\u00eb Demokracia Serbe e Re (NOVA) dhe Partia Popullore Demokratike (DNP), kan\u00eb hedhur akuza t\u00eb ashpra mbi deputetin e pavarur Dritan Abazoviq, raporton Portali Lajme.me. Pas deklarat\u00ebs s\u00eb tij se nuk sheh asgj\u00eb problematike n\u00eb vizit\u00ebn e Hashim Tha\u00e7it , partit\u00eb pro serbe kan\u00eb harruar shpejt deklarat\u00ebn e tij se serb\u00ebt jan\u00eb populli m\u00eb i [&hellip;]<\/p>\n","protected":false},"author":1,"featured_media":0,"comment_status":"closed","ping_status":"closed","sticky":false,"template":"","format":"standard","meta":{"spay_email":"","jetpack_publicize_message":"","jetpack_is_tweetstorm":false,"jetpack_publicize_feature_enabled":true},"categories":[2451],"tags":[],"jetpack_publicize_connections":[],"yoast_head":"<!-- This site is optimized with the Yoast SEO plugin v19.1 - https:\/\/yoast.com\/wordpress\/plugins\/seo\/ -->\n<title>Akuza t\u00eb ashpra mbi deputetin e pavarur Dritan Abazoviq - Lajme nga Ulqini<\/title>\n<meta name=\"description\" content=\"Partit\u00eb Demokracia Serbe e Re (NOVA) dhe Partia Popullore Demokratike (DNP), kan\u00eb hedhur akuza t\u00eb ashpra mbi deputetin e pavarur Dritan Abazoviq, raporton\" \/>\n<meta name=\"robots\" content=\"index, follow, max-snippet:-1, max-image-preview:large, max-video-preview:-1\" \/>\n<link rel=\"canonical\" href=\"https:\/\/www.visit-ulcinj.com\/blog\/2015\/01\/14\/akuza-te-ashpra-mbi-deputetin-e-pavarur-dritan-abazoviq\/\" \/>\n<meta property=\"og:locale\" content=\"en_US\" \/>\n<meta property=\"og:type\" content=\"article\" \/>\n<meta property=\"og:title\" content=\"Akuza t\u00eb ashpra mbi deputetin e pavarur Dritan Abazoviq - Lajme nga Ulqini\" \/>\n<meta property=\"og:description\" content=\"Partit\u00eb Demokracia Serbe e Re (NOVA) dhe Partia Popullore Demokratike (DNP), kan\u00eb hedhur akuza t\u00eb ashpra mbi deputetin e pavarur Dritan Abazoviq, raporton\" \/>\n<meta property=\"og:url\" content=\"https:\/\/www.visit-ulcinj.com\/blog\/2015\/01\/14\/akuza-te-ashpra-mbi-deputetin-e-pavarur-dritan-abazoviq\/\" \/>\n<meta property=\"og:site_name\" content=\"Lajme nga Ulqini\" \/>\n<meta property=\"article:published_time\" content=\"2015-01-14T16:58:36+00:00\" \/>\n<meta property=\"og:image\" content=\"http:\/\/www.visit-ulcinj.com\/blog\/wp-content\/uploads\/2015\/01\/demokratski-front-crne-gore.jpg\" \/>\n<meta name=\"twitter:label1\" content=\"Written by\" \/>\n\t<meta name=\"twitter:data1\" content=\"ulqini\" \/>\n\t<meta name=\"twitter:label2\" content=\"Est. reading time\" \/>\n\t<meta name=\"twitter:data2\" content=\"1 minute\" \/>\n<script type=\"application\/ld+json\" class=\"yoast-schema-graph\">{\"@context\":\"https:\/\/schema.org\",\"@graph\":[{\"@type\":\"WebSite\",\"@id\":\"https:\/\/www.visit-ulcinj.com\/blog\/#website\",\"url\":\"https:\/\/www.visit-ulcinj.com\/blog\/\",\"name\":\"Lajme nga Ulqini\",\"description\":\"Lajme,Vijesti,Ulqini,Ulqin,Crna Gora,Mali i Zi\",\"potentialAction\":[{\"@type\":\"SearchAction\",\"target\":{\"@type\":\"EntryPoint\",\"urlTemplate\":\"https:\/\/www.visit-ulcinj.com\/blog\/?s={search_term_string}\"},\"query-input\":\"required name=search_term_string\"}],\"inLanguage\":\"en-US\"},{\"@type\":\"ImageObject\",\"inLanguage\":\"en-US\",\"@id\":\"https:\/\/www.visit-ulcinj.com\/blog\/2015\/01\/14\/akuza-te-ashpra-mbi-deputetin-e-pavarur-dritan-abazoviq\/#primaryimage\",\"url\":\"https:\/\/www.visit-ulcinj.com\/blog\/wp-content\/uploads\/2015\/01\/demokratski-front-crne-gore.jpg\",\"contentUrl\":\"https:\/\/www.visit-ulcinj.com\/blog\/wp-content\/uploads\/2015\/01\/demokratski-front-crne-gore.jpg\",\"width\":600,\"height\":450},{\"@type\":\"WebPage\",\"@id\":\"https:\/\/www.visit-ulcinj.com\/blog\/2015\/01\/14\/akuza-te-ashpra-mbi-deputetin-e-pavarur-dritan-abazoviq\/#webpage\",\"url\":\"https:\/\/www.visit-ulcinj.com\/blog\/2015\/01\/14\/akuza-te-ashpra-mbi-deputetin-e-pavarur-dritan-abazoviq\/\",\"name\":\"Akuza t\u00eb ashpra mbi deputetin e pavarur Dritan Abazoviq - Lajme nga Ulqini\",\"isPartOf\":{\"@id\":\"https:\/\/www.visit-ulcinj.com\/blog\/#website\"},\"primaryImageOfPage\":{\"@id\":\"https:\/\/www.visit-ulcinj.com\/blog\/2015\/01\/14\/akuza-te-ashpra-mbi-deputetin-e-pavarur-dritan-abazoviq\/#primaryimage\"},\"datePublished\":\"2015-01-14T16:58:36+00:00\",\"dateModified\":\"2015-01-14T16:58:36+00:00\",\"author\":{\"@id\":\"https:\/\/www.visit-ulcinj.com\/blog\/#\/schema\/person\/dcab619c614d3038751c63bc2aadc06d\"},\"description\":\"Partit\u00eb Demokracia Serbe e Re (NOVA) dhe Partia Popullore Demokratike (DNP), kan\u00eb hedhur akuza t\u00eb ashpra mbi deputetin e pavarur Dritan Abazoviq, raporton\",\"breadcrumb\":{\"@id\":\"https:\/\/www.visit-ulcinj.com\/blog\/2015\/01\/14\/akuza-te-ashpra-mbi-deputetin-e-pavarur-dritan-abazoviq\/#breadcrumb\"},\"inLanguage\":\"en-US\",\"potentialAction\":[{\"@type\":\"ReadAction\",\"target\":[\"https:\/\/www.visit-ulcinj.com\/blog\/2015\/01\/14\/akuza-te-ashpra-mbi-deputetin-e-pavarur-dritan-abazoviq\/\"]}]},{\"@type\":\"BreadcrumbList\",\"@id\":\"https:\/\/www.visit-ulcinj.com\/blog\/2015\/01\/14\/akuza-te-ashpra-mbi-deputetin-e-pavarur-dritan-abazoviq\/#breadcrumb\",\"itemListElement\":[{\"@type\":\"ListItem\",\"position\":1,\"name\":\"Akuza t\u00eb ashpra mbi deputetin e pavarur Dritan Abazoviq\"}]},{\"@type\":\"Person\",\"@id\":\"https:\/\/www.visit-ulcinj.com\/blog\/#\/schema\/person\/dcab619c614d3038751c63bc2aadc06d\",\"name\":\"ulqini\",\"sameAs\":[\"http:\/\/www.visit-ulcinj.com\"],\"url\":\"https:\/\/www.visit-ulcinj.com\/blog\/author\/admin\/\"}]}<\/script>\n<!-- \/ Yoast SEO plugin. -->","yoast_head_json":{"title":"Akuza t\u00eb ashpra mbi deputetin e pavarur Dritan Abazoviq - Lajme nga Ulqini","description":"Partit\u00eb Demokracia Serbe e Re (NOVA) dhe Partia Popullore Demokratike (DNP), kan\u00eb hedhur akuza t\u00eb ashpra mbi deputetin e pavarur Dritan Abazoviq, raporton","robots":{"index":"index","follow":"follow","max-snippet":"max-snippet:-1","max-image-preview":"max-image-preview:large","max-video-preview":"max-video-preview:-1"},"canonical":"https:\/\/www.visit-ulcinj.com\/blog\/2015\/01\/14\/akuza-te-ashpra-mbi-deputetin-e-pavarur-dritan-abazoviq\/","og_locale":"en_US","og_type":"article","og_title":"Akuza t\u00eb ashpra mbi deputetin e pavarur Dritan Abazoviq - Lajme nga Ulqini","og_description":"Partit\u00eb Demokracia Serbe e Re (NOVA) dhe Partia Popullore Demokratike (DNP), kan\u00eb hedhur akuza t\u00eb ashpra mbi deputetin e pavarur Dritan Abazoviq, raporton","og_url":"https:\/\/www.visit-ulcinj.com\/blog\/2015\/01\/14\/akuza-te-ashpra-mbi-deputetin-e-pavarur-dritan-abazoviq\/","og_site_name":"Lajme nga Ulqini","article_published_time":"2015-01-14T16:58:36+00:00","og_image":[{"url":"http:\/\/www.visit-ulcinj.com\/blog\/wp-content\/uploads\/2015\/01\/demokratski-front-crne-gore.jpg"}],"twitter_misc":{"Written by":"ulqini","Est. reading time":"1 minute"},"schema":{"@context":"https:\/\/schema.org","@graph":[{"@type":"WebSite","@id":"https:\/\/www.visit-ulcinj.com\/blog\/#website","url":"https:\/\/www.visit-ulcinj.com\/blog\/","name":"Lajme nga Ulqini","description":"Lajme,Vijesti,Ulqini,Ulqin,Crna Gora,Mali i Zi","potentialAction":[{"@type":"SearchAction","target":{"@type":"EntryPoint","urlTemplate":"https:\/\/www.visit-ulcinj.com\/blog\/?s={search_term_string}"},"query-input":"required name=search_term_string"}],"inLanguage":"en-US"},{"@type":"ImageObject","inLanguage":"en-US","@id":"https:\/\/www.visit-ulcinj.com\/blog\/2015\/01\/14\/akuza-te-ashpra-mbi-deputetin-e-pavarur-dritan-abazoviq\/#primaryimage","url":"https:\/\/www.visit-ulcinj.com\/blog\/wp-content\/uploads\/2015\/01\/demokratski-front-crne-gore.jpg","contentUrl":"https:\/\/www.visit-ulcinj.com\/blog\/wp-content\/uploads\/2015\/01\/demokratski-front-crne-gore.jpg","width":600,"height":450},{"@type":"WebPage","@id":"https:\/\/www.visit-ulcinj.com\/blog\/2015\/01\/14\/akuza-te-ashpra-mbi-deputetin-e-pavarur-dritan-abazoviq\/#webpage","url":"https:\/\/www.visit-ulcinj.com\/blog\/2015\/01\/14\/akuza-te-ashpra-mbi-deputetin-e-pavarur-dritan-abazoviq\/","name":"Akuza t\u00eb ashpra mbi deputetin e pavarur Dritan Abazoviq - Lajme nga Ulqini","isPartOf":{"@id":"https:\/\/www.visit-ulcinj.com\/blog\/#website"},"primaryImageOfPage":{"@id":"https:\/\/www.visit-ulcinj.com\/blog\/2015\/01\/14\/akuza-te-ashpra-mbi-deputetin-e-pavarur-dritan-abazoviq\/#primaryimage"},"datePublished":"2015-01-14T16:58:36+00:00","dateModified":"2015-01-14T16:58:36+00:00","author":{"@id":"https:\/\/www.visit-ulcinj.com\/blog\/#\/schema\/person\/dcab619c614d3038751c63bc2aadc06d"},"description":"Partit\u00eb Demokracia Serbe e Re (NOVA) dhe Partia Popullore Demokratike (DNP), kan\u00eb hedhur akuza t\u00eb ashpra mbi deputetin e pavarur Dritan Abazoviq, raporton","breadcrumb":{"@id":"https:\/\/www.visit-ulcinj.com\/blog\/2015\/01\/14\/akuza-te-ashpra-mbi-deputetin-e-pavarur-dritan-abazoviq\/#breadcrumb"},"inLanguage":"en-US","potentialAction":[{"@type":"ReadAction","target":["https:\/\/www.visit-ulcinj.com\/blog\/2015\/01\/14\/akuza-te-ashpra-mbi-deputetin-e-pavarur-dritan-abazoviq\/"]}]},{"@type":"BreadcrumbList","@id":"https:\/\/www.visit-ulcinj.com\/blog\/2015\/01\/14\/akuza-te-ashpra-mbi-deputetin-e-pavarur-dritan-abazoviq\/#breadcrumb","itemListElement":[{"@type":"ListItem","position":1,"name":"Akuza t\u00eb ashpra mbi deputetin e pavarur Dritan Abazoviq"}]},{"@type":"Person","@id":"https:\/\/www.visit-ulcinj.com\/blog\/#\/schema\/person\/dcab619c614d3038751c63bc2aadc06d","name":"ulqini","sameAs":["http:\/\/www.visit-ulcinj.com"],"url":"https:\/\/www.visit-ulcinj.com\/blog\/author\/admin\/"}]}},"jetpack_featured_media_url":"","jetpack_sharing_enabled":true,"jetpack_shortlink":"https:\/\/wp.me\/pe6lTn-mPc","_links":{"self":[{"href":"https:\/\/www.visit-ulcinj.com\/blog\/wp-json\/wp\/v2\/posts\/87742"}],"collection":[{"href":"https:\/\/www.visit-ulcinj.com\/blog\/wp-json\/wp\/v2\/posts"}],"about":[{"href":"https:\/\/www.visit-ulcinj.com\/blog\/wp-json\/wp\/v2\/types\/post"}],"author":[{"embeddable":true,"href":"https:\/\/www.visit-ulcinj.com\/blog\/wp-json\/wp\/v2\/users\/1"}],"replies":[{"embeddable":true,"href":"https:\/\/www.visit-ulcinj.com\/blog\/wp-json\/wp\/v2\/comments?post=87742"}],"version-history":[{"count":1,"href":"https:\/\/www.visit-ulcinj.com\/blog\/wp-json\/wp\/v2\/posts\/87742\/revisions"}],"predecessor-version":[{"id":87744,"href":"https:\/\/www.visit-ulcinj.com\/blog\/wp-json\/wp\/v2\/posts\/87742\/revisions\/87744"}],"wp:attachment":[{"href":"https:\/\/www.visit-ulcinj.com\/blog\/wp-json\/wp\/v2\/media?parent=87742"}],"wp:term":[{"taxonomy":"category","embeddable":true,"href":"https:\/\/www.visit-ulcinj.com\/blog\/wp-json\/wp\/v2\/categories?post=87742"},{"taxonomy":"post_tag","embeddable":true,"href":"https:\/\/www.visit-ulcinj.com\/blog\/wp-json\/wp\/v2\/tags?post=87742"}],"curies":[{"name":"wp","href":"https:\/\/api.w.org\/{rel}","templated":true}]}}