{"id":87748,"date":"2015-01-14T18:18:44","date_gmt":"2015-01-14T17:18:44","guid":{"rendered":"http:\/\/www.visit-ulcinj.com\/blog\/?p=87748"},"modified":"2015-01-14T18:18:44","modified_gmt":"2015-01-14T17:18:44","slug":"sako-polumenta-gradi-etno-selo-u-ulcinju","status":"publish","type":"post","link":"https:\/\/www.visit-ulcinj.com\/blog\/2015\/01\/14\/sako-polumenta-gradi-etno-selo-u-ulcinju\/","title":{"rendered":"\u0160ako Polumenta gradi etno-selo u Ulcinju!"},"content":{"rendered":"<aside>\n<div class=\"article_social_interactions cf\"><strong><a href=\"http:\/\/www.visit-ulcinj.com\/blog\/wp-content\/uploads\/2015\/01\/Polumenta-gradi-etno-selo-u-Ulcinju-velika-plaza.jpg\"><img loading=\"lazy\" class=\"alignleft wp-image-87749\" src=\"http:\/\/www.visit-ulcinj.com\/blog\/wp-content\/uploads\/2015\/01\/Polumenta-gradi-etno-selo-u-Ulcinju-velika-plaza.jpg\" alt=\"Polumenta gradi etno-selo u Ulcinju - velika-plaza\" width=\"508\" height=\"343\" srcset=\"https:\/\/www.visit-ulcinj.com\/blog\/wp-content\/uploads\/2015\/01\/Polumenta-gradi-etno-selo-u-Ulcinju-velika-plaza.jpg 900w, https:\/\/www.visit-ulcinj.com\/blog\/wp-content\/uploads\/2015\/01\/Polumenta-gradi-etno-selo-u-Ulcinju-velika-plaza-300x202.jpg 300w\" sizes=\"(max-width: 508px) 100vw, 508px\" \/><\/a>Popularni peva\u010d, poput Emira Kusturice, odlu\u010dio da napravi autenti\u010dan kompleks<\/strong><\/div>\n<div class=\"article_social_interactions cf\">\u0160ako Polumenta gradi etno-selo u Ulcinju, i to tamo gde je pre pet godina po\u010deo s izgradnjom hotela koji nosi ime po njegovoj najmla\u0111oj \u0107erki.<\/p>\n<p>Ovaj projekat podr\u017ealo je Ministarstvo kulture Crne Gore, od kojeg je peva\u010d zatra\u017eio pomo\u0107 kako bi svoju zamisao podigao na vi\u0161i nivo. \u0160akov krajnji cilj je da, u saradnji s dr\u017eavnim institucijama, napravi i rekreativni centar, u kojem \u0107e boraviti turisti, ali i sportisti.<\/p><\/div>\n<div class=\"article_social_interactions cf\"><a href=\"http:\/\/www.visit-ulcinj.com\/blog\/wp-content\/uploads\/2015\/01\/sako-polumentajpg.jpg\"><img loading=\"lazy\" class=\"alignleft wp-image-87750\" src=\"http:\/\/www.visit-ulcinj.com\/blog\/wp-content\/uploads\/2015\/01\/sako-polumentajpg.jpg\" alt=\"sako-polumentajpg\" width=\"509\" height=\"351\" srcset=\"https:\/\/www.visit-ulcinj.com\/blog\/wp-content\/uploads\/2015\/01\/sako-polumentajpg.jpg 500w, https:\/\/www.visit-ulcinj.com\/blog\/wp-content\/uploads\/2015\/01\/sako-polumentajpg-300x207.jpg 300w\" sizes=\"(max-width: 509px) 100vw, 509px\" \/><\/a><br \/>\n&#8211; Oduvek sam \u017eeleo da uradim ne\u0161to \u0161to \u0107e biti korisno kako za mene, moju porodicu, tako i za brojne turiste. Prvo sam napravio apartmane, zatim sagradio hotel, a sad planiram da napravim i etno-selo. Pregovaram s ministrom kulture Crne Gore da u sklopu etno-sela i hotela napravim rekreativni centar za sportske pripreme. Dobio sam podr\u0161ku i jo\u0161 malo \u0107e sve biti gotovo. Ovog leta pu\u0161tam u rad hotel. Mnogo snage, volje i truda sam ulo\u017eio, ali verujem da \u0107e ovo biti pravi poduhvat &#8211; isti\u010de Polumenta.<\/p>\n<p>Uputili smo mejl crnogorskom ministarstvu kulture, ali do zaklju\u010denja broja nismo dobili odgovor.<\/p><\/div>\n<div class=\"article_social_interactions cf\"><\/div>\n<div class=\"article_social_interactions cf\"><strong>Izvor: Kurir.rs<\/strong><\/div>\n<\/aside>\n<p class=\"description\">\n","protected":false},"excerpt":{"rendered":"<p>Popularni peva\u010d, poput Emira Kusturice, odlu\u010dio da napravi autenti\u010dan kompleks \u0160ako Polumenta gradi etno-selo u Ulcinju, i to tamo gde je pre pet godina po\u010deo s izgradnjom hotela koji nosi ime po njegovoj najmla\u0111oj \u0107erki. Ovaj projekat podr\u017ealo je Ministarstvo kulture Crne Gore, od kojeg je peva\u010d zatra\u017eio pomo\u0107 kako bi svoju zamisao podigao na [&hellip;]<\/p>\n","protected":false},"author":1,"featured_media":0,"comment_status":"closed","ping_status":"closed","sticky":false,"template":"","format":"standard","meta":{"spay_email":"","jetpack_publicize_message":"","jetpack_is_tweetstorm":false,"jetpack_publicize_feature_enabled":true},"categories":[8337],"tags":[],"jetpack_publicize_connections":[],"yoast_head":"<!-- This site is optimized with the Yoast SEO plugin v19.1 - https:\/\/yoast.com\/wordpress\/plugins\/seo\/ -->\n<title>\u0160ako Polumenta gradi etno-selo u Ulcinju! - Lajme nga Ulqini<\/title>\n<meta name=\"description\" content=\"Popularni peva\u010d, poput Emira Kusturice, odlu\u010dio da napravi autenti\u010dan kompleks \u0160ako Polumenta gradi etno-selo u Ulcinju, i to tamo gde je pre pet godina\" \/>\n<meta name=\"robots\" content=\"index, follow, max-snippet:-1, max-image-preview:large, max-video-preview:-1\" \/>\n<link rel=\"canonical\" href=\"https:\/\/www.visit-ulcinj.com\/blog\/2015\/01\/14\/sako-polumenta-gradi-etno-selo-u-ulcinju\/\" \/>\n<meta property=\"og:locale\" content=\"en_US\" \/>\n<meta property=\"og:type\" content=\"article\" \/>\n<meta property=\"og:title\" content=\"\u0160ako Polumenta gradi etno-selo u Ulcinju! - Lajme nga Ulqini\" \/>\n<meta property=\"og:description\" content=\"Popularni peva\u010d, poput Emira Kusturice, odlu\u010dio da napravi autenti\u010dan kompleks \u0160ako Polumenta gradi etno-selo u Ulcinju, i to tamo gde je pre pet godina\" \/>\n<meta property=\"og:url\" content=\"https:\/\/www.visit-ulcinj.com\/blog\/2015\/01\/14\/sako-polumenta-gradi-etno-selo-u-ulcinju\/\" \/>\n<meta property=\"og:site_name\" content=\"Lajme nga Ulqini\" \/>\n<meta property=\"article:published_time\" content=\"2015-01-14T17:18:44+00:00\" \/>\n<meta property=\"og:image\" content=\"http:\/\/www.visit-ulcinj.com\/blog\/wp-content\/uploads\/2015\/01\/Polumenta-gradi-etno-selo-u-Ulcinju-velika-plaza.jpg\" \/>\n<meta name=\"twitter:label1\" content=\"Written by\" \/>\n\t<meta name=\"twitter:data1\" content=\"ulqini\" \/>\n\t<meta name=\"twitter:label2\" content=\"Est. reading time\" \/>\n\t<meta name=\"twitter:data2\" content=\"1 minute\" \/>\n<script type=\"application\/ld+json\" class=\"yoast-schema-graph\">{\"@context\":\"https:\/\/schema.org\",\"@graph\":[{\"@type\":\"WebSite\",\"@id\":\"https:\/\/www.visit-ulcinj.com\/blog\/#website\",\"url\":\"https:\/\/www.visit-ulcinj.com\/blog\/\",\"name\":\"Lajme nga Ulqini\",\"description\":\"Lajme,Vijesti,Ulqini,Ulqin,Crna Gora,Mali i Zi\",\"potentialAction\":[{\"@type\":\"SearchAction\",\"target\":{\"@type\":\"EntryPoint\",\"urlTemplate\":\"https:\/\/www.visit-ulcinj.com\/blog\/?s={search_term_string}\"},\"query-input\":\"required name=search_term_string\"}],\"inLanguage\":\"en-US\"},{\"@type\":\"ImageObject\",\"inLanguage\":\"en-US\",\"@id\":\"https:\/\/www.visit-ulcinj.com\/blog\/2015\/01\/14\/sako-polumenta-gradi-etno-selo-u-ulcinju\/#primaryimage\",\"url\":\"https:\/\/www.visit-ulcinj.com\/blog\/wp-content\/uploads\/2015\/01\/Polumenta-gradi-etno-selo-u-Ulcinju-velika-plaza.jpg\",\"contentUrl\":\"https:\/\/www.visit-ulcinj.com\/blog\/wp-content\/uploads\/2015\/01\/Polumenta-gradi-etno-selo-u-Ulcinju-velika-plaza.jpg\",\"width\":900,\"height\":608},{\"@type\":\"WebPage\",\"@id\":\"https:\/\/www.visit-ulcinj.com\/blog\/2015\/01\/14\/sako-polumenta-gradi-etno-selo-u-ulcinju\/#webpage\",\"url\":\"https:\/\/www.visit-ulcinj.com\/blog\/2015\/01\/14\/sako-polumenta-gradi-etno-selo-u-ulcinju\/\",\"name\":\"\u0160ako Polumenta gradi etno-selo u Ulcinju! - Lajme nga Ulqini\",\"isPartOf\":{\"@id\":\"https:\/\/www.visit-ulcinj.com\/blog\/#website\"},\"primaryImageOfPage\":{\"@id\":\"https:\/\/www.visit-ulcinj.com\/blog\/2015\/01\/14\/sako-polumenta-gradi-etno-selo-u-ulcinju\/#primaryimage\"},\"datePublished\":\"2015-01-14T17:18:44+00:00\",\"dateModified\":\"2015-01-14T17:18:44+00:00\",\"author\":{\"@id\":\"https:\/\/www.visit-ulcinj.com\/blog\/#\/schema\/person\/dcab619c614d3038751c63bc2aadc06d\"},\"description\":\"Popularni peva\u010d, poput Emira Kusturice, odlu\u010dio da napravi autenti\u010dan kompleks \u0160ako Polumenta gradi etno-selo u Ulcinju, i to tamo gde je pre pet godina\",\"breadcrumb\":{\"@id\":\"https:\/\/www.visit-ulcinj.com\/blog\/2015\/01\/14\/sako-polumenta-gradi-etno-selo-u-ulcinju\/#breadcrumb\"},\"inLanguage\":\"en-US\",\"potentialAction\":[{\"@type\":\"ReadAction\",\"target\":[\"https:\/\/www.visit-ulcinj.com\/blog\/2015\/01\/14\/sako-polumenta-gradi-etno-selo-u-ulcinju\/\"]}]},{\"@type\":\"BreadcrumbList\",\"@id\":\"https:\/\/www.visit-ulcinj.com\/blog\/2015\/01\/14\/sako-polumenta-gradi-etno-selo-u-ulcinju\/#breadcrumb\",\"itemListElement\":[{\"@type\":\"ListItem\",\"position\":1,\"name\":\"\u0160ako Polumenta gradi etno-selo u Ulcinju!\"}]},{\"@type\":\"Person\",\"@id\":\"https:\/\/www.visit-ulcinj.com\/blog\/#\/schema\/person\/dcab619c614d3038751c63bc2aadc06d\",\"name\":\"ulqini\",\"sameAs\":[\"http:\/\/www.visit-ulcinj.com\"],\"url\":\"https:\/\/www.visit-ulcinj.com\/blog\/author\/admin\/\"}]}<\/script>\n<!-- \/ Yoast SEO plugin. -->","yoast_head_json":{"title":"\u0160ako Polumenta gradi etno-selo u Ulcinju! - Lajme nga Ulqini","description":"Popularni peva\u010d, poput Emira Kusturice, odlu\u010dio da napravi autenti\u010dan kompleks \u0160ako Polumenta gradi etno-selo u Ulcinju, i to tamo gde je pre pet godina","robots":{"index":"index","follow":"follow","max-snippet":"max-snippet:-1","max-image-preview":"max-image-preview:large","max-video-preview":"max-video-preview:-1"},"canonical":"https:\/\/www.visit-ulcinj.com\/blog\/2015\/01\/14\/sako-polumenta-gradi-etno-selo-u-ulcinju\/","og_locale":"en_US","og_type":"article","og_title":"\u0160ako Polumenta gradi etno-selo u Ulcinju! - Lajme nga Ulqini","og_description":"Popularni peva\u010d, poput Emira Kusturice, odlu\u010dio da napravi autenti\u010dan kompleks \u0160ako Polumenta gradi etno-selo u Ulcinju, i to tamo gde je pre pet godina","og_url":"https:\/\/www.visit-ulcinj.com\/blog\/2015\/01\/14\/sako-polumenta-gradi-etno-selo-u-ulcinju\/","og_site_name":"Lajme nga Ulqini","article_published_time":"2015-01-14T17:18:44+00:00","og_image":[{"url":"http:\/\/www.visit-ulcinj.com\/blog\/wp-content\/uploads\/2015\/01\/Polumenta-gradi-etno-selo-u-Ulcinju-velika-plaza.jpg"}],"twitter_misc":{"Written by":"ulqini","Est. reading time":"1 minute"},"schema":{"@context":"https:\/\/schema.org","@graph":[{"@type":"WebSite","@id":"https:\/\/www.visit-ulcinj.com\/blog\/#website","url":"https:\/\/www.visit-ulcinj.com\/blog\/","name":"Lajme nga Ulqini","description":"Lajme,Vijesti,Ulqini,Ulqin,Crna Gora,Mali i Zi","potentialAction":[{"@type":"SearchAction","target":{"@type":"EntryPoint","urlTemplate":"https:\/\/www.visit-ulcinj.com\/blog\/?s={search_term_string}"},"query-input":"required name=search_term_string"}],"inLanguage":"en-US"},{"@type":"ImageObject","inLanguage":"en-US","@id":"https:\/\/www.visit-ulcinj.com\/blog\/2015\/01\/14\/sako-polumenta-gradi-etno-selo-u-ulcinju\/#primaryimage","url":"https:\/\/www.visit-ulcinj.com\/blog\/wp-content\/uploads\/2015\/01\/Polumenta-gradi-etno-selo-u-Ulcinju-velika-plaza.jpg","contentUrl":"https:\/\/www.visit-ulcinj.com\/blog\/wp-content\/uploads\/2015\/01\/Polumenta-gradi-etno-selo-u-Ulcinju-velika-plaza.jpg","width":900,"height":608},{"@type":"WebPage","@id":"https:\/\/www.visit-ulcinj.com\/blog\/2015\/01\/14\/sako-polumenta-gradi-etno-selo-u-ulcinju\/#webpage","url":"https:\/\/www.visit-ulcinj.com\/blog\/2015\/01\/14\/sako-polumenta-gradi-etno-selo-u-ulcinju\/","name":"\u0160ako Polumenta gradi etno-selo u Ulcinju! - Lajme nga Ulqini","isPartOf":{"@id":"https:\/\/www.visit-ulcinj.com\/blog\/#website"},"primaryImageOfPage":{"@id":"https:\/\/www.visit-ulcinj.com\/blog\/2015\/01\/14\/sako-polumenta-gradi-etno-selo-u-ulcinju\/#primaryimage"},"datePublished":"2015-01-14T17:18:44+00:00","dateModified":"2015-01-14T17:18:44+00:00","author":{"@id":"https:\/\/www.visit-ulcinj.com\/blog\/#\/schema\/person\/dcab619c614d3038751c63bc2aadc06d"},"description":"Popularni peva\u010d, poput Emira Kusturice, odlu\u010dio da napravi autenti\u010dan kompleks \u0160ako Polumenta gradi etno-selo u Ulcinju, i to tamo gde je pre pet godina","breadcrumb":{"@id":"https:\/\/www.visit-ulcinj.com\/blog\/2015\/01\/14\/sako-polumenta-gradi-etno-selo-u-ulcinju\/#breadcrumb"},"inLanguage":"en-US","potentialAction":[{"@type":"ReadAction","target":["https:\/\/www.visit-ulcinj.com\/blog\/2015\/01\/14\/sako-polumenta-gradi-etno-selo-u-ulcinju\/"]}]},{"@type":"BreadcrumbList","@id":"https:\/\/www.visit-ulcinj.com\/blog\/2015\/01\/14\/sako-polumenta-gradi-etno-selo-u-ulcinju\/#breadcrumb","itemListElement":[{"@type":"ListItem","position":1,"name":"\u0160ako Polumenta gradi etno-selo u Ulcinju!"}]},{"@type":"Person","@id":"https:\/\/www.visit-ulcinj.com\/blog\/#\/schema\/person\/dcab619c614d3038751c63bc2aadc06d","name":"ulqini","sameAs":["http:\/\/www.visit-ulcinj.com"],"url":"https:\/\/www.visit-ulcinj.com\/blog\/author\/admin\/"}]}},"jetpack_featured_media_url":"","jetpack_sharing_enabled":true,"jetpack_shortlink":"https:\/\/wp.me\/pe6lTn-mPi","_links":{"self":[{"href":"https:\/\/www.visit-ulcinj.com\/blog\/wp-json\/wp\/v2\/posts\/87748"}],"collection":[{"href":"https:\/\/www.visit-ulcinj.com\/blog\/wp-json\/wp\/v2\/posts"}],"about":[{"href":"https:\/\/www.visit-ulcinj.com\/blog\/wp-json\/wp\/v2\/types\/post"}],"author":[{"embeddable":true,"href":"https:\/\/www.visit-ulcinj.com\/blog\/wp-json\/wp\/v2\/users\/1"}],"replies":[{"embeddable":true,"href":"https:\/\/www.visit-ulcinj.com\/blog\/wp-json\/wp\/v2\/comments?post=87748"}],"version-history":[{"count":1,"href":"https:\/\/www.visit-ulcinj.com\/blog\/wp-json\/wp\/v2\/posts\/87748\/revisions"}],"predecessor-version":[{"id":87751,"href":"https:\/\/www.visit-ulcinj.com\/blog\/wp-json\/wp\/v2\/posts\/87748\/revisions\/87751"}],"wp:attachment":[{"href":"https:\/\/www.visit-ulcinj.com\/blog\/wp-json\/wp\/v2\/media?parent=87748"}],"wp:term":[{"taxonomy":"category","embeddable":true,"href":"https:\/\/www.visit-ulcinj.com\/blog\/wp-json\/wp\/v2\/categories?post=87748"},{"taxonomy":"post_tag","embeddable":true,"href":"https:\/\/www.visit-ulcinj.com\/blog\/wp-json\/wp\/v2\/tags?post=87748"}],"curies":[{"name":"wp","href":"https:\/\/api.w.org\/{rel}","templated":true}]}}