{"id":87758,"date":"2015-01-15T16:13:24","date_gmt":"2015-01-15T15:13:24","guid":{"rendered":"http:\/\/www.visit-ulcinj.com\/blog\/?p=87758"},"modified":"2015-01-16T06:17:56","modified_gmt":"2015-01-16T05:17:56","slug":"nika-prona-publike-e-ulqinit-po-tjetersohet-kurse-komuna-po-shpronesohet","status":"publish","type":"post","link":"https:\/\/www.visit-ulcinj.com\/blog\/2015\/01\/15\/nika-prona-publike-e-ulqinit-po-tjetersohet-kurse-komuna-po-shpronesohet\/","title":{"rendered":"Nika: Prona publike e Ulqinit po tjet\u00ebrsohet, kurse komuna po shpron\u00ebsohet"},"content":{"rendered":"<p><strong><a href=\"http:\/\/www.visit-ulcinj.com\/blog\/wp-content\/uploads\/2014\/02\/Disco-FAMA-Ulcinj-Ulqini.jpg\"><img loading=\"lazy\" class=\"alignleft wp-image-80118\" src=\"http:\/\/www.visit-ulcinj.com\/blog\/wp-content\/uploads\/2014\/02\/Disco-FAMA-Ulcinj-Ulqini.jpg\" alt=\"Disco-FAMA-Ulcinj-Ulqini\" width=\"508\" height=\"339\" srcset=\"https:\/\/www.visit-ulcinj.com\/blog\/wp-content\/uploads\/2014\/02\/Disco-FAMA-Ulcinj-Ulqini.jpg 960w, https:\/\/www.visit-ulcinj.com\/blog\/wp-content\/uploads\/2014\/02\/Disco-FAMA-Ulcinj-Ulqini-300x200.jpg 300w\" sizes=\"(max-width: 508px) 100vw, 508px\" \/><\/a>Shkruan Muhamet Nika<\/strong><\/p>\n<p><strong>\u00c7FAR\u00cb T\u00cb B\u00cbHET ME PRON\u00cbN E ND\u00cbRRMARRJEVE PUBLIKE N\u00cb PRAG T\u00cb TRANSFORMIMIT Q\u00cb DUHET KRYER<\/strong><\/p>\n<p><strong>Sikur t\u00eb montohej detektori i g\u00ebnjeshtrave<\/strong><\/p>\n<p>Pash \u00ebnd\u00ebrr se pasi u mblodh\u00ebn parlamentar\u00ebt p\u00ebr t\u00eb debatuar p\u00ebr fatin e pronave t\u00eb sektorit publik q\u00eb gjoja rrezikohen nga proceset e mundshme gjyq\u00ebsore, atyre , iu tha se n\u00eb kuvend ishte vendosur nj\u00eb detektor i cili zbulonte patriotizmin e tyre dhe higjien\u00ebn personale materiale me karakter t\u00eb p\u00ebrgjithsh\u00ebm. P\u00ebr \u00e7udi timen n\u00eb \u00ebnd\u00ebrr pash se t\u00eb gjith\u00eb u tmerruan , pa marr\u00eb parasysh fjal\u00ebt e m\u00ebdha q\u00eb flisnin&#8230;?!!! E sidomos m\u00eb s\u00eb shumti u\u00a0\u00a0 shtang\u00ebn , ata t\u00eb rendit t\u00eb par\u00eb . T\u00eb shqet\u00ebsuar p\u00ebr k\u00ebt\u00eb ata syt\u00eb i hidhnin nga dritarja duke preferuar t\u00eb dilnin sa m\u00eb par\u00eb prej dritares, se sa nga dera me detektor- higjiena personale nuk u garantonte kalim t\u00eb mbar\u00eb?!<\/p>\n<p>Proceset as mund t\u00eb humben e as mund t\u00eb fitohen me nj\u00eb fjal\u00eb goje kur \u00ebsht\u00eb n\u00eb pyetjes ligji i privatizimit i cili \u00ebsht\u00eb m\u00eb se i qart\u00eb. Andaj nuk e kuptoj , p\u00ebrse nga disa thuhet t\u00eb mos hipet edhe andej nga ajo se si punoi gjykata. Ligji thot\u00eb- Nuk ka kthim t\u00eb pron\u00ebs aty ku \u00ebsht\u00eb kryer destinimi i marrjes s\u00eb saj dhe \u00ebsht\u00eb rregulluar me plan urbanistik n\u00eb fuqi. Por ka respektim t\u00eb pron\u00ebsis\u00eb, duke iu kthyer tok\u00eb n\u00eb vend tjet\u00ebr, ose duke iu kompensuar n\u00eb t\u00eb holla toka e marr\u00eb&#8230;.?!!! N\u00eb qoft\u00eb se di\u00e7ka nacionalizohet qoft\u00eb edhe p\u00ebr parking , ajo llogaritet si tok\u00eb q\u00eb kryen funksionin p\u00ebr t\u00eb cilin \u00ebsht\u00eb marr\u00eb. Fjal\u00ebn e kemi te kthimi i pjessh\u00ebm i kinemas\u00eb verore q\u00eb thuhet se ngjau k\u00ebtyre dit\u00ebve nga gjykata dhe q\u00eb p\u00ebr k\u00ebt\u00eb dikush kujton se si ekzekutiv mund t\u00eb formoj\u00eb komision. N\u00eb k\u00ebt\u00eb situat\u00eb , puna e ekzekutivit dhe kuvendit nuk \u00ebsht\u00eb si puna e ves\u00eb dhe pul\u00ebs, por \u00ebsht\u00eb si puna e djalit dhe bab\u00ebs dhe dihet se kush \u00ebsht\u00eb baba e kush \u00ebsht\u00eb djali. Dhe kush ke ka t\u00eb drejt\u00eb t\u00eb kap\u00eb p\u00ebr veshi?!!<\/p>\n<p>Nuk ka kurr\u00eb gj\u00eb t\u00eb keqe n\u00eb kontroll , por dihet se si ekzekutivi mund t\u00eb kontrolloj\u00eb k\u00ebt\u00eb sektor \u2013 kuptohet vet\u00ebm p\u00ebrmes kuvendit&#8230;?! E n\u00eb se drejtor\u00ebt , zbulohet nga kuvendi, m\u00eb her\u00ebt kan\u00eb kryer veprime duke shkelur n\u00eb radh\u00eb t\u00eb par\u00eb procedurat ligjore, duke mos siguruar transparenc\u00ebn e nevojshme t\u00eb pun\u00ebve t\u00eb kryera, ose kan\u00eb kryer veprime p\u00ebr t\u00eb cilat nuk jan\u00eb t\u00eb regjistruar n\u00eb gjykat\u00ebn ekonomike dhe nuk kan\u00eb vendim t\u00eb k\u00ebshillit drejtues- q\u00eb ata i kontrollon, e as q\u00eb kan\u00eb raportuar p\u00ebr k\u00ebt\u00eb, me siguri q\u00eb jan\u00eb p\u00ebrgjegj\u00ebs p\u00ebr pun\u00ebt e kryera ,kuptohet kur bien ndesh me ligjet q\u00eb ishin n\u00eb fuqi&#8230;.?!!!<strong><em>Tash p\u00ebr tash vet\u00ebm kaq n\u00eb k\u00ebt\u00eb ligj\u00ebrat\u00eb p\u00ebr pionier\u00ebt n\u00eb udh\u00ebheqje t\u00eb pushtetit&#8230;?!!!<\/em><\/strong><\/p>\n<p>\u00cbsht\u00eb nj\u00eb e v\u00ebrtet\u00eb madhe se sht\u00ebpia e kultur\u00ebs humbi nj\u00eb drejtor dhe jurist t\u00eb mir\u00eb t\u00eb ndjerin Sari Resulbegun , i cili jo vet\u00ebm k\u00ebt\u00eb l\u00ebnd\u00eb , por n\u00eb gjykat\u00eb i kish fituar t\u00eb gjitha proceset gjyq\u00ebsore t\u00eb ngritura ndaj k\u00ebtij institucioni p\u00ebr sa i p\u00ebrket pron\u00ebsis\u00eb. Dihet se ky institucion i ka pronat e veta n\u00eb zonat m\u00eb atraktive t\u00eb qytetit dhe t\u00eb cilat , kuptohet se jan\u00eb m\u00eb se t\u00eb sulmuara nga ish pronar\u00ebt si dhe nga mafioz\u00ebt e urbanistik\u00ebs , gjykat\u00ebs etj. Fal\u00eb k\u00ebtij personi ,vet\u00ebm kjo l\u00ebnd\u00eb i plot\u00ebson kushtet p\u00ebr t\u00eb shkuar edhe n\u00eb gjykat\u00ebn e Strazburit&#8230;?!!<\/p>\n<p><strong><em>Dhe tash- Si \u201cGaboi \u201c pushteti lokal nacionali i viteve 90 edhe pse paraqitej gjoja i shenjt\u00eb&#8230;?!!!<\/em><\/strong><\/p>\n<p>Nj\u00ebri nga problemet m\u00eb t\u00eb m\u00ebdha t\u00eb komun\u00ebs s\u00eb Ulqinit dhe pushtetit lokal q\u00eb \u00ebsht\u00eb formuar atje pas viteve 90 e k\u00ebtej, ka qen\u00eb mungesa e platform\u00ebs politike dhe ekonomike p\u00ebr tu gjendur dhe vepruar n\u00eb harmoni me ligjet t\u00eb cilat miratohen n\u00eb nivel t\u00eb republik\u00ebs p\u00ebr fatin e ish ekonomis\u00eb socialiste.<\/p>\n<p>N\u00eb k\u00ebt\u00eb koh\u00eb , themeluesi i tyre n\u00eb Ulqin( komuna), nuk nxori kurrfar\u00eb vendimi se si t\u00eb veprohet me k\u00ebto prona t\u00eb tep\u00ebrta dhe as nuk u paraqit p\u00ebr t\u00eb marr\u00eb hisen e borxhit q\u00eb kish ajo si themeluese e tyre n\u00eb em\u00ebr t\u00eb investimeve n\u00eb infrastruktur\u00eb komunali, kredi t\u00eb dh\u00ebna n\u00eb em\u00ebr t\u00eb investimve etj.<\/p>\n<p>Andaj n\u00eb k\u00ebto situata, mund t\u00eb flitet , m\u00eb tep\u00ebr p\u00ebr nj\u00eb autodiskriminim tonin se sa nj\u00eb diskriminim republikan. Dyert jan\u00eb mbyllur aq bukur , sa n\u00eb k\u00ebt\u00eb drejtim , p\u00ebr k\u00ebto l\u00ebnd\u00eb t\u00eb k\u00ebtij sektori, nuk na ndihmon as gjykata e Strazburit .Ne jemi t\u00eb vetmit nga komunat q\u00eb nuk kemi hise n\u00eb te.<\/p>\n<p>&nbsp;<\/p>\n<p><strong><em>Gabimi tjet\u00ebr i radh\u00ebs nga pushteti vendor&#8230;?!!!<\/em><\/strong><\/p>\n<p><strong>Koh\u00ebt ec\u00ebn dh n\u00eb nivel t\u00eb republik\u00ebs e n\u00eb pajtim me kahet evropiane u nxor\u00ebn nj\u00eb s\u00ebr\u00eb ligjesh q\u00eb sanksiononin \u00e7\u00ebshtjet e ekonomis\u00eb t\u00eb sektorit t\u00eb mbetur n\u00ebn administrimin e komun\u00ebs. K\u00ebtu duhet ve\u00e7uar at\u00eb t\u00eb privatizimit dhe ai i formimit t\u00eb shoq\u00ebrive aksionare nga \u00a0transformimi i sh\u00ebrbimeve publike q\u00eb ofron komuna si ato t\u00eb sh\u00ebrbimeve publike t\u00eb : uj\u00ebsjell\u00ebsit , pastrimit , kultur\u00ebs , gjuetis\u00eb etj. <\/strong><\/p>\n<p><strong><em>Po ku q\u00ebndron rreziku k\u00ebtu&#8230;?!!!<\/em><\/strong><\/p>\n<p>\u00c7far\u00eb t\u00eb thuhet nes\u00ebr , p\u00ebr pronat e Kultur\u00ebs nga kuvendi , i cili tash dy vite nuk \u00ebsht\u00eb m\u00eb kompetent p\u00ebr menaxhim t\u00eb tyre sipas metod\u00ebs s\u00eb vjet\u00ebr dhe drejtor\u00ebt q\u00eb nes\u00ebr mund t\u00eb paraqit\u00ebn ta z\u00ebm\u00eb n\u00eb gjykata , mund tu thuhet se jan\u00eb t\u00eb paligjsh\u00ebm , nga se u ka skaduar afati sipas ligjit n\u00eb fuqi. .<\/p>\n<p><strong><em>\u00a0<\/em><\/strong><\/p>\n<p>Andaj Kuvendi duhet t\u00eb mblidhet urgjentisht, p\u00ebr t\u00eb shikuar \u00e7far\u00eb t\u00eb b\u00ebhet me pronat dhe pasurin\u00eb e tep\u00ebrt q\u00eb aktualisht,trash\u00ebgojn\u00eb k\u00ebto nd\u00ebrmarrje nga komuna, e nes\u00ebr kur t\u00eb transformohen, sipas ligjit, mund t\u00eb b\u00ebhen p\u00ebrmes kapitalit aksionar pjes\u00eb e kapitalit privat. Ligji nuk na lejon m\u00eb q\u00eb t\u00eb kemi kontroll si m\u00eb her\u00ebt, dhe t\u00eb mos shkojm\u00eb si \u201c Cjapi te Kasapi\u201d \u2013 pa marr\u00eb para syve se dikujt edhe mund ti shkohet. Ajo pasuri e cila sot u \u00ebsht\u00eb l\u00ebn\u00eb n\u00eb dispozicion ,leht\u00eb mund t\u00eb ket\u00eb fatin e pasurive t\u00eb Kripores , Agro Ulqinit, Rivjer\u00ebs etj. T\u00eb mendosh ndryshe dhe t\u00eb veprosh ndryshe, i thon\u00eb t\u00eb jesh i specializuar p\u00ebr dallavere t\u00eb re me k\u00ebt\u00eb pasuri ashtu si m\u00eb par\u00eb.<\/p>\n<p>Ashtu si ecin pun\u00ebt, shum\u00eb leht\u00eb, n\u00eb Ulqinin ton , aty nes\u00ebr nj\u00eb privatist , me hise kapitali t\u00eb vet\u00eb ,mund t\u00eb nd\u00ebrtoj\u00eb nj\u00eb kinema moderne kulture* n\u00eb pajtim me planin urbanistik. Nd\u00ebrsa Pastrimi, t\u00eb privatizohet me t\u00eb gjith\u00eb kamion\u00ebt e b\u00ebrllokut\u201d smeqes\u201d (e ne t\u00eb kthejm\u00eb nes\u00ebr kredin\u00eb si komun\u00eb p\u00ebr blerjen e dhjet\u00eb kamioneve)?!! Ashtu si pun\u00ebn e kredis\u00eb apo tok\u00ebs rreth nd\u00ebrtimit t\u00eb Galebit. Ku ta dish k\u00ebshtu edhe mund t\u00eb jet\u00eb prapavija e k\u00ebtyre lot\u00ebve p\u00ebr k\u00ebt\u00eb pron\u00eb q\u00eb sot rrezikohet dhe mundet q\u00eb po ndodh si asaj q\u00eb i thon\u00eb : Ta kall\u00ebzoj me gisht nuk e di \u00e7ka isht&#8230;?!!!<\/p>\n<p>T\u00eb mendosh se n\u00eb Ulqin tesh po kthejm\u00eb n\u00eb jet\u00eb ekonomin\u00eb vet\u00ebqeveris\u00ebse , sipas kushtetut\u00ebs s\u00eb vitit 1974 t\u00eb Titos \u00ebsht\u00eb utopike dhe e d\u00ebmshme, por nuk besoj se dikush k\u00ebt\u00eb edhe e beson edhe pe thirret n\u00eb te&#8230;?!!!<\/p>\n","protected":false},"excerpt":{"rendered":"<p>Shkruan Muhamet Nika \u00c7FAR\u00cb T\u00cb B\u00cbHET ME PRON\u00cbN E ND\u00cbRRMARRJEVE PUBLIKE N\u00cb PRAG T\u00cb TRANSFORMIMIT Q\u00cb DUHET KRYER Sikur t\u00eb montohej detektori i g\u00ebnjeshtrave Pash \u00ebnd\u00ebrr se pasi u mblodh\u00ebn parlamentar\u00ebt p\u00ebr t\u00eb debatuar p\u00ebr fatin e pronave t\u00eb sektorit publik q\u00eb gjoja rrezikohen nga proceset e mundshme gjyq\u00ebsore, atyre , iu tha se n\u00eb [&hellip;]<\/p>\n","protected":false},"author":1,"featured_media":0,"comment_status":"closed","ping_status":"closed","sticky":false,"template":"","format":"standard","meta":{"spay_email":"","jetpack_publicize_message":"","jetpack_is_tweetstorm":false,"jetpack_publicize_feature_enabled":true},"categories":[1,14249],"tags":[],"jetpack_publicize_connections":[],"yoast_head":"<!-- This site is optimized with the Yoast SEO plugin v19.1 - https:\/\/yoast.com\/wordpress\/plugins\/seo\/ -->\n<title>Nika: Prona publike e Ulqinit po tjet\u00ebrsohet, kurse komuna po shpron\u00ebsohet - Lajme nga Ulqini<\/title>\n<meta name=\"description\" content=\"Shkruan Muhamet Nika \u00c7FAR\u00cb T\u00cb B\u00cbHET ME PRON\u00cbN E ND\u00cbRRMARRJEVE PUBLIKE N\u00cb PRAG T\u00cb TRANSFORMIMIT Q\u00cb DUHET KRYER Sikur t\u00eb montohej detektori i g\u00ebnjeshtrave\" \/>\n<meta name=\"robots\" content=\"index, follow, max-snippet:-1, max-image-preview:large, max-video-preview:-1\" \/>\n<link rel=\"canonical\" href=\"https:\/\/www.visit-ulcinj.com\/blog\/2015\/01\/15\/nika-prona-publike-e-ulqinit-po-tjetersohet-kurse-komuna-po-shpronesohet\/\" \/>\n<meta property=\"og:locale\" content=\"en_US\" \/>\n<meta property=\"og:type\" content=\"article\" \/>\n<meta property=\"og:title\" content=\"Nika: Prona publike e Ulqinit po tjet\u00ebrsohet, kurse komuna po shpron\u00ebsohet - Lajme nga Ulqini\" \/>\n<meta property=\"og:description\" content=\"Shkruan Muhamet Nika \u00c7FAR\u00cb T\u00cb B\u00cbHET ME PRON\u00cbN E ND\u00cbRRMARRJEVE PUBLIKE N\u00cb PRAG T\u00cb TRANSFORMIMIT Q\u00cb DUHET KRYER Sikur t\u00eb montohej detektori i g\u00ebnjeshtrave\" \/>\n<meta property=\"og:url\" content=\"https:\/\/www.visit-ulcinj.com\/blog\/2015\/01\/15\/nika-prona-publike-e-ulqinit-po-tjetersohet-kurse-komuna-po-shpronesohet\/\" \/>\n<meta property=\"og:site_name\" content=\"Lajme nga Ulqini\" \/>\n<meta property=\"article:published_time\" content=\"2015-01-15T15:13:24+00:00\" \/>\n<meta property=\"article:modified_time\" content=\"2015-01-16T05:17:56+00:00\" \/>\n<meta property=\"og:image\" content=\"http:\/\/www.visit-ulcinj.com\/blog\/wp-content\/uploads\/2014\/02\/Disco-FAMA-Ulcinj-Ulqini.jpg\" \/>\n<meta name=\"twitter:label1\" content=\"Written by\" \/>\n\t<meta name=\"twitter:data1\" content=\"ulqini\" \/>\n\t<meta name=\"twitter:label2\" content=\"Est. reading time\" \/>\n\t<meta name=\"twitter:data2\" content=\"6 minutes\" \/>\n<script type=\"application\/ld+json\" class=\"yoast-schema-graph\">{\"@context\":\"https:\/\/schema.org\",\"@graph\":[{\"@type\":\"WebSite\",\"@id\":\"https:\/\/www.visit-ulcinj.com\/blog\/#website\",\"url\":\"https:\/\/www.visit-ulcinj.com\/blog\/\",\"name\":\"Lajme nga Ulqini\",\"description\":\"Lajme,Vijesti,Ulqini,Ulqin,Crna Gora,Mali i Zi\",\"potentialAction\":[{\"@type\":\"SearchAction\",\"target\":{\"@type\":\"EntryPoint\",\"urlTemplate\":\"https:\/\/www.visit-ulcinj.com\/blog\/?s={search_term_string}\"},\"query-input\":\"required name=search_term_string\"}],\"inLanguage\":\"en-US\"},{\"@type\":\"ImageObject\",\"inLanguage\":\"en-US\",\"@id\":\"https:\/\/www.visit-ulcinj.com\/blog\/2015\/01\/15\/nika-prona-publike-e-ulqinit-po-tjetersohet-kurse-komuna-po-shpronesohet\/#primaryimage\",\"url\":\"https:\/\/www.visit-ulcinj.com\/blog\/wp-content\/uploads\/2014\/02\/Disco-FAMA-Ulcinj-Ulqini.jpg\",\"contentUrl\":\"https:\/\/www.visit-ulcinj.com\/blog\/wp-content\/uploads\/2014\/02\/Disco-FAMA-Ulcinj-Ulqini.jpg\",\"width\":960,\"height\":640},{\"@type\":\"WebPage\",\"@id\":\"https:\/\/www.visit-ulcinj.com\/blog\/2015\/01\/15\/nika-prona-publike-e-ulqinit-po-tjetersohet-kurse-komuna-po-shpronesohet\/#webpage\",\"url\":\"https:\/\/www.visit-ulcinj.com\/blog\/2015\/01\/15\/nika-prona-publike-e-ulqinit-po-tjetersohet-kurse-komuna-po-shpronesohet\/\",\"name\":\"Nika: Prona publike e Ulqinit po tjet\u00ebrsohet, kurse komuna po shpron\u00ebsohet - Lajme nga Ulqini\",\"isPartOf\":{\"@id\":\"https:\/\/www.visit-ulcinj.com\/blog\/#website\"},\"primaryImageOfPage\":{\"@id\":\"https:\/\/www.visit-ulcinj.com\/blog\/2015\/01\/15\/nika-prona-publike-e-ulqinit-po-tjetersohet-kurse-komuna-po-shpronesohet\/#primaryimage\"},\"datePublished\":\"2015-01-15T15:13:24+00:00\",\"dateModified\":\"2015-01-16T05:17:56+00:00\",\"author\":{\"@id\":\"https:\/\/www.visit-ulcinj.com\/blog\/#\/schema\/person\/dcab619c614d3038751c63bc2aadc06d\"},\"description\":\"Shkruan Muhamet Nika \u00c7FAR\u00cb T\u00cb B\u00cbHET ME PRON\u00cbN E ND\u00cbRRMARRJEVE PUBLIKE N\u00cb PRAG T\u00cb TRANSFORMIMIT Q\u00cb DUHET KRYER Sikur t\u00eb montohej detektori i g\u00ebnjeshtrave\",\"breadcrumb\":{\"@id\":\"https:\/\/www.visit-ulcinj.com\/blog\/2015\/01\/15\/nika-prona-publike-e-ulqinit-po-tjetersohet-kurse-komuna-po-shpronesohet\/#breadcrumb\"},\"inLanguage\":\"en-US\",\"potentialAction\":[{\"@type\":\"ReadAction\",\"target\":[\"https:\/\/www.visit-ulcinj.com\/blog\/2015\/01\/15\/nika-prona-publike-e-ulqinit-po-tjetersohet-kurse-komuna-po-shpronesohet\/\"]}]},{\"@type\":\"BreadcrumbList\",\"@id\":\"https:\/\/www.visit-ulcinj.com\/blog\/2015\/01\/15\/nika-prona-publike-e-ulqinit-po-tjetersohet-kurse-komuna-po-shpronesohet\/#breadcrumb\",\"itemListElement\":[{\"@type\":\"ListItem\",\"position\":1,\"name\":\"Nika: Prona publike e Ulqinit po tjet\u00ebrsohet, kurse komuna po shpron\u00ebsohet\"}]},{\"@type\":\"Person\",\"@id\":\"https:\/\/www.visit-ulcinj.com\/blog\/#\/schema\/person\/dcab619c614d3038751c63bc2aadc06d\",\"name\":\"ulqini\",\"sameAs\":[\"http:\/\/www.visit-ulcinj.com\"],\"url\":\"https:\/\/www.visit-ulcinj.com\/blog\/author\/admin\/\"}]}<\/script>\n<!-- \/ Yoast SEO plugin. -->","yoast_head_json":{"title":"Nika: Prona publike e Ulqinit po tjet\u00ebrsohet, kurse komuna po shpron\u00ebsohet - Lajme nga Ulqini","description":"Shkruan Muhamet Nika \u00c7FAR\u00cb T\u00cb B\u00cbHET ME PRON\u00cbN E ND\u00cbRRMARRJEVE PUBLIKE N\u00cb PRAG T\u00cb TRANSFORMIMIT Q\u00cb DUHET KRYER Sikur t\u00eb montohej detektori i g\u00ebnjeshtrave","robots":{"index":"index","follow":"follow","max-snippet":"max-snippet:-1","max-image-preview":"max-image-preview:large","max-video-preview":"max-video-preview:-1"},"canonical":"https:\/\/www.visit-ulcinj.com\/blog\/2015\/01\/15\/nika-prona-publike-e-ulqinit-po-tjetersohet-kurse-komuna-po-shpronesohet\/","og_locale":"en_US","og_type":"article","og_title":"Nika: Prona publike e Ulqinit po tjet\u00ebrsohet, kurse komuna po shpron\u00ebsohet - Lajme nga Ulqini","og_description":"Shkruan Muhamet Nika \u00c7FAR\u00cb T\u00cb B\u00cbHET ME PRON\u00cbN E ND\u00cbRRMARRJEVE PUBLIKE N\u00cb PRAG T\u00cb TRANSFORMIMIT Q\u00cb DUHET KRYER Sikur t\u00eb montohej detektori i g\u00ebnjeshtrave","og_url":"https:\/\/www.visit-ulcinj.com\/blog\/2015\/01\/15\/nika-prona-publike-e-ulqinit-po-tjetersohet-kurse-komuna-po-shpronesohet\/","og_site_name":"Lajme nga Ulqini","article_published_time":"2015-01-15T15:13:24+00:00","article_modified_time":"2015-01-16T05:17:56+00:00","og_image":[{"url":"http:\/\/www.visit-ulcinj.com\/blog\/wp-content\/uploads\/2014\/02\/Disco-FAMA-Ulcinj-Ulqini.jpg"}],"twitter_misc":{"Written by":"ulqini","Est. reading time":"6 minutes"},"schema":{"@context":"https:\/\/schema.org","@graph":[{"@type":"WebSite","@id":"https:\/\/www.visit-ulcinj.com\/blog\/#website","url":"https:\/\/www.visit-ulcinj.com\/blog\/","name":"Lajme nga Ulqini","description":"Lajme,Vijesti,Ulqini,Ulqin,Crna Gora,Mali i Zi","potentialAction":[{"@type":"SearchAction","target":{"@type":"EntryPoint","urlTemplate":"https:\/\/www.visit-ulcinj.com\/blog\/?s={search_term_string}"},"query-input":"required name=search_term_string"}],"inLanguage":"en-US"},{"@type":"ImageObject","inLanguage":"en-US","@id":"https:\/\/www.visit-ulcinj.com\/blog\/2015\/01\/15\/nika-prona-publike-e-ulqinit-po-tjetersohet-kurse-komuna-po-shpronesohet\/#primaryimage","url":"https:\/\/www.visit-ulcinj.com\/blog\/wp-content\/uploads\/2014\/02\/Disco-FAMA-Ulcinj-Ulqini.jpg","contentUrl":"https:\/\/www.visit-ulcinj.com\/blog\/wp-content\/uploads\/2014\/02\/Disco-FAMA-Ulcinj-Ulqini.jpg","width":960,"height":640},{"@type":"WebPage","@id":"https:\/\/www.visit-ulcinj.com\/blog\/2015\/01\/15\/nika-prona-publike-e-ulqinit-po-tjetersohet-kurse-komuna-po-shpronesohet\/#webpage","url":"https:\/\/www.visit-ulcinj.com\/blog\/2015\/01\/15\/nika-prona-publike-e-ulqinit-po-tjetersohet-kurse-komuna-po-shpronesohet\/","name":"Nika: Prona publike e Ulqinit po tjet\u00ebrsohet, kurse komuna po shpron\u00ebsohet - Lajme nga Ulqini","isPartOf":{"@id":"https:\/\/www.visit-ulcinj.com\/blog\/#website"},"primaryImageOfPage":{"@id":"https:\/\/www.visit-ulcinj.com\/blog\/2015\/01\/15\/nika-prona-publike-e-ulqinit-po-tjetersohet-kurse-komuna-po-shpronesohet\/#primaryimage"},"datePublished":"2015-01-15T15:13:24+00:00","dateModified":"2015-01-16T05:17:56+00:00","author":{"@id":"https:\/\/www.visit-ulcinj.com\/blog\/#\/schema\/person\/dcab619c614d3038751c63bc2aadc06d"},"description":"Shkruan Muhamet Nika \u00c7FAR\u00cb T\u00cb B\u00cbHET ME PRON\u00cbN E ND\u00cbRRMARRJEVE PUBLIKE N\u00cb PRAG T\u00cb TRANSFORMIMIT Q\u00cb DUHET KRYER Sikur t\u00eb montohej detektori i g\u00ebnjeshtrave","breadcrumb":{"@id":"https:\/\/www.visit-ulcinj.com\/blog\/2015\/01\/15\/nika-prona-publike-e-ulqinit-po-tjetersohet-kurse-komuna-po-shpronesohet\/#breadcrumb"},"inLanguage":"en-US","potentialAction":[{"@type":"ReadAction","target":["https:\/\/www.visit-ulcinj.com\/blog\/2015\/01\/15\/nika-prona-publike-e-ulqinit-po-tjetersohet-kurse-komuna-po-shpronesohet\/"]}]},{"@type":"BreadcrumbList","@id":"https:\/\/www.visit-ulcinj.com\/blog\/2015\/01\/15\/nika-prona-publike-e-ulqinit-po-tjetersohet-kurse-komuna-po-shpronesohet\/#breadcrumb","itemListElement":[{"@type":"ListItem","position":1,"name":"Nika: Prona publike e Ulqinit po tjet\u00ebrsohet, kurse komuna po shpron\u00ebsohet"}]},{"@type":"Person","@id":"https:\/\/www.visit-ulcinj.com\/blog\/#\/schema\/person\/dcab619c614d3038751c63bc2aadc06d","name":"ulqini","sameAs":["http:\/\/www.visit-ulcinj.com"],"url":"https:\/\/www.visit-ulcinj.com\/blog\/author\/admin\/"}]}},"jetpack_featured_media_url":"","jetpack_sharing_enabled":true,"jetpack_shortlink":"https:\/\/wp.me\/pe6lTn-mPs","_links":{"self":[{"href":"https:\/\/www.visit-ulcinj.com\/blog\/wp-json\/wp\/v2\/posts\/87758"}],"collection":[{"href":"https:\/\/www.visit-ulcinj.com\/blog\/wp-json\/wp\/v2\/posts"}],"about":[{"href":"https:\/\/www.visit-ulcinj.com\/blog\/wp-json\/wp\/v2\/types\/post"}],"author":[{"embeddable":true,"href":"https:\/\/www.visit-ulcinj.com\/blog\/wp-json\/wp\/v2\/users\/1"}],"replies":[{"embeddable":true,"href":"https:\/\/www.visit-ulcinj.com\/blog\/wp-json\/wp\/v2\/comments?post=87758"}],"version-history":[{"count":1,"href":"https:\/\/www.visit-ulcinj.com\/blog\/wp-json\/wp\/v2\/posts\/87758\/revisions"}],"predecessor-version":[{"id":87759,"href":"https:\/\/www.visit-ulcinj.com\/blog\/wp-json\/wp\/v2\/posts\/87758\/revisions\/87759"}],"wp:attachment":[{"href":"https:\/\/www.visit-ulcinj.com\/blog\/wp-json\/wp\/v2\/media?parent=87758"}],"wp:term":[{"taxonomy":"category","embeddable":true,"href":"https:\/\/www.visit-ulcinj.com\/blog\/wp-json\/wp\/v2\/categories?post=87758"},{"taxonomy":"post_tag","embeddable":true,"href":"https:\/\/www.visit-ulcinj.com\/blog\/wp-json\/wp\/v2\/tags?post=87758"}],"curies":[{"name":"wp","href":"https:\/\/api.w.org\/{rel}","templated":true}]}}