{"id":87760,"date":"2015-01-15T22:05:38","date_gmt":"2015-01-15T21:05:38","guid":{"rendered":"http:\/\/www.visit-ulcinj.com\/blog\/?p=87760"},"modified":"2015-01-15T22:06:25","modified_gmt":"2015-01-15T21:06:25","slug":"memoriam-fadil-sula","status":"publish","type":"post","link":"https:\/\/www.visit-ulcinj.com\/blog\/2015\/01\/15\/memoriam-fadil-sula\/","title":{"rendered":"In Memoriam Fadil Sula"},"content":{"rendered":"<p><a href=\"http:\/\/www.visit-ulcinj.com\/blog\/wp-content\/uploads\/2015\/01\/Fadil-Sula-Ulqin-Ulcinj.jpg\"><img loading=\"lazy\" class=\"alignleft wp-image-87761\" src=\"http:\/\/www.visit-ulcinj.com\/blog\/wp-content\/uploads\/2015\/01\/Fadil-Sula-Ulqin-Ulcinj.jpg\" alt=\"Fadil Sula-Ulqin-Ulcinj\" width=\"508\" height=\"381\" srcset=\"https:\/\/www.visit-ulcinj.com\/blog\/wp-content\/uploads\/2015\/01\/Fadil-Sula-Ulqin-Ulcinj.jpg 720w, https:\/\/www.visit-ulcinj.com\/blog\/wp-content\/uploads\/2015\/01\/Fadil-Sula-Ulqin-Ulcinj-300x225.jpg 300w\" sizes=\"(max-width: 508px) 100vw, 508px\" \/><\/a>Sot, t\u00eb enjten, m\u00eb 15. janar 2015 n\u00eb mosh\u00ebn 89 vje\u00e7are ndroi jet\u00eb FADIL SULA.<br \/>\nFadili ka qen\u00eb nj\u00eb nd\u00ebr pun\u00ebtor\u00ebt e par\u00eb t\u00eb turizmit ton\u00eb n\u00eb Ulqin, <span class=\"text_exposed_show\">dhe pa dyshim ka l\u00ebn\u00eb gjurm\u00eb t\u00eb pashlyera. S\u00eb bashku m\u00eb nj\u00eb plejad\u00eb pun\u00ebtor\u00ebsh turistik\u00eb, t\u00eb them\u00eb m\u00eb mir\u00eb artist\u00ebsh n\u00eb hoteleri, si\u00e7 kan\u00eb qen\u00eb Qazim &#8211; Qako Quku, Kemal Resulbegu, Bim Kahari, Ismail Bushati dhe shum\u00eb t\u00eb tjer\u00eb, kan\u00eb qen\u00eb t\u00eb par\u00ebt q\u00eb kan\u00eb vendosur gurthemelet e hoteleris\u00eb te ne n\u00eb Ulqin. Shum\u00eb nga k\u00ebto nuk jetojn\u00eb m\u00eb. Sot ka ndru jet\u00eb edhe Fadili, por ne duhet ti nxjerrim nga harresa, sepse ato jan\u00eb baza e fillimeve t\u00eb turizmit ton\u00eb.<br \/>\nFadili, pa dyshim ka qen\u00eb nj\u00ebri nga ato, i cili gjenden n\u00eb majen e piramid\u00ebs e k\u00ebtij grupi pun\u00ebtor\u00ebsh turistik. Gjithmon\u00eb ka qen\u00eb i veshur n\u00eb m\u00ebnyr\u00eb elegante dhe ka sh\u00ebrbyer si shembull, se si duhet t\u00eb duket nj\u00eb pun\u00ebtor n\u00eb hoteleri, pasi q\u00eb kamarijeri ka qen\u00eb kontakti i par\u00eb dhe p\u00ebrshtypja e par\u00eb e mysafirit n\u00eb hotel. Fadili ka punuar n\u00eb t\u00eb gjitha objektet e hoteleris\u00eb son\u00eb, duke filluar prej ati m\u00eb t\u00eb parit &#8220;Republika&#8221; dhe p\u00ebrfunduar me &#8220;Galeb&#8221;, i cili ka qen\u00eb simboli i turizmit ton\u00eb.<br \/>\nPrandaj, Fadil Sula ka qen\u00eb, dhe ka me mbet\u00eb n\u00eb kujtes\u00ebn e shum\u00eb gjeneratava, si nj\u00eb figur markante e t\u00eb atyre koh\u00ebve t\u00eb arta t\u00eb turizmit ton\u00eb. RAHMET PAST.<\/span><\/p>\n<div class=\"text_exposed_show\">\n<p>DANAS je u 89 godini preminuo gospodin Fadil SULA jedan od doajena ugostiteljstva kod nas u Ulcinju. Sa jednom grupom starijih turisti\u010dkih radnika, kojih na\u017ealost nema vi\u0161e me\u0111u nama, pripadao je eliti na\u0161eg hotelijerstva iz onih zlatnih vremena na\u0161eg turizma.<br \/>\nTekst o njemu napisao sam jo\u0161 2010. godine. Ponovio sam ga i danas, na vijest o njegovoj smrti. To sam uradio zbog toga, da bi se oni mla\u0111i \u010ditaoci prisje\u0107ali na njega, i na njegov mali &#8220;Tomos&#8221;, kojim je svakodnevno dolazio do Pristana. Nije mogao bez Pristana. U njemu je uglavnom i proveo svoj radni vijek, po\u010dev\u0161i od hotela &#8220;Republika&#8221; , &#8220;Tri Ribara&#8221; , &#8220;Pivnice&#8221; , hotela &#8220;Jadrana&#8221; i na kraju &#8220;Galeba&#8221;. Bio je uvijek elegantano obu\u010den, pa \u010dak i kao stariji se nije odvajao od kravate . \u010citao je bez nao\u010dara .<br \/>\nBio je zaista markantan, ali skroman i ugla\u0111en gospodin, bez obzira na breme godina koje je sve do prije par dana uspje\u0161no nosio. Na samom kraju, njegovo je srce prestalo da kuca i ovaj divni \u010dovjek se preselio u Ahiret.. Neka mu je rahmet .<\/p>\n<p class=\"_5pbw\" data-ft=\"{&quot;tn&quot;:&quot;C&quot;}\"><strong><span class=\"fwb fcg\" data-ft=\"{&quot;tn&quot;:&quot;;&quot;}\"><a id=\"js_2m\" href=\"https:\/\/www.facebook.com\/ismet.karamanaga?fref=nf\" data-hovercard=\"\/ajax\/hovercard\/user.php?id=1359492972&amp;extragetparams=%7B%22fref%22%3A%22nf%22%7D\">Ismet Karamanaga Facebook<\/a><\/span><\/strong><\/p>\n<\/div>\n","protected":false},"excerpt":{"rendered":"<p>Sot, t\u00eb enjten, m\u00eb 15. janar 2015 n\u00eb mosh\u00ebn 89 vje\u00e7are ndroi jet\u00eb FADIL SULA. Fadili ka qen\u00eb nj\u00eb nd\u00ebr pun\u00ebtor\u00ebt e par\u00eb t\u00eb turizmit ton\u00eb n\u00eb Ulqin, dhe pa dyshim ka l\u00ebn\u00eb gjurm\u00eb t\u00eb pashlyera. S\u00eb bashku m\u00eb nj\u00eb plejad\u00eb pun\u00ebtor\u00ebsh turistik\u00eb, t\u00eb them\u00eb m\u00eb mir\u00eb artist\u00ebsh n\u00eb hoteleri, si\u00e7 kan\u00eb qen\u00eb Qazim &#8211; [&hellip;]<\/p>\n","protected":false},"author":1,"featured_media":0,"comment_status":"closed","ping_status":"closed","sticky":false,"template":"","format":"standard","meta":{"spay_email":"","jetpack_publicize_message":"","jetpack_is_tweetstorm":false,"jetpack_publicize_feature_enabled":true},"categories":[6950],"tags":[],"jetpack_publicize_connections":[],"yoast_head":"<!-- This site is optimized with the Yoast SEO plugin v19.1 - https:\/\/yoast.com\/wordpress\/plugins\/seo\/ -->\n<title>In Memoriam Fadil Sula - Lajme nga Ulqini<\/title>\n<meta name=\"description\" content=\"Sot, t\u00eb enjten, m\u00eb 15. janar 2015 n\u00eb mosh\u00ebn 89 vje\u00e7are ndroi jet\u00eb FADIL SULA. Fadili ka qen\u00eb nj\u00eb nd\u00ebr pun\u00ebtor\u00ebt e par\u00eb t\u00eb turizmit ton\u00eb n\u00eb Ulqin, dhe pa\" \/>\n<meta name=\"robots\" content=\"index, follow, max-snippet:-1, max-image-preview:large, max-video-preview:-1\" \/>\n<link rel=\"canonical\" href=\"https:\/\/www.visit-ulcinj.com\/blog\/2015\/01\/15\/memoriam-fadil-sula\/\" \/>\n<meta property=\"og:locale\" content=\"en_US\" \/>\n<meta property=\"og:type\" content=\"article\" \/>\n<meta property=\"og:title\" content=\"In Memoriam Fadil Sula - Lajme nga Ulqini\" \/>\n<meta property=\"og:description\" content=\"Sot, t\u00eb enjten, m\u00eb 15. janar 2015 n\u00eb mosh\u00ebn 89 vje\u00e7are ndroi jet\u00eb FADIL SULA. Fadili ka qen\u00eb nj\u00eb nd\u00ebr pun\u00ebtor\u00ebt e par\u00eb t\u00eb turizmit ton\u00eb n\u00eb Ulqin, dhe pa\" \/>\n<meta property=\"og:url\" content=\"https:\/\/www.visit-ulcinj.com\/blog\/2015\/01\/15\/memoriam-fadil-sula\/\" \/>\n<meta property=\"og:site_name\" content=\"Lajme nga Ulqini\" \/>\n<meta property=\"article:published_time\" content=\"2015-01-15T21:05:38+00:00\" \/>\n<meta property=\"article:modified_time\" content=\"2015-01-15T21:06:25+00:00\" \/>\n<meta property=\"og:image\" content=\"http:\/\/www.visit-ulcinj.com\/blog\/wp-content\/uploads\/2015\/01\/Fadil-Sula-Ulqin-Ulcinj.jpg\" \/>\n<meta name=\"twitter:label1\" content=\"Written by\" \/>\n\t<meta name=\"twitter:data1\" content=\"ulqini\" \/>\n\t<meta name=\"twitter:label2\" content=\"Est. reading time\" \/>\n\t<meta name=\"twitter:data2\" content=\"2 minutes\" \/>\n<script type=\"application\/ld+json\" class=\"yoast-schema-graph\">{\"@context\":\"https:\/\/schema.org\",\"@graph\":[{\"@type\":\"WebSite\",\"@id\":\"https:\/\/www.visit-ulcinj.com\/blog\/#website\",\"url\":\"https:\/\/www.visit-ulcinj.com\/blog\/\",\"name\":\"Lajme nga Ulqini\",\"description\":\"Lajme,Vijesti,Ulqini,Ulqin,Crna Gora,Mali i Zi\",\"potentialAction\":[{\"@type\":\"SearchAction\",\"target\":{\"@type\":\"EntryPoint\",\"urlTemplate\":\"https:\/\/www.visit-ulcinj.com\/blog\/?s={search_term_string}\"},\"query-input\":\"required name=search_term_string\"}],\"inLanguage\":\"en-US\"},{\"@type\":\"ImageObject\",\"inLanguage\":\"en-US\",\"@id\":\"https:\/\/www.visit-ulcinj.com\/blog\/2015\/01\/15\/memoriam-fadil-sula\/#primaryimage\",\"url\":\"https:\/\/www.visit-ulcinj.com\/blog\/wp-content\/uploads\/2015\/01\/Fadil-Sula-Ulqin-Ulcinj.jpg\",\"contentUrl\":\"https:\/\/www.visit-ulcinj.com\/blog\/wp-content\/uploads\/2015\/01\/Fadil-Sula-Ulqin-Ulcinj.jpg\",\"width\":720,\"height\":540},{\"@type\":\"WebPage\",\"@id\":\"https:\/\/www.visit-ulcinj.com\/blog\/2015\/01\/15\/memoriam-fadil-sula\/#webpage\",\"url\":\"https:\/\/www.visit-ulcinj.com\/blog\/2015\/01\/15\/memoriam-fadil-sula\/\",\"name\":\"In Memoriam Fadil Sula - Lajme nga Ulqini\",\"isPartOf\":{\"@id\":\"https:\/\/www.visit-ulcinj.com\/blog\/#website\"},\"primaryImageOfPage\":{\"@id\":\"https:\/\/www.visit-ulcinj.com\/blog\/2015\/01\/15\/memoriam-fadil-sula\/#primaryimage\"},\"datePublished\":\"2015-01-15T21:05:38+00:00\",\"dateModified\":\"2015-01-15T21:06:25+00:00\",\"author\":{\"@id\":\"https:\/\/www.visit-ulcinj.com\/blog\/#\/schema\/person\/dcab619c614d3038751c63bc2aadc06d\"},\"description\":\"Sot, t\u00eb enjten, m\u00eb 15. janar 2015 n\u00eb mosh\u00ebn 89 vje\u00e7are ndroi jet\u00eb FADIL SULA. Fadili ka qen\u00eb nj\u00eb nd\u00ebr pun\u00ebtor\u00ebt e par\u00eb t\u00eb turizmit ton\u00eb n\u00eb Ulqin, dhe pa\",\"breadcrumb\":{\"@id\":\"https:\/\/www.visit-ulcinj.com\/blog\/2015\/01\/15\/memoriam-fadil-sula\/#breadcrumb\"},\"inLanguage\":\"en-US\",\"potentialAction\":[{\"@type\":\"ReadAction\",\"target\":[\"https:\/\/www.visit-ulcinj.com\/blog\/2015\/01\/15\/memoriam-fadil-sula\/\"]}]},{\"@type\":\"BreadcrumbList\",\"@id\":\"https:\/\/www.visit-ulcinj.com\/blog\/2015\/01\/15\/memoriam-fadil-sula\/#breadcrumb\",\"itemListElement\":[{\"@type\":\"ListItem\",\"position\":1,\"name\":\"In Memoriam Fadil Sula\"}]},{\"@type\":\"Person\",\"@id\":\"https:\/\/www.visit-ulcinj.com\/blog\/#\/schema\/person\/dcab619c614d3038751c63bc2aadc06d\",\"name\":\"ulqini\",\"sameAs\":[\"http:\/\/www.visit-ulcinj.com\"],\"url\":\"https:\/\/www.visit-ulcinj.com\/blog\/author\/admin\/\"}]}<\/script>\n<!-- \/ Yoast SEO plugin. -->","yoast_head_json":{"title":"In Memoriam Fadil Sula - Lajme nga Ulqini","description":"Sot, t\u00eb enjten, m\u00eb 15. janar 2015 n\u00eb mosh\u00ebn 89 vje\u00e7are ndroi jet\u00eb FADIL SULA. Fadili ka qen\u00eb nj\u00eb nd\u00ebr pun\u00ebtor\u00ebt e par\u00eb t\u00eb turizmit ton\u00eb n\u00eb Ulqin, dhe pa","robots":{"index":"index","follow":"follow","max-snippet":"max-snippet:-1","max-image-preview":"max-image-preview:large","max-video-preview":"max-video-preview:-1"},"canonical":"https:\/\/www.visit-ulcinj.com\/blog\/2015\/01\/15\/memoriam-fadil-sula\/","og_locale":"en_US","og_type":"article","og_title":"In Memoriam Fadil Sula - Lajme nga Ulqini","og_description":"Sot, t\u00eb enjten, m\u00eb 15. janar 2015 n\u00eb mosh\u00ebn 89 vje\u00e7are ndroi jet\u00eb FADIL SULA. Fadili ka qen\u00eb nj\u00eb nd\u00ebr pun\u00ebtor\u00ebt e par\u00eb t\u00eb turizmit ton\u00eb n\u00eb Ulqin, dhe pa","og_url":"https:\/\/www.visit-ulcinj.com\/blog\/2015\/01\/15\/memoriam-fadil-sula\/","og_site_name":"Lajme nga Ulqini","article_published_time":"2015-01-15T21:05:38+00:00","article_modified_time":"2015-01-15T21:06:25+00:00","og_image":[{"url":"http:\/\/www.visit-ulcinj.com\/blog\/wp-content\/uploads\/2015\/01\/Fadil-Sula-Ulqin-Ulcinj.jpg"}],"twitter_misc":{"Written by":"ulqini","Est. reading time":"2 minutes"},"schema":{"@context":"https:\/\/schema.org","@graph":[{"@type":"WebSite","@id":"https:\/\/www.visit-ulcinj.com\/blog\/#website","url":"https:\/\/www.visit-ulcinj.com\/blog\/","name":"Lajme nga Ulqini","description":"Lajme,Vijesti,Ulqini,Ulqin,Crna Gora,Mali i Zi","potentialAction":[{"@type":"SearchAction","target":{"@type":"EntryPoint","urlTemplate":"https:\/\/www.visit-ulcinj.com\/blog\/?s={search_term_string}"},"query-input":"required name=search_term_string"}],"inLanguage":"en-US"},{"@type":"ImageObject","inLanguage":"en-US","@id":"https:\/\/www.visit-ulcinj.com\/blog\/2015\/01\/15\/memoriam-fadil-sula\/#primaryimage","url":"https:\/\/www.visit-ulcinj.com\/blog\/wp-content\/uploads\/2015\/01\/Fadil-Sula-Ulqin-Ulcinj.jpg","contentUrl":"https:\/\/www.visit-ulcinj.com\/blog\/wp-content\/uploads\/2015\/01\/Fadil-Sula-Ulqin-Ulcinj.jpg","width":720,"height":540},{"@type":"WebPage","@id":"https:\/\/www.visit-ulcinj.com\/blog\/2015\/01\/15\/memoriam-fadil-sula\/#webpage","url":"https:\/\/www.visit-ulcinj.com\/blog\/2015\/01\/15\/memoriam-fadil-sula\/","name":"In Memoriam Fadil Sula - Lajme nga Ulqini","isPartOf":{"@id":"https:\/\/www.visit-ulcinj.com\/blog\/#website"},"primaryImageOfPage":{"@id":"https:\/\/www.visit-ulcinj.com\/blog\/2015\/01\/15\/memoriam-fadil-sula\/#primaryimage"},"datePublished":"2015-01-15T21:05:38+00:00","dateModified":"2015-01-15T21:06:25+00:00","author":{"@id":"https:\/\/www.visit-ulcinj.com\/blog\/#\/schema\/person\/dcab619c614d3038751c63bc2aadc06d"},"description":"Sot, t\u00eb enjten, m\u00eb 15. janar 2015 n\u00eb mosh\u00ebn 89 vje\u00e7are ndroi jet\u00eb FADIL SULA. Fadili ka qen\u00eb nj\u00eb nd\u00ebr pun\u00ebtor\u00ebt e par\u00eb t\u00eb turizmit ton\u00eb n\u00eb Ulqin, dhe pa","breadcrumb":{"@id":"https:\/\/www.visit-ulcinj.com\/blog\/2015\/01\/15\/memoriam-fadil-sula\/#breadcrumb"},"inLanguage":"en-US","potentialAction":[{"@type":"ReadAction","target":["https:\/\/www.visit-ulcinj.com\/blog\/2015\/01\/15\/memoriam-fadil-sula\/"]}]},{"@type":"BreadcrumbList","@id":"https:\/\/www.visit-ulcinj.com\/blog\/2015\/01\/15\/memoriam-fadil-sula\/#breadcrumb","itemListElement":[{"@type":"ListItem","position":1,"name":"In Memoriam Fadil Sula"}]},{"@type":"Person","@id":"https:\/\/www.visit-ulcinj.com\/blog\/#\/schema\/person\/dcab619c614d3038751c63bc2aadc06d","name":"ulqini","sameAs":["http:\/\/www.visit-ulcinj.com"],"url":"https:\/\/www.visit-ulcinj.com\/blog\/author\/admin\/"}]}},"jetpack_featured_media_url":"","jetpack_sharing_enabled":true,"jetpack_shortlink":"https:\/\/wp.me\/pe6lTn-mPu","_links":{"self":[{"href":"https:\/\/www.visit-ulcinj.com\/blog\/wp-json\/wp\/v2\/posts\/87760"}],"collection":[{"href":"https:\/\/www.visit-ulcinj.com\/blog\/wp-json\/wp\/v2\/posts"}],"about":[{"href":"https:\/\/www.visit-ulcinj.com\/blog\/wp-json\/wp\/v2\/types\/post"}],"author":[{"embeddable":true,"href":"https:\/\/www.visit-ulcinj.com\/blog\/wp-json\/wp\/v2\/users\/1"}],"replies":[{"embeddable":true,"href":"https:\/\/www.visit-ulcinj.com\/blog\/wp-json\/wp\/v2\/comments?post=87760"}],"version-history":[{"count":2,"href":"https:\/\/www.visit-ulcinj.com\/blog\/wp-json\/wp\/v2\/posts\/87760\/revisions"}],"predecessor-version":[{"id":87763,"href":"https:\/\/www.visit-ulcinj.com\/blog\/wp-json\/wp\/v2\/posts\/87760\/revisions\/87763"}],"wp:attachment":[{"href":"https:\/\/www.visit-ulcinj.com\/blog\/wp-json\/wp\/v2\/media?parent=87760"}],"wp:term":[{"taxonomy":"category","embeddable":true,"href":"https:\/\/www.visit-ulcinj.com\/blog\/wp-json\/wp\/v2\/categories?post=87760"},{"taxonomy":"post_tag","embeddable":true,"href":"https:\/\/www.visit-ulcinj.com\/blog\/wp-json\/wp\/v2\/tags?post=87760"}],"curies":[{"name":"wp","href":"https:\/\/api.w.org\/{rel}","templated":true}]}}