{"id":87767,"date":"2015-01-15T22:46:55","date_gmt":"2015-01-15T21:46:55","guid":{"rendered":"http:\/\/www.visit-ulcinj.com\/blog\/?p=87767"},"modified":"2015-01-15T22:46:55","modified_gmt":"2015-01-15T21:46:55","slug":"mediat-malazeze-thacin-e-ruajne-si-klintonin","status":"publish","type":"post","link":"https:\/\/www.visit-ulcinj.com\/blog\/2015\/01\/15\/mediat-malazeze-thacin-e-ruajne-si-klintonin\/","title":{"rendered":"Mediat malazeze: Tha\u00e7in e ruajn\u00eb si Klintonin"},"content":{"rendered":"<div id=\"stcpDiv\"><a href=\"http:\/\/www.visit-ulcinj.com\/blog\/wp-content\/uploads\/2015\/01\/hashim-thaci-podgorice.jpg\"><img loading=\"lazy\" class=\"alignleft wp-image-87768\" src=\"http:\/\/www.visit-ulcinj.com\/blog\/wp-content\/uploads\/2015\/01\/hashim-thaci-podgorice.jpg\" alt=\"hashim-thaci-podgorice\" width=\"508\" height=\"722\" srcset=\"https:\/\/www.visit-ulcinj.com\/blog\/wp-content\/uploads\/2015\/01\/hashim-thaci-podgorice.jpg 540w, https:\/\/www.visit-ulcinj.com\/blog\/wp-content\/uploads\/2015\/01\/hashim-thaci-podgorice-211x300.jpg 211w\" sizes=\"(max-width: 508px) 100vw, 508px\" \/><\/a>Zv.Kryeministri dhe ministri i Jasht\u00ebm, Thaci,ka mb\u00ebrritur tani n\u00eb Podgoric\u00eb. Policia e k\u00ebtij shteti ka marr\u00eb masa t\u00eb shtuara policore,q\u00eb sipas mediave atje,jan\u00eb sikurse p\u00ebr Bill Klinton.\u00a0Policia e Malit t\u00eb Zi ka shtuar masat e siguris\u00eb n\u00eb rrug\u00ebt e Podgoric\u00ebs ashtu sikurse m\u00eb 11 maj t\u00eb vitit 2011, kur kryeqytetin e k\u00ebtij vendi e vizitoi ish-presidenti i Shteteve t\u00eb Bashkuara t\u00eb Amerik\u00ebs, Bill Clinton.<\/div>\n<div><\/div>\n<div>\n<div id=\"stcpDiv\">K\u00ebshtu e p\u00ebrshkruan nivelin e siguris\u00eb sot portali i s\u00eb p\u00ebrditshmes malazeze, \u201cVjesti\u201d, n\u00eb dit\u00ebn kur atje pritet t\u00eb arrij\u00eb p\u00ebr vizit\u00eb zyrtare Hashim Tha\u00e7i, z\u00ebvend\u00ebskryeminist\u00ebr dhe nj\u00ebher\u00ebsh edhe minist\u00ebr i Pun\u00ebve t\u00eb Jashtme i Republik\u00ebs s\u00eb Kosov\u00ebs.<\/p>\n<p>Sipas burimeve t\u00eb gazet\u00ebs \u201cVjesti\u201d, nj\u00eb dit\u00eb m\u00eb par\u00eb policia malazeze ka ngritur n\u00eb \u201cshkall\u00ebn nj\u00eb\u201d nivelin e siguris\u00eb, q\u00eb do t\u00eb ket\u00eb p\u00ebrgjegj\u00ebsi p\u00ebr t\u00eb ruajtur shefin e dilomacis\u00eb kosovare.<\/p>\n<p>K\u00ebto masa t\u00eb siguris\u00eb jan\u00eb shtuar duke pas\u00eb parasysh t\u00eb dh\u00ebnat q\u00eb sh\u00ebrbimi sekret malazez ka mbledhur, ku sipas informatave t\u00eb mediave t\u00eb atjeshme, Tha\u00e7i mund t\u00eb jet\u00eb edhe objekt i nj\u00eb atentati nga qarqet shoviniste serbe.<\/p>\n<p>Me gjith\u00eb k\u00ebrc\u00ebnimet e publikuara s\u00eb pari n\u00eb mediat proserbe n\u00eb Mal t\u00eb Zi, Tha\u00e7i nuk ka menduar asnj\u00ebher\u00eb t\u00eb anuloj\u00eb k\u00ebt\u00eb vizit\u00eb, nd\u00ebrsa zyrtar\u00eb t\u00eb tij, mund\u00ebsin\u00eb e nj\u00eb atentati e kan\u00eb quajtur si shantazh me porosi t\u00eb Beogradit, q\u00eb ka si q\u00ebllim minimin e raporteve t\u00eb mira nd\u00ebr-fqinj\u00ebsore q\u00eb Kosova \u00ebsht\u00eb duke nd\u00ebrtuar n\u00eb rajon.<\/p><\/div>\n<div><a href=\"http:\/\/www.visit-ulcinj.com\/blog\/wp-content\/uploads\/2015\/01\/hashim-thaci-podgorice-1.jpg\"><img loading=\"lazy\" class=\"alignleft wp-image-87769\" src=\"http:\/\/www.visit-ulcinj.com\/blog\/wp-content\/uploads\/2015\/01\/hashim-thaci-podgorice-1.jpg\" alt=\"hashim-thaci-podgorice-1\" width=\"508\" height=\"340\" srcset=\"https:\/\/www.visit-ulcinj.com\/blog\/wp-content\/uploads\/2015\/01\/hashim-thaci-podgorice-1.jpg 540w, https:\/\/www.visit-ulcinj.com\/blog\/wp-content\/uploads\/2015\/01\/hashim-thaci-podgorice-1-300x200.jpg 300w\" sizes=\"(max-width: 508px) 100vw, 508px\" \/><\/a><\/div>\n<div><\/div>\n<div>\n<div>Po sot, forca t\u00eb shtuara policore jan\u00eb par\u00eb edhe p\u00ebrpara Ambasad\u00ebs s\u00eb Republik\u00ebs s\u00eb Kosov\u00ebs n\u00eb Podgoric\u00eb, pak \u00e7aste p\u00ebrpara arritjes s\u00eb z\u00ebvend\u00ebskryeministrit Tha\u00e7i, i cili do t\u00eb ket\u00eb takime me krer\u00ebt e lart\u00eb t\u00eb shtetit malazez, p\u00ebrfshi presidentin Filip Vujanoviq dhe kryeministrin Millo Gjukanovi\u00e7.<\/p>\n<p>E nderkaq Shoqata e personave t\u00eb zhvendosur n\u00eb Mal t\u00eb Zi neser do t\u00eb mbaj\u00eb nj\u00eb protest\u00eb kund\u00ebr vizit\u00ebs s\u00eb Hashim Tha\u00e7it n\u00eb Mal t\u00eb Zi.<\/p>\n<p>Kjo shoqat\u00eb ka vendosur sllogane kund\u00ebr shkuarjes s\u00eb Tha\u00e7it n\u00eb Mal t\u00eb Zi, duke e quajtur madje edhe kriminel lufte.\u00a0Drejtori i Policis\u00eb s\u00eb Malit t\u00eb Zi Nikola Janjushevi\u00e7 per mediat e atjeshme ka th\u00ebn\u00eb se tashm\u00eb \u00ebsht\u00eb p\u00ebrgatitur nj\u00eb num\u00ebr optimal i forcave policore q\u00eb do ta v\u00ebzhgojn\u00eb k\u00ebt\u00eb tubim t\u00eb protestuesve dhe, sipas tij, ata do t\u00eb reagojn\u00eb ndaj \u00e7do tentimi p\u00ebr t\u00eb krijuar incidente.<\/p><\/div>\n<div><\/div>\n<div><strong>RTK<\/strong><\/div>\n<\/div>\n<\/div>\n","protected":false},"excerpt":{"rendered":"<p>Zv.Kryeministri dhe ministri i Jasht\u00ebm, Thaci,ka mb\u00ebrritur tani n\u00eb Podgoric\u00eb. Policia e k\u00ebtij shteti ka marr\u00eb masa t\u00eb shtuara policore,q\u00eb sipas mediave atje,jan\u00eb sikurse p\u00ebr Bill Klinton.\u00a0Policia e Malit t\u00eb Zi ka shtuar masat e siguris\u00eb n\u00eb rrug\u00ebt e Podgoric\u00ebs ashtu sikurse m\u00eb 11 maj t\u00eb vitit 2011, kur kryeqytetin e k\u00ebtij vendi e vizitoi [&hellip;]<\/p>\n","protected":false},"author":1,"featured_media":0,"comment_status":"closed","ping_status":"closed","sticky":false,"template":"","format":"standard","meta":{"spay_email":"","jetpack_publicize_message":"","jetpack_is_tweetstorm":false,"jetpack_publicize_feature_enabled":true},"categories":[6950],"tags":[],"jetpack_publicize_connections":[],"yoast_head":"<!-- This site is optimized with the Yoast SEO plugin v19.1 - https:\/\/yoast.com\/wordpress\/plugins\/seo\/ -->\n<title>Mediat malazeze: Tha\u00e7in e ruajn\u00eb si Klintonin - Lajme nga Ulqini<\/title>\n<meta name=\"description\" content=\"Zv.Kryeministri dhe ministri i Jasht\u00ebm, Thaci,ka mb\u00ebrritur tani n\u00eb Podgoric\u00eb. Policia e k\u00ebtij shteti ka marr\u00eb masa t\u00eb shtuara policore,q\u00eb sipas mediave\" \/>\n<meta name=\"robots\" content=\"index, follow, max-snippet:-1, max-image-preview:large, max-video-preview:-1\" \/>\n<link rel=\"canonical\" href=\"https:\/\/www.visit-ulcinj.com\/blog\/2015\/01\/15\/mediat-malazeze-thacin-e-ruajne-si-klintonin\/\" \/>\n<meta property=\"og:locale\" content=\"en_US\" \/>\n<meta property=\"og:type\" content=\"article\" \/>\n<meta property=\"og:title\" content=\"Mediat malazeze: Tha\u00e7in e ruajn\u00eb si Klintonin - Lajme nga Ulqini\" \/>\n<meta property=\"og:description\" content=\"Zv.Kryeministri dhe ministri i Jasht\u00ebm, Thaci,ka mb\u00ebrritur tani n\u00eb Podgoric\u00eb. Policia e k\u00ebtij shteti ka marr\u00eb masa t\u00eb shtuara policore,q\u00eb sipas mediave\" \/>\n<meta property=\"og:url\" content=\"https:\/\/www.visit-ulcinj.com\/blog\/2015\/01\/15\/mediat-malazeze-thacin-e-ruajne-si-klintonin\/\" \/>\n<meta property=\"og:site_name\" content=\"Lajme nga Ulqini\" \/>\n<meta property=\"article:published_time\" content=\"2015-01-15T21:46:55+00:00\" \/>\n<meta property=\"og:image\" content=\"http:\/\/www.visit-ulcinj.com\/blog\/wp-content\/uploads\/2015\/01\/hashim-thaci-podgorice.jpg\" \/>\n<meta name=\"twitter:label1\" content=\"Written by\" \/>\n\t<meta name=\"twitter:data1\" content=\"ulqini\" \/>\n\t<meta name=\"twitter:label2\" content=\"Est. reading time\" \/>\n\t<meta name=\"twitter:data2\" content=\"2 minutes\" \/>\n<script type=\"application\/ld+json\" class=\"yoast-schema-graph\">{\"@context\":\"https:\/\/schema.org\",\"@graph\":[{\"@type\":\"WebSite\",\"@id\":\"https:\/\/www.visit-ulcinj.com\/blog\/#website\",\"url\":\"https:\/\/www.visit-ulcinj.com\/blog\/\",\"name\":\"Lajme nga Ulqini\",\"description\":\"Lajme,Vijesti,Ulqini,Ulqin,Crna Gora,Mali i Zi\",\"potentialAction\":[{\"@type\":\"SearchAction\",\"target\":{\"@type\":\"EntryPoint\",\"urlTemplate\":\"https:\/\/www.visit-ulcinj.com\/blog\/?s={search_term_string}\"},\"query-input\":\"required name=search_term_string\"}],\"inLanguage\":\"en-US\"},{\"@type\":\"ImageObject\",\"inLanguage\":\"en-US\",\"@id\":\"https:\/\/www.visit-ulcinj.com\/blog\/2015\/01\/15\/mediat-malazeze-thacin-e-ruajne-si-klintonin\/#primaryimage\",\"url\":\"https:\/\/www.visit-ulcinj.com\/blog\/wp-content\/uploads\/2015\/01\/hashim-thaci-podgorice.jpg\",\"contentUrl\":\"https:\/\/www.visit-ulcinj.com\/blog\/wp-content\/uploads\/2015\/01\/hashim-thaci-podgorice.jpg\",\"width\":540,\"height\":767},{\"@type\":\"WebPage\",\"@id\":\"https:\/\/www.visit-ulcinj.com\/blog\/2015\/01\/15\/mediat-malazeze-thacin-e-ruajne-si-klintonin\/#webpage\",\"url\":\"https:\/\/www.visit-ulcinj.com\/blog\/2015\/01\/15\/mediat-malazeze-thacin-e-ruajne-si-klintonin\/\",\"name\":\"Mediat malazeze: Tha\u00e7in e ruajn\u00eb si Klintonin - Lajme nga Ulqini\",\"isPartOf\":{\"@id\":\"https:\/\/www.visit-ulcinj.com\/blog\/#website\"},\"primaryImageOfPage\":{\"@id\":\"https:\/\/www.visit-ulcinj.com\/blog\/2015\/01\/15\/mediat-malazeze-thacin-e-ruajne-si-klintonin\/#primaryimage\"},\"datePublished\":\"2015-01-15T21:46:55+00:00\",\"dateModified\":\"2015-01-15T21:46:55+00:00\",\"author\":{\"@id\":\"https:\/\/www.visit-ulcinj.com\/blog\/#\/schema\/person\/dcab619c614d3038751c63bc2aadc06d\"},\"description\":\"Zv.Kryeministri dhe ministri i Jasht\u00ebm, Thaci,ka mb\u00ebrritur tani n\u00eb Podgoric\u00eb. Policia e k\u00ebtij shteti ka marr\u00eb masa t\u00eb shtuara policore,q\u00eb sipas mediave\",\"breadcrumb\":{\"@id\":\"https:\/\/www.visit-ulcinj.com\/blog\/2015\/01\/15\/mediat-malazeze-thacin-e-ruajne-si-klintonin\/#breadcrumb\"},\"inLanguage\":\"en-US\",\"potentialAction\":[{\"@type\":\"ReadAction\",\"target\":[\"https:\/\/www.visit-ulcinj.com\/blog\/2015\/01\/15\/mediat-malazeze-thacin-e-ruajne-si-klintonin\/\"]}]},{\"@type\":\"BreadcrumbList\",\"@id\":\"https:\/\/www.visit-ulcinj.com\/blog\/2015\/01\/15\/mediat-malazeze-thacin-e-ruajne-si-klintonin\/#breadcrumb\",\"itemListElement\":[{\"@type\":\"ListItem\",\"position\":1,\"name\":\"Mediat malazeze: Tha\u00e7in e ruajn\u00eb si Klintonin\"}]},{\"@type\":\"Person\",\"@id\":\"https:\/\/www.visit-ulcinj.com\/blog\/#\/schema\/person\/dcab619c614d3038751c63bc2aadc06d\",\"name\":\"ulqini\",\"sameAs\":[\"http:\/\/www.visit-ulcinj.com\"],\"url\":\"https:\/\/www.visit-ulcinj.com\/blog\/author\/admin\/\"}]}<\/script>\n<!-- \/ Yoast SEO plugin. -->","yoast_head_json":{"title":"Mediat malazeze: Tha\u00e7in e ruajn\u00eb si Klintonin - Lajme nga Ulqini","description":"Zv.Kryeministri dhe ministri i Jasht\u00ebm, Thaci,ka mb\u00ebrritur tani n\u00eb Podgoric\u00eb. Policia e k\u00ebtij shteti ka marr\u00eb masa t\u00eb shtuara policore,q\u00eb sipas mediave","robots":{"index":"index","follow":"follow","max-snippet":"max-snippet:-1","max-image-preview":"max-image-preview:large","max-video-preview":"max-video-preview:-1"},"canonical":"https:\/\/www.visit-ulcinj.com\/blog\/2015\/01\/15\/mediat-malazeze-thacin-e-ruajne-si-klintonin\/","og_locale":"en_US","og_type":"article","og_title":"Mediat malazeze: Tha\u00e7in e ruajn\u00eb si Klintonin - Lajme nga Ulqini","og_description":"Zv.Kryeministri dhe ministri i Jasht\u00ebm, Thaci,ka mb\u00ebrritur tani n\u00eb Podgoric\u00eb. Policia e k\u00ebtij shteti ka marr\u00eb masa t\u00eb shtuara policore,q\u00eb sipas mediave","og_url":"https:\/\/www.visit-ulcinj.com\/blog\/2015\/01\/15\/mediat-malazeze-thacin-e-ruajne-si-klintonin\/","og_site_name":"Lajme nga Ulqini","article_published_time":"2015-01-15T21:46:55+00:00","og_image":[{"url":"http:\/\/www.visit-ulcinj.com\/blog\/wp-content\/uploads\/2015\/01\/hashim-thaci-podgorice.jpg"}],"twitter_misc":{"Written by":"ulqini","Est. reading time":"2 minutes"},"schema":{"@context":"https:\/\/schema.org","@graph":[{"@type":"WebSite","@id":"https:\/\/www.visit-ulcinj.com\/blog\/#website","url":"https:\/\/www.visit-ulcinj.com\/blog\/","name":"Lajme nga Ulqini","description":"Lajme,Vijesti,Ulqini,Ulqin,Crna Gora,Mali i Zi","potentialAction":[{"@type":"SearchAction","target":{"@type":"EntryPoint","urlTemplate":"https:\/\/www.visit-ulcinj.com\/blog\/?s={search_term_string}"},"query-input":"required name=search_term_string"}],"inLanguage":"en-US"},{"@type":"ImageObject","inLanguage":"en-US","@id":"https:\/\/www.visit-ulcinj.com\/blog\/2015\/01\/15\/mediat-malazeze-thacin-e-ruajne-si-klintonin\/#primaryimage","url":"https:\/\/www.visit-ulcinj.com\/blog\/wp-content\/uploads\/2015\/01\/hashim-thaci-podgorice.jpg","contentUrl":"https:\/\/www.visit-ulcinj.com\/blog\/wp-content\/uploads\/2015\/01\/hashim-thaci-podgorice.jpg","width":540,"height":767},{"@type":"WebPage","@id":"https:\/\/www.visit-ulcinj.com\/blog\/2015\/01\/15\/mediat-malazeze-thacin-e-ruajne-si-klintonin\/#webpage","url":"https:\/\/www.visit-ulcinj.com\/blog\/2015\/01\/15\/mediat-malazeze-thacin-e-ruajne-si-klintonin\/","name":"Mediat malazeze: Tha\u00e7in e ruajn\u00eb si Klintonin - Lajme nga Ulqini","isPartOf":{"@id":"https:\/\/www.visit-ulcinj.com\/blog\/#website"},"primaryImageOfPage":{"@id":"https:\/\/www.visit-ulcinj.com\/blog\/2015\/01\/15\/mediat-malazeze-thacin-e-ruajne-si-klintonin\/#primaryimage"},"datePublished":"2015-01-15T21:46:55+00:00","dateModified":"2015-01-15T21:46:55+00:00","author":{"@id":"https:\/\/www.visit-ulcinj.com\/blog\/#\/schema\/person\/dcab619c614d3038751c63bc2aadc06d"},"description":"Zv.Kryeministri dhe ministri i Jasht\u00ebm, Thaci,ka mb\u00ebrritur tani n\u00eb Podgoric\u00eb. Policia e k\u00ebtij shteti ka marr\u00eb masa t\u00eb shtuara policore,q\u00eb sipas mediave","breadcrumb":{"@id":"https:\/\/www.visit-ulcinj.com\/blog\/2015\/01\/15\/mediat-malazeze-thacin-e-ruajne-si-klintonin\/#breadcrumb"},"inLanguage":"en-US","potentialAction":[{"@type":"ReadAction","target":["https:\/\/www.visit-ulcinj.com\/blog\/2015\/01\/15\/mediat-malazeze-thacin-e-ruajne-si-klintonin\/"]}]},{"@type":"BreadcrumbList","@id":"https:\/\/www.visit-ulcinj.com\/blog\/2015\/01\/15\/mediat-malazeze-thacin-e-ruajne-si-klintonin\/#breadcrumb","itemListElement":[{"@type":"ListItem","position":1,"name":"Mediat malazeze: Tha\u00e7in e ruajn\u00eb si Klintonin"}]},{"@type":"Person","@id":"https:\/\/www.visit-ulcinj.com\/blog\/#\/schema\/person\/dcab619c614d3038751c63bc2aadc06d","name":"ulqini","sameAs":["http:\/\/www.visit-ulcinj.com"],"url":"https:\/\/www.visit-ulcinj.com\/blog\/author\/admin\/"}]}},"jetpack_featured_media_url":"","jetpack_sharing_enabled":true,"jetpack_shortlink":"https:\/\/wp.me\/pe6lTn-mPB","_links":{"self":[{"href":"https:\/\/www.visit-ulcinj.com\/blog\/wp-json\/wp\/v2\/posts\/87767"}],"collection":[{"href":"https:\/\/www.visit-ulcinj.com\/blog\/wp-json\/wp\/v2\/posts"}],"about":[{"href":"https:\/\/www.visit-ulcinj.com\/blog\/wp-json\/wp\/v2\/types\/post"}],"author":[{"embeddable":true,"href":"https:\/\/www.visit-ulcinj.com\/blog\/wp-json\/wp\/v2\/users\/1"}],"replies":[{"embeddable":true,"href":"https:\/\/www.visit-ulcinj.com\/blog\/wp-json\/wp\/v2\/comments?post=87767"}],"version-history":[{"count":1,"href":"https:\/\/www.visit-ulcinj.com\/blog\/wp-json\/wp\/v2\/posts\/87767\/revisions"}],"predecessor-version":[{"id":87770,"href":"https:\/\/www.visit-ulcinj.com\/blog\/wp-json\/wp\/v2\/posts\/87767\/revisions\/87770"}],"wp:attachment":[{"href":"https:\/\/www.visit-ulcinj.com\/blog\/wp-json\/wp\/v2\/media?parent=87767"}],"wp:term":[{"taxonomy":"category","embeddable":true,"href":"https:\/\/www.visit-ulcinj.com\/blog\/wp-json\/wp\/v2\/categories?post=87767"},{"taxonomy":"post_tag","embeddable":true,"href":"https:\/\/www.visit-ulcinj.com\/blog\/wp-json\/wp\/v2\/tags?post=87767"}],"curies":[{"name":"wp","href":"https:\/\/api.w.org\/{rel}","templated":true}]}}