{"id":87771,"date":"2015-01-15T23:00:26","date_gmt":"2015-01-15T22:00:26","guid":{"rendered":"http:\/\/www.visit-ulcinj.com\/blog\/?p=87771"},"modified":"2015-01-16T04:48:43","modified_gmt":"2015-01-16T03:48:43","slug":"era-e-forte-ne-ane-te-malit-deme-te-konsiderueshme-materiale-video","status":"publish","type":"post","link":"https:\/\/www.visit-ulcinj.com\/blog\/2015\/01\/15\/era-e-forte-ne-ane-te-malit-deme-te-konsiderueshme-materiale-video\/","title":{"rendered":"Era e fort\u00eb n\u00eb An\u00eb t\u00eb Malit, d\u00ebme t\u00eb konsiderueshme materiale &#8211; Video + Foto"},"content":{"rendered":"<p><strong>Era e fort\u00eb q\u00eb p\u00ebrfshiu An\u00ebn e Malit, ku ka shkaktuar d\u00ebme t\u00eb konsiderueshme<\/strong><\/p>\n<p><a href=\"http:\/\/www.visit-ulcinj.com\/blog\/wp-content\/uploads\/2015\/01\/Milazim-Mustafa-Ulqin.jpg\"><img loading=\"lazy\" class=\"alignleft wp-image-87772\" src=\"http:\/\/www.visit-ulcinj.com\/blog\/wp-content\/uploads\/2015\/01\/Milazim-Mustafa-Ulqin.jpg\" alt=\"Milazim Mustafa-Ulqin\" width=\"508\" height=\"342\" srcset=\"https:\/\/www.visit-ulcinj.com\/blog\/wp-content\/uploads\/2015\/01\/Milazim-Mustafa-Ulqin.jpg 668w, https:\/\/www.visit-ulcinj.com\/blog\/wp-content\/uploads\/2015\/01\/Milazim-Mustafa-Ulqin-300x202.jpg 300w\" sizes=\"(max-width: 508px) 100vw, 508px\" \/><\/a><\/p>\n<p>Era e fort\u00eb veriore e cila ka fryr\u00eb t\u00eb diel\u00ebn mbr\u00ebma me 11 janar banor\u00ebve t\u00eb zon\u00ebs s\u00eb An\u00ebs s\u00eb Malit ju ka sjell\u00eb d\u00ebme t\u00eb konsiderueshme. Gjer m\u00eb tani n\u00eb sekretariatin p\u00ebr ekonomi kan\u00eb arritur 25 k\u00ebrkesa p\u00ebr t\u00eb evituar d\u00ebmet e shkaktuara, raporton Portali Tv Teuta.me.<\/p>\n<p><a href=\"http:\/\/www.visit-ulcinj.com\/blog\/wp-content\/uploads\/2015\/01\/Era-e-fort\u00eb-n\u00eb-An\u00eb-t\u00eb-Malit-.jpg\"><img loading=\"lazy\" class=\"alignleft wp-image-87789\" src=\"http:\/\/www.visit-ulcinj.com\/blog\/wp-content\/uploads\/2015\/01\/Era-e-fort\u00eb-n\u00eb-An\u00eb-t\u00eb-Malit-.jpg\" alt=\"Era e fort\u00eb n\u00eb An\u00eb t\u00eb Malit-\" width=\"508\" height=\"379\" srcset=\"https:\/\/www.visit-ulcinj.com\/blog\/wp-content\/uploads\/2015\/01\/Era-e-fort\u00eb-n\u00eb-An\u00eb-t\u00eb-Malit-.jpg 960w, https:\/\/www.visit-ulcinj.com\/blog\/wp-content\/uploads\/2015\/01\/Era-e-fort\u00eb-n\u00eb-An\u00eb-t\u00eb-Malit--300x224.jpg 300w\" sizes=\"(max-width: 508px) 100vw, 508px\" \/><\/a><\/p>\n<p>N\u00eb p\u00ebrgjith\u00ebsi\u00a0 d\u00ebme ka pasur m\u00eb shum\u00eb n\u00eb zbulimin e pullazeve t\u00eb sht\u00ebpive dhe stalla t\u00eb bag\u00ebtive, si dhe d\u00ebme n\u00eb t\u00eb mbjella\u00a0 \u2013deklaron p\u00ebr televizionin Teuta kryetari I komisionit p\u00ebr vler\u00ebsimin e d\u00ebmeve nga fatkeq\u00ebsit\u00eb elementare \u2013Milazim Mustafa.<\/p>\n<p><!--YouTube Error: bad URL entered--><br \/>\n<strong>Foto nga Bashk\u00ebsia Lokale Katerkoll\u00eb Facebook<br \/>\n<\/strong><br \/>\n\n\t\t<style type=\"text\/css\">\n\t\t\t#gallery-1 {\n\t\t\t\tmargin: auto;\n\t\t\t}\n\t\t\t#gallery-1 .gallery-item {\n\t\t\t\tfloat: left;\n\t\t\t\tmargin-top: 10px;\n\t\t\t\ttext-align: center;\n\t\t\t\twidth: 33%;\n\t\t\t}\n\t\t\t#gallery-1 img {\n\t\t\t\tborder: 2px solid #cfcfcf;\n\t\t\t}\n\t\t\t#gallery-1 .gallery-caption {\n\t\t\t\tmargin-left: 0;\n\t\t\t}\n\t\t\t\/* see gallery_shortcode() in wp-includes\/media.php *\/\n\t\t<\/style>\n\t\t<div id='gallery-1' class='gallery galleryid-87771 gallery-columns-3 gallery-size-thumbnail'><dl class='gallery-item'>\n\t\t\t<dt class='gallery-icon portrait'>\n\t\t\t\t<a href='https:\/\/www.visit-ulcinj.com\/blog\/2015\/01\/15\/era-e-forte-ne-ane-te-malit-deme-te-konsiderueshme-materiale-video\/era-e-forte-ne-ane-te-malit-1\/'><img width=\"150\" height=\"150\" src=\"https:\/\/www.visit-ulcinj.com\/blog\/wp-content\/uploads\/2015\/01\/Era-e-fort\u00eb-n\u00eb-An\u00eb-t\u00eb-Malit-1-150x150.jpg\" class=\"attachment-thumbnail size-thumbnail\" alt=\"\" loading=\"lazy\" \/><\/a>\n\t\t\t<\/dt><\/dl><dl class='gallery-item'>\n\t\t\t<dt class='gallery-icon portrait'>\n\t\t\t\t<a href='https:\/\/www.visit-ulcinj.com\/blog\/2015\/01\/15\/era-e-forte-ne-ane-te-malit-deme-te-konsiderueshme-materiale-video\/era-e-forte-ne-ane-te-malit-2\/'><img width=\"150\" height=\"150\" src=\"https:\/\/www.visit-ulcinj.com\/blog\/wp-content\/uploads\/2015\/01\/Era-e-fort\u00eb-n\u00eb-An\u00eb-t\u00eb-Malit-2-150x150.jpg\" class=\"attachment-thumbnail size-thumbnail\" alt=\"\" loading=\"lazy\" \/><\/a>\n\t\t\t<\/dt><\/dl><dl class='gallery-item'>\n\t\t\t<dt class='gallery-icon landscape'>\n\t\t\t\t<a href='https:\/\/www.visit-ulcinj.com\/blog\/2015\/01\/15\/era-e-forte-ne-ane-te-malit-deme-te-konsiderueshme-materiale-video\/era-e-forte-ne-ane-te-malit-3\/'><img width=\"150\" height=\"150\" src=\"https:\/\/www.visit-ulcinj.com\/blog\/wp-content\/uploads\/2015\/01\/Era-e-fort\u00eb-n\u00eb-An\u00eb-t\u00eb-Malit-3-150x150.jpg\" class=\"attachment-thumbnail size-thumbnail\" alt=\"\" loading=\"lazy\" \/><\/a>\n\t\t\t<\/dt><\/dl><br style=\"clear: both\" \/>\n\t\t<\/div>\n<\/p>\n<p>&nbsp;<\/p>\n","protected":false},"excerpt":{"rendered":"<p>Era e fort\u00eb q\u00eb p\u00ebrfshiu An\u00ebn e Malit, ku ka shkaktuar d\u00ebme t\u00eb konsiderueshme Era e fort\u00eb veriore e cila ka fryr\u00eb t\u00eb diel\u00ebn mbr\u00ebma me 11 janar banor\u00ebve t\u00eb zon\u00ebs s\u00eb An\u00ebs s\u00eb Malit ju ka sjell\u00eb d\u00ebme t\u00eb konsiderueshme. Gjer m\u00eb tani n\u00eb sekretariatin p\u00ebr ekonomi kan\u00eb arritur 25 k\u00ebrkesa p\u00ebr t\u00eb evituar [&hellip;]<\/p>\n","protected":false},"author":1,"featured_media":0,"comment_status":"closed","ping_status":"closed","sticky":false,"template":"","format":"standard","meta":{"spay_email":"","jetpack_publicize_message":"","jetpack_is_tweetstorm":false,"jetpack_publicize_feature_enabled":true},"categories":[14],"tags":[],"jetpack_publicize_connections":[],"yoast_head":"<!-- This site is optimized with the Yoast SEO plugin v19.1 - https:\/\/yoast.com\/wordpress\/plugins\/seo\/ -->\n<title>Era e fort\u00eb n\u00eb An\u00eb t\u00eb Malit, d\u00ebme t\u00eb konsiderueshme materiale - Video + Foto - Lajme nga Ulqini<\/title>\n<meta name=\"description\" content=\"Era e fort\u00eb q\u00eb p\u00ebrfshiu An\u00ebn e Malit, ku ka shkaktuar d\u00ebme t\u00eb konsiderueshme Era e fort\u00eb veriore e cila ka fryr\u00eb t\u00eb diel\u00ebn mbr\u00ebma me 11 janar banor\u00ebve t\u00eb\" \/>\n<meta name=\"robots\" content=\"index, follow, max-snippet:-1, max-image-preview:large, max-video-preview:-1\" \/>\n<link rel=\"canonical\" href=\"https:\/\/www.visit-ulcinj.com\/blog\/2015\/01\/15\/era-e-forte-ne-ane-te-malit-deme-te-konsiderueshme-materiale-video\/\" \/>\n<meta property=\"og:locale\" content=\"en_US\" \/>\n<meta property=\"og:type\" content=\"article\" \/>\n<meta property=\"og:title\" content=\"Era e fort\u00eb n\u00eb An\u00eb t\u00eb Malit, d\u00ebme t\u00eb konsiderueshme materiale - Video + Foto - Lajme nga Ulqini\" \/>\n<meta property=\"og:description\" content=\"Era e fort\u00eb q\u00eb p\u00ebrfshiu An\u00ebn e Malit, ku ka shkaktuar d\u00ebme t\u00eb konsiderueshme Era e fort\u00eb veriore e cila ka fryr\u00eb t\u00eb diel\u00ebn mbr\u00ebma me 11 janar banor\u00ebve t\u00eb\" \/>\n<meta property=\"og:url\" content=\"https:\/\/www.visit-ulcinj.com\/blog\/2015\/01\/15\/era-e-forte-ne-ane-te-malit-deme-te-konsiderueshme-materiale-video\/\" \/>\n<meta property=\"og:site_name\" content=\"Lajme nga Ulqini\" \/>\n<meta property=\"article:published_time\" content=\"2015-01-15T22:00:26+00:00\" \/>\n<meta property=\"article:modified_time\" content=\"2015-01-16T03:48:43+00:00\" \/>\n<meta property=\"og:image\" content=\"https:\/\/www.visit-ulcinj.com\/blog\/wp-content\/uploads\/2015\/01\/Era-e-fort\u00eb-n\u00eb-An\u00eb-t\u00eb-Malit-1-150x150.jpg\" \/>\n<meta name=\"twitter:label1\" content=\"Written by\" \/>\n\t<meta name=\"twitter:data1\" content=\"ulqini\" \/>\n\t<meta name=\"twitter:label2\" content=\"Est. reading time\" \/>\n\t<meta name=\"twitter:data2\" content=\"1 minute\" \/>\n<script type=\"application\/ld+json\" class=\"yoast-schema-graph\">{\"@context\":\"https:\/\/schema.org\",\"@graph\":[{\"@type\":\"WebSite\",\"@id\":\"https:\/\/www.visit-ulcinj.com\/blog\/#website\",\"url\":\"https:\/\/www.visit-ulcinj.com\/blog\/\",\"name\":\"Lajme nga Ulqini\",\"description\":\"Lajme,Vijesti,Ulqini,Ulqin,Crna Gora,Mali i Zi\",\"potentialAction\":[{\"@type\":\"SearchAction\",\"target\":{\"@type\":\"EntryPoint\",\"urlTemplate\":\"https:\/\/www.visit-ulcinj.com\/blog\/?s={search_term_string}\"},\"query-input\":\"required name=search_term_string\"}],\"inLanguage\":\"en-US\"},{\"@type\":\"ImageObject\",\"inLanguage\":\"en-US\",\"@id\":\"https:\/\/www.visit-ulcinj.com\/blog\/2015\/01\/15\/era-e-forte-ne-ane-te-malit-deme-te-konsiderueshme-materiale-video\/#primaryimage\",\"url\":\"https:\/\/www.visit-ulcinj.com\/blog\/wp-content\/uploads\/2015\/01\/Milazim-Mustafa-Ulqin.jpg\",\"contentUrl\":\"https:\/\/www.visit-ulcinj.com\/blog\/wp-content\/uploads\/2015\/01\/Milazim-Mustafa-Ulqin.jpg\",\"width\":668,\"height\":450},{\"@type\":\"WebPage\",\"@id\":\"https:\/\/www.visit-ulcinj.com\/blog\/2015\/01\/15\/era-e-forte-ne-ane-te-malit-deme-te-konsiderueshme-materiale-video\/#webpage\",\"url\":\"https:\/\/www.visit-ulcinj.com\/blog\/2015\/01\/15\/era-e-forte-ne-ane-te-malit-deme-te-konsiderueshme-materiale-video\/\",\"name\":\"Era e fort\u00eb n\u00eb An\u00eb t\u00eb Malit, d\u00ebme t\u00eb konsiderueshme materiale - Video + Foto - Lajme nga Ulqini\",\"isPartOf\":{\"@id\":\"https:\/\/www.visit-ulcinj.com\/blog\/#website\"},\"primaryImageOfPage\":{\"@id\":\"https:\/\/www.visit-ulcinj.com\/blog\/2015\/01\/15\/era-e-forte-ne-ane-te-malit-deme-te-konsiderueshme-materiale-video\/#primaryimage\"},\"datePublished\":\"2015-01-15T22:00:26+00:00\",\"dateModified\":\"2015-01-16T03:48:43+00:00\",\"author\":{\"@id\":\"https:\/\/www.visit-ulcinj.com\/blog\/#\/schema\/person\/dcab619c614d3038751c63bc2aadc06d\"},\"description\":\"Era e fort\u00eb q\u00eb p\u00ebrfshiu An\u00ebn e Malit, ku ka shkaktuar d\u00ebme t\u00eb konsiderueshme Era e fort\u00eb veriore e cila ka fryr\u00eb t\u00eb diel\u00ebn mbr\u00ebma me 11 janar banor\u00ebve t\u00eb\",\"breadcrumb\":{\"@id\":\"https:\/\/www.visit-ulcinj.com\/blog\/2015\/01\/15\/era-e-forte-ne-ane-te-malit-deme-te-konsiderueshme-materiale-video\/#breadcrumb\"},\"inLanguage\":\"en-US\",\"potentialAction\":[{\"@type\":\"ReadAction\",\"target\":[\"https:\/\/www.visit-ulcinj.com\/blog\/2015\/01\/15\/era-e-forte-ne-ane-te-malit-deme-te-konsiderueshme-materiale-video\/\"]}]},{\"@type\":\"BreadcrumbList\",\"@id\":\"https:\/\/www.visit-ulcinj.com\/blog\/2015\/01\/15\/era-e-forte-ne-ane-te-malit-deme-te-konsiderueshme-materiale-video\/#breadcrumb\",\"itemListElement\":[{\"@type\":\"ListItem\",\"position\":1,\"name\":\"Era e fort\u00eb n\u00eb An\u00eb t\u00eb Malit, d\u00ebme t\u00eb konsiderueshme materiale &#8211; Video + Foto\"}]},{\"@type\":\"Person\",\"@id\":\"https:\/\/www.visit-ulcinj.com\/blog\/#\/schema\/person\/dcab619c614d3038751c63bc2aadc06d\",\"name\":\"ulqini\",\"sameAs\":[\"http:\/\/www.visit-ulcinj.com\"],\"url\":\"https:\/\/www.visit-ulcinj.com\/blog\/author\/admin\/\"}]}<\/script>\n<!-- \/ Yoast SEO plugin. -->","yoast_head_json":{"title":"Era e fort\u00eb n\u00eb An\u00eb t\u00eb Malit, d\u00ebme t\u00eb konsiderueshme materiale - Video + Foto - Lajme nga Ulqini","description":"Era e fort\u00eb q\u00eb p\u00ebrfshiu An\u00ebn e Malit, ku ka shkaktuar d\u00ebme t\u00eb konsiderueshme Era e fort\u00eb veriore e cila ka fryr\u00eb t\u00eb diel\u00ebn mbr\u00ebma me 11 janar banor\u00ebve t\u00eb","robots":{"index":"index","follow":"follow","max-snippet":"max-snippet:-1","max-image-preview":"max-image-preview:large","max-video-preview":"max-video-preview:-1"},"canonical":"https:\/\/www.visit-ulcinj.com\/blog\/2015\/01\/15\/era-e-forte-ne-ane-te-malit-deme-te-konsiderueshme-materiale-video\/","og_locale":"en_US","og_type":"article","og_title":"Era e fort\u00eb n\u00eb An\u00eb t\u00eb Malit, d\u00ebme t\u00eb konsiderueshme materiale - Video + Foto - Lajme nga Ulqini","og_description":"Era e fort\u00eb q\u00eb p\u00ebrfshiu An\u00ebn e Malit, ku ka shkaktuar d\u00ebme t\u00eb konsiderueshme Era e fort\u00eb veriore e cila ka fryr\u00eb t\u00eb diel\u00ebn mbr\u00ebma me 11 janar banor\u00ebve t\u00eb","og_url":"https:\/\/www.visit-ulcinj.com\/blog\/2015\/01\/15\/era-e-forte-ne-ane-te-malit-deme-te-konsiderueshme-materiale-video\/","og_site_name":"Lajme nga Ulqini","article_published_time":"2015-01-15T22:00:26+00:00","article_modified_time":"2015-01-16T03:48:43+00:00","og_image":[{"url":"https:\/\/www.visit-ulcinj.com\/blog\/wp-content\/uploads\/2015\/01\/Era-e-fort\u00eb-n\u00eb-An\u00eb-t\u00eb-Malit-1-150x150.jpg"}],"twitter_misc":{"Written by":"ulqini","Est. reading time":"1 minute"},"schema":{"@context":"https:\/\/schema.org","@graph":[{"@type":"WebSite","@id":"https:\/\/www.visit-ulcinj.com\/blog\/#website","url":"https:\/\/www.visit-ulcinj.com\/blog\/","name":"Lajme nga Ulqini","description":"Lajme,Vijesti,Ulqini,Ulqin,Crna Gora,Mali i Zi","potentialAction":[{"@type":"SearchAction","target":{"@type":"EntryPoint","urlTemplate":"https:\/\/www.visit-ulcinj.com\/blog\/?s={search_term_string}"},"query-input":"required name=search_term_string"}],"inLanguage":"en-US"},{"@type":"ImageObject","inLanguage":"en-US","@id":"https:\/\/www.visit-ulcinj.com\/blog\/2015\/01\/15\/era-e-forte-ne-ane-te-malit-deme-te-konsiderueshme-materiale-video\/#primaryimage","url":"https:\/\/www.visit-ulcinj.com\/blog\/wp-content\/uploads\/2015\/01\/Milazim-Mustafa-Ulqin.jpg","contentUrl":"https:\/\/www.visit-ulcinj.com\/blog\/wp-content\/uploads\/2015\/01\/Milazim-Mustafa-Ulqin.jpg","width":668,"height":450},{"@type":"WebPage","@id":"https:\/\/www.visit-ulcinj.com\/blog\/2015\/01\/15\/era-e-forte-ne-ane-te-malit-deme-te-konsiderueshme-materiale-video\/#webpage","url":"https:\/\/www.visit-ulcinj.com\/blog\/2015\/01\/15\/era-e-forte-ne-ane-te-malit-deme-te-konsiderueshme-materiale-video\/","name":"Era e fort\u00eb n\u00eb An\u00eb t\u00eb Malit, d\u00ebme t\u00eb konsiderueshme materiale - Video + Foto - Lajme nga Ulqini","isPartOf":{"@id":"https:\/\/www.visit-ulcinj.com\/blog\/#website"},"primaryImageOfPage":{"@id":"https:\/\/www.visit-ulcinj.com\/blog\/2015\/01\/15\/era-e-forte-ne-ane-te-malit-deme-te-konsiderueshme-materiale-video\/#primaryimage"},"datePublished":"2015-01-15T22:00:26+00:00","dateModified":"2015-01-16T03:48:43+00:00","author":{"@id":"https:\/\/www.visit-ulcinj.com\/blog\/#\/schema\/person\/dcab619c614d3038751c63bc2aadc06d"},"description":"Era e fort\u00eb q\u00eb p\u00ebrfshiu An\u00ebn e Malit, ku ka shkaktuar d\u00ebme t\u00eb konsiderueshme Era e fort\u00eb veriore e cila ka fryr\u00eb t\u00eb diel\u00ebn mbr\u00ebma me 11 janar banor\u00ebve t\u00eb","breadcrumb":{"@id":"https:\/\/www.visit-ulcinj.com\/blog\/2015\/01\/15\/era-e-forte-ne-ane-te-malit-deme-te-konsiderueshme-materiale-video\/#breadcrumb"},"inLanguage":"en-US","potentialAction":[{"@type":"ReadAction","target":["https:\/\/www.visit-ulcinj.com\/blog\/2015\/01\/15\/era-e-forte-ne-ane-te-malit-deme-te-konsiderueshme-materiale-video\/"]}]},{"@type":"BreadcrumbList","@id":"https:\/\/www.visit-ulcinj.com\/blog\/2015\/01\/15\/era-e-forte-ne-ane-te-malit-deme-te-konsiderueshme-materiale-video\/#breadcrumb","itemListElement":[{"@type":"ListItem","position":1,"name":"Era e fort\u00eb n\u00eb An\u00eb t\u00eb Malit, d\u00ebme t\u00eb konsiderueshme materiale &#8211; Video + Foto"}]},{"@type":"Person","@id":"https:\/\/www.visit-ulcinj.com\/blog\/#\/schema\/person\/dcab619c614d3038751c63bc2aadc06d","name":"ulqini","sameAs":["http:\/\/www.visit-ulcinj.com"],"url":"https:\/\/www.visit-ulcinj.com\/blog\/author\/admin\/"}]}},"jetpack_featured_media_url":"","jetpack_sharing_enabled":true,"jetpack_shortlink":"https:\/\/wp.me\/pe6lTn-mPF","_links":{"self":[{"href":"https:\/\/www.visit-ulcinj.com\/blog\/wp-json\/wp\/v2\/posts\/87771"}],"collection":[{"href":"https:\/\/www.visit-ulcinj.com\/blog\/wp-json\/wp\/v2\/posts"}],"about":[{"href":"https:\/\/www.visit-ulcinj.com\/blog\/wp-json\/wp\/v2\/types\/post"}],"author":[{"embeddable":true,"href":"https:\/\/www.visit-ulcinj.com\/blog\/wp-json\/wp\/v2\/users\/1"}],"replies":[{"embeddable":true,"href":"https:\/\/www.visit-ulcinj.com\/blog\/wp-json\/wp\/v2\/comments?post=87771"}],"version-history":[{"count":3,"href":"https:\/\/www.visit-ulcinj.com\/blog\/wp-json\/wp\/v2\/posts\/87771\/revisions"}],"predecessor-version":[{"id":87794,"href":"https:\/\/www.visit-ulcinj.com\/blog\/wp-json\/wp\/v2\/posts\/87771\/revisions\/87794"}],"wp:attachment":[{"href":"https:\/\/www.visit-ulcinj.com\/blog\/wp-json\/wp\/v2\/media?parent=87771"}],"wp:term":[{"taxonomy":"category","embeddable":true,"href":"https:\/\/www.visit-ulcinj.com\/blog\/wp-json\/wp\/v2\/categories?post=87771"},{"taxonomy":"post_tag","embeddable":true,"href":"https:\/\/www.visit-ulcinj.com\/blog\/wp-json\/wp\/v2\/tags?post=87771"}],"curies":[{"name":"wp","href":"https:\/\/api.w.org\/{rel}","templated":true}]}}