{"id":87774,"date":"2015-01-16T04:34:57","date_gmt":"2015-01-16T03:34:57","guid":{"rendered":"http:\/\/www.visit-ulcinj.com\/blog\/?p=87774"},"modified":"2015-01-16T04:57:44","modified_gmt":"2015-01-16T03:57:44","slug":"aksion-humanitar-ne-ndihme-familjes-veliq-ne-gjendje-te-rende-ne-mille-video-foto","status":"publish","type":"post","link":"https:\/\/www.visit-ulcinj.com\/blog\/2015\/01\/16\/aksion-humanitar-ne-ndihme-familjes-veliq-ne-gjendje-te-rende-ne-mille-video-foto\/","title":{"rendered":"Aksion humanitar n\u00eb ndihm\u00eb familjes Veliq n\u00eb gjendje t\u00eb r\u00ebnd\u00eb n\u00eb Mill\u00eb &#8211; Video + Foto"},"content":{"rendered":"<p><a href=\"http:\/\/www.visit-ulcinj.com\/blog\/wp-content\/uploads\/2015\/01\/Aktivitetet-e-shoqates-Beriqeti-Ulqin.jpg\"><img loading=\"lazy\" class=\"alignleft wp-image-87775\" src=\"http:\/\/www.visit-ulcinj.com\/blog\/wp-content\/uploads\/2015\/01\/Aktivitetet-e-shoqates-Beriqeti-Ulqin.jpg\" alt=\"Aktivitetet e shoqates Beriqeti-Ulqin\" width=\"508\" height=\"288\" srcset=\"https:\/\/www.visit-ulcinj.com\/blog\/wp-content\/uploads\/2015\/01\/Aktivitetet-e-shoqates-Beriqeti-Ulqin.jpg 687w, https:\/\/www.visit-ulcinj.com\/blog\/wp-content\/uploads\/2015\/01\/Aktivitetet-e-shoqates-Beriqeti-Ulqin-300x169.jpg 300w\" sizes=\"(max-width: 508px) 100vw, 508px\" \/><\/a>Keshilli i Bashkesise islame ne Ulqin ne bashkepunim me Keshillin e Bashkesise islame ne Bijello Pole kane ndermarre aksion humanitar ne permiresimin e kushteve te jeteses se qytetares sone Diba Ibroviq Veliq ne Mille. KBI nga Bijello Polje ka derguar mjeshtrat profesioniste ndersa KBI ne Ulqin ka dhene ndihme ne te holla permes Shoqates se saj humanitare \u201cBereqeti\u201d te udhehequr nga imami Mirsad ef. Mucaj. Ketij aksioni shpejt i\u2019u jane bashkuar edhe qytetare te tjere te cilet kane ofruar ndihme ne baze te mundesise se tyre. Vlen te theksohet se kompanija \u201cGradja Commerce\u201d \u00a0ka ofruat mjetet sanitare ndersa kompanija Zanussi ka ofruar mobilje shtepiake, <strong>raporton Portali islam-ul.com.<\/strong><\/p>\n<p><a href=\"http:\/\/www.visit-ulcinj.com\/blog\/wp-content\/uploads\/2015\/01\/Aksion-humanitar-n\u00eb-ndihm\u00eb-familjes-Veliq-Mille.jpg\"><img loading=\"lazy\" class=\"alignleft wp-image-87776\" src=\"http:\/\/www.visit-ulcinj.com\/blog\/wp-content\/uploads\/2015\/01\/Aksion-humanitar-n\u00eb-ndihm\u00eb-familjes-Veliq-Mille.jpg\" alt=\"Aksion humanitar n\u00eb ndihm\u00eb familjes Veliq-Mille\" width=\"508\" height=\"381\" srcset=\"https:\/\/www.visit-ulcinj.com\/blog\/wp-content\/uploads\/2015\/01\/Aksion-humanitar-n\u00eb-ndihm\u00eb-familjes-Veliq-Mille.jpg 960w, https:\/\/www.visit-ulcinj.com\/blog\/wp-content\/uploads\/2015\/01\/Aksion-humanitar-n\u00eb-ndihm\u00eb-familjes-Veliq-Mille-300x225.jpg 300w\" sizes=\"(max-width: 508px) 100vw, 508px\" \/><\/a><\/p>\n<p><strong>Bashk\u00ebsia islame e Bijello Poles dhe Bashk\u00ebsia islame \u00a0e Ulqinit, n\u00ebp\u00ebrmjet organizat\u00ebs s\u00eb vet humanitare \u201cBereqeti\u201d, kan\u00eb filluar sot rikonstruktimin komplet t\u00eb sht\u00ebpis\u00eb s\u00eb vjet\u00ebr t\u00eb k\u00ebsaj familje ulqinake, raporton Ul.info.<\/strong><br \/>\n<!--YouTube Error: bad URL entered--><br \/>\nDhjet\u00eb pun\u00ebtor\u00eb do t\u00eb p\u00ebrfundojn\u00eb rikonstruktimin e sht\u00ebpis\u00eb, do t\u00eb nd\u00ebrtojn\u00eb pullazin e ri dhe hap\u00ebsirat sanitare.<\/p>\n<p>Organizata humanitare \u201cBereqeti\u201d nga Ulqini n\u00eb bashk\u00ebpunim me Fondin humanitar \u201cHilal\u201d nga Bijelo Pole, ka p\u00ebrfunduar dje aksionin e rinovimit t\u00eb t\u00ebr\u00ebsish\u00ebm t\u00eb sht\u00ebpis\u00eb s\u00eb familjes Veliq, n\u00eb fshatin Mill\u00eb, n\u00eb komun\u00eb t\u00eb Ulqinit.<\/p>\n<p>N\u00eb sht\u00ebpiz\u00ebn (barak\u00ebn) e vjet\u00ebr, ku shiu pikonte, pa banj\u00eb dhe kushte esenciale p\u00ebr jet\u00eb, jeton n\u00ebna Dilba me djalin Xhaferrin.<\/p>\n<p>Aktivist\u00ebt e \u201cHilalit\u201d iu p\u00ebrgjigjen ftes\u00ebs nga Ulqini, k\u00ebshtu q\u00eb dhjet\u00eb mjesht\u00ebr t\u00eb zanateve t\u00eb ndryshme (murator\u00eb, mjesht\u00ebr t\u00eb pllakave qeramike, t\u00eb ujit, mekanik\u00eb elektrik\u00eb) nga Bijelo Pole mbas pes\u00eb dit\u00ebsh pun\u00eb, me p\u00ebrkrahjen e njer\u00ebzve t\u00eb mir\u00eb, kan\u00eb nd\u00ebrtuar praktikisht sht\u00ebpi t\u00eb re p\u00ebr familjen Veliq.<\/p>\n<p>Kjo \u00ebsht\u00eb dhurata m\u00eb e bukur p\u00ebr vit t\u00eb ri p\u00ebr Dilb\u00ebn dhe Xhaferin,\u00a0e p\u00ebr t\u00eb gjith\u00eb neve ftes\u00eb q\u00eb akoma m\u00eb fuqish\u00ebm t\u00eb tregojm\u00eb solidaritetin me t\u00eb gjith\u00eb ato q\u00eb ju nevojitet ndihma.<\/p>\n<p><strong><span class=\"st\">N\u00eb inervist\u00ebn e Hatixhe Nelaj p\u00ebr TV Teuta<\/span><\/strong><\/p>\n<!--YouTube Error: bad URL entered-->\n\n\t\t<style type=\"text\/css\">\n\t\t\t#gallery-1 {\n\t\t\t\tmargin: auto;\n\t\t\t}\n\t\t\t#gallery-1 .gallery-item {\n\t\t\t\tfloat: left;\n\t\t\t\tmargin-top: 10px;\n\t\t\t\ttext-align: center;\n\t\t\t\twidth: 33%;\n\t\t\t}\n\t\t\t#gallery-1 img {\n\t\t\t\tborder: 2px solid #cfcfcf;\n\t\t\t}\n\t\t\t#gallery-1 .gallery-caption {\n\t\t\t\tmargin-left: 0;\n\t\t\t}\n\t\t\t\/* see gallery_shortcode() in wp-includes\/media.php *\/\n\t\t<\/style>\n\t\t<div id='gallery-1' class='gallery galleryid-87774 gallery-columns-3 gallery-size-thumbnail'><dl class='gallery-item'>\n\t\t\t<dt class='gallery-icon landscape'>\n\t\t\t\t<a href='https:\/\/www.visit-ulcinj.com\/blog\/2015\/01\/16\/aksion-humanitar-ne-ndihme-familjes-veliq-ne-gjendje-te-rende-ne-mille-video-foto\/aksion-humanitar-ne-ndihme-familjes-veliq-mille-1\/'><img width=\"150\" height=\"150\" src=\"https:\/\/www.visit-ulcinj.com\/blog\/wp-content\/uploads\/2015\/01\/Aksion-humanitar-n\u00eb-ndihm\u00eb-familjes-Veliq-Mille-1-150x150.jpg\" class=\"attachment-thumbnail size-thumbnail\" alt=\"\" loading=\"lazy\" \/><\/a>\n\t\t\t<\/dt><\/dl><dl class='gallery-item'>\n\t\t\t<dt class='gallery-icon landscape'>\n\t\t\t\t<a href='https:\/\/www.visit-ulcinj.com\/blog\/2015\/01\/16\/aksion-humanitar-ne-ndihme-familjes-veliq-ne-gjendje-te-rende-ne-mille-video-foto\/aksion-humanitar-ne-ndihme-familjes-veliq-mille-2\/'><img width=\"150\" height=\"150\" src=\"https:\/\/www.visit-ulcinj.com\/blog\/wp-content\/uploads\/2015\/01\/Aksion-humanitar-n\u00eb-ndihm\u00eb-familjes-Veliq-Mille-2-150x150.jpg\" class=\"attachment-thumbnail size-thumbnail\" alt=\"\" loading=\"lazy\" \/><\/a>\n\t\t\t<\/dt><\/dl><dl class='gallery-item'>\n\t\t\t<dt class='gallery-icon landscape'>\n\t\t\t\t<a href='https:\/\/www.visit-ulcinj.com\/blog\/2015\/01\/16\/aksion-humanitar-ne-ndihme-familjes-veliq-ne-gjendje-te-rende-ne-mille-video-foto\/aksion-humanitar-ne-ndihme-familjes-veliq-mille-3\/'><img width=\"150\" height=\"150\" src=\"https:\/\/www.visit-ulcinj.com\/blog\/wp-content\/uploads\/2015\/01\/Aksion-humanitar-n\u00eb-ndihm\u00eb-familjes-Veliq-Mille-3-150x150.jpg\" class=\"attachment-thumbnail size-thumbnail\" alt=\"\" loading=\"lazy\" \/><\/a>\n\t\t\t<\/dt><\/dl><br style=\"clear: both\" \/><dl class='gallery-item'>\n\t\t\t<dt class='gallery-icon landscape'>\n\t\t\t\t<a href='https:\/\/www.visit-ulcinj.com\/blog\/2015\/01\/16\/aksion-humanitar-ne-ndihme-familjes-veliq-ne-gjendje-te-rende-ne-mille-video-foto\/aksion-humanitar-ne-ndihme-familjes-veliq-mille-4\/'><img width=\"150\" height=\"150\" src=\"https:\/\/www.visit-ulcinj.com\/blog\/wp-content\/uploads\/2015\/01\/Aksion-humanitar-n\u00eb-ndihm\u00eb-familjes-Veliq-Mille-4-150x150.jpg\" class=\"attachment-thumbnail size-thumbnail\" alt=\"\" loading=\"lazy\" \/><\/a>\n\t\t\t<\/dt><\/dl><dl class='gallery-item'>\n\t\t\t<dt class='gallery-icon landscape'>\n\t\t\t\t<a href='https:\/\/www.visit-ulcinj.com\/blog\/2015\/01\/16\/aksion-humanitar-ne-ndihme-familjes-veliq-ne-gjendje-te-rende-ne-mille-video-foto\/aksion-humanitar-ne-ndihme-familjes-veliq-mille\/'><img width=\"150\" height=\"150\" src=\"https:\/\/www.visit-ulcinj.com\/blog\/wp-content\/uploads\/2015\/01\/Aksion-humanitar-n\u00eb-ndihm\u00eb-familjes-Veliq-Mille-150x150.jpg\" class=\"attachment-thumbnail size-thumbnail\" alt=\"\" loading=\"lazy\" \/><\/a>\n\t\t\t<\/dt><\/dl><dl class='gallery-item'>\n\t\t\t<dt class='gallery-icon landscape'>\n\t\t\t\t<a href='https:\/\/www.visit-ulcinj.com\/blog\/2015\/01\/16\/aksion-humanitar-ne-ndihme-familjes-veliq-ne-gjendje-te-rende-ne-mille-video-foto\/aktivitetet-e-shoqates-beriqeti-ulqin\/'><img width=\"150\" height=\"150\" src=\"https:\/\/www.visit-ulcinj.com\/blog\/wp-content\/uploads\/2015\/01\/Aktivitetet-e-shoqates-Beriqeti-Ulqin-150x150.jpg\" class=\"attachment-thumbnail size-thumbnail\" alt=\"\" loading=\"lazy\" \/><\/a>\n\t\t\t<\/dt><\/dl><br style=\"clear: both\" \/>\n\t\t<\/div>\n\n","protected":false},"excerpt":{"rendered":"<p>Keshilli i Bashkesise islame ne Ulqin ne bashkepunim me Keshillin e Bashkesise islame ne Bijello Pole kane ndermarre aksion humanitar ne permiresimin e kushteve te jeteses se qytetares sone Diba Ibroviq Veliq ne Mille. KBI nga Bijello Polje ka derguar mjeshtrat profesioniste ndersa KBI ne Ulqin ka dhene ndihme ne te holla permes Shoqates se [&hellip;]<\/p>\n","protected":false},"author":1,"featured_media":0,"comment_status":"closed","ping_status":"closed","sticky":false,"template":"","format":"standard","meta":{"spay_email":"","jetpack_publicize_message":"","jetpack_is_tweetstorm":false,"jetpack_publicize_feature_enabled":true},"categories":[5],"tags":[],"jetpack_publicize_connections":[],"yoast_head":"<!-- This site is optimized with the Yoast SEO plugin v19.1 - https:\/\/yoast.com\/wordpress\/plugins\/seo\/ -->\n<title>Aksion humanitar n\u00eb ndihm\u00eb familjes Veliq n\u00eb gjendje t\u00eb r\u00ebnd\u00eb n\u00eb Mill\u00eb - Video + Foto - Lajme nga Ulqini<\/title>\n<meta name=\"description\" content=\"Keshilli i Bashkesise islame ne Ulqin ne bashkepunim me Keshillin e Bashkesise islame ne Bijello Pole kane ndermarre aksion humanitar ne permiresimin e\" \/>\n<meta name=\"robots\" content=\"index, follow, max-snippet:-1, max-image-preview:large, max-video-preview:-1\" \/>\n<link rel=\"canonical\" href=\"https:\/\/www.visit-ulcinj.com\/blog\/2015\/01\/16\/aksion-humanitar-ne-ndihme-familjes-veliq-ne-gjendje-te-rende-ne-mille-video-foto\/\" \/>\n<meta property=\"og:locale\" content=\"en_US\" \/>\n<meta property=\"og:type\" content=\"article\" \/>\n<meta property=\"og:title\" content=\"Aksion humanitar n\u00eb ndihm\u00eb familjes Veliq n\u00eb gjendje t\u00eb r\u00ebnd\u00eb n\u00eb Mill\u00eb - Video + Foto - Lajme nga Ulqini\" \/>\n<meta property=\"og:description\" content=\"Keshilli i Bashkesise islame ne Ulqin ne bashkepunim me Keshillin e Bashkesise islame ne Bijello Pole kane ndermarre aksion humanitar ne permiresimin e\" \/>\n<meta property=\"og:url\" content=\"https:\/\/www.visit-ulcinj.com\/blog\/2015\/01\/16\/aksion-humanitar-ne-ndihme-familjes-veliq-ne-gjendje-te-rende-ne-mille-video-foto\/\" \/>\n<meta property=\"og:site_name\" content=\"Lajme nga Ulqini\" \/>\n<meta property=\"article:published_time\" content=\"2015-01-16T03:34:57+00:00\" \/>\n<meta property=\"article:modified_time\" content=\"2015-01-16T03:57:44+00:00\" \/>\n<meta property=\"og:image\" content=\"https:\/\/www.visit-ulcinj.com\/blog\/wp-content\/uploads\/2015\/01\/Aksion-humanitar-n\u00eb-ndihm\u00eb-familjes-Veliq-Mille-1-150x150.jpg\" \/>\n<meta name=\"twitter:label1\" content=\"Written by\" \/>\n\t<meta name=\"twitter:data1\" content=\"ulqini\" \/>\n\t<meta name=\"twitter:label2\" content=\"Est. reading time\" \/>\n\t<meta name=\"twitter:data2\" content=\"2 minutes\" \/>\n<script type=\"application\/ld+json\" class=\"yoast-schema-graph\">{\"@context\":\"https:\/\/schema.org\",\"@graph\":[{\"@type\":\"WebSite\",\"@id\":\"https:\/\/www.visit-ulcinj.com\/blog\/#website\",\"url\":\"https:\/\/www.visit-ulcinj.com\/blog\/\",\"name\":\"Lajme nga Ulqini\",\"description\":\"Lajme,Vijesti,Ulqini,Ulqin,Crna Gora,Mali i Zi\",\"potentialAction\":[{\"@type\":\"SearchAction\",\"target\":{\"@type\":\"EntryPoint\",\"urlTemplate\":\"https:\/\/www.visit-ulcinj.com\/blog\/?s={search_term_string}\"},\"query-input\":\"required name=search_term_string\"}],\"inLanguage\":\"en-US\"},{\"@type\":\"ImageObject\",\"inLanguage\":\"en-US\",\"@id\":\"https:\/\/www.visit-ulcinj.com\/blog\/2015\/01\/16\/aksion-humanitar-ne-ndihme-familjes-veliq-ne-gjendje-te-rende-ne-mille-video-foto\/#primaryimage\",\"url\":\"https:\/\/www.visit-ulcinj.com\/blog\/wp-content\/uploads\/2015\/01\/Aktivitetet-e-shoqates-Beriqeti-Ulqin.jpg\",\"contentUrl\":\"https:\/\/www.visit-ulcinj.com\/blog\/wp-content\/uploads\/2015\/01\/Aktivitetet-e-shoqates-Beriqeti-Ulqin.jpg\",\"width\":687,\"height\":389},{\"@type\":\"WebPage\",\"@id\":\"https:\/\/www.visit-ulcinj.com\/blog\/2015\/01\/16\/aksion-humanitar-ne-ndihme-familjes-veliq-ne-gjendje-te-rende-ne-mille-video-foto\/#webpage\",\"url\":\"https:\/\/www.visit-ulcinj.com\/blog\/2015\/01\/16\/aksion-humanitar-ne-ndihme-familjes-veliq-ne-gjendje-te-rende-ne-mille-video-foto\/\",\"name\":\"Aksion humanitar n\u00eb ndihm\u00eb familjes Veliq n\u00eb gjendje t\u00eb r\u00ebnd\u00eb n\u00eb Mill\u00eb - Video + Foto - Lajme nga Ulqini\",\"isPartOf\":{\"@id\":\"https:\/\/www.visit-ulcinj.com\/blog\/#website\"},\"primaryImageOfPage\":{\"@id\":\"https:\/\/www.visit-ulcinj.com\/blog\/2015\/01\/16\/aksion-humanitar-ne-ndihme-familjes-veliq-ne-gjendje-te-rende-ne-mille-video-foto\/#primaryimage\"},\"datePublished\":\"2015-01-16T03:34:57+00:00\",\"dateModified\":\"2015-01-16T03:57:44+00:00\",\"author\":{\"@id\":\"https:\/\/www.visit-ulcinj.com\/blog\/#\/schema\/person\/dcab619c614d3038751c63bc2aadc06d\"},\"description\":\"Keshilli i Bashkesise islame ne Ulqin ne bashkepunim me Keshillin e Bashkesise islame ne Bijello Pole kane ndermarre aksion humanitar ne permiresimin e\",\"breadcrumb\":{\"@id\":\"https:\/\/www.visit-ulcinj.com\/blog\/2015\/01\/16\/aksion-humanitar-ne-ndihme-familjes-veliq-ne-gjendje-te-rende-ne-mille-video-foto\/#breadcrumb\"},\"inLanguage\":\"en-US\",\"potentialAction\":[{\"@type\":\"ReadAction\",\"target\":[\"https:\/\/www.visit-ulcinj.com\/blog\/2015\/01\/16\/aksion-humanitar-ne-ndihme-familjes-veliq-ne-gjendje-te-rende-ne-mille-video-foto\/\"]}]},{\"@type\":\"BreadcrumbList\",\"@id\":\"https:\/\/www.visit-ulcinj.com\/blog\/2015\/01\/16\/aksion-humanitar-ne-ndihme-familjes-veliq-ne-gjendje-te-rende-ne-mille-video-foto\/#breadcrumb\",\"itemListElement\":[{\"@type\":\"ListItem\",\"position\":1,\"name\":\"Aksion humanitar n\u00eb ndihm\u00eb familjes Veliq n\u00eb gjendje t\u00eb r\u00ebnd\u00eb n\u00eb Mill\u00eb &#8211; Video + Foto\"}]},{\"@type\":\"Person\",\"@id\":\"https:\/\/www.visit-ulcinj.com\/blog\/#\/schema\/person\/dcab619c614d3038751c63bc2aadc06d\",\"name\":\"ulqini\",\"sameAs\":[\"http:\/\/www.visit-ulcinj.com\"],\"url\":\"https:\/\/www.visit-ulcinj.com\/blog\/author\/admin\/\"}]}<\/script>\n<!-- \/ Yoast SEO plugin. -->","yoast_head_json":{"title":"Aksion humanitar n\u00eb ndihm\u00eb familjes Veliq n\u00eb gjendje t\u00eb r\u00ebnd\u00eb n\u00eb Mill\u00eb - Video + Foto - Lajme nga Ulqini","description":"Keshilli i Bashkesise islame ne Ulqin ne bashkepunim me Keshillin e Bashkesise islame ne Bijello Pole kane ndermarre aksion humanitar ne permiresimin e","robots":{"index":"index","follow":"follow","max-snippet":"max-snippet:-1","max-image-preview":"max-image-preview:large","max-video-preview":"max-video-preview:-1"},"canonical":"https:\/\/www.visit-ulcinj.com\/blog\/2015\/01\/16\/aksion-humanitar-ne-ndihme-familjes-veliq-ne-gjendje-te-rende-ne-mille-video-foto\/","og_locale":"en_US","og_type":"article","og_title":"Aksion humanitar n\u00eb ndihm\u00eb familjes Veliq n\u00eb gjendje t\u00eb r\u00ebnd\u00eb n\u00eb Mill\u00eb - Video + Foto - Lajme nga Ulqini","og_description":"Keshilli i Bashkesise islame ne Ulqin ne bashkepunim me Keshillin e Bashkesise islame ne Bijello Pole kane ndermarre aksion humanitar ne permiresimin e","og_url":"https:\/\/www.visit-ulcinj.com\/blog\/2015\/01\/16\/aksion-humanitar-ne-ndihme-familjes-veliq-ne-gjendje-te-rende-ne-mille-video-foto\/","og_site_name":"Lajme nga Ulqini","article_published_time":"2015-01-16T03:34:57+00:00","article_modified_time":"2015-01-16T03:57:44+00:00","og_image":[{"url":"https:\/\/www.visit-ulcinj.com\/blog\/wp-content\/uploads\/2015\/01\/Aksion-humanitar-n\u00eb-ndihm\u00eb-familjes-Veliq-Mille-1-150x150.jpg"}],"twitter_misc":{"Written by":"ulqini","Est. reading time":"2 minutes"},"schema":{"@context":"https:\/\/schema.org","@graph":[{"@type":"WebSite","@id":"https:\/\/www.visit-ulcinj.com\/blog\/#website","url":"https:\/\/www.visit-ulcinj.com\/blog\/","name":"Lajme nga Ulqini","description":"Lajme,Vijesti,Ulqini,Ulqin,Crna Gora,Mali i Zi","potentialAction":[{"@type":"SearchAction","target":{"@type":"EntryPoint","urlTemplate":"https:\/\/www.visit-ulcinj.com\/blog\/?s={search_term_string}"},"query-input":"required name=search_term_string"}],"inLanguage":"en-US"},{"@type":"ImageObject","inLanguage":"en-US","@id":"https:\/\/www.visit-ulcinj.com\/blog\/2015\/01\/16\/aksion-humanitar-ne-ndihme-familjes-veliq-ne-gjendje-te-rende-ne-mille-video-foto\/#primaryimage","url":"https:\/\/www.visit-ulcinj.com\/blog\/wp-content\/uploads\/2015\/01\/Aktivitetet-e-shoqates-Beriqeti-Ulqin.jpg","contentUrl":"https:\/\/www.visit-ulcinj.com\/blog\/wp-content\/uploads\/2015\/01\/Aktivitetet-e-shoqates-Beriqeti-Ulqin.jpg","width":687,"height":389},{"@type":"WebPage","@id":"https:\/\/www.visit-ulcinj.com\/blog\/2015\/01\/16\/aksion-humanitar-ne-ndihme-familjes-veliq-ne-gjendje-te-rende-ne-mille-video-foto\/#webpage","url":"https:\/\/www.visit-ulcinj.com\/blog\/2015\/01\/16\/aksion-humanitar-ne-ndihme-familjes-veliq-ne-gjendje-te-rende-ne-mille-video-foto\/","name":"Aksion humanitar n\u00eb ndihm\u00eb familjes Veliq n\u00eb gjendje t\u00eb r\u00ebnd\u00eb n\u00eb Mill\u00eb - Video + Foto - Lajme nga Ulqini","isPartOf":{"@id":"https:\/\/www.visit-ulcinj.com\/blog\/#website"},"primaryImageOfPage":{"@id":"https:\/\/www.visit-ulcinj.com\/blog\/2015\/01\/16\/aksion-humanitar-ne-ndihme-familjes-veliq-ne-gjendje-te-rende-ne-mille-video-foto\/#primaryimage"},"datePublished":"2015-01-16T03:34:57+00:00","dateModified":"2015-01-16T03:57:44+00:00","author":{"@id":"https:\/\/www.visit-ulcinj.com\/blog\/#\/schema\/person\/dcab619c614d3038751c63bc2aadc06d"},"description":"Keshilli i Bashkesise islame ne Ulqin ne bashkepunim me Keshillin e Bashkesise islame ne Bijello Pole kane ndermarre aksion humanitar ne permiresimin e","breadcrumb":{"@id":"https:\/\/www.visit-ulcinj.com\/blog\/2015\/01\/16\/aksion-humanitar-ne-ndihme-familjes-veliq-ne-gjendje-te-rende-ne-mille-video-foto\/#breadcrumb"},"inLanguage":"en-US","potentialAction":[{"@type":"ReadAction","target":["https:\/\/www.visit-ulcinj.com\/blog\/2015\/01\/16\/aksion-humanitar-ne-ndihme-familjes-veliq-ne-gjendje-te-rende-ne-mille-video-foto\/"]}]},{"@type":"BreadcrumbList","@id":"https:\/\/www.visit-ulcinj.com\/blog\/2015\/01\/16\/aksion-humanitar-ne-ndihme-familjes-veliq-ne-gjendje-te-rende-ne-mille-video-foto\/#breadcrumb","itemListElement":[{"@type":"ListItem","position":1,"name":"Aksion humanitar n\u00eb ndihm\u00eb familjes Veliq n\u00eb gjendje t\u00eb r\u00ebnd\u00eb n\u00eb Mill\u00eb &#8211; Video + Foto"}]},{"@type":"Person","@id":"https:\/\/www.visit-ulcinj.com\/blog\/#\/schema\/person\/dcab619c614d3038751c63bc2aadc06d","name":"ulqini","sameAs":["http:\/\/www.visit-ulcinj.com"],"url":"https:\/\/www.visit-ulcinj.com\/blog\/author\/admin\/"}]}},"jetpack_featured_media_url":"","jetpack_sharing_enabled":true,"jetpack_shortlink":"https:\/\/wp.me\/pe6lTn-mPI","_links":{"self":[{"href":"https:\/\/www.visit-ulcinj.com\/blog\/wp-json\/wp\/v2\/posts\/87774"}],"collection":[{"href":"https:\/\/www.visit-ulcinj.com\/blog\/wp-json\/wp\/v2\/posts"}],"about":[{"href":"https:\/\/www.visit-ulcinj.com\/blog\/wp-json\/wp\/v2\/types\/post"}],"author":[{"embeddable":true,"href":"https:\/\/www.visit-ulcinj.com\/blog\/wp-json\/wp\/v2\/users\/1"}],"replies":[{"embeddable":true,"href":"https:\/\/www.visit-ulcinj.com\/blog\/wp-json\/wp\/v2\/comments?post=87774"}],"version-history":[{"count":5,"href":"https:\/\/www.visit-ulcinj.com\/blog\/wp-json\/wp\/v2\/posts\/87774\/revisions"}],"predecessor-version":[{"id":87795,"href":"https:\/\/www.visit-ulcinj.com\/blog\/wp-json\/wp\/v2\/posts\/87774\/revisions\/87795"}],"wp:attachment":[{"href":"https:\/\/www.visit-ulcinj.com\/blog\/wp-json\/wp\/v2\/media?parent=87774"}],"wp:term":[{"taxonomy":"category","embeddable":true,"href":"https:\/\/www.visit-ulcinj.com\/blog\/wp-json\/wp\/v2\/categories?post=87774"},{"taxonomy":"post_tag","embeddable":true,"href":"https:\/\/www.visit-ulcinj.com\/blog\/wp-json\/wp\/v2\/tags?post=87774"}],"curies":[{"name":"wp","href":"https:\/\/api.w.org\/{rel}","templated":true}]}}